{"id":170523,"date":"2026-03-05T10:00:40","date_gmt":"2026-03-05T10:00:40","guid":{"rendered":"https:\/\/www.nettali.com\/?p=170523"},"modified":"2026-03-05T06:29:22","modified_gmt":"2026-03-05T06:29:22","slug":"candidature-de-macky-a-lonu-la-rv-affiche-son-soutien-total-et-interpelle-diomaye-faye","status":"publish","type":"post","link":"https:\/\/www.nettali.com\/2026\/03\/05\/candidature-de-macky-a-lonu-la-rv-affiche-son-soutien-total-et-interpelle-diomaye-faye\/","title":{"rendered":"CANDIDATURE DE MACKY A L'ONU - La RV affiche son soutien total et interpelle Diomaye Faye"},"content":{"rendered":"<p><strong>NETTALI.COM -<\/strong> La R\u00e9publique des Valeurs (RV) a exprim\u00e9 son soutien total \u00e0 la candidature de l\u2019ancien pr\u00e9sident s\u00e9n\u00e9galais Macky Sall au poste de Secr\u00e9taire g\u00e9n\u00e9ral de l\u2019Organisation des Nations unies (ONU). Dans un communiqu\u00e9 rendu public hier, mercredi 4 mars, le parti dirig\u00e9 par Thierno Alassane Sall consid\u00e8re cette candidature comme une opportunit\u00e9 majeure pour le S\u00e9n\u00e9gal et pour l\u2019Afrique.<\/p>\n<p>Selon le texte sign\u00e9 par le porte-parole Dr Samba Faye, il s\u2019agit d\u2019\u201d<em>une candidature africaine<\/em>\u201d et, surtout, de la premi\u00e8re fois qu\u2019un S\u00e9n\u00e9galais ambitionne d\u2019acc\u00e9der \u00e0 une fonction internationale aussi strat\u00e9gique. \u00c0 ce titre, la formation politique estime qu\u2019elle devrait \u00eatre \u201c<em>encourag\u00e9e et soutenue sans \u00e9quivoque par toutes les forces vives de la Nation<\/em>\u201d.<\/p>\n<p>Cependant, la R\u00e9publique des Valeurs dit s\u2019inqui\u00e9ter du contexte dans lequel cette candidature a \u00e9t\u00e9 introduite. Le parti souligne que celle-ci a \u00e9t\u00e9 d\u00e9pos\u00e9e par le pr\u00e9sident du Burundi en sa qualit\u00e9 de pr\u00e9sident en exercice de l\u2019Union africaine, et non directement par l\u2019\u00c9tat du S\u00e9n\u00e9gal. Une situation que la formation juge pr\u00e9occupante, estimant que Dakar aurait d\u00fb jouer un r\u00f4le plus actif dans la d\u00e9fense de cette initiative diplomatique.<\/p>\n<p>Dans le communiqu\u00e9, la RV interpelle \u00e9galement le pr\u00e9sident de la R\u00e9publique, Bassirou Diomaye Faye, l\u2019appelant \u00e0 se placer \u201c<em>au-dessus des clivages politiques<\/em>\u201d pour d\u00e9fendre ce qu\u2019elle consid\u00e8re comme un enjeu national et continental.<\/p>\n<p>Le parti rappelle que la voix de l\u2019Afrique reste encore insuffisamment repr\u00e9sent\u00e9e dans les grandes institutions internationales et que l\u2019absence de soutien \u00e0 la candidature de Macky Sall pourrait favoriser les pr\u00e9tendants issus d\u2019autres r\u00e9gions du monde, notamment d\u2019Am\u00e9rique latine.<\/p>\n<p>Pour la formation politique, la grandeur d\u2019une Nation se mesure \u00e0 sa capacit\u00e9 \u00e0 d\u00e9passer ses divergences internes lorsqu\u2019il s\u2019agit de d\u00e9fendre ses int\u00e9r\u00eats strat\u00e9giques. Elle invite ainsi les autorit\u00e9s s\u00e9n\u00e9galaises \u00e0 \u201c<em>placer l\u2019int\u00e9r\u00eat national au-dessus des consid\u00e9rations partisanes<\/em>\u201d et \u00e0 soutenir pleinement la candidature de l\u2019ancien chef de l\u2019\u00c9tat.<\/p>\n<p>La R\u00e9publique des Valeurs conclut en appelant les dirigeants \u00e0 assumer clairement leurs positions sur cette question, estimant que le S\u00e9n\u00e9gal ne peut rester en marge d\u2019une telle bataille diplomatique sur la sc\u00e8ne internationale.<\/p>\n<div class='share-to-whatsapp-wrapper'><div class='share-on-whsp'>PARTAGER SUR : <\/div><a data-text='CANDIDATURE DE MACKY A L'ONU - La RV affiche son soutien total et interpelle Diomaye Faye' data-link='https:\/\/www.nettali.com\/2026\/03\/05\/candidature-de-macky-a-lonu-la-rv-affiche-son-soutien-total-et-interpelle-diomaye-faye\/' class='whatsapp-button whatsapp-share'>WhatsApp<\/a><div class='clear '><\/div><\/div>","protected":false},"excerpt":{"rendered":"<p>NETTALI.COM - La R\u00e9publique des Valeurs (RV) a exprim\u00e9 son soutien total \u00e0 la candidature de l\u2019ancien pr\u00e9sident s\u00e9n\u00e9galais Macky Sall au poste de Secr\u00e9taire g\u00e9n\u00e9ral de l\u2019Organisation des Nations unies (ONU). Dans un communiqu\u00e9 rendu public hier, mercredi 4 mars, le parti dirig\u00e9 par Thierno Alassane Sall consid\u00e8re cette candidature comme une opportunit\u00e9 majeure [&hellip;]<\/p>\n","protected":false},"author":2,"featured_media":170524,"comment_status":"open","ping_status":"open","sticky":false,"template":"","format":"standard","meta":{"_et_pb_use_builder":"","_et_pb_old_content":""},"categories":[2],"tags":[],"yoast_head":"<!-- This site is optimized with the Yoast SEO Premium plugin v17.8 (Yoast SEO v17.8) - https:\/\/yoast.com\/wordpress\/plugins\/seo\/ -->\n<title>CANDIDATURE DE MACKY A L&#039;ONU - La RV affiche son soutien total et interpelle Diomaye Faye | Nettali.com<\/title>\n<meta name=\"robots\" content=\"index, follow, max-snippet:-1, max-image-preview:large, max-video-preview:-1\" \/>\n<link rel=\"canonical\" href=\"https:\/\/www.nettali.com\/2026\/03\/05\/candidature-de-macky-a-lonu-la-rv-affiche-son-soutien-total-et-interpelle-diomaye-faye\/\" \/>\n<meta property=\"og:locale\" content=\"fr_FR\" \/>\n<meta property=\"og:type\" content=\"article\" \/>\n<meta property=\"og:title\" content=\"CANDIDATURE DE MACKY A L&#039;ONU - La RV affiche son soutien total et interpelle Diomaye Faye\" \/>\n<meta property=\"og:description\" content=\"NETTALI.COM - La R\u00e9publique des Valeurs (RV) a exprim\u00e9 son soutien total \u00e0 la candidature de l\u2019ancien pr\u00e9sident s\u00e9n\u00e9galais Macky Sall au poste de Secr\u00e9taire g\u00e9n\u00e9ral de l\u2019Organisation des Nations unies (ONU). Dans un communiqu\u00e9 rendu public hier, mercredi 4 mars, le parti dirig\u00e9 par Thierno Alassane Sall consid\u00e8re cette candidature comme une opportunit\u00e9 majeure [&hellip;]\" \/>\n<meta property=\"og:url\" content=\"https:\/\/www.nettali.com\/2026\/03\/05\/candidature-de-macky-a-lonu-la-rv-affiche-son-soutien-total-et-interpelle-diomaye-faye\/\" \/>\n<meta property=\"og:site_name\" content=\"Nettali.com\" \/>\n<meta property=\"article:publisher\" content=\"https:\/\/www.facebook.com\/nettalicom\" \/>\n<meta property=\"article:published_time\" content=\"2026-03-05T10:00:40+00:00\" \/>\n<meta property=\"article:modified_time\" content=\"2026-03-05T06:29:22+00:00\" \/>\n<meta property=\"og:image\" content=\"https:\/\/www.nettali.com\/wp-content\/uploads\/2026\/03\/images-1.jpeg\" \/>\n\t<meta property=\"og:image:width\" content=\"298\" \/>\n\t<meta property=\"og:image:height\" content=\"169\" \/>\n<meta name=\"twitter:card\" content=\"summary_large_image\" \/>\n<meta name=\"twitter:label1\" content=\"\u00c9crit par\" \/>\n\t<meta name=\"twitter:data1\" content=\"CK\" \/>\n\t<meta name=\"twitter:label2\" content=\"Dur\u00e9e de lecture estim\u00e9e\" \/>\n\t<meta name=\"twitter:data2\" content=\"2 minutes\" \/>\n<script type=\"application\/ld+json\" class=\"yoast-schema-graph\">{\"@context\":\"https:\/\/schema.org\",\"@graph\":[{\"@type\":\"WebSite\",\"@id\":\"https:\/\/www.nettali.com\/#website\",\"url\":\"https:\/\/www.nettali.com\/\",\"name\":\"Nettali.com\",\"description\":\"Le rendez-vous critique du Net\",\"potentialAction\":[{\"@type\":\"SearchAction\",\"target\":{\"@type\":\"EntryPoint\",\"urlTemplate\":\"https:\/\/www.nettali.com\/?s={search_term_string}\"},\"query-input\":\"required name=search_term_string\"}],\"inLanguage\":\"fr-FR\"},{\"@type\":\"ImageObject\",\"@id\":\"https:\/\/www.nettali.com\/2026\/03\/05\/candidature-de-macky-a-lonu-la-rv-affiche-son-soutien-total-et-interpelle-diomaye-faye\/#primaryimage\",\"inLanguage\":\"fr-FR\",\"url\":\"https:\/\/www.nettali.com\/wp-content\/uploads\/2026\/03\/images-1.jpeg\",\"contentUrl\":\"https:\/\/www.nettali.com\/wp-content\/uploads\/2026\/03\/images-1.jpeg\",\"width\":298,\"height\":169},{\"@type\":\"WebPage\",\"@id\":\"https:\/\/www.nettali.com\/2026\/03\/05\/candidature-de-macky-a-lonu-la-rv-affiche-son-soutien-total-et-interpelle-diomaye-faye\/#webpage\",\"url\":\"https:\/\/www.nettali.com\/2026\/03\/05\/candidature-de-macky-a-lonu-la-rv-affiche-son-soutien-total-et-interpelle-diomaye-faye\/\",\"name\":\"CANDIDATURE DE MACKY A L'ONU - La RV affiche son soutien total et interpelle Diomaye Faye | Nettali.com\",\"isPartOf\":{\"@id\":\"https:\/\/www.nettali.com\/#website\"},\"primaryImageOfPage\":{\"@id\":\"https:\/\/www.nettali.com\/2026\/03\/05\/candidature-de-macky-a-lonu-la-rv-affiche-son-soutien-total-et-interpelle-diomaye-faye\/#primaryimage\"},\"datePublished\":\"2026-03-05T10:00:40+00:00\",\"dateModified\":\"2026-03-05T06:29:22+00:00\",\"author\":{\"@id\":\"https:\/\/www.nettali.com\/#\/schema\/person\/d8ac7b7e27ddad43f1c0d2ef090d7f71\"},\"breadcrumb\":{\"@id\":\"https:\/\/www.nettali.com\/2026\/03\/05\/candidature-de-macky-a-lonu-la-rv-affiche-son-soutien-total-et-interpelle-diomaye-faye\/#breadcrumb\"},\"inLanguage\":\"fr-FR\",\"potentialAction\":[{\"@type\":\"ReadAction\",\"target\":[\"https:\/\/www.nettali.com\/2026\/03\/05\/candidature-de-macky-a-lonu-la-rv-affiche-son-soutien-total-et-interpelle-diomaye-faye\/\"]}]},{\"@type\":\"BreadcrumbList\",\"@id\":\"https:\/\/www.nettali.com\/2026\/03\/05\/candidature-de-macky-a-lonu-la-rv-affiche-son-soutien-total-et-interpelle-diomaye-faye\/#breadcrumb\",\"itemListElement\":[{\"@type\":\"ListItem\",\"position\":1,\"name\":\"Accueil\",\"item\":\"https:\/\/www.nettali.com\/\"},{\"@type\":\"ListItem\",\"position\":2,\"name\":\"CANDIDATURE DE MACKY A L'ONU - La RV affiche son soutien total et interpelle Diomaye Faye\"}]},{\"@type\":\"Person\",\"@id\":\"https:\/\/www.nettali.com\/#\/schema\/person\/d8ac7b7e27ddad43f1c0d2ef090d7f71\",\"name\":\"CK\",\"image\":{\"@type\":\"ImageObject\",\"@id\":\"https:\/\/www.nettali.com\/#personlogo\",\"inLanguage\":\"fr-FR\",\"url\":\"https:\/\/secure.gravatar.com\/avatar\/1d8d5118b9327d94da7cd4ce7f17fec2?s=96&d=mm&r=g\",\"contentUrl\":\"https:\/\/secure.gravatar.com\/avatar\/1d8d5118b9327d94da7cd4ce7f17fec2?s=96&d=mm&r=g\",\"caption\":\"CK\"},\"sameAs\":[\"https:\/\/www.nettali.com\"]}]}<\/script>\n<!-- \/ Yoast SEO Premium plugin. -->","yoast_head_json":{"title":"CANDIDATURE DE MACKY A L'ONU - La RV affiche son soutien total et interpelle Diomaye Faye | Nettali.com","robots":{"index":"index","follow":"follow","max-snippet":"max-snippet:-1","max-image-preview":"max-image-preview:large","max-video-preview":"max-video-preview:-1"},"canonical":"https:\/\/www.nettali.com\/2026\/03\/05\/candidature-de-macky-a-lonu-la-rv-affiche-son-soutien-total-et-interpelle-diomaye-faye\/","og_locale":"fr_FR","og_type":"article","og_title":"CANDIDATURE DE MACKY A L'ONU - La RV affiche son soutien total et interpelle Diomaye Faye","og_description":"NETTALI.COM - La R\u00e9publique des Valeurs (RV) a exprim\u00e9 son soutien total \u00e0 la candidature de l\u2019ancien pr\u00e9sident s\u00e9n\u00e9galais Macky Sall au poste de Secr\u00e9taire g\u00e9n\u00e9ral de l\u2019Organisation des Nations unies (ONU). Dans un communiqu\u00e9 rendu public hier, mercredi 4 mars, le parti dirig\u00e9 par Thierno Alassane Sall consid\u00e8re cette candidature comme une opportunit\u00e9 majeure [&hellip;]","og_url":"https:\/\/www.nettali.com\/2026\/03\/05\/candidature-de-macky-a-lonu-la-rv-affiche-son-soutien-total-et-interpelle-diomaye-faye\/","og_site_name":"Nettali.com","article_publisher":"https:\/\/www.facebook.com\/nettalicom","article_published_time":"2026-03-05T10:00:40+00:00","article_modified_time":"2026-03-05T06:29:22+00:00","og_image":[{"width":298,"height":169,"url":"https:\/\/www.nettali.com\/wp-content\/uploads\/2026\/03\/images-1.jpeg","type":"image\/jpeg"}],"twitter_card":"summary_large_image","twitter_misc":{"\u00c9crit par":"CK","Dur\u00e9e de lecture estim\u00e9e":"2 minutes"},"schema":{"@context":"https:\/\/schema.org","@graph":[{"@type":"WebSite","@id":"https:\/\/www.nettali.com\/#website","url":"https:\/\/www.nettali.com\/","name":"Nettali.com","description":"Le rendez-vous critique du Net","potentialAction":[{"@type":"SearchAction","target":{"@type":"EntryPoint","urlTemplate":"https:\/\/www.nettali.com\/?s={search_term_string}"},"query-input":"required name=search_term_string"}],"inLanguage":"fr-FR"},{"@type":"ImageObject","@id":"https:\/\/www.nettali.com\/2026\/03\/05\/candidature-de-macky-a-lonu-la-rv-affiche-son-soutien-total-et-interpelle-diomaye-faye\/#primaryimage","inLanguage":"fr-FR","url":"https:\/\/www.nettali.com\/wp-content\/uploads\/2026\/03\/images-1.jpeg","contentUrl":"https:\/\/www.nettali.com\/wp-content\/uploads\/2026\/03\/images-1.jpeg","width":298,"height":169},{"@type":"WebPage","@id":"https:\/\/www.nettali.com\/2026\/03\/05\/candidature-de-macky-a-lonu-la-rv-affiche-son-soutien-total-et-interpelle-diomaye-faye\/#webpage","url":"https:\/\/www.nettali.com\/2026\/03\/05\/candidature-de-macky-a-lonu-la-rv-affiche-son-soutien-total-et-interpelle-diomaye-faye\/","name":"CANDIDATURE DE MACKY A L'ONU - La RV affiche son soutien total et interpelle Diomaye Faye | Nettali.com","isPartOf":{"@id":"https:\/\/www.nettali.com\/#website"},"primaryImageOfPage":{"@id":"https:\/\/www.nettali.com\/2026\/03\/05\/candidature-de-macky-a-lonu-la-rv-affiche-son-soutien-total-et-interpelle-diomaye-faye\/#primaryimage"},"datePublished":"2026-03-05T10:00:40+00:00","dateModified":"2026-03-05T06:29:22+00:00","author":{"@id":"https:\/\/www.nettali.com\/#\/schema\/person\/d8ac7b7e27ddad43f1c0d2ef090d7f71"},"breadcrumb":{"@id":"https:\/\/www.nettali.com\/2026\/03\/05\/candidature-de-macky-a-lonu-la-rv-affiche-son-soutien-total-et-interpelle-diomaye-faye\/#breadcrumb"},"inLanguage":"fr-FR","potentialAction":[{"@type":"ReadAction","target":["https:\/\/www.nettali.com\/2026\/03\/05\/candidature-de-macky-a-lonu-la-rv-affiche-son-soutien-total-et-interpelle-diomaye-faye\/"]}]},{"@type":"BreadcrumbList","@id":"https:\/\/www.nettali.com\/2026\/03\/05\/candidature-de-macky-a-lonu-la-rv-affiche-son-soutien-total-et-interpelle-diomaye-faye\/#breadcrumb","itemListElement":[{"@type":"ListItem","position":1,"name":"Accueil","item":"https:\/\/www.nettali.com\/"},{"@type":"ListItem","position":2,"name":"CANDIDATURE DE MACKY A L'ONU - La RV affiche son soutien total et interpelle Diomaye Faye"}]},{"@type":"Person","@id":"https:\/\/www.nettali.com\/#\/schema\/person\/d8ac7b7e27ddad43f1c0d2ef090d7f71","name":"CK","image":{"@type":"ImageObject","@id":"https:\/\/www.nettali.com\/#personlogo","inLanguage":"fr-FR","url":"https:\/\/secure.gravatar.com\/avatar\/1d8d5118b9327d94da7cd4ce7f17fec2?s=96&d=mm&r=g","contentUrl":"https:\/\/secure.gravatar.com\/avatar\/1d8d5118b9327d94da7cd4ce7f17fec2?s=96&d=mm&r=g","caption":"CK"},"sameAs":["https:\/\/www.nettali.com"]}]}},"_links":{"self":[{"href":"https:\/\/www.nettali.com\/rest\/wp\/v2\/posts\/170523"}],"collection":[{"href":"https:\/\/www.nettali.com\/rest\/wp\/v2\/posts"}],"about":[{"href":"https:\/\/www.nettali.com\/rest\/wp\/v2\/types\/post"}],"author":[{"embeddable":true,"href":"https:\/\/www.nettali.com\/rest\/wp\/v2\/users\/2"}],"replies":[{"embeddable":true,"href":"https:\/\/www.nettali.com\/rest\/wp\/v2\/comments?post=170523"}],"version-history":[{"count":1,"href":"https:\/\/www.nettali.com\/rest\/wp\/v2\/posts\/170523\/revisions"}],"predecessor-version":[{"id":170525,"href":"https:\/\/www.nettali.com\/rest\/wp\/v2\/posts\/170523\/revisions\/170525"}],"wp:featuredmedia":[{"embeddable":true,"href":"https:\/\/www.nettali.com\/rest\/wp\/v2\/media\/170524"}],"wp:attachment":[{"href":"https:\/\/www.nettali.com\/rest\/wp\/v2\/media?parent=170523"}],"wp:term":[{"taxonomy":"category","embeddable":true,"href":"https:\/\/www.nettali.com\/rest\/wp\/v2\/categories?post=170523"},{"taxonomy":"post_tag","embeddable":true,"href":"https:\/\/www.nettali.com\/rest\/wp\/v2\/tags?post=170523"}],"curies":[{"name":"wp","href":"https:\/\/api.w.org\/{rel}","templated":true}]}}