{"id":170503,"date":"2026-03-04T21:12:44","date_gmt":"2026-03-04T21:12:44","guid":{"rendered":"https:\/\/www.nettali.com\/?p=170503"},"modified":"2026-03-06T15:57:34","modified_gmt":"2026-03-06T15:57:34","slug":"agriculture-vers-une-refonte-structurelle-de-la-politique-agricole-et-agro-industrielle","status":"publish","type":"post","link":"https:\/\/www.nettali.com\/2026\/03\/04\/agriculture-vers-une-refonte-structurelle-de-la-politique-agricole-et-agro-industrielle\/","title":{"rendered":"AGRICULTURE - Vers une refonte structurelle de la politique agricole et agro-industrielle"},"content":{"rendered":"<p><strong>NETTALI.COM- Le Premier ministre a profit\u00e9 du Conseil des ministres de ce mercredi 4 mars 2026 pour tracer les contours d'une transformation profonde du secteur primaire, tout en posant les jalons d'un bouclier \u00e9conomique national. Entre l'ambition de souverainet\u00e9 alimentaire, la lutte urgente contre le gaspillage des r\u00e9coltes, le gouvernement s\u00e9n\u00e9galais engage une course contre la montre pour l'horizon 2050.<\/strong><\/p>\n<p>Lors du Conseil ministres de ce mercredi 4 mars 2026, le Premier ministre a d\u2019abord dress\u00e9 un bilan positif, bien qu\u2019exigeant, des derni\u00e8res campagnes agricoles. Malgr\u00e9 les d\u00e9fis persistants, les exercices 2024\/2025 et 2025\/2026 ont b\u00e9n\u00e9fici\u00e9 d'un soutien financier sans pr\u00e9c\u00e9dent, avec des enveloppes de subventions atteignant respectivement 120 et 130 milliards FCFA. Selon le chef du gouvernement, ces r\u00e9sultats satisfaisants reposent sur une gestion r\u00e9nov\u00e9e des intrants et une digitalisation accrue, mais surtout sur une volont\u00e9 politique de faire de l'agriculture le moteur de la croissance.<\/p>\n<p><strong>Un nouveau r\u00e9f\u00e9rentiel pour la souverainet\u00e9 alimentaire<\/strong><\/p>\n<p>C\u2019est dans cette dynamique que s\u2019inscrit la n\u00e9cessit\u00e9 de reformuler une nouvelle politique agricole et agro-industrielle. Selon le communiqu\u00e9, ce futur r\u00e9f\u00e9rentiel, en parfaite ad\u00e9quation avec la loi d\u2019orientation agrosylvopastorale, doit devenir la boussole de l'Agenda national de Transformation, \u00ab S\u00e9n\u00e9gal 2050 \u00bb.<\/p>\n<p>Par rapport aux attentes de l\u2019ex\u00e9cutif, Ousmane Sonko a d\u00e9clar\u00e9 avoir demand\u00e9 aux ministres concern\u00e9s de lui soumettre, d\u2019ici le 30 avril 2026, un document finalis\u00e9 \u00ab <em>ax\u00e9 sur la modernisation agricole, le d\u00e9veloppement durable et la souverainet\u00e9 alimentaire<\/em> \u00bb. Cette strat\u00e9gie devra imp\u00e9rativement int\u00e9grer une note d\u2019orientation sur les r\u00e9formes n\u00e9cessaires pour acc\u00e9l\u00e9rer la mutation des syst\u00e8mes agroalimentaires nationaux.<\/p>\n<p><strong>La lutte contre les pertes post-r\u00e9coltes comme levier strat\u00e9gique<\/strong><\/p>\n<p>Un autre chantier prioritaire concerne la s\u00e9curisation de la production, notamment pour les fili\u00e8res oignon et pomme de terre, o\u00f9 le manque d'infrastructures de stockage plombe litt\u00e9ralement les efforts des producteurs. Le Premier Ministre a exprim\u00e9 son regret face \u00e0 des pertes post-r\u00e9coltes qu'il juge inacceptables, soulignant qu\u2019elles \u00ab <em>oscillent entre 30 et 40 %<\/em> \u00bb de la production totale. Pour rem\u00e9dier \u00e0 cette faille de l\u2019\u00e9cosyst\u00e8me, il a instruit le ministre du Commerce de pr\u00e9senter une strat\u00e9gie globale d\u2019absorption des besoins de stockage r\u00e9partie sur les huit p\u00f4les territoires du pays.<\/p>\n<div class='share-to-whatsapp-wrapper'><div class='share-on-whsp'>PARTAGER SUR : <\/div><a data-text='AGRICULTURE - Vers une refonte structurelle de la politique agricole et agro-industrielle' data-link='https:\/\/www.nettali.com\/2026\/03\/04\/agriculture-vers-une-refonte-structurelle-de-la-politique-agricole-et-agro-industrielle\/' class='whatsapp-button whatsapp-share'>WhatsApp<\/a><div class='clear '><\/div><\/div>","protected":false},"excerpt":{"rendered":"<p>NETTALI.COM- Le Premier ministre a profit\u00e9 du Conseil des ministres de ce mercredi 4 mars 2026 pour tracer les contours d'une transformation profonde du secteur primaire, tout en posant les jalons d'un bouclier \u00e9conomique national. Entre l'ambition de souverainet\u00e9 alimentaire, la lutte urgente contre le gaspillage des r\u00e9coltes, le gouvernement s\u00e9n\u00e9galais engage une course contre [&hellip;]<\/p>\n","protected":false},"author":6,"featured_media":147998,"comment_status":"open","ping_status":"open","sticky":false,"template":"","format":"standard","meta":{"_et_pb_use_builder":"","_et_pb_old_content":""},"categories":[3],"tags":[],"yoast_head":"<!-- This site is optimized with the Yoast SEO Premium plugin v17.8 (Yoast SEO v17.8) - https:\/\/yoast.com\/wordpress\/plugins\/seo\/ -->\n<title>AGRICULTURE - Vers une refonte structurelle de la politique agricole et agro-industrielle | Nettali.com<\/title>\n<meta name=\"robots\" content=\"index, follow, max-snippet:-1, max-image-preview:large, max-video-preview:-1\" \/>\n<link rel=\"canonical\" href=\"https:\/\/www.nettali.com\/2026\/03\/04\/agriculture-vers-une-refonte-structurelle-de-la-politique-agricole-et-agro-industrielle\/\" \/>\n<meta property=\"og:locale\" content=\"fr_FR\" \/>\n<meta property=\"og:type\" content=\"article\" \/>\n<meta property=\"og:title\" content=\"AGRICULTURE - Vers une refonte structurelle de la politique agricole et agro-industrielle\" \/>\n<meta property=\"og:description\" content=\"NETTALI.COM- Le Premier ministre a profit\u00e9 du Conseil des ministres de ce mercredi 4 mars 2026 pour tracer les contours d&#039;une transformation profonde du secteur primaire, tout en posant les jalons d&#039;un bouclier \u00e9conomique national. Entre l&#039;ambition de souverainet\u00e9 alimentaire, la lutte urgente contre le gaspillage des r\u00e9coltes, le gouvernement s\u00e9n\u00e9galais engage une course contre [&hellip;]\" \/>\n<meta property=\"og:url\" content=\"https:\/\/www.nettali.com\/2026\/03\/04\/agriculture-vers-une-refonte-structurelle-de-la-politique-agricole-et-agro-industrielle\/\" \/>\n<meta property=\"og:site_name\" content=\"Nettali.com\" \/>\n<meta property=\"article:publisher\" content=\"https:\/\/www.facebook.com\/nettalicom\" \/>\n<meta property=\"article:published_time\" content=\"2026-03-04T21:12:44+00:00\" \/>\n<meta property=\"article:modified_time\" content=\"2026-03-06T15:57:34+00:00\" \/>\n<meta property=\"og:image\" content=\"https:\/\/www.nettali.com\/wp-content\/uploads\/2025\/01\/ousmane-sonko-primature-point-presse-gouvernement.jpg\" \/>\n\t<meta property=\"og:image:width\" content=\"1280\" \/>\n\t<meta property=\"og:image:height\" content=\"960\" \/>\n<meta name=\"twitter:card\" content=\"summary_large_image\" \/>\n<meta name=\"twitter:label1\" content=\"\u00c9crit par\" \/>\n\t<meta name=\"twitter:data1\" content=\"Fatou\" \/>\n\t<meta name=\"twitter:label2\" content=\"Dur\u00e9e de lecture estim\u00e9e\" \/>\n\t<meta name=\"twitter:data2\" content=\"2 minutes\" \/>\n<script type=\"application\/ld+json\" class=\"yoast-schema-graph\">{\"@context\":\"https:\/\/schema.org\",\"@graph\":[{\"@type\":\"WebSite\",\"@id\":\"https:\/\/www.nettali.com\/#website\",\"url\":\"https:\/\/www.nettali.com\/\",\"name\":\"Nettali.com\",\"description\":\"Le rendez-vous critique du Net\",\"potentialAction\":[{\"@type\":\"SearchAction\",\"target\":{\"@type\":\"EntryPoint\",\"urlTemplate\":\"https:\/\/www.nettali.com\/?s={search_term_string}\"},\"query-input\":\"required name=search_term_string\"}],\"inLanguage\":\"fr-FR\"},{\"@type\":\"ImageObject\",\"@id\":\"https:\/\/www.nettali.com\/2026\/03\/04\/agriculture-vers-une-refonte-structurelle-de-la-politique-agricole-et-agro-industrielle\/#primaryimage\",\"inLanguage\":\"fr-FR\",\"url\":\"https:\/\/www.nettali.com\/wp-content\/uploads\/2025\/01\/ousmane-sonko-primature-point-presse-gouvernement.jpg\",\"contentUrl\":\"https:\/\/www.nettali.com\/wp-content\/uploads\/2025\/01\/ousmane-sonko-primature-point-presse-gouvernement.jpg\",\"width\":1280,\"height\":960},{\"@type\":\"WebPage\",\"@id\":\"https:\/\/www.nettali.com\/2026\/03\/04\/agriculture-vers-une-refonte-structurelle-de-la-politique-agricole-et-agro-industrielle\/#webpage\",\"url\":\"https:\/\/www.nettali.com\/2026\/03\/04\/agriculture-vers-une-refonte-structurelle-de-la-politique-agricole-et-agro-industrielle\/\",\"name\":\"AGRICULTURE - Vers une refonte structurelle de la politique agricole et agro-industrielle | Nettali.com\",\"isPartOf\":{\"@id\":\"https:\/\/www.nettali.com\/#website\"},\"primaryImageOfPage\":{\"@id\":\"https:\/\/www.nettali.com\/2026\/03\/04\/agriculture-vers-une-refonte-structurelle-de-la-politique-agricole-et-agro-industrielle\/#primaryimage\"},\"datePublished\":\"2026-03-04T21:12:44+00:00\",\"dateModified\":\"2026-03-06T15:57:34+00:00\",\"author\":{\"@id\":\"https:\/\/www.nettali.com\/#\/schema\/person\/418274a86bdf87caff7a3ef476bd0bbf\"},\"breadcrumb\":{\"@id\":\"https:\/\/www.nettali.com\/2026\/03\/04\/agriculture-vers-une-refonte-structurelle-de-la-politique-agricole-et-agro-industrielle\/#breadcrumb\"},\"inLanguage\":\"fr-FR\",\"potentialAction\":[{\"@type\":\"ReadAction\",\"target\":[\"https:\/\/www.nettali.com\/2026\/03\/04\/agriculture-vers-une-refonte-structurelle-de-la-politique-agricole-et-agro-industrielle\/\"]}]},{\"@type\":\"BreadcrumbList\",\"@id\":\"https:\/\/www.nettali.com\/2026\/03\/04\/agriculture-vers-une-refonte-structurelle-de-la-politique-agricole-et-agro-industrielle\/#breadcrumb\",\"itemListElement\":[{\"@type\":\"ListItem\",\"position\":1,\"name\":\"Accueil\",\"item\":\"https:\/\/www.nettali.com\/\"},{\"@type\":\"ListItem\",\"position\":2,\"name\":\"AGRICULTURE - Vers une refonte structurelle de la politique agricole et agro-industrielle\"}]},{\"@type\":\"Person\",\"@id\":\"https:\/\/www.nettali.com\/#\/schema\/person\/418274a86bdf87caff7a3ef476bd0bbf\",\"name\":\"Fatou\",\"image\":{\"@type\":\"ImageObject\",\"@id\":\"https:\/\/www.nettali.com\/#personlogo\",\"inLanguage\":\"fr-FR\",\"url\":\"https:\/\/secure.gravatar.com\/avatar\/5a9442a2bee7b4dcf167cab035858e9a?s=96&d=mm&r=g\",\"contentUrl\":\"https:\/\/secure.gravatar.com\/avatar\/5a9442a2bee7b4dcf167cab035858e9a?s=96&d=mm&r=g\",\"caption\":\"Fatou\"},\"sameAs\":[\"https:\/\/www.nettali.com\"]}]}<\/script>\n<!-- \/ Yoast SEO Premium plugin. -->","yoast_head_json":{"title":"AGRICULTURE - Vers une refonte structurelle de la politique agricole et agro-industrielle | Nettali.com","robots":{"index":"index","follow":"follow","max-snippet":"max-snippet:-1","max-image-preview":"max-image-preview:large","max-video-preview":"max-video-preview:-1"},"canonical":"https:\/\/www.nettali.com\/2026\/03\/04\/agriculture-vers-une-refonte-structurelle-de-la-politique-agricole-et-agro-industrielle\/","og_locale":"fr_FR","og_type":"article","og_title":"AGRICULTURE - Vers une refonte structurelle de la politique agricole et agro-industrielle","og_description":"NETTALI.COM- Le Premier ministre a profit\u00e9 du Conseil des ministres de ce mercredi 4 mars 2026 pour tracer les contours d'une transformation profonde du secteur primaire, tout en posant les jalons d'un bouclier \u00e9conomique national. Entre l'ambition de souverainet\u00e9 alimentaire, la lutte urgente contre le gaspillage des r\u00e9coltes, le gouvernement s\u00e9n\u00e9galais engage une course contre [&hellip;]","og_url":"https:\/\/www.nettali.com\/2026\/03\/04\/agriculture-vers-une-refonte-structurelle-de-la-politique-agricole-et-agro-industrielle\/","og_site_name":"Nettali.com","article_publisher":"https:\/\/www.facebook.com\/nettalicom","article_published_time":"2026-03-04T21:12:44+00:00","article_modified_time":"2026-03-06T15:57:34+00:00","og_image":[{"width":1280,"height":960,"url":"https:\/\/www.nettali.com\/wp-content\/uploads\/2025\/01\/ousmane-sonko-primature-point-presse-gouvernement.jpg","type":"image\/jpeg"}],"twitter_card":"summary_large_image","twitter_misc":{"\u00c9crit par":"Fatou","Dur\u00e9e de lecture estim\u00e9e":"2 minutes"},"schema":{"@context":"https:\/\/schema.org","@graph":[{"@type":"WebSite","@id":"https:\/\/www.nettali.com\/#website","url":"https:\/\/www.nettali.com\/","name":"Nettali.com","description":"Le rendez-vous critique du Net","potentialAction":[{"@type":"SearchAction","target":{"@type":"EntryPoint","urlTemplate":"https:\/\/www.nettali.com\/?s={search_term_string}"},"query-input":"required name=search_term_string"}],"inLanguage":"fr-FR"},{"@type":"ImageObject","@id":"https:\/\/www.nettali.com\/2026\/03\/04\/agriculture-vers-une-refonte-structurelle-de-la-politique-agricole-et-agro-industrielle\/#primaryimage","inLanguage":"fr-FR","url":"https:\/\/www.nettali.com\/wp-content\/uploads\/2025\/01\/ousmane-sonko-primature-point-presse-gouvernement.jpg","contentUrl":"https:\/\/www.nettali.com\/wp-content\/uploads\/2025\/01\/ousmane-sonko-primature-point-presse-gouvernement.jpg","width":1280,"height":960},{"@type":"WebPage","@id":"https:\/\/www.nettali.com\/2026\/03\/04\/agriculture-vers-une-refonte-structurelle-de-la-politique-agricole-et-agro-industrielle\/#webpage","url":"https:\/\/www.nettali.com\/2026\/03\/04\/agriculture-vers-une-refonte-structurelle-de-la-politique-agricole-et-agro-industrielle\/","name":"AGRICULTURE - Vers une refonte structurelle de la politique agricole et agro-industrielle | Nettali.com","isPartOf":{"@id":"https:\/\/www.nettali.com\/#website"},"primaryImageOfPage":{"@id":"https:\/\/www.nettali.com\/2026\/03\/04\/agriculture-vers-une-refonte-structurelle-de-la-politique-agricole-et-agro-industrielle\/#primaryimage"},"datePublished":"2026-03-04T21:12:44+00:00","dateModified":"2026-03-06T15:57:34+00:00","author":{"@id":"https:\/\/www.nettali.com\/#\/schema\/person\/418274a86bdf87caff7a3ef476bd0bbf"},"breadcrumb":{"@id":"https:\/\/www.nettali.com\/2026\/03\/04\/agriculture-vers-une-refonte-structurelle-de-la-politique-agricole-et-agro-industrielle\/#breadcrumb"},"inLanguage":"fr-FR","potentialAction":[{"@type":"ReadAction","target":["https:\/\/www.nettali.com\/2026\/03\/04\/agriculture-vers-une-refonte-structurelle-de-la-politique-agricole-et-agro-industrielle\/"]}]},{"@type":"BreadcrumbList","@id":"https:\/\/www.nettali.com\/2026\/03\/04\/agriculture-vers-une-refonte-structurelle-de-la-politique-agricole-et-agro-industrielle\/#breadcrumb","itemListElement":[{"@type":"ListItem","position":1,"name":"Accueil","item":"https:\/\/www.nettali.com\/"},{"@type":"ListItem","position":2,"name":"AGRICULTURE - Vers une refonte structurelle de la politique agricole et agro-industrielle"}]},{"@type":"Person","@id":"https:\/\/www.nettali.com\/#\/schema\/person\/418274a86bdf87caff7a3ef476bd0bbf","name":"Fatou","image":{"@type":"ImageObject","@id":"https:\/\/www.nettali.com\/#personlogo","inLanguage":"fr-FR","url":"https:\/\/secure.gravatar.com\/avatar\/5a9442a2bee7b4dcf167cab035858e9a?s=96&d=mm&r=g","contentUrl":"https:\/\/secure.gravatar.com\/avatar\/5a9442a2bee7b4dcf167cab035858e9a?s=96&d=mm&r=g","caption":"Fatou"},"sameAs":["https:\/\/www.nettali.com"]}]}},"_links":{"self":[{"href":"https:\/\/www.nettali.com\/rest\/wp\/v2\/posts\/170503"}],"collection":[{"href":"https:\/\/www.nettali.com\/rest\/wp\/v2\/posts"}],"about":[{"href":"https:\/\/www.nettali.com\/rest\/wp\/v2\/types\/post"}],"author":[{"embeddable":true,"href":"https:\/\/www.nettali.com\/rest\/wp\/v2\/users\/6"}],"replies":[{"embeddable":true,"href":"https:\/\/www.nettali.com\/rest\/wp\/v2\/comments?post=170503"}],"version-history":[{"count":2,"href":"https:\/\/www.nettali.com\/rest\/wp\/v2\/posts\/170503\/revisions"}],"predecessor-version":[{"id":170515,"href":"https:\/\/www.nettali.com\/rest\/wp\/v2\/posts\/170503\/revisions\/170515"}],"wp:featuredmedia":[{"embeddable":true,"href":"https:\/\/www.nettali.com\/rest\/wp\/v2\/media\/147998"}],"wp:attachment":[{"href":"https:\/\/www.nettali.com\/rest\/wp\/v2\/media?parent=170503"}],"wp:term":[{"taxonomy":"category","embeddable":true,"href":"https:\/\/www.nettali.com\/rest\/wp\/v2\/categories?post=170503"},{"taxonomy":"post_tag","embeddable":true,"href":"https:\/\/www.nettali.com\/rest\/wp\/v2\/tags?post=170503"}],"curies":[{"name":"wp","href":"https:\/\/api.w.org\/{rel}","templated":true}]}}