{"id":170499,"date":"2026-03-04T21:46:52","date_gmt":"2026-03-04T21:46:52","guid":{"rendered":"https:\/\/www.nettali.com\/?p=170499"},"modified":"2026-03-04T23:38:59","modified_gmt":"2026-03-04T23:38:59","slug":"nominations-en-conseil-des-ministres-limoge-en-fevrier-2025-pape-mada-ndour-revient-comme-ambassadeur","status":"publish","type":"post","link":"https:\/\/www.nettali.com\/2026\/03\/04\/nominations-en-conseil-des-ministres-limoge-en-fevrier-2025-pape-mada-ndour-revient-comme-ambassadeur\/","title":{"rendered":"NOMINATIONS EN CONSEIL DES MINISTRES - Limog\u00e9 en f\u00e9vrier 2025, Pape Mada Ndour revient comme Ambassadeur"},"content":{"rendered":"<p><strong>NETTALI.COM- Limog\u00e9 de son poste de Chef de Cabinet par d\u00e9cret num\u00e9ro 2025 \u2013 346 du 28 f\u00e9vrier 2025, Pape Mada Ndour est revenu aux affaires \u00e0 l'issue du Conseil des ministres de ce mercredi 4 mars 2026.<\/strong><\/p>\n<p>Lors du Conseil des ministres de ce mercredi 4 mars 2026, le Pr\u00e9sident de la R\u00e9publique a nomm\u00e9 <strong>Papa Mada NDOUR,<\/strong> Chancelier des Affaires \u00e9trang\u00e8res, comme Ambassadeur, Secr\u00e9taire ex\u00e9cutif du Secr\u00e9tariat permanent S\u00e9n\u00e9galo-Gambien, en remplacement de Monsieur El Hadji Ibou BOYE, admis \u00e0 faire valoir ses droits \u00e0 une pension de retraite.<\/p>\n<p><strong><u>Au titre du Minist\u00e8re de l\u2019\u00c9nergie, du P\u00e9trole et des Mines<\/u><\/strong><\/p>\n<ul>\n<li><strong>Monsieur Joseph Sambesene Diatta<\/strong>, pr\u00e9c\u00e9demment Pr\u00e9sident du Conseil d\u2019Administration de la Soci\u00e9t\u00e9 des P\u00e9troles du S\u00e9n\u00e9gal (PETROSEN HOLDING), est nomm\u00e9 Pr\u00e9sident du Conseil d\u2019Administration du R\u00e9seau gazier du S\u00e9n\u00e9gal SA (RGS SA), en remplacement de Monsieur Alexandre NGOM\u00a0;<\/li>\n<li><strong>Monsieur Tidjani NIASS, <\/strong>Ing\u00e9nieur p\u00e9trolier, est nomm\u00e9 Pr\u00e9sident du Conseil d\u2019administration de la Soci\u00e9t\u00e9 des P\u00e9troles du S\u00e9n\u00e9gal (PETROSEN HOLDING) en remplacement de Monsieur Joseph Sambesene DIATTA.<\/li>\n<\/ul>\n<p><strong><u>Au titre du Minist\u00e8re de l\u2019Emploi et de la Formation professionnelle et technique<\/u><\/strong><strong><u>\u00a0<\/u><\/strong><\/p>\n<ul>\n<li><strong>Monsieur Emmanuel DIEDHIOU<\/strong>, Administrateur civil principal, matricule de solde n\u00b0 611\u00a0535\/A, est nomm\u00e9 Secr\u00e9taire g\u00e9n\u00e9ral de l\u2019Agence nationale pour la Promotion de l\u2019Emploi des Jeunes (ANPEJ) au Minist\u00e8re de l\u2019Emploi et de la Formation professionnelle et technique, poste vacant\u00a0;<\/li>\n<li><strong>Monsieur Cheikhna Saad-Bouh SECK<\/strong>, Instituteur principal de 1<sup>er<\/sup> \u00e9chelon, matricule de solde n\u00b0 633\u00a0364\/E, est nomm\u00e9 Pr\u00e9sident du Conseil d\u2019Orientation du Programme de Formation Ecole-Entreprise (PF2E) au Minist\u00e8re de l\u2019Emploi et de la Formation professionnelle et technique, en remplacement de Monsieur Mamadou MBATHIE, appel\u00e9 \u00e0 d\u2019autres fonctions.<\/li>\n<\/ul>\n<p><strong>\u00a0<\/strong><strong><u>Au titre du Minist\u00e8re des Infrastructures<\/u><\/strong><\/p>\n<ul>\n<li><strong>Monsieur Pape Gora CAMARA<\/strong>, titulaire d\u2019un Master en Planification et Gestion de projets, matricule de solde n\u00b0 658 273\/K, est nomm\u00e9 Directeur de l'Administration g\u00e9n\u00e9rale et de l'\u00c9quipement au Minist\u00e8re des Infrastructures.<\/li>\n<\/ul>\n<p><strong><u>Au titre du Minist\u00e8re de la Culture, de l\u2019Artisanat et du Tourisme<\/u><\/strong><\/p>\n<p><strong><u>\u00a0<\/u><\/strong><strong>Monsieur Nd\u00e9n\u00e9 NDAO<\/strong>, Administrateur civil, matricule de solde n\u00b0 696\u00a0212\/Z, est nomm\u00e9 Directeur de la R\u00e9glementation touristique, en remplacement de Madame Nd\u00e8ye Awa BADJI.<\/p>\n<p><strong><u>Au titre du Minist\u00e8re de la Sant\u00e9 et de l\u2019Hygi\u00e8ne publique<\/u><\/strong><\/p>\n<ul>\n<li><strong>Monsieur<\/strong> <strong>Amadou Djibril DIALLO<\/strong>, Pr\u00e9sident du Conseil D\u00e9partemental de Matam, est nomm\u00e9 Pr\u00e9sident du Conseil d\u2019Administration du Centre hospitalier Abdoul Ciss\u00e9 Kane des Agnams, poste vacant\u00a0;<\/li>\n<li><strong>Monsieur<\/strong><strong> Elhadji Mbagnick NGOM<\/strong>, titulaire d\u2019un Doctorat en M\u00e9decine et d\u2019un Master en Management des \u00c9tablissements de la Sant\u00e9, est nomm\u00e9 Pr\u00e9sident du Conseil d\u2019Administration du Centre hospitalier national Aristide Le DANTEC, en remplacement de Monsieur Cheikh Tidiane DIOP\u00a0;<\/li>\n<li><strong>Monsieur <\/strong><strong>Al\u00e9 Badara BA<\/strong>, titulaire d\u2019un Dipl\u00f4me d\u2019Infirmier d\u2019Etat, est nomm\u00e9 Pr\u00e9sident du Conseil d\u2019Administration du Centre hospitalier national de Pikine, en remplacement de Monsieur Falilou DIOP\u00a0;<\/li>\n<li><strong>Monsieur<\/strong> <strong>Mohamed T\u00e9t\u00e9 DIEDHIOU, <\/strong>titulaire d\u2019un Doctorat en M\u00e9decine, est nomm\u00e9 Pr\u00e9sident du Conseil d\u2019Administration de l\u2019H\u00f4pital g\u00e9n\u00e9ral Idrissa POUYE de Grand-Yoff, poste vacant\u00a0;<\/li>\n<li><strong>Monsieur <\/strong><strong>Cheikh Tacko DIOP<\/strong>, Professeur des Universit\u00e9s en Economie de la Sant\u00e9 et Administrateur de services de sant\u00e9, est nomm\u00e9 Pr\u00e9sident du Conseil d\u2019Administration du Centre hospitalier national Matlaboul Fawza\u00efni de Touba, en remplacement de Monsieur Khadim Awa Balla MBACKE\u00a0;<\/li>\n<li><strong>Monsieur<\/strong><strong> Amadou Gallo DIOP<\/strong>, Professeur des Universit\u00e9s en M\u00e9decine \u00e0 la retraite, est nomm\u00e9 Pr\u00e9sident du Conseil d\u2019Administration du Centre hospitalier national de FANN, en remplacement de Monsieur Mame Abdoulaye GUEYE\u00a0;<\/li>\n<li><strong>Monsieur <\/strong><strong>Joseph Man\u00e9<\/strong>, Technicien sup\u00e9rieur en Sant\u00e9 \u00e0 la retraite, est nomm\u00e9 Pr\u00e9sident du Conseil d\u2019Administration du Centre hospitalier d\u2019Enfants Albert ROYER, en remplacement de Monsieur Lamine Ciss\u00e9 SARR\u00a0;<\/li>\n<li><strong>Monsieur <\/strong><strong>Mamadou DIOUF,<\/strong> titulaire d\u2019un Doctorat en Pharmacie et d\u2019un Master en Bio-toxicologie appliqu\u00e9 \u00e0 l\u2019Industrie, \u00e0 l\u2019Environnement et \u00e0 la Sant\u00e9, est nomm\u00e9 Pr\u00e9sident du Conseil d\u2019Administration du Centre hospitalier national d\u2019Enfants de Diamniadio, en remplacement de Monsieur Madick\u00e9 NDAO\u00a0;<\/li>\n<li><strong>Monsieur<\/strong><strong> Boundia DJIBA<\/strong>, Professeur des Universit\u00e9s en M\u00e9decine, est nomm\u00e9 Pr\u00e9sident du Conseil d\u2019Administration du Centre hospitalier national Dalal Jamm, en remplacement de Monsieur Mamadou NDIAYE\u00a0;<\/li>\n<li><strong>Monsieur<\/strong> <strong>Algaye NGOM<\/strong>, titulaire d\u2019un Doctorat en M\u00e9decine et d\u2019un Master en Sant\u00e9 Publique, est nomm\u00e9 Pr\u00e9sident du Conseil d\u2019Administration du Centre hospitalier national Cheikh Ahmadoul Khadim de Touba, poste vacant\u00a0;<\/li>\n<li><strong>Monsieur<\/strong><strong> Arouna DIOP<\/strong>, Technicien Sup\u00e9rieur en Sant\u00e9, est nomm\u00e9 Pr\u00e9sident du Conseil d\u2019Administration du Centre national d\u2019Appareillage Orthop\u00e9dique (CNAO), en remplacement de Monsieur Pape Mouss\u00e9 TOURE\u00a0;<\/li>\n<li><strong>Monsieur<\/strong><strong> Mamadou BEYE<\/strong>, Professeur des Universit\u00e9s en M\u00e9decine, est nomm\u00e9 Pr\u00e9sident du Conseil d\u2019Administration du Service d\u2019Assistance M\u00e9dicale d\u2019Urgence (SAMU), en remplacement de Monsieur Jean Fran\u00e7ois DIENE;<\/li>\n<li><strong>Monsieur<\/strong> <strong>Serigne Abdoul BA<\/strong>, Professeur des Universit\u00e9s en M\u00e9decine \u00e0 la retraite, est nomm\u00e9 Pr\u00e9sident du Conseil d\u2019Administration du Centre hospitalier national Seydi Elhadji Malick Sy de Tivaoune, poste vacant.<\/li>\n<\/ul>\n<div class='share-to-whatsapp-wrapper'><div class='share-on-whsp'>PARTAGER SUR : <\/div><a data-text='NOMINATIONS EN CONSEIL DES MINISTRES - Limog\u00e9 en f\u00e9vrier 2025, Pape Mada Ndour revient comme Ambassadeur' data-link='https:\/\/www.nettali.com\/2026\/03\/04\/nominations-en-conseil-des-ministres-limoge-en-fevrier-2025-pape-mada-ndour-revient-comme-ambassadeur\/' class='whatsapp-button whatsapp-share'>WhatsApp<\/a><div class='clear '><\/div><\/div>","protected":false},"excerpt":{"rendered":"<p>NETTALI.COM- Limog\u00e9 de son poste de Chef de Cabinet par d\u00e9cret num\u00e9ro 2025 \u2013 346 du 28 f\u00e9vrier 2025, Pape Mada Ndour est revenu aux affaires \u00e0 l'issue du Conseil des ministres de ce mercredi 4 mars 2026. Lors du Conseil des ministres de ce mercredi 4 mars 2026, le Pr\u00e9sident de la R\u00e9publique a [&hellip;]<\/p>\n","protected":false},"author":6,"featured_media":170502,"comment_status":"open","ping_status":"open","sticky":false,"template":"","format":"standard","meta":{"_et_pb_use_builder":"","_et_pb_old_content":""},"categories":[2],"tags":[],"yoast_head":"<!-- This site is optimized with the Yoast SEO Premium plugin v17.8 (Yoast SEO v17.8) - https:\/\/yoast.com\/wordpress\/plugins\/seo\/ -->\n<title>NOMINATIONS EN CONSEIL DES MINISTRES - Limog\u00e9 en f\u00e9vrier 2025, Pape Mada Ndour revient comme Ambassadeur | Nettali.com<\/title>\n<meta name=\"robots\" content=\"index, follow, max-snippet:-1, max-image-preview:large, max-video-preview:-1\" \/>\n<link rel=\"canonical\" href=\"https:\/\/www.nettali.com\/2026\/03\/04\/nominations-en-conseil-des-ministres-limoge-en-fevrier-2025-pape-mada-ndour-revient-comme-ambassadeur\/\" \/>\n<meta property=\"og:locale\" content=\"fr_FR\" \/>\n<meta property=\"og:type\" content=\"article\" \/>\n<meta property=\"og:title\" content=\"NOMINATIONS EN CONSEIL DES MINISTRES - Limog\u00e9 en f\u00e9vrier 2025, Pape Mada Ndour revient comme Ambassadeur\" \/>\n<meta property=\"og:description\" content=\"NETTALI.COM- Limog\u00e9 de son poste de Chef de Cabinet par d\u00e9cret num\u00e9ro 2025 \u2013 346 du 28 f\u00e9vrier 2025, Pape Mada Ndour est revenu aux affaires \u00e0 l&#039;issue du Conseil des ministres de ce mercredi 4 mars 2026. Lors du Conseil des ministres de ce mercredi 4 mars 2026, le Pr\u00e9sident de la R\u00e9publique a [&hellip;]\" \/>\n<meta property=\"og:url\" content=\"https:\/\/www.nettali.com\/2026\/03\/04\/nominations-en-conseil-des-ministres-limoge-en-fevrier-2025-pape-mada-ndour-revient-comme-ambassadeur\/\" \/>\n<meta property=\"og:site_name\" content=\"Nettali.com\" \/>\n<meta property=\"article:publisher\" content=\"https:\/\/www.facebook.com\/nettalicom\" \/>\n<meta property=\"article:published_time\" content=\"2026-03-04T21:46:52+00:00\" \/>\n<meta property=\"article:modified_time\" content=\"2026-03-04T23:38:59+00:00\" \/>\n<meta property=\"og:image\" content=\"https:\/\/www.nettali.com\/wp-content\/uploads\/2026\/03\/WhatsApp-Image-2026-03-04-at-20.42.29.jpeg\" \/>\n\t<meta property=\"og:image:width\" content=\"979\" \/>\n\t<meta property=\"og:image:height\" content=\"926\" \/>\n<meta name=\"twitter:card\" content=\"summary_large_image\" \/>\n<meta name=\"twitter:label1\" content=\"\u00c9crit par\" \/>\n\t<meta name=\"twitter:data1\" content=\"Fatou\" \/>\n\t<meta name=\"twitter:label2\" content=\"Dur\u00e9e de lecture estim\u00e9e\" \/>\n\t<meta name=\"twitter:data2\" content=\"4 minutes\" \/>\n<script type=\"application\/ld+json\" class=\"yoast-schema-graph\">{\"@context\":\"https:\/\/schema.org\",\"@graph\":[{\"@type\":\"WebSite\",\"@id\":\"https:\/\/www.nettali.com\/#website\",\"url\":\"https:\/\/www.nettali.com\/\",\"name\":\"Nettali.com\",\"description\":\"Le rendez-vous critique du Net\",\"potentialAction\":[{\"@type\":\"SearchAction\",\"target\":{\"@type\":\"EntryPoint\",\"urlTemplate\":\"https:\/\/www.nettali.com\/?s={search_term_string}\"},\"query-input\":\"required name=search_term_string\"}],\"inLanguage\":\"fr-FR\"},{\"@type\":\"ImageObject\",\"@id\":\"https:\/\/www.nettali.com\/2026\/03\/04\/nominations-en-conseil-des-ministres-limoge-en-fevrier-2025-pape-mada-ndour-revient-comme-ambassadeur\/#primaryimage\",\"inLanguage\":\"fr-FR\",\"url\":\"https:\/\/www.nettali.com\/wp-content\/uploads\/2026\/03\/WhatsApp-Image-2026-03-04-at-20.42.29.jpeg\",\"contentUrl\":\"https:\/\/www.nettali.com\/wp-content\/uploads\/2026\/03\/WhatsApp-Image-2026-03-04-at-20.42.29.jpeg\",\"width\":979,\"height\":926},{\"@type\":\"WebPage\",\"@id\":\"https:\/\/www.nettali.com\/2026\/03\/04\/nominations-en-conseil-des-ministres-limoge-en-fevrier-2025-pape-mada-ndour-revient-comme-ambassadeur\/#webpage\",\"url\":\"https:\/\/www.nettali.com\/2026\/03\/04\/nominations-en-conseil-des-ministres-limoge-en-fevrier-2025-pape-mada-ndour-revient-comme-ambassadeur\/\",\"name\":\"NOMINATIONS EN CONSEIL DES MINISTRES - Limog\\u00e9 en f\\u00e9vrier 2025, Pape Mada Ndour revient comme Ambassadeur | Nettali.com\",\"isPartOf\":{\"@id\":\"https:\/\/www.nettali.com\/#website\"},\"primaryImageOfPage\":{\"@id\":\"https:\/\/www.nettali.com\/2026\/03\/04\/nominations-en-conseil-des-ministres-limoge-en-fevrier-2025-pape-mada-ndour-revient-comme-ambassadeur\/#primaryimage\"},\"datePublished\":\"2026-03-04T21:46:52+00:00\",\"dateModified\":\"2026-03-04T23:38:59+00:00\",\"author\":{\"@id\":\"https:\/\/www.nettali.com\/#\/schema\/person\/418274a86bdf87caff7a3ef476bd0bbf\"},\"breadcrumb\":{\"@id\":\"https:\/\/www.nettali.com\/2026\/03\/04\/nominations-en-conseil-des-ministres-limoge-en-fevrier-2025-pape-mada-ndour-revient-comme-ambassadeur\/#breadcrumb\"},\"inLanguage\":\"fr-FR\",\"potentialAction\":[{\"@type\":\"ReadAction\",\"target\":[\"https:\/\/www.nettali.com\/2026\/03\/04\/nominations-en-conseil-des-ministres-limoge-en-fevrier-2025-pape-mada-ndour-revient-comme-ambassadeur\/\"]}]},{\"@type\":\"BreadcrumbList\",\"@id\":\"https:\/\/www.nettali.com\/2026\/03\/04\/nominations-en-conseil-des-ministres-limoge-en-fevrier-2025-pape-mada-ndour-revient-comme-ambassadeur\/#breadcrumb\",\"itemListElement\":[{\"@type\":\"ListItem\",\"position\":1,\"name\":\"Accueil\",\"item\":\"https:\/\/www.nettali.com\/\"},{\"@type\":\"ListItem\",\"position\":2,\"name\":\"NOMINATIONS EN CONSEIL DES MINISTRES - Limog\\u00e9 en f\\u00e9vrier 2025, Pape Mada Ndour revient comme Ambassadeur\"}]},{\"@type\":\"Person\",\"@id\":\"https:\/\/www.nettali.com\/#\/schema\/person\/418274a86bdf87caff7a3ef476bd0bbf\",\"name\":\"Fatou\",\"image\":{\"@type\":\"ImageObject\",\"@id\":\"https:\/\/www.nettali.com\/#personlogo\",\"inLanguage\":\"fr-FR\",\"url\":\"https:\/\/secure.gravatar.com\/avatar\/5a9442a2bee7b4dcf167cab035858e9a?s=96&d=mm&r=g\",\"contentUrl\":\"https:\/\/secure.gravatar.com\/avatar\/5a9442a2bee7b4dcf167cab035858e9a?s=96&d=mm&r=g\",\"caption\":\"Fatou\"},\"sameAs\":[\"https:\/\/www.nettali.com\"]}]}<\/script>\n<!-- \/ Yoast SEO Premium plugin. -->","yoast_head_json":{"title":"NOMINATIONS EN CONSEIL DES MINISTRES - Limog\u00e9 en f\u00e9vrier 2025, Pape Mada Ndour revient comme Ambassadeur | Nettali.com","robots":{"index":"index","follow":"follow","max-snippet":"max-snippet:-1","max-image-preview":"max-image-preview:large","max-video-preview":"max-video-preview:-1"},"canonical":"https:\/\/www.nettali.com\/2026\/03\/04\/nominations-en-conseil-des-ministres-limoge-en-fevrier-2025-pape-mada-ndour-revient-comme-ambassadeur\/","og_locale":"fr_FR","og_type":"article","og_title":"NOMINATIONS EN CONSEIL DES MINISTRES - Limog\u00e9 en f\u00e9vrier 2025, Pape Mada Ndour revient comme Ambassadeur","og_description":"NETTALI.COM- Limog\u00e9 de son poste de Chef de Cabinet par d\u00e9cret num\u00e9ro 2025 \u2013 346 du 28 f\u00e9vrier 2025, Pape Mada Ndour est revenu aux affaires \u00e0 l'issue du Conseil des ministres de ce mercredi 4 mars 2026. Lors du Conseil des ministres de ce mercredi 4 mars 2026, le Pr\u00e9sident de la R\u00e9publique a [&hellip;]","og_url":"https:\/\/www.nettali.com\/2026\/03\/04\/nominations-en-conseil-des-ministres-limoge-en-fevrier-2025-pape-mada-ndour-revient-comme-ambassadeur\/","og_site_name":"Nettali.com","article_publisher":"https:\/\/www.facebook.com\/nettalicom","article_published_time":"2026-03-04T21:46:52+00:00","article_modified_time":"2026-03-04T23:38:59+00:00","og_image":[{"width":979,"height":926,"url":"https:\/\/www.nettali.com\/wp-content\/uploads\/2026\/03\/WhatsApp-Image-2026-03-04-at-20.42.29.jpeg","type":"image\/jpeg"}],"twitter_card":"summary_large_image","twitter_misc":{"\u00c9crit par":"Fatou","Dur\u00e9e de lecture estim\u00e9e":"4 minutes"},"schema":{"@context":"https:\/\/schema.org","@graph":[{"@type":"WebSite","@id":"https:\/\/www.nettali.com\/#website","url":"https:\/\/www.nettali.com\/","name":"Nettali.com","description":"Le rendez-vous critique du Net","potentialAction":[{"@type":"SearchAction","target":{"@type":"EntryPoint","urlTemplate":"https:\/\/www.nettali.com\/?s={search_term_string}"},"query-input":"required name=search_term_string"}],"inLanguage":"fr-FR"},{"@type":"ImageObject","@id":"https:\/\/www.nettali.com\/2026\/03\/04\/nominations-en-conseil-des-ministres-limoge-en-fevrier-2025-pape-mada-ndour-revient-comme-ambassadeur\/#primaryimage","inLanguage":"fr-FR","url":"https:\/\/www.nettali.com\/wp-content\/uploads\/2026\/03\/WhatsApp-Image-2026-03-04-at-20.42.29.jpeg","contentUrl":"https:\/\/www.nettali.com\/wp-content\/uploads\/2026\/03\/WhatsApp-Image-2026-03-04-at-20.42.29.jpeg","width":979,"height":926},{"@type":"WebPage","@id":"https:\/\/www.nettali.com\/2026\/03\/04\/nominations-en-conseil-des-ministres-limoge-en-fevrier-2025-pape-mada-ndour-revient-comme-ambassadeur\/#webpage","url":"https:\/\/www.nettali.com\/2026\/03\/04\/nominations-en-conseil-des-ministres-limoge-en-fevrier-2025-pape-mada-ndour-revient-comme-ambassadeur\/","name":"NOMINATIONS EN CONSEIL DES MINISTRES - Limog\u00e9 en f\u00e9vrier 2025, Pape Mada Ndour revient comme Ambassadeur | Nettali.com","isPartOf":{"@id":"https:\/\/www.nettali.com\/#website"},"primaryImageOfPage":{"@id":"https:\/\/www.nettali.com\/2026\/03\/04\/nominations-en-conseil-des-ministres-limoge-en-fevrier-2025-pape-mada-ndour-revient-comme-ambassadeur\/#primaryimage"},"datePublished":"2026-03-04T21:46:52+00:00","dateModified":"2026-03-04T23:38:59+00:00","author":{"@id":"https:\/\/www.nettali.com\/#\/schema\/person\/418274a86bdf87caff7a3ef476bd0bbf"},"breadcrumb":{"@id":"https:\/\/www.nettali.com\/2026\/03\/04\/nominations-en-conseil-des-ministres-limoge-en-fevrier-2025-pape-mada-ndour-revient-comme-ambassadeur\/#breadcrumb"},"inLanguage":"fr-FR","potentialAction":[{"@type":"ReadAction","target":["https:\/\/www.nettali.com\/2026\/03\/04\/nominations-en-conseil-des-ministres-limoge-en-fevrier-2025-pape-mada-ndour-revient-comme-ambassadeur\/"]}]},{"@type":"BreadcrumbList","@id":"https:\/\/www.nettali.com\/2026\/03\/04\/nominations-en-conseil-des-ministres-limoge-en-fevrier-2025-pape-mada-ndour-revient-comme-ambassadeur\/#breadcrumb","itemListElement":[{"@type":"ListItem","position":1,"name":"Accueil","item":"https:\/\/www.nettali.com\/"},{"@type":"ListItem","position":2,"name":"NOMINATIONS EN CONSEIL DES MINISTRES - Limog\u00e9 en f\u00e9vrier 2025, Pape Mada Ndour revient comme Ambassadeur"}]},{"@type":"Person","@id":"https:\/\/www.nettali.com\/#\/schema\/person\/418274a86bdf87caff7a3ef476bd0bbf","name":"Fatou","image":{"@type":"ImageObject","@id":"https:\/\/www.nettali.com\/#personlogo","inLanguage":"fr-FR","url":"https:\/\/secure.gravatar.com\/avatar\/5a9442a2bee7b4dcf167cab035858e9a?s=96&d=mm&r=g","contentUrl":"https:\/\/secure.gravatar.com\/avatar\/5a9442a2bee7b4dcf167cab035858e9a?s=96&d=mm&r=g","caption":"Fatou"},"sameAs":["https:\/\/www.nettali.com"]}]}},"_links":{"self":[{"href":"https:\/\/www.nettali.com\/rest\/wp\/v2\/posts\/170499"}],"collection":[{"href":"https:\/\/www.nettali.com\/rest\/wp\/v2\/posts"}],"about":[{"href":"https:\/\/www.nettali.com\/rest\/wp\/v2\/types\/post"}],"author":[{"embeddable":true,"href":"https:\/\/www.nettali.com\/rest\/wp\/v2\/users\/6"}],"replies":[{"embeddable":true,"href":"https:\/\/www.nettali.com\/rest\/wp\/v2\/comments?post=170499"}],"version-history":[{"count":3,"href":"https:\/\/www.nettali.com\/rest\/wp\/v2\/posts\/170499\/revisions"}],"predecessor-version":[{"id":170513,"href":"https:\/\/www.nettali.com\/rest\/wp\/v2\/posts\/170499\/revisions\/170513"}],"wp:featuredmedia":[{"embeddable":true,"href":"https:\/\/www.nettali.com\/rest\/wp\/v2\/media\/170502"}],"wp:attachment":[{"href":"https:\/\/www.nettali.com\/rest\/wp\/v2\/media?parent=170499"}],"wp:term":[{"taxonomy":"category","embeddable":true,"href":"https:\/\/www.nettali.com\/rest\/wp\/v2\/categories?post=170499"},{"taxonomy":"post_tag","embeddable":true,"href":"https:\/\/www.nettali.com\/rest\/wp\/v2\/tags?post=170499"}],"curies":[{"name":"wp","href":"https:\/\/api.w.org\/{rel}","templated":true}]}}