{"id":170490,"date":"2026-03-04T21:16:58","date_gmt":"2026-03-04T21:16:58","guid":{"rendered":"https:\/\/www.nettali.com\/?p=170490"},"modified":"2026-03-04T23:39:39","modified_gmt":"2026-03-04T23:39:39","slug":"aide-a-la-presse-babacar-ba-du-forum-du-justiciable-demande-la-publication-de-la-liste-des-beneficiaires","status":"publish","type":"post","link":"https:\/\/www.nettali.com\/2026\/03\/04\/aide-a-la-presse-babacar-ba-du-forum-du-justiciable-demande-la-publication-de-la-liste-des-beneficiaires\/","title":{"rendered":"AIDE \u00c0 LA PRESSE - Babacar Ba du \u00a0forum du justiciable demande la publication de la liste des b\u00e9n\u00e9ficiaires"},"content":{"rendered":"<p><strong>NETTALI.COM-Babacar Ba, pr\u00e9sident du Forum du justiciable, a interpell\u00e9 le ministre de la Communication, des T\u00e9l\u00e9communications et du Num\u00e9rique, Alioune Sall, au sujet du Fonds d\u2019appui au d\u00e9veloppement de la presse. Pour le responsable de l\u2019organisation, un imp\u00e9ratif de \u00ab bonne gouvernance et de transparence \u00bb impose au ministre de \u00ab publier la liste de tous les m\u00e9dias qui ont b\u00e9n\u00e9fici\u00e9 de ce Fonds d'appui \u00bb.<\/strong><\/p>\n<p>Le d\u00e9fenseur de la transparence a insist\u00e9 sur le cadre l\u00e9gal en vigueur, affirmant que \u00ab <em>par souci de bonne gouvernance, par souci de transparence budg\u00e9taire et conform\u00e9ment au code de transparence dans la gestion des finances publiques, le ministre de la Communication doit publier la liste des m\u00e9dias, des organes de presse ou une structure b\u00e9n\u00e9ficiaire de ce Fonds d'appui<\/em> \u00bb.<\/p>\n<p>Babacar Ba fonde sa revendication sur la nature publique de ces ressources, rappelant que cet argent \u00ab <em>s'av\u00e8re \u00eatre l'argent du contribuable s\u00e9n\u00e9galais \u00bb<\/em> et que les citoyens disposent d'un droit de regard l\u00e9gitime. \u00ab <em>C'est \u00e7a la transparence, parce qu'il s'agit des deniers publics. C'est l'argent du contribuable s\u00e9n\u00e9galais. Donc, nous avons le droit de savoir comment cet argent a \u00e9t\u00e9 g\u00e9r\u00e9, comment cet argent a \u00e9t\u00e9 distribu\u00e9, quels sont les m\u00e9dias, les sites en ligne b\u00e9n\u00e9ficiaires de ce Fonds d'appui. Et c'est \u00e7a, la transparence, comme l'exige le Code de transparence dans la gestion des finances publiques<\/em>\u00a0\u00bb, a-t-il fermement martel\u00e9.<\/p>\n<div class='share-to-whatsapp-wrapper'><div class='share-on-whsp'>PARTAGER SUR : <\/div><a data-text='AIDE \u00c0 LA PRESSE - Babacar Ba du \u00a0forum du justiciable demande la publication de la liste des b\u00e9n\u00e9ficiaires' data-link='https:\/\/www.nettali.com\/2026\/03\/04\/aide-a-la-presse-babacar-ba-du-forum-du-justiciable-demande-la-publication-de-la-liste-des-beneficiaires\/' class='whatsapp-button whatsapp-share'>WhatsApp<\/a><div class='clear '><\/div><\/div>","protected":false},"excerpt":{"rendered":"<p>NETTALI.COM-Babacar Ba, pr\u00e9sident du Forum du justiciable, a interpell\u00e9 le ministre de la Communication, des T\u00e9l\u00e9communications et du Num\u00e9rique, Alioune Sall, au sujet du Fonds d\u2019appui au d\u00e9veloppement de la presse. Pour le responsable de l\u2019organisation, un imp\u00e9ratif de \u00ab bonne gouvernance et de transparence \u00bb impose au ministre de \u00ab publier la liste de [&hellip;]<\/p>\n","protected":false},"author":6,"featured_media":153915,"comment_status":"open","ping_status":"open","sticky":false,"template":"","format":"standard","meta":{"_et_pb_use_builder":"","_et_pb_old_content":""},"categories":[3],"tags":[],"yoast_head":"<!-- This site is optimized with the Yoast SEO Premium plugin v17.8 (Yoast SEO v17.8) - https:\/\/yoast.com\/wordpress\/plugins\/seo\/ -->\n<title>AIDE \u00c0 LA PRESSE - Babacar Ba du \u00a0forum du justiciable demande la publication de la liste des b\u00e9n\u00e9ficiaires | Nettali.com<\/title>\n<meta name=\"robots\" content=\"index, follow, max-snippet:-1, max-image-preview:large, max-video-preview:-1\" \/>\n<link rel=\"canonical\" href=\"https:\/\/www.nettali.com\/2026\/03\/04\/aide-a-la-presse-babacar-ba-du-forum-du-justiciable-demande-la-publication-de-la-liste-des-beneficiaires\/\" \/>\n<meta property=\"og:locale\" content=\"fr_FR\" \/>\n<meta property=\"og:type\" content=\"article\" \/>\n<meta property=\"og:title\" content=\"AIDE \u00c0 LA PRESSE - Babacar Ba du \u00a0forum du justiciable demande la publication de la liste des b\u00e9n\u00e9ficiaires\" \/>\n<meta property=\"og:description\" content=\"NETTALI.COM-Babacar Ba, pr\u00e9sident du Forum du justiciable, a interpell\u00e9 le ministre de la Communication, des T\u00e9l\u00e9communications et du Num\u00e9rique, Alioune Sall, au sujet du Fonds d\u2019appui au d\u00e9veloppement de la presse. Pour le responsable de l\u2019organisation, un imp\u00e9ratif de \u00ab bonne gouvernance et de transparence \u00bb impose au ministre de \u00ab publier la liste de [&hellip;]\" \/>\n<meta property=\"og:url\" content=\"https:\/\/www.nettali.com\/2026\/03\/04\/aide-a-la-presse-babacar-ba-du-forum-du-justiciable-demande-la-publication-de-la-liste-des-beneficiaires\/\" \/>\n<meta property=\"og:site_name\" content=\"Nettali.com\" \/>\n<meta property=\"article:publisher\" content=\"https:\/\/www.facebook.com\/nettalicom\" \/>\n<meta property=\"article:published_time\" content=\"2026-03-04T21:16:58+00:00\" \/>\n<meta property=\"article:modified_time\" content=\"2026-03-04T23:39:39+00:00\" \/>\n<meta property=\"og:image\" content=\"https:\/\/www.nettali.com\/wp-content\/uploads\/2025\/05\/Babacar-Ba-1.jpg\" \/>\n\t<meta property=\"og:image:width\" content=\"600\" \/>\n\t<meta property=\"og:image:height\" content=\"341\" \/>\n<meta name=\"twitter:card\" content=\"summary_large_image\" \/>\n<meta name=\"twitter:label1\" content=\"\u00c9crit par\" \/>\n\t<meta name=\"twitter:data1\" content=\"Fatou\" \/>\n\t<meta name=\"twitter:label2\" content=\"Dur\u00e9e de lecture estim\u00e9e\" \/>\n\t<meta name=\"twitter:data2\" content=\"2 minutes\" \/>\n<script type=\"application\/ld+json\" class=\"yoast-schema-graph\">{\"@context\":\"https:\/\/schema.org\",\"@graph\":[{\"@type\":\"WebSite\",\"@id\":\"https:\/\/www.nettali.com\/#website\",\"url\":\"https:\/\/www.nettali.com\/\",\"name\":\"Nettali.com\",\"description\":\"Le rendez-vous critique du Net\",\"potentialAction\":[{\"@type\":\"SearchAction\",\"target\":{\"@type\":\"EntryPoint\",\"urlTemplate\":\"https:\/\/www.nettali.com\/?s={search_term_string}\"},\"query-input\":\"required name=search_term_string\"}],\"inLanguage\":\"fr-FR\"},{\"@type\":\"ImageObject\",\"@id\":\"https:\/\/www.nettali.com\/2026\/03\/04\/aide-a-la-presse-babacar-ba-du-forum-du-justiciable-demande-la-publication-de-la-liste-des-beneficiaires\/#primaryimage\",\"inLanguage\":\"fr-FR\",\"url\":\"https:\/\/www.nettali.com\/wp-content\/uploads\/2025\/05\/Babacar-Ba-1.jpg\",\"contentUrl\":\"https:\/\/www.nettali.com\/wp-content\/uploads\/2025\/05\/Babacar-Ba-1.jpg\",\"width\":600,\"height\":341},{\"@type\":\"WebPage\",\"@id\":\"https:\/\/www.nettali.com\/2026\/03\/04\/aide-a-la-presse-babacar-ba-du-forum-du-justiciable-demande-la-publication-de-la-liste-des-beneficiaires\/#webpage\",\"url\":\"https:\/\/www.nettali.com\/2026\/03\/04\/aide-a-la-presse-babacar-ba-du-forum-du-justiciable-demande-la-publication-de-la-liste-des-beneficiaires\/\",\"name\":\"AIDE \\u00c0 LA PRESSE - Babacar Ba du \\u00a0forum du justiciable demande la publication de la liste des b\\u00e9n\\u00e9ficiaires | Nettali.com\",\"isPartOf\":{\"@id\":\"https:\/\/www.nettali.com\/#website\"},\"primaryImageOfPage\":{\"@id\":\"https:\/\/www.nettali.com\/2026\/03\/04\/aide-a-la-presse-babacar-ba-du-forum-du-justiciable-demande-la-publication-de-la-liste-des-beneficiaires\/#primaryimage\"},\"datePublished\":\"2026-03-04T21:16:58+00:00\",\"dateModified\":\"2026-03-04T23:39:39+00:00\",\"author\":{\"@id\":\"https:\/\/www.nettali.com\/#\/schema\/person\/418274a86bdf87caff7a3ef476bd0bbf\"},\"breadcrumb\":{\"@id\":\"https:\/\/www.nettali.com\/2026\/03\/04\/aide-a-la-presse-babacar-ba-du-forum-du-justiciable-demande-la-publication-de-la-liste-des-beneficiaires\/#breadcrumb\"},\"inLanguage\":\"fr-FR\",\"potentialAction\":[{\"@type\":\"ReadAction\",\"target\":[\"https:\/\/www.nettali.com\/2026\/03\/04\/aide-a-la-presse-babacar-ba-du-forum-du-justiciable-demande-la-publication-de-la-liste-des-beneficiaires\/\"]}]},{\"@type\":\"BreadcrumbList\",\"@id\":\"https:\/\/www.nettali.com\/2026\/03\/04\/aide-a-la-presse-babacar-ba-du-forum-du-justiciable-demande-la-publication-de-la-liste-des-beneficiaires\/#breadcrumb\",\"itemListElement\":[{\"@type\":\"ListItem\",\"position\":1,\"name\":\"Accueil\",\"item\":\"https:\/\/www.nettali.com\/\"},{\"@type\":\"ListItem\",\"position\":2,\"name\":\"AIDE \\u00c0 LA PRESSE - Babacar Ba du \\u00a0forum du justiciable demande la publication de la liste des b\\u00e9n\\u00e9ficiaires\"}]},{\"@type\":\"Person\",\"@id\":\"https:\/\/www.nettali.com\/#\/schema\/person\/418274a86bdf87caff7a3ef476bd0bbf\",\"name\":\"Fatou\",\"image\":{\"@type\":\"ImageObject\",\"@id\":\"https:\/\/www.nettali.com\/#personlogo\",\"inLanguage\":\"fr-FR\",\"url\":\"https:\/\/secure.gravatar.com\/avatar\/5a9442a2bee7b4dcf167cab035858e9a?s=96&d=mm&r=g\",\"contentUrl\":\"https:\/\/secure.gravatar.com\/avatar\/5a9442a2bee7b4dcf167cab035858e9a?s=96&d=mm&r=g\",\"caption\":\"Fatou\"},\"sameAs\":[\"https:\/\/www.nettali.com\"]}]}<\/script>\n<!-- \/ Yoast SEO Premium plugin. -->","yoast_head_json":{"title":"AIDE \u00c0 LA PRESSE - Babacar Ba du \u00a0forum du justiciable demande la publication de la liste des b\u00e9n\u00e9ficiaires | Nettali.com","robots":{"index":"index","follow":"follow","max-snippet":"max-snippet:-1","max-image-preview":"max-image-preview:large","max-video-preview":"max-video-preview:-1"},"canonical":"https:\/\/www.nettali.com\/2026\/03\/04\/aide-a-la-presse-babacar-ba-du-forum-du-justiciable-demande-la-publication-de-la-liste-des-beneficiaires\/","og_locale":"fr_FR","og_type":"article","og_title":"AIDE \u00c0 LA PRESSE - Babacar Ba du \u00a0forum du justiciable demande la publication de la liste des b\u00e9n\u00e9ficiaires","og_description":"NETTALI.COM-Babacar Ba, pr\u00e9sident du Forum du justiciable, a interpell\u00e9 le ministre de la Communication, des T\u00e9l\u00e9communications et du Num\u00e9rique, Alioune Sall, au sujet du Fonds d\u2019appui au d\u00e9veloppement de la presse. Pour le responsable de l\u2019organisation, un imp\u00e9ratif de \u00ab bonne gouvernance et de transparence \u00bb impose au ministre de \u00ab publier la liste de [&hellip;]","og_url":"https:\/\/www.nettali.com\/2026\/03\/04\/aide-a-la-presse-babacar-ba-du-forum-du-justiciable-demande-la-publication-de-la-liste-des-beneficiaires\/","og_site_name":"Nettali.com","article_publisher":"https:\/\/www.facebook.com\/nettalicom","article_published_time":"2026-03-04T21:16:58+00:00","article_modified_time":"2026-03-04T23:39:39+00:00","og_image":[{"width":600,"height":341,"url":"https:\/\/www.nettali.com\/wp-content\/uploads\/2025\/05\/Babacar-Ba-1.jpg","type":"image\/jpeg"}],"twitter_card":"summary_large_image","twitter_misc":{"\u00c9crit par":"Fatou","Dur\u00e9e de lecture estim\u00e9e":"2 minutes"},"schema":{"@context":"https:\/\/schema.org","@graph":[{"@type":"WebSite","@id":"https:\/\/www.nettali.com\/#website","url":"https:\/\/www.nettali.com\/","name":"Nettali.com","description":"Le rendez-vous critique du Net","potentialAction":[{"@type":"SearchAction","target":{"@type":"EntryPoint","urlTemplate":"https:\/\/www.nettali.com\/?s={search_term_string}"},"query-input":"required name=search_term_string"}],"inLanguage":"fr-FR"},{"@type":"ImageObject","@id":"https:\/\/www.nettali.com\/2026\/03\/04\/aide-a-la-presse-babacar-ba-du-forum-du-justiciable-demande-la-publication-de-la-liste-des-beneficiaires\/#primaryimage","inLanguage":"fr-FR","url":"https:\/\/www.nettali.com\/wp-content\/uploads\/2025\/05\/Babacar-Ba-1.jpg","contentUrl":"https:\/\/www.nettali.com\/wp-content\/uploads\/2025\/05\/Babacar-Ba-1.jpg","width":600,"height":341},{"@type":"WebPage","@id":"https:\/\/www.nettali.com\/2026\/03\/04\/aide-a-la-presse-babacar-ba-du-forum-du-justiciable-demande-la-publication-de-la-liste-des-beneficiaires\/#webpage","url":"https:\/\/www.nettali.com\/2026\/03\/04\/aide-a-la-presse-babacar-ba-du-forum-du-justiciable-demande-la-publication-de-la-liste-des-beneficiaires\/","name":"AIDE \u00c0 LA PRESSE - Babacar Ba du \u00a0forum du justiciable demande la publication de la liste des b\u00e9n\u00e9ficiaires | Nettali.com","isPartOf":{"@id":"https:\/\/www.nettali.com\/#website"},"primaryImageOfPage":{"@id":"https:\/\/www.nettali.com\/2026\/03\/04\/aide-a-la-presse-babacar-ba-du-forum-du-justiciable-demande-la-publication-de-la-liste-des-beneficiaires\/#primaryimage"},"datePublished":"2026-03-04T21:16:58+00:00","dateModified":"2026-03-04T23:39:39+00:00","author":{"@id":"https:\/\/www.nettali.com\/#\/schema\/person\/418274a86bdf87caff7a3ef476bd0bbf"},"breadcrumb":{"@id":"https:\/\/www.nettali.com\/2026\/03\/04\/aide-a-la-presse-babacar-ba-du-forum-du-justiciable-demande-la-publication-de-la-liste-des-beneficiaires\/#breadcrumb"},"inLanguage":"fr-FR","potentialAction":[{"@type":"ReadAction","target":["https:\/\/www.nettali.com\/2026\/03\/04\/aide-a-la-presse-babacar-ba-du-forum-du-justiciable-demande-la-publication-de-la-liste-des-beneficiaires\/"]}]},{"@type":"BreadcrumbList","@id":"https:\/\/www.nettali.com\/2026\/03\/04\/aide-a-la-presse-babacar-ba-du-forum-du-justiciable-demande-la-publication-de-la-liste-des-beneficiaires\/#breadcrumb","itemListElement":[{"@type":"ListItem","position":1,"name":"Accueil","item":"https:\/\/www.nettali.com\/"},{"@type":"ListItem","position":2,"name":"AIDE \u00c0 LA PRESSE - Babacar Ba du \u00a0forum du justiciable demande la publication de la liste des b\u00e9n\u00e9ficiaires"}]},{"@type":"Person","@id":"https:\/\/www.nettali.com\/#\/schema\/person\/418274a86bdf87caff7a3ef476bd0bbf","name":"Fatou","image":{"@type":"ImageObject","@id":"https:\/\/www.nettali.com\/#personlogo","inLanguage":"fr-FR","url":"https:\/\/secure.gravatar.com\/avatar\/5a9442a2bee7b4dcf167cab035858e9a?s=96&d=mm&r=g","contentUrl":"https:\/\/secure.gravatar.com\/avatar\/5a9442a2bee7b4dcf167cab035858e9a?s=96&d=mm&r=g","caption":"Fatou"},"sameAs":["https:\/\/www.nettali.com"]}]}},"_links":{"self":[{"href":"https:\/\/www.nettali.com\/rest\/wp\/v2\/posts\/170490"}],"collection":[{"href":"https:\/\/www.nettali.com\/rest\/wp\/v2\/posts"}],"about":[{"href":"https:\/\/www.nettali.com\/rest\/wp\/v2\/types\/post"}],"author":[{"embeddable":true,"href":"https:\/\/www.nettali.com\/rest\/wp\/v2\/users\/6"}],"replies":[{"embeddable":true,"href":"https:\/\/www.nettali.com\/rest\/wp\/v2\/comments?post=170490"}],"version-history":[{"count":4,"href":"https:\/\/www.nettali.com\/rest\/wp\/v2\/posts\/170490\/revisions"}],"predecessor-version":[{"id":170514,"href":"https:\/\/www.nettali.com\/rest\/wp\/v2\/posts\/170490\/revisions\/170514"}],"wp:featuredmedia":[{"embeddable":true,"href":"https:\/\/www.nettali.com\/rest\/wp\/v2\/media\/153915"}],"wp:attachment":[{"href":"https:\/\/www.nettali.com\/rest\/wp\/v2\/media?parent=170490"}],"wp:term":[{"taxonomy":"category","embeddable":true,"href":"https:\/\/www.nettali.com\/rest\/wp\/v2\/categories?post=170490"},{"taxonomy":"post_tag","embeddable":true,"href":"https:\/\/www.nettali.com\/rest\/wp\/v2\/tags?post=170490"}],"curies":[{"name":"wp","href":"https:\/\/api.w.org\/{rel}","templated":true}]}}