{"id":170449,"date":"2026-03-04T00:21:37","date_gmt":"2026-03-04T00:21:37","guid":{"rendered":"https:\/\/www.nettali.com\/?p=170449"},"modified":"2026-03-04T00:21:37","modified_gmt":"2026-03-04T00:21:37","slug":"real-madrid-saison-terminee-pour-rodrygo","status":"publish","type":"post","link":"https:\/\/www.nettali.com\/2026\/03\/04\/real-madrid-saison-terminee-pour-rodrygo\/","title":{"rendered":"REAL MADRID - Saison termin\u00e9e pour Rodrygo"},"content":{"rendered":"<p dir=\"ltr\"><strong>NETTALI.COM- \u00c9norme tuile pour Rodrygo. L'attaquant br\u00e9silien a \u00e9t\u00e9 diagnostiqu\u00e9 avec une blessure au ligament crois\u00e9 ant\u00e9rieur qui met fin \u00e0 sa saison, un coup dur pour le Real Madrid et le Br\u00e9sil.<\/strong><\/p>\n<p dir=\"ltr\">Le Real Madrid a subi un revers tactique catastrophique apr\u00e8s que l'attaquant br\u00e9silien Rodrygo Goes ait \u00e9t\u00e9 diagnostiqu\u00e9 avec une grave d\u00e9chirure du ligament crois\u00e9 ant\u00e9rieur. Cette terrible nouvelle, confirm\u00e9e par des examens m\u00e9dicaux apr\u00e8s la d\u00e9faite du club en Liga contre Getafe, met fin \u00e0 sa saison nationale et l'emp\u00eache tragiquement de participer \u00e0 la prochaine Coupe du monde.<\/p>\n<p dir=\"ltr\"><strong>Verdict m\u00e9dical d\u00e9vastateur confirm\u00e9<\/strong><\/p>\n<p dir=\"ltr\">Les pires craintes ont \u00e9t\u00e9 confirm\u00e9es pour le Real Madrid et l'\u00e9quipe nationale br\u00e9silienne. Rodrygo a subi une grave blessure au ligament crois\u00e9 ant\u00e9rieur du genou droit. Il a subi des examens m\u00e9dicaux approfondis mardi matin afin de d\u00e9terminer la gravit\u00e9 de la blessure au genou contract\u00e9e contre Getafe. \u00c0 l'issue de ces examens, le club a publi\u00e9 un communiqu\u00e9 officiel.<br \/>\n\"<em>Apr\u00e8s les examens effectu\u00e9s aujourd'hui sur notre joueur Rodrygo par les services m\u00e9dicaux du Real Madrid, il a \u00e9t\u00e9 diagnostiqu\u00e9 une rupture du ligament crois\u00e9 ant\u00e9rieur et une rupture du m\u00e9nisque externe de la jambe droite<\/em>\", indique le communiqu\u00e9 officiel.<\/p>\n<p dir=\"ltr\"><strong>Cruelle r\u00e9cidive du malheur pour Rodrygo<\/strong><\/p>\n<p dir=\"ltr\">La blessure s'est produite seulement 11 minutes apr\u00e8s son entr\u00e9e sur le terrain contre Getafe. Son genou a sembl\u00e9 se d\u00e9bo\u00eeter et se coincer dans le gazon apr\u00e8s une feinte caract\u00e9ristique sur l'aile. Bien qu'il ait r\u00e9ussi \u00e0 terminer le match malgr\u00e9 des signes visibles de douleur, l'\u00e9valuation qui a suivi a r\u00e9v\u00e9l\u00e9 la gravit\u00e9 r\u00e9elle de la blessure.<\/p>\n<p dir=\"ltr\">Rodrygo venait tout juste de reprendre du service apr\u00e8s avoir pass\u00e9 pr\u00e8s d'un mois sur la touche en raison d'une tendinite persistante. Il est entr\u00e9 en jeu \u00e0 la 54e minute dans le but de dynamiser l'attaque. Cependant, au coup de sifflet final, le joueur de 25 ans a \u00e9t\u00e9 vu en train de se tenir le genou droit avant d'\u00eatre examin\u00e9 par le personnel m\u00e9dical.<\/p>\n<p dir=\"ltr\"><em><strong>\"La vie a \u00e9t\u00e9 un peu cruelle avec moi\"<\/strong><\/em><\/p>\n<p dir=\"ltr\">Apr\u00e8s l'annonce des r\u00e9sultats m\u00e9dicaux, Rodrygo a estim\u00e9 ce mardi que \"<em>la vie a \u00e9t\u00e9 un peu cruelle avec lui<\/em>\" apr\u00e8s avoir subi une grave blessure au genou droit qui le privera de disputer la Coupe du monde 2026 avec le Br\u00e9sil ainsi que le reste de la saison avec le Real Madrid.<\/p>\n<p dir=\"ltr\">\"<em>Un des pires jours de ma vie, j\u2019ai toujours redout\u00e9 cette blessure... Peut-\u00eatre que la vie a \u00e9t\u00e9 un peu cruelle avec moi ces derniers temps... Je ne sais pas si je le m\u00e9rite, mais de quoi pourrais-je me plaindre ? J\u2019ai v\u00e9cu tant de choses merveilleuses que je ne m\u00e9ritais pas non plus<\/em>\", a-t-il \u00e9crit sur son compte Instagram.<\/p>\n<p dir=\"ltr\">Bien que le club lui fournisse les meilleurs soins m\u00e9dicaux possibles, le d\u00e9lai de gu\u00e9rison pour une rupture combin\u00e9e du ligament crois\u00e9 ant\u00e9rieur et du m\u00e9nisque est g\u00e9n\u00e9ralement compris entre sept et neuf mois. Cela signifie que Rodrygo manquera la phase cruciale de la Liga et de la Ligue des champions, et devra mener une course contre la montre pour \u00eatre pr\u00eat pour la pr\u00e9-saison 2026-27.<\/p>\n<div class='share-to-whatsapp-wrapper'><div class='share-on-whsp'>PARTAGER SUR : <\/div><a data-text='REAL MADRID - Saison termin\u00e9e pour Rodrygo' data-link='https:\/\/www.nettali.com\/2026\/03\/04\/real-madrid-saison-terminee-pour-rodrygo\/' class='whatsapp-button whatsapp-share'>WhatsApp<\/a><div class='clear '><\/div><\/div>","protected":false},"excerpt":{"rendered":"<p>NETTALI.COM- \u00c9norme tuile pour Rodrygo. L'attaquant br\u00e9silien a \u00e9t\u00e9 diagnostiqu\u00e9 avec une blessure au ligament crois\u00e9 ant\u00e9rieur qui met fin \u00e0 sa saison, un coup dur pour le Real Madrid et le Br\u00e9sil. Le Real Madrid a subi un revers tactique catastrophique apr\u00e8s que l'attaquant br\u00e9silien Rodrygo Goes ait \u00e9t\u00e9 diagnostiqu\u00e9 avec une grave d\u00e9chirure [&hellip;]<\/p>\n","protected":false},"author":5,"featured_media":170450,"comment_status":"open","ping_status":"open","sticky":false,"template":"","format":"standard","meta":{"_et_pb_use_builder":"","_et_pb_old_content":""},"categories":[6],"tags":[],"yoast_head":"<!-- This site is optimized with the Yoast SEO Premium plugin v17.8 (Yoast SEO v17.8) - https:\/\/yoast.com\/wordpress\/plugins\/seo\/ -->\n<title>REAL MADRID - Saison termin\u00e9e pour Rodrygo | Nettali.com<\/title>\n<meta name=\"robots\" content=\"index, follow, max-snippet:-1, max-image-preview:large, max-video-preview:-1\" \/>\n<link rel=\"canonical\" href=\"https:\/\/www.nettali.com\/2026\/03\/04\/real-madrid-saison-terminee-pour-rodrygo\/\" \/>\n<meta property=\"og:locale\" content=\"fr_FR\" \/>\n<meta property=\"og:type\" content=\"article\" \/>\n<meta property=\"og:title\" content=\"REAL MADRID - Saison termin\u00e9e pour Rodrygo\" \/>\n<meta property=\"og:description\" content=\"NETTALI.COM- \u00c9norme tuile pour Rodrygo. L&#039;attaquant br\u00e9silien a \u00e9t\u00e9 diagnostiqu\u00e9 avec une blessure au ligament crois\u00e9 ant\u00e9rieur qui met fin \u00e0 sa saison, un coup dur pour le Real Madrid et le Br\u00e9sil. Le Real Madrid a subi un revers tactique catastrophique apr\u00e8s que l&#039;attaquant br\u00e9silien Rodrygo Goes ait \u00e9t\u00e9 diagnostiqu\u00e9 avec une grave d\u00e9chirure [&hellip;]\" \/>\n<meta property=\"og:url\" content=\"https:\/\/www.nettali.com\/2026\/03\/04\/real-madrid-saison-terminee-pour-rodrygo\/\" \/>\n<meta property=\"og:site_name\" content=\"Nettali.com\" \/>\n<meta property=\"article:publisher\" content=\"https:\/\/www.facebook.com\/nettalicom\" \/>\n<meta property=\"article:published_time\" content=\"2026-03-04T00:21:37+00:00\" \/>\n<meta property=\"og:image\" content=\"https:\/\/www.nettali.com\/wp-content\/uploads\/2026\/03\/fin-de-saison-pour-rodrygo.jpg\" \/>\n\t<meta property=\"og:image:width\" content=\"1392\" \/>\n\t<meta property=\"og:image:height\" content=\"910\" \/>\n<meta name=\"twitter:card\" content=\"summary_large_image\" \/>\n<meta name=\"twitter:label1\" content=\"\u00c9crit par\" \/>\n\t<meta name=\"twitter:data1\" content=\"Ibrahima\" \/>\n\t<meta name=\"twitter:label2\" content=\"Dur\u00e9e de lecture estim\u00e9e\" \/>\n\t<meta name=\"twitter:data2\" content=\"3 minutes\" \/>\n<script type=\"application\/ld+json\" class=\"yoast-schema-graph\">{\"@context\":\"https:\/\/schema.org\",\"@graph\":[{\"@type\":\"WebSite\",\"@id\":\"https:\/\/www.nettali.com\/#website\",\"url\":\"https:\/\/www.nettali.com\/\",\"name\":\"Nettali.com\",\"description\":\"Le rendez-vous critique du Net\",\"potentialAction\":[{\"@type\":\"SearchAction\",\"target\":{\"@type\":\"EntryPoint\",\"urlTemplate\":\"https:\/\/www.nettali.com\/?s={search_term_string}\"},\"query-input\":\"required name=search_term_string\"}],\"inLanguage\":\"fr-FR\"},{\"@type\":\"ImageObject\",\"@id\":\"https:\/\/www.nettali.com\/2026\/03\/04\/real-madrid-saison-terminee-pour-rodrygo\/#primaryimage\",\"inLanguage\":\"fr-FR\",\"url\":\"https:\/\/www.nettali.com\/wp-content\/uploads\/2026\/03\/fin-de-saison-pour-rodrygo.jpg\",\"contentUrl\":\"https:\/\/www.nettali.com\/wp-content\/uploads\/2026\/03\/fin-de-saison-pour-rodrygo.jpg\",\"width\":1392,\"height\":910},{\"@type\":\"WebPage\",\"@id\":\"https:\/\/www.nettali.com\/2026\/03\/04\/real-madrid-saison-terminee-pour-rodrygo\/#webpage\",\"url\":\"https:\/\/www.nettali.com\/2026\/03\/04\/real-madrid-saison-terminee-pour-rodrygo\/\",\"name\":\"REAL MADRID - Saison termin\\u00e9e pour Rodrygo | Nettali.com\",\"isPartOf\":{\"@id\":\"https:\/\/www.nettali.com\/#website\"},\"primaryImageOfPage\":{\"@id\":\"https:\/\/www.nettali.com\/2026\/03\/04\/real-madrid-saison-terminee-pour-rodrygo\/#primaryimage\"},\"datePublished\":\"2026-03-04T00:21:37+00:00\",\"dateModified\":\"2026-03-04T00:21:37+00:00\",\"author\":{\"@id\":\"https:\/\/www.nettali.com\/#\/schema\/person\/bb147657c2986240405a608162b9bb23\"},\"breadcrumb\":{\"@id\":\"https:\/\/www.nettali.com\/2026\/03\/04\/real-madrid-saison-terminee-pour-rodrygo\/#breadcrumb\"},\"inLanguage\":\"fr-FR\",\"potentialAction\":[{\"@type\":\"ReadAction\",\"target\":[\"https:\/\/www.nettali.com\/2026\/03\/04\/real-madrid-saison-terminee-pour-rodrygo\/\"]}]},{\"@type\":\"BreadcrumbList\",\"@id\":\"https:\/\/www.nettali.com\/2026\/03\/04\/real-madrid-saison-terminee-pour-rodrygo\/#breadcrumb\",\"itemListElement\":[{\"@type\":\"ListItem\",\"position\":1,\"name\":\"Accueil\",\"item\":\"https:\/\/www.nettali.com\/\"},{\"@type\":\"ListItem\",\"position\":2,\"name\":\"REAL MADRID - Saison termin\\u00e9e pour Rodrygo\"}]},{\"@type\":\"Person\",\"@id\":\"https:\/\/www.nettali.com\/#\/schema\/person\/bb147657c2986240405a608162b9bb23\",\"name\":\"Ibrahima\",\"image\":{\"@type\":\"ImageObject\",\"@id\":\"https:\/\/www.nettali.com\/#personlogo\",\"inLanguage\":\"fr-FR\",\"url\":\"https:\/\/secure.gravatar.com\/avatar\/26a8a81f09f0dd7624c9d5c36c9ba3a2?s=96&d=mm&r=g\",\"contentUrl\":\"https:\/\/secure.gravatar.com\/avatar\/26a8a81f09f0dd7624c9d5c36c9ba3a2?s=96&d=mm&r=g\",\"caption\":\"Ibrahima\"},\"sameAs\":[\"https:\/\/www.nettali.com\"]}]}<\/script>\n<!-- \/ Yoast SEO Premium plugin. -->","yoast_head_json":{"title":"REAL MADRID - Saison termin\u00e9e pour Rodrygo | Nettali.com","robots":{"index":"index","follow":"follow","max-snippet":"max-snippet:-1","max-image-preview":"max-image-preview:large","max-video-preview":"max-video-preview:-1"},"canonical":"https:\/\/www.nettali.com\/2026\/03\/04\/real-madrid-saison-terminee-pour-rodrygo\/","og_locale":"fr_FR","og_type":"article","og_title":"REAL MADRID - Saison termin\u00e9e pour Rodrygo","og_description":"NETTALI.COM- \u00c9norme tuile pour Rodrygo. L'attaquant br\u00e9silien a \u00e9t\u00e9 diagnostiqu\u00e9 avec une blessure au ligament crois\u00e9 ant\u00e9rieur qui met fin \u00e0 sa saison, un coup dur pour le Real Madrid et le Br\u00e9sil. Le Real Madrid a subi un revers tactique catastrophique apr\u00e8s que l'attaquant br\u00e9silien Rodrygo Goes ait \u00e9t\u00e9 diagnostiqu\u00e9 avec une grave d\u00e9chirure [&hellip;]","og_url":"https:\/\/www.nettali.com\/2026\/03\/04\/real-madrid-saison-terminee-pour-rodrygo\/","og_site_name":"Nettali.com","article_publisher":"https:\/\/www.facebook.com\/nettalicom","article_published_time":"2026-03-04T00:21:37+00:00","og_image":[{"width":1392,"height":910,"url":"https:\/\/www.nettali.com\/wp-content\/uploads\/2026\/03\/fin-de-saison-pour-rodrygo.jpg","type":"image\/jpeg"}],"twitter_card":"summary_large_image","twitter_misc":{"\u00c9crit par":"Ibrahima","Dur\u00e9e de lecture estim\u00e9e":"3 minutes"},"schema":{"@context":"https:\/\/schema.org","@graph":[{"@type":"WebSite","@id":"https:\/\/www.nettali.com\/#website","url":"https:\/\/www.nettali.com\/","name":"Nettali.com","description":"Le rendez-vous critique du Net","potentialAction":[{"@type":"SearchAction","target":{"@type":"EntryPoint","urlTemplate":"https:\/\/www.nettali.com\/?s={search_term_string}"},"query-input":"required name=search_term_string"}],"inLanguage":"fr-FR"},{"@type":"ImageObject","@id":"https:\/\/www.nettali.com\/2026\/03\/04\/real-madrid-saison-terminee-pour-rodrygo\/#primaryimage","inLanguage":"fr-FR","url":"https:\/\/www.nettali.com\/wp-content\/uploads\/2026\/03\/fin-de-saison-pour-rodrygo.jpg","contentUrl":"https:\/\/www.nettali.com\/wp-content\/uploads\/2026\/03\/fin-de-saison-pour-rodrygo.jpg","width":1392,"height":910},{"@type":"WebPage","@id":"https:\/\/www.nettali.com\/2026\/03\/04\/real-madrid-saison-terminee-pour-rodrygo\/#webpage","url":"https:\/\/www.nettali.com\/2026\/03\/04\/real-madrid-saison-terminee-pour-rodrygo\/","name":"REAL MADRID - Saison termin\u00e9e pour Rodrygo | Nettali.com","isPartOf":{"@id":"https:\/\/www.nettali.com\/#website"},"primaryImageOfPage":{"@id":"https:\/\/www.nettali.com\/2026\/03\/04\/real-madrid-saison-terminee-pour-rodrygo\/#primaryimage"},"datePublished":"2026-03-04T00:21:37+00:00","dateModified":"2026-03-04T00:21:37+00:00","author":{"@id":"https:\/\/www.nettali.com\/#\/schema\/person\/bb147657c2986240405a608162b9bb23"},"breadcrumb":{"@id":"https:\/\/www.nettali.com\/2026\/03\/04\/real-madrid-saison-terminee-pour-rodrygo\/#breadcrumb"},"inLanguage":"fr-FR","potentialAction":[{"@type":"ReadAction","target":["https:\/\/www.nettali.com\/2026\/03\/04\/real-madrid-saison-terminee-pour-rodrygo\/"]}]},{"@type":"BreadcrumbList","@id":"https:\/\/www.nettali.com\/2026\/03\/04\/real-madrid-saison-terminee-pour-rodrygo\/#breadcrumb","itemListElement":[{"@type":"ListItem","position":1,"name":"Accueil","item":"https:\/\/www.nettali.com\/"},{"@type":"ListItem","position":2,"name":"REAL MADRID - Saison termin\u00e9e pour Rodrygo"}]},{"@type":"Person","@id":"https:\/\/www.nettali.com\/#\/schema\/person\/bb147657c2986240405a608162b9bb23","name":"Ibrahima","image":{"@type":"ImageObject","@id":"https:\/\/www.nettali.com\/#personlogo","inLanguage":"fr-FR","url":"https:\/\/secure.gravatar.com\/avatar\/26a8a81f09f0dd7624c9d5c36c9ba3a2?s=96&d=mm&r=g","contentUrl":"https:\/\/secure.gravatar.com\/avatar\/26a8a81f09f0dd7624c9d5c36c9ba3a2?s=96&d=mm&r=g","caption":"Ibrahima"},"sameAs":["https:\/\/www.nettali.com"]}]}},"_links":{"self":[{"href":"https:\/\/www.nettali.com\/rest\/wp\/v2\/posts\/170449"}],"collection":[{"href":"https:\/\/www.nettali.com\/rest\/wp\/v2\/posts"}],"about":[{"href":"https:\/\/www.nettali.com\/rest\/wp\/v2\/types\/post"}],"author":[{"embeddable":true,"href":"https:\/\/www.nettali.com\/rest\/wp\/v2\/users\/5"}],"replies":[{"embeddable":true,"href":"https:\/\/www.nettali.com\/rest\/wp\/v2\/comments?post=170449"}],"version-history":[{"count":1,"href":"https:\/\/www.nettali.com\/rest\/wp\/v2\/posts\/170449\/revisions"}],"predecessor-version":[{"id":170451,"href":"https:\/\/www.nettali.com\/rest\/wp\/v2\/posts\/170449\/revisions\/170451"}],"wp:featuredmedia":[{"embeddable":true,"href":"https:\/\/www.nettali.com\/rest\/wp\/v2\/media\/170450"}],"wp:attachment":[{"href":"https:\/\/www.nettali.com\/rest\/wp\/v2\/media?parent=170449"}],"wp:term":[{"taxonomy":"category","embeddable":true,"href":"https:\/\/www.nettali.com\/rest\/wp\/v2\/categories?post=170449"},{"taxonomy":"post_tag","embeddable":true,"href":"https:\/\/www.nettali.com\/rest\/wp\/v2\/tags?post=170449"}],"curies":[{"name":"wp","href":"https:\/\/api.w.org\/{rel}","templated":true}]}}