{"id":170447,"date":"2026-03-04T06:10:46","date_gmt":"2026-03-04T06:10:46","guid":{"rendered":"https:\/\/www.nettali.com\/?p=170447"},"modified":"2026-03-05T06:38:43","modified_gmt":"2026-03-05T06:38:43","slug":"regulation-des-medias-le-cdeps-soppose-au-projet-de-creation-du-cnrm","status":"publish","type":"post","link":"https:\/\/www.nettali.com\/2026\/03\/04\/regulation-des-medias-le-cdeps-soppose-au-projet-de-creation-du-cnrm\/","title":{"rendered":"REGULATION DES MEDIAS - Le  CDEPS s\u2019oppose au projet de cr\u00e9ation du CNRM"},"content":{"rendered":"<p data-path-to-node=\"3\"><strong>NETTALI.COM - L\u2019examen du projet de loi portant cr\u00e9ation du Conseil national de r\u00e9gulation des m\u00e9dias (CNRM) s'est d\u00e9roul\u00e9 actuellement \u00e0 l\u2019Assembl\u00e9e nationale dans un contexte de forte crispation. Les entreprises priv\u00e9es de presse, r\u00e9unies au sein du Conseil des diffuseurs et \u00e9diteurs de presse du S\u00e9n\u00e9gal (CDEPS), expriment une vive inqui\u00e9tude face \u00e0 un texte qu\u2019elles jugent attentatoire \u00e0 la libert\u00e9 de la presse.<\/strong><\/p>\n<p data-path-to-node=\"4\">Dans un communiqu\u00e9, Mamadou Ibra Kane, son pr\u00e9sident, explique que, depuis l\u2019alternance du 24 mars 2024, le climat institutionnel s\u2019est progressivement tendu. Les griefs sont \u00e0 la fois proc\u00e9duraux et substantiels. Les acteurs du secteur d\u00e9noncent l\u2019absence de concertation r\u00e9elle avec les professionnels des m\u00e9dias, l\u2019inexistence d\u2019un cadre formel de discussion sur le texte final et le d\u00e9faut de partage du projet avant son adoption en Conseil des ministres. Cette m\u00e9thode est per\u00e7ue comme un signal pr\u00e9occupant dans un domaine o\u00f9 la transparence et le dialogue devraient constituer la r\u00e8gle. Au-del\u00e0 de la forme, c\u2019est le fond qui cristallise les tensions.<\/p>\n<p data-path-to-node=\"5\">Le document rappelle que la Cour supr\u00eame, par son arr\u00eat du 11 d\u00e9cembre 2025, a pourtant soulign\u00e9 que la cr\u00e9ation d\u2019un organe de presse n\u2019est soumise \u00e0 aucune autorisation pr\u00e9alable et que l\u2019activit\u00e9 de presse est une libert\u00e9 fondamentale. La haute juridiction avait d\u00e9j\u00e0, en juin 2025, suspendu un arr\u00eat\u00e9 interdisant la diffusion de m\u00e9dias jug\u00e9s non conformes. Pour les professionnels, le projet de CNRM appara\u00eet comme une tentative de donner une base l\u00e9gale \u00e0 des m\u00e9canismes que la haute juridiction avait express\u00e9ment censur\u00e9s pour sacraliser la libert\u00e9 de presse constitutionnelle.<\/p>\n<p data-path-to-node=\"6\">Les dispositions relatives aux pouvoirs de sanction sont au c\u0153ur de la controverse. Le texte pr\u00e9voit la possibilit\u00e9 de fermeture administrative d\u2019organes de presse, de suspension imm\u00e9diate de m\u00e9dias, de blocage de contenus, de coupure d\u2019acc\u00e8s \u00e0 des plateformes, ainsi que l\u2019ex\u00e9cution instantan\u00e9e des d\u00e9cisions, pr\u00e9cise le pr\u00e9sident du CDEPS. Ces mesures pourraient \u00eatre appliqu\u00e9es sans l\u2019intervention pr\u00e9alable d\u2019un juge et parfois m\u00eame sans mise en demeure. De plus, le pr\u00e9sident du CNRM, nomm\u00e9 intuitu personae, aurait le pouvoir d\u2019ordonner seul l\u2019arr\u00eat d\u2019une \u00e9mission ou la suspension d\u2019un site sans d\u00e9lib\u00e9ration coll\u00e9giale.<\/p>\n<p data-path-to-node=\"7\">Pour le CDEPS, de telles pr\u00e9rogatives exc\u00e8dent le cadre d\u2019une r\u00e9gulation \u00e9quilibr\u00e9e et font peser une menace directe sur l\u2019ind\u00e9pendance des m\u00e9dias, leur viabilit\u00e9 \u00e9conomique et, au-del\u00e0, sur l\u2019\u00e9quilibre d\u00e9mocratique. La question ne rel\u00e8ve donc pas d\u2019un simple diff\u00e9rend corporatiste. Elle concerne l\u2019ensemble des citoyens, les organisations de la soci\u00e9t\u00e9 civile, les partis politiques, les autorit\u00e9s religieuses, les acteurs \u00e9conomiques et le monde universitaire pour \u00e9viter au S\u00e9n\u00e9gal une r\u00e9gression d\u00e9mocratique, avertit Mamadou Ibra Kane.<\/p>\n<p data-path-to-node=\"8\">Le d\u00e9bat autour du CNRM pose la question de savoir si la modernisation de la r\u00e9gulation peut se faire sans sacrifier les acquis d\u00e9mocratiques. Il s\u2019agit de d\u00e9terminer si la modernisation de la r\u00e9gulation des m\u00e9dias peut s\u2019op\u00e9rer sans alt\u00e9rer les garanties constitutionnelles consacr\u00e9es par la jurisprudence et sans fragiliser la libert\u00e9 fondamentale d\u2019informer. C\u2019est \u00e0 l\u2019aune de cette exigence que sera jug\u00e9e la capacit\u00e9 du S\u00e9n\u00e9gal \u00e0 pr\u00e9server son h\u00e9ritage d\u00e9mocratique tout en adaptant son cadre juridique aux mutations contemporaines, affirme le CDEPS.<\/p>\n<div class='share-to-whatsapp-wrapper'><div class='share-on-whsp'>PARTAGER SUR : <\/div><a data-text='REGULATION DES MEDIAS - Le  CDEPS s\u2019oppose au projet de cr\u00e9ation du CNRM' data-link='https:\/\/www.nettali.com\/2026\/03\/04\/regulation-des-medias-le-cdeps-soppose-au-projet-de-creation-du-cnrm\/' class='whatsapp-button whatsapp-share'>WhatsApp<\/a><div class='clear '><\/div><\/div>","protected":false},"excerpt":{"rendered":"<p>NETTALI.COM - L\u2019examen du projet de loi portant cr\u00e9ation du Conseil national de r\u00e9gulation des m\u00e9dias (CNRM) s'est d\u00e9roul\u00e9 actuellement \u00e0 l\u2019Assembl\u00e9e nationale dans un contexte de forte crispation. Les entreprises priv\u00e9es de presse, r\u00e9unies au sein du Conseil des diffuseurs et \u00e9diteurs de presse du S\u00e9n\u00e9gal (CDEPS), expriment une vive inqui\u00e9tude face \u00e0 un [&hellip;]<\/p>\n","protected":false},"author":6,"featured_media":170423,"comment_status":"open","ping_status":"open","sticky":false,"template":"","format":"standard","meta":{"_et_pb_use_builder":"","_et_pb_old_content":""},"categories":[3],"tags":[],"yoast_head":"<!-- This site is optimized with the Yoast SEO Premium plugin v17.8 (Yoast SEO v17.8) - https:\/\/yoast.com\/wordpress\/plugins\/seo\/ -->\n<title>REGULATION DES MEDIAS - Le CDEPS s\u2019oppose au projet de cr\u00e9ation du CNRM | Nettali.com<\/title>\n<meta name=\"robots\" content=\"index, follow, max-snippet:-1, max-image-preview:large, max-video-preview:-1\" \/>\n<link rel=\"canonical\" href=\"https:\/\/www.nettali.com\/2026\/03\/04\/regulation-des-medias-le-cdeps-soppose-au-projet-de-creation-du-cnrm\/\" \/>\n<meta property=\"og:locale\" content=\"fr_FR\" \/>\n<meta property=\"og:type\" content=\"article\" \/>\n<meta property=\"og:title\" content=\"REGULATION DES MEDIAS - Le CDEPS s\u2019oppose au projet de cr\u00e9ation du CNRM\" \/>\n<meta property=\"og:description\" content=\"NETTALI.COM - L\u2019examen du projet de loi portant cr\u00e9ation du Conseil national de r\u00e9gulation des m\u00e9dias (CNRM) s&#039;est d\u00e9roul\u00e9 actuellement \u00e0 l\u2019Assembl\u00e9e nationale dans un contexte de forte crispation. Les entreprises priv\u00e9es de presse, r\u00e9unies au sein du Conseil des diffuseurs et \u00e9diteurs de presse du S\u00e9n\u00e9gal (CDEPS), expriment une vive inqui\u00e9tude face \u00e0 un [&hellip;]\" \/>\n<meta property=\"og:url\" content=\"https:\/\/www.nettali.com\/2026\/03\/04\/regulation-des-medias-le-cdeps-soppose-au-projet-de-creation-du-cnrm\/\" \/>\n<meta property=\"og:site_name\" content=\"Nettali.com\" \/>\n<meta property=\"article:publisher\" content=\"https:\/\/www.facebook.com\/nettalicom\" \/>\n<meta property=\"article:published_time\" content=\"2026-03-04T06:10:46+00:00\" \/>\n<meta property=\"article:modified_time\" content=\"2026-03-05T06:38:43+00:00\" \/>\n<meta property=\"og:image\" content=\"https:\/\/www.nettali.com\/wp-content\/uploads\/2026\/03\/Mamadou-Ibra-Kane.png\" \/>\n\t<meta property=\"og:image:width\" content=\"1014\" \/>\n\t<meta property=\"og:image:height\" content=\"545\" \/>\n<meta name=\"twitter:card\" content=\"summary_large_image\" \/>\n<meta name=\"twitter:label1\" content=\"\u00c9crit par\" \/>\n\t<meta name=\"twitter:data1\" content=\"Fatou\" \/>\n\t<meta name=\"twitter:label2\" content=\"Dur\u00e9e de lecture estim\u00e9e\" \/>\n\t<meta name=\"twitter:data2\" content=\"3 minutes\" \/>\n<script type=\"application\/ld+json\" class=\"yoast-schema-graph\">{\"@context\":\"https:\/\/schema.org\",\"@graph\":[{\"@type\":\"WebSite\",\"@id\":\"https:\/\/www.nettali.com\/#website\",\"url\":\"https:\/\/www.nettali.com\/\",\"name\":\"Nettali.com\",\"description\":\"Le rendez-vous critique du Net\",\"potentialAction\":[{\"@type\":\"SearchAction\",\"target\":{\"@type\":\"EntryPoint\",\"urlTemplate\":\"https:\/\/www.nettali.com\/?s={search_term_string}\"},\"query-input\":\"required name=search_term_string\"}],\"inLanguage\":\"fr-FR\"},{\"@type\":\"ImageObject\",\"@id\":\"https:\/\/www.nettali.com\/2026\/03\/04\/regulation-des-medias-le-cdeps-soppose-au-projet-de-creation-du-cnrm\/#primaryimage\",\"inLanguage\":\"fr-FR\",\"url\":\"https:\/\/www.nettali.com\/wp-content\/uploads\/2026\/03\/Mamadou-Ibra-Kane.png\",\"contentUrl\":\"https:\/\/www.nettali.com\/wp-content\/uploads\/2026\/03\/Mamadou-Ibra-Kane.png\",\"width\":1014,\"height\":545},{\"@type\":\"WebPage\",\"@id\":\"https:\/\/www.nettali.com\/2026\/03\/04\/regulation-des-medias-le-cdeps-soppose-au-projet-de-creation-du-cnrm\/#webpage\",\"url\":\"https:\/\/www.nettali.com\/2026\/03\/04\/regulation-des-medias-le-cdeps-soppose-au-projet-de-creation-du-cnrm\/\",\"name\":\"REGULATION DES MEDIAS - Le CDEPS s\\u2019oppose au projet de cr\\u00e9ation du CNRM | Nettali.com\",\"isPartOf\":{\"@id\":\"https:\/\/www.nettali.com\/#website\"},\"primaryImageOfPage\":{\"@id\":\"https:\/\/www.nettali.com\/2026\/03\/04\/regulation-des-medias-le-cdeps-soppose-au-projet-de-creation-du-cnrm\/#primaryimage\"},\"datePublished\":\"2026-03-04T06:10:46+00:00\",\"dateModified\":\"2026-03-05T06:38:43+00:00\",\"author\":{\"@id\":\"https:\/\/www.nettali.com\/#\/schema\/person\/418274a86bdf87caff7a3ef476bd0bbf\"},\"breadcrumb\":{\"@id\":\"https:\/\/www.nettali.com\/2026\/03\/04\/regulation-des-medias-le-cdeps-soppose-au-projet-de-creation-du-cnrm\/#breadcrumb\"},\"inLanguage\":\"fr-FR\",\"potentialAction\":[{\"@type\":\"ReadAction\",\"target\":[\"https:\/\/www.nettali.com\/2026\/03\/04\/regulation-des-medias-le-cdeps-soppose-au-projet-de-creation-du-cnrm\/\"]}]},{\"@type\":\"BreadcrumbList\",\"@id\":\"https:\/\/www.nettali.com\/2026\/03\/04\/regulation-des-medias-le-cdeps-soppose-au-projet-de-creation-du-cnrm\/#breadcrumb\",\"itemListElement\":[{\"@type\":\"ListItem\",\"position\":1,\"name\":\"Accueil\",\"item\":\"https:\/\/www.nettali.com\/\"},{\"@type\":\"ListItem\",\"position\":2,\"name\":\"REGULATION DES MEDIAS - Le CDEPS s\\u2019oppose au projet de cr\\u00e9ation du CNRM\"}]},{\"@type\":\"Person\",\"@id\":\"https:\/\/www.nettali.com\/#\/schema\/person\/418274a86bdf87caff7a3ef476bd0bbf\",\"name\":\"Fatou\",\"image\":{\"@type\":\"ImageObject\",\"@id\":\"https:\/\/www.nettali.com\/#personlogo\",\"inLanguage\":\"fr-FR\",\"url\":\"https:\/\/secure.gravatar.com\/avatar\/5a9442a2bee7b4dcf167cab035858e9a?s=96&d=mm&r=g\",\"contentUrl\":\"https:\/\/secure.gravatar.com\/avatar\/5a9442a2bee7b4dcf167cab035858e9a?s=96&d=mm&r=g\",\"caption\":\"Fatou\"},\"sameAs\":[\"https:\/\/www.nettali.com\"]}]}<\/script>\n<!-- \/ Yoast SEO Premium plugin. -->","yoast_head_json":{"title":"REGULATION DES MEDIAS - Le CDEPS s\u2019oppose au projet de cr\u00e9ation du CNRM | Nettali.com","robots":{"index":"index","follow":"follow","max-snippet":"max-snippet:-1","max-image-preview":"max-image-preview:large","max-video-preview":"max-video-preview:-1"},"canonical":"https:\/\/www.nettali.com\/2026\/03\/04\/regulation-des-medias-le-cdeps-soppose-au-projet-de-creation-du-cnrm\/","og_locale":"fr_FR","og_type":"article","og_title":"REGULATION DES MEDIAS - Le CDEPS s\u2019oppose au projet de cr\u00e9ation du CNRM","og_description":"NETTALI.COM - L\u2019examen du projet de loi portant cr\u00e9ation du Conseil national de r\u00e9gulation des m\u00e9dias (CNRM) s'est d\u00e9roul\u00e9 actuellement \u00e0 l\u2019Assembl\u00e9e nationale dans un contexte de forte crispation. Les entreprises priv\u00e9es de presse, r\u00e9unies au sein du Conseil des diffuseurs et \u00e9diteurs de presse du S\u00e9n\u00e9gal (CDEPS), expriment une vive inqui\u00e9tude face \u00e0 un [&hellip;]","og_url":"https:\/\/www.nettali.com\/2026\/03\/04\/regulation-des-medias-le-cdeps-soppose-au-projet-de-creation-du-cnrm\/","og_site_name":"Nettali.com","article_publisher":"https:\/\/www.facebook.com\/nettalicom","article_published_time":"2026-03-04T06:10:46+00:00","article_modified_time":"2026-03-05T06:38:43+00:00","og_image":[{"width":1014,"height":545,"url":"https:\/\/www.nettali.com\/wp-content\/uploads\/2026\/03\/Mamadou-Ibra-Kane.png","type":"image\/png"}],"twitter_card":"summary_large_image","twitter_misc":{"\u00c9crit par":"Fatou","Dur\u00e9e de lecture estim\u00e9e":"3 minutes"},"schema":{"@context":"https:\/\/schema.org","@graph":[{"@type":"WebSite","@id":"https:\/\/www.nettali.com\/#website","url":"https:\/\/www.nettali.com\/","name":"Nettali.com","description":"Le rendez-vous critique du Net","potentialAction":[{"@type":"SearchAction","target":{"@type":"EntryPoint","urlTemplate":"https:\/\/www.nettali.com\/?s={search_term_string}"},"query-input":"required name=search_term_string"}],"inLanguage":"fr-FR"},{"@type":"ImageObject","@id":"https:\/\/www.nettali.com\/2026\/03\/04\/regulation-des-medias-le-cdeps-soppose-au-projet-de-creation-du-cnrm\/#primaryimage","inLanguage":"fr-FR","url":"https:\/\/www.nettali.com\/wp-content\/uploads\/2026\/03\/Mamadou-Ibra-Kane.png","contentUrl":"https:\/\/www.nettali.com\/wp-content\/uploads\/2026\/03\/Mamadou-Ibra-Kane.png","width":1014,"height":545},{"@type":"WebPage","@id":"https:\/\/www.nettali.com\/2026\/03\/04\/regulation-des-medias-le-cdeps-soppose-au-projet-de-creation-du-cnrm\/#webpage","url":"https:\/\/www.nettali.com\/2026\/03\/04\/regulation-des-medias-le-cdeps-soppose-au-projet-de-creation-du-cnrm\/","name":"REGULATION DES MEDIAS - Le CDEPS s\u2019oppose au projet de cr\u00e9ation du CNRM | Nettali.com","isPartOf":{"@id":"https:\/\/www.nettali.com\/#website"},"primaryImageOfPage":{"@id":"https:\/\/www.nettali.com\/2026\/03\/04\/regulation-des-medias-le-cdeps-soppose-au-projet-de-creation-du-cnrm\/#primaryimage"},"datePublished":"2026-03-04T06:10:46+00:00","dateModified":"2026-03-05T06:38:43+00:00","author":{"@id":"https:\/\/www.nettali.com\/#\/schema\/person\/418274a86bdf87caff7a3ef476bd0bbf"},"breadcrumb":{"@id":"https:\/\/www.nettali.com\/2026\/03\/04\/regulation-des-medias-le-cdeps-soppose-au-projet-de-creation-du-cnrm\/#breadcrumb"},"inLanguage":"fr-FR","potentialAction":[{"@type":"ReadAction","target":["https:\/\/www.nettali.com\/2026\/03\/04\/regulation-des-medias-le-cdeps-soppose-au-projet-de-creation-du-cnrm\/"]}]},{"@type":"BreadcrumbList","@id":"https:\/\/www.nettali.com\/2026\/03\/04\/regulation-des-medias-le-cdeps-soppose-au-projet-de-creation-du-cnrm\/#breadcrumb","itemListElement":[{"@type":"ListItem","position":1,"name":"Accueil","item":"https:\/\/www.nettali.com\/"},{"@type":"ListItem","position":2,"name":"REGULATION DES MEDIAS - Le CDEPS s\u2019oppose au projet de cr\u00e9ation du CNRM"}]},{"@type":"Person","@id":"https:\/\/www.nettali.com\/#\/schema\/person\/418274a86bdf87caff7a3ef476bd0bbf","name":"Fatou","image":{"@type":"ImageObject","@id":"https:\/\/www.nettali.com\/#personlogo","inLanguage":"fr-FR","url":"https:\/\/secure.gravatar.com\/avatar\/5a9442a2bee7b4dcf167cab035858e9a?s=96&d=mm&r=g","contentUrl":"https:\/\/secure.gravatar.com\/avatar\/5a9442a2bee7b4dcf167cab035858e9a?s=96&d=mm&r=g","caption":"Fatou"},"sameAs":["https:\/\/www.nettali.com"]}]}},"_links":{"self":[{"href":"https:\/\/www.nettali.com\/rest\/wp\/v2\/posts\/170447"}],"collection":[{"href":"https:\/\/www.nettali.com\/rest\/wp\/v2\/posts"}],"about":[{"href":"https:\/\/www.nettali.com\/rest\/wp\/v2\/types\/post"}],"author":[{"embeddable":true,"href":"https:\/\/www.nettali.com\/rest\/wp\/v2\/users\/6"}],"replies":[{"embeddable":true,"href":"https:\/\/www.nettali.com\/rest\/wp\/v2\/comments?post=170447"}],"version-history":[{"count":3,"href":"https:\/\/www.nettali.com\/rest\/wp\/v2\/posts\/170447\/revisions"}],"predecessor-version":[{"id":170453,"href":"https:\/\/www.nettali.com\/rest\/wp\/v2\/posts\/170447\/revisions\/170453"}],"wp:featuredmedia":[{"embeddable":true,"href":"https:\/\/www.nettali.com\/rest\/wp\/v2\/media\/170423"}],"wp:attachment":[{"href":"https:\/\/www.nettali.com\/rest\/wp\/v2\/media?parent=170447"}],"wp:term":[{"taxonomy":"category","embeddable":true,"href":"https:\/\/www.nettali.com\/rest\/wp\/v2\/categories?post=170447"},{"taxonomy":"post_tag","embeddable":true,"href":"https:\/\/www.nettali.com\/rest\/wp\/v2\/tags?post=170447"}],"curies":[{"name":"wp","href":"https:\/\/api.w.org\/{rel}","templated":true}]}}