{"id":170445,"date":"2026-03-04T06:14:08","date_gmt":"2026-03-04T06:14:08","guid":{"rendered":"https:\/\/www.nettali.com\/?p=170445"},"modified":"2026-03-04T06:14:08","modified_gmt":"2026-03-04T06:14:08","slug":"renvoi-devant-la-haute-cour-de-justice-me-moussa-bocar-thiam-saisit-le-batonnier","status":"publish","type":"post","link":"https:\/\/www.nettali.com\/2026\/03\/04\/renvoi-devant-la-haute-cour-de-justice-me-moussa-bocar-thiam-saisit-le-batonnier\/","title":{"rendered":"RENVOI DEVANT LA HAUTE COUR DE JUSTICE - Me Moussa Bocar Thiam saisit le B\u00e2tonnier"},"content":{"rendered":"<p data-path-to-node=\"1\"><strong>NETTALI.COM - Suite \u00e0 son renvoi par l\u2019Assembl\u00e9e nationale, devant la Haute cour de justice, Me Moussa Bocar Thiam contre- attaque. L\u2019avocat et ancien ministre de la Communication informe avoir saisi le B\u00e2tonnier de l\u2019Ordre des avocats pour d\u00e9cerner un veto aux poursuites annonc\u00e9es contre lui<\/strong>.<\/p>\n<p data-path-to-node=\"1\">L\u2019ancien ministre et avocat \u00e0 la cour, Moussa Bocar Thiam, a officiellement saisi le B\u00e2tonnier de l\u2019Ordre des avocats ce mardi 3 mars 2026. Par cette d\u00e9marche, il demande l\u2019exercice d\u2019un droit de veto contre les poursuites engag\u00e9es \u00e0 son encontre, invoquant des violations graves de la Constitution et des proc\u00e9dures parlementaires. Cette saisine repose sur le privil\u00e8ge de juridiction et les protections sp\u00e9cifiques li\u00e9es \u00e0 la profession d\u2019avocat, stipulant qu'aucun membre du barreau ne peut \u00eatre arr\u00eat\u00e9 ou d\u00e9tenu sans une consultation pr\u00e9alable de son b\u00e2tonnier.<\/p>\n<p data-path-to-node=\"2\">L'argumentaire de l'ancien ministre repose d'abord sur une absence manifeste de base l\u00e9gale au sein de l\u2019Assembl\u00e9e nationale. Selon lui, le R\u00e8glement int\u00e9rieur actuel de l'institution est devenu inapte \u00e0 r\u00e9gir une mise en accusation devant la Haute Cour de Justice. Il rappelle que le Conseil Constitutionnel, dans sa d\u00e9cision du 24 juillet 2025, avait censur\u00e9 les dispositions relatives \u00e0 cette juridiction d'exception. En r\u00e9action, les d\u00e9put\u00e9s auraient choisi de supprimer purement et simplement ces articles plut\u00f4t que de les corriger, cr\u00e9ant ainsi un vide juridique qui rendrait toute proc\u00e9dure de renvoi irr\u00e9guli\u00e8re et abusive.<\/p>\n<p data-path-to-node=\"3\">Au-del\u00e0 des textes, Moussa Bocar Thiam pointe une irr\u00e9gularit\u00e9 flagrante lors des d\u00e9bats \u00e0 l'h\u00e9micycle. Il invoque l'article 18 de la loi organique sur la Haute Cour de Justice qui interdit aux d\u00e9put\u00e9s si\u00e9geant dans ladite cour de participer aux d\u00e9bats ou aux votes concernant une mise en accusation. Or, il affirme que cette r\u00e8gle a \u00e9t\u00e9 bafou\u00e9e, citant notamment la participation active du d\u00e9put\u00e9 Abdou Mbow aux discussions. Pour l'avocat, cette pr\u00e9sence ill\u00e9gale vicie la d\u00e9lib\u00e9ration de l'Assembl\u00e9e nationale et rend la d\u00e9cision de poursuite caduque au regard de la loi.<\/p>\n<p data-path-to-node=\"4\">Enfin, sur le fond des accusations de d\u00e9tournement de deniers publics, l\u2019ancien ministre d\u00e9nonce des all\u00e9gations sans fondement mat\u00e9riel. Il souligne qu\u2019aucun audit des corps de contr\u00f4le ne remet en cause sa gestion minist\u00e9rielle entre septembre 2022 et avril 2024. Il pr\u00e9cise \u00e9galement que les fonds li\u00e9s au projet S\u00e9n\u00e9gal Connect Park, au c\u0153ur de la controverse, ne sont pas des fonds publics issus du Tr\u00e9sor et ne figuraient sur aucune ligne budg\u00e9taire de son d\u00e9partement. En rappelant que le ministre n'est pas ordonnateur des d\u00e9penses dans les structures autonomes, Moussa Bocar Thiam exhorte le B\u00e2tonnier \u00e0 \u00e9mettre un avis d\u00e9favorable pour stopper une proc\u00e9dure qu'il qualifie de purement politique.<\/p>\n<div class='share-to-whatsapp-wrapper'><div class='share-on-whsp'>PARTAGER SUR : <\/div><a data-text='RENVOI DEVANT LA HAUTE COUR DE JUSTICE - Me Moussa Bocar Thiam saisit le B\u00e2tonnier' data-link='https:\/\/www.nettali.com\/2026\/03\/04\/renvoi-devant-la-haute-cour-de-justice-me-moussa-bocar-thiam-saisit-le-batonnier\/' class='whatsapp-button whatsapp-share'>WhatsApp<\/a><div class='clear '><\/div><\/div>","protected":false},"excerpt":{"rendered":"<p>NETTALI.COM - Suite \u00e0 son renvoi par l\u2019Assembl\u00e9e nationale, devant la Haute cour de justice, Me Moussa Bocar Thiam contre- attaque. L\u2019avocat et ancien ministre de la Communication informe avoir saisi le B\u00e2tonnier de l\u2019Ordre des avocats pour d\u00e9cerner un veto aux poursuites annonc\u00e9es contre lui. L\u2019ancien ministre et avocat \u00e0 la cour, Moussa Bocar [&hellip;]<\/p>\n","protected":false},"author":6,"featured_media":170215,"comment_status":"open","ping_status":"open","sticky":false,"template":"","format":"standard","meta":{"_et_pb_use_builder":"","_et_pb_old_content":""},"categories":[2],"tags":[],"yoast_head":"<!-- This site is optimized with the Yoast SEO Premium plugin v17.8 (Yoast SEO v17.8) - https:\/\/yoast.com\/wordpress\/plugins\/seo\/ -->\n<title>RENVOI DEVANT LA HAUTE COUR DE JUSTICE - Me Moussa Bocar Thiam saisit le B\u00e2tonnier | Nettali.com<\/title>\n<meta name=\"robots\" content=\"index, follow, max-snippet:-1, max-image-preview:large, max-video-preview:-1\" \/>\n<link rel=\"canonical\" href=\"https:\/\/www.nettali.com\/2026\/03\/04\/renvoi-devant-la-haute-cour-de-justice-me-moussa-bocar-thiam-saisit-le-batonnier\/\" \/>\n<meta property=\"og:locale\" content=\"fr_FR\" \/>\n<meta property=\"og:type\" content=\"article\" \/>\n<meta property=\"og:title\" content=\"RENVOI DEVANT LA HAUTE COUR DE JUSTICE - Me Moussa Bocar Thiam saisit le B\u00e2tonnier\" \/>\n<meta property=\"og:description\" content=\"NETTALI.COM - Suite \u00e0 son renvoi par l\u2019Assembl\u00e9e nationale, devant la Haute cour de justice, Me Moussa Bocar Thiam contre- attaque. L\u2019avocat et ancien ministre de la Communication informe avoir saisi le B\u00e2tonnier de l\u2019Ordre des avocats pour d\u00e9cerner un veto aux poursuites annonc\u00e9es contre lui. L\u2019ancien ministre et avocat \u00e0 la cour, Moussa Bocar [&hellip;]\" \/>\n<meta property=\"og:url\" content=\"https:\/\/www.nettali.com\/2026\/03\/04\/renvoi-devant-la-haute-cour-de-justice-me-moussa-bocar-thiam-saisit-le-batonnier\/\" \/>\n<meta property=\"og:site_name\" content=\"Nettali.com\" \/>\n<meta property=\"article:publisher\" content=\"https:\/\/www.facebook.com\/nettalicom\" \/>\n<meta property=\"article:published_time\" content=\"2026-03-04T06:14:08+00:00\" \/>\n<meta property=\"og:image\" content=\"https:\/\/www.nettali.com\/wp-content\/uploads\/2026\/02\/94951497-66545009.jpg\" \/>\n\t<meta property=\"og:image:width\" content=\"602\" \/>\n\t<meta property=\"og:image:height\" content=\"406\" \/>\n<meta name=\"twitter:card\" content=\"summary_large_image\" \/>\n<meta name=\"twitter:label1\" content=\"\u00c9crit par\" \/>\n\t<meta name=\"twitter:data1\" content=\"Fatou\" \/>\n\t<meta name=\"twitter:label2\" content=\"Dur\u00e9e de lecture estim\u00e9e\" \/>\n\t<meta name=\"twitter:data2\" content=\"3 minutes\" \/>\n<script type=\"application\/ld+json\" class=\"yoast-schema-graph\">{\"@context\":\"https:\/\/schema.org\",\"@graph\":[{\"@type\":\"WebSite\",\"@id\":\"https:\/\/www.nettali.com\/#website\",\"url\":\"https:\/\/www.nettali.com\/\",\"name\":\"Nettali.com\",\"description\":\"Le rendez-vous critique du Net\",\"potentialAction\":[{\"@type\":\"SearchAction\",\"target\":{\"@type\":\"EntryPoint\",\"urlTemplate\":\"https:\/\/www.nettali.com\/?s={search_term_string}\"},\"query-input\":\"required name=search_term_string\"}],\"inLanguage\":\"fr-FR\"},{\"@type\":\"ImageObject\",\"@id\":\"https:\/\/www.nettali.com\/2026\/03\/04\/renvoi-devant-la-haute-cour-de-justice-me-moussa-bocar-thiam-saisit-le-batonnier\/#primaryimage\",\"inLanguage\":\"fr-FR\",\"url\":\"https:\/\/www.nettali.com\/wp-content\/uploads\/2026\/02\/94951497-66545009.jpg\",\"contentUrl\":\"https:\/\/www.nettali.com\/wp-content\/uploads\/2026\/02\/94951497-66545009.jpg\",\"width\":602,\"height\":406},{\"@type\":\"WebPage\",\"@id\":\"https:\/\/www.nettali.com\/2026\/03\/04\/renvoi-devant-la-haute-cour-de-justice-me-moussa-bocar-thiam-saisit-le-batonnier\/#webpage\",\"url\":\"https:\/\/www.nettali.com\/2026\/03\/04\/renvoi-devant-la-haute-cour-de-justice-me-moussa-bocar-thiam-saisit-le-batonnier\/\",\"name\":\"RENVOI DEVANT LA HAUTE COUR DE JUSTICE - Me Moussa Bocar Thiam saisit le B\\u00e2tonnier | Nettali.com\",\"isPartOf\":{\"@id\":\"https:\/\/www.nettali.com\/#website\"},\"primaryImageOfPage\":{\"@id\":\"https:\/\/www.nettali.com\/2026\/03\/04\/renvoi-devant-la-haute-cour-de-justice-me-moussa-bocar-thiam-saisit-le-batonnier\/#primaryimage\"},\"datePublished\":\"2026-03-04T06:14:08+00:00\",\"dateModified\":\"2026-03-04T06:14:08+00:00\",\"author\":{\"@id\":\"https:\/\/www.nettali.com\/#\/schema\/person\/418274a86bdf87caff7a3ef476bd0bbf\"},\"breadcrumb\":{\"@id\":\"https:\/\/www.nettali.com\/2026\/03\/04\/renvoi-devant-la-haute-cour-de-justice-me-moussa-bocar-thiam-saisit-le-batonnier\/#breadcrumb\"},\"inLanguage\":\"fr-FR\",\"potentialAction\":[{\"@type\":\"ReadAction\",\"target\":[\"https:\/\/www.nettali.com\/2026\/03\/04\/renvoi-devant-la-haute-cour-de-justice-me-moussa-bocar-thiam-saisit-le-batonnier\/\"]}]},{\"@type\":\"BreadcrumbList\",\"@id\":\"https:\/\/www.nettali.com\/2026\/03\/04\/renvoi-devant-la-haute-cour-de-justice-me-moussa-bocar-thiam-saisit-le-batonnier\/#breadcrumb\",\"itemListElement\":[{\"@type\":\"ListItem\",\"position\":1,\"name\":\"Accueil\",\"item\":\"https:\/\/www.nettali.com\/\"},{\"@type\":\"ListItem\",\"position\":2,\"name\":\"RENVOI DEVANT LA HAUTE COUR DE JUSTICE - Me Moussa Bocar Thiam saisit le B\\u00e2tonnier\"}]},{\"@type\":\"Person\",\"@id\":\"https:\/\/www.nettali.com\/#\/schema\/person\/418274a86bdf87caff7a3ef476bd0bbf\",\"name\":\"Fatou\",\"image\":{\"@type\":\"ImageObject\",\"@id\":\"https:\/\/www.nettali.com\/#personlogo\",\"inLanguage\":\"fr-FR\",\"url\":\"https:\/\/secure.gravatar.com\/avatar\/5a9442a2bee7b4dcf167cab035858e9a?s=96&d=mm&r=g\",\"contentUrl\":\"https:\/\/secure.gravatar.com\/avatar\/5a9442a2bee7b4dcf167cab035858e9a?s=96&d=mm&r=g\",\"caption\":\"Fatou\"},\"sameAs\":[\"https:\/\/www.nettali.com\"]}]}<\/script>\n<!-- \/ Yoast SEO Premium plugin. -->","yoast_head_json":{"title":"RENVOI DEVANT LA HAUTE COUR DE JUSTICE - Me Moussa Bocar Thiam saisit le B\u00e2tonnier | Nettali.com","robots":{"index":"index","follow":"follow","max-snippet":"max-snippet:-1","max-image-preview":"max-image-preview:large","max-video-preview":"max-video-preview:-1"},"canonical":"https:\/\/www.nettali.com\/2026\/03\/04\/renvoi-devant-la-haute-cour-de-justice-me-moussa-bocar-thiam-saisit-le-batonnier\/","og_locale":"fr_FR","og_type":"article","og_title":"RENVOI DEVANT LA HAUTE COUR DE JUSTICE - Me Moussa Bocar Thiam saisit le B\u00e2tonnier","og_description":"NETTALI.COM - Suite \u00e0 son renvoi par l\u2019Assembl\u00e9e nationale, devant la Haute cour de justice, Me Moussa Bocar Thiam contre- attaque. L\u2019avocat et ancien ministre de la Communication informe avoir saisi le B\u00e2tonnier de l\u2019Ordre des avocats pour d\u00e9cerner un veto aux poursuites annonc\u00e9es contre lui. L\u2019ancien ministre et avocat \u00e0 la cour, Moussa Bocar [&hellip;]","og_url":"https:\/\/www.nettali.com\/2026\/03\/04\/renvoi-devant-la-haute-cour-de-justice-me-moussa-bocar-thiam-saisit-le-batonnier\/","og_site_name":"Nettali.com","article_publisher":"https:\/\/www.facebook.com\/nettalicom","article_published_time":"2026-03-04T06:14:08+00:00","og_image":[{"width":602,"height":406,"url":"https:\/\/www.nettali.com\/wp-content\/uploads\/2026\/02\/94951497-66545009.jpg","type":"image\/jpeg"}],"twitter_card":"summary_large_image","twitter_misc":{"\u00c9crit par":"Fatou","Dur\u00e9e de lecture estim\u00e9e":"3 minutes"},"schema":{"@context":"https:\/\/schema.org","@graph":[{"@type":"WebSite","@id":"https:\/\/www.nettali.com\/#website","url":"https:\/\/www.nettali.com\/","name":"Nettali.com","description":"Le rendez-vous critique du Net","potentialAction":[{"@type":"SearchAction","target":{"@type":"EntryPoint","urlTemplate":"https:\/\/www.nettali.com\/?s={search_term_string}"},"query-input":"required name=search_term_string"}],"inLanguage":"fr-FR"},{"@type":"ImageObject","@id":"https:\/\/www.nettali.com\/2026\/03\/04\/renvoi-devant-la-haute-cour-de-justice-me-moussa-bocar-thiam-saisit-le-batonnier\/#primaryimage","inLanguage":"fr-FR","url":"https:\/\/www.nettali.com\/wp-content\/uploads\/2026\/02\/94951497-66545009.jpg","contentUrl":"https:\/\/www.nettali.com\/wp-content\/uploads\/2026\/02\/94951497-66545009.jpg","width":602,"height":406},{"@type":"WebPage","@id":"https:\/\/www.nettali.com\/2026\/03\/04\/renvoi-devant-la-haute-cour-de-justice-me-moussa-bocar-thiam-saisit-le-batonnier\/#webpage","url":"https:\/\/www.nettali.com\/2026\/03\/04\/renvoi-devant-la-haute-cour-de-justice-me-moussa-bocar-thiam-saisit-le-batonnier\/","name":"RENVOI DEVANT LA HAUTE COUR DE JUSTICE - Me Moussa Bocar Thiam saisit le B\u00e2tonnier | Nettali.com","isPartOf":{"@id":"https:\/\/www.nettali.com\/#website"},"primaryImageOfPage":{"@id":"https:\/\/www.nettali.com\/2026\/03\/04\/renvoi-devant-la-haute-cour-de-justice-me-moussa-bocar-thiam-saisit-le-batonnier\/#primaryimage"},"datePublished":"2026-03-04T06:14:08+00:00","dateModified":"2026-03-04T06:14:08+00:00","author":{"@id":"https:\/\/www.nettali.com\/#\/schema\/person\/418274a86bdf87caff7a3ef476bd0bbf"},"breadcrumb":{"@id":"https:\/\/www.nettali.com\/2026\/03\/04\/renvoi-devant-la-haute-cour-de-justice-me-moussa-bocar-thiam-saisit-le-batonnier\/#breadcrumb"},"inLanguage":"fr-FR","potentialAction":[{"@type":"ReadAction","target":["https:\/\/www.nettali.com\/2026\/03\/04\/renvoi-devant-la-haute-cour-de-justice-me-moussa-bocar-thiam-saisit-le-batonnier\/"]}]},{"@type":"BreadcrumbList","@id":"https:\/\/www.nettali.com\/2026\/03\/04\/renvoi-devant-la-haute-cour-de-justice-me-moussa-bocar-thiam-saisit-le-batonnier\/#breadcrumb","itemListElement":[{"@type":"ListItem","position":1,"name":"Accueil","item":"https:\/\/www.nettali.com\/"},{"@type":"ListItem","position":2,"name":"RENVOI DEVANT LA HAUTE COUR DE JUSTICE - Me Moussa Bocar Thiam saisit le B\u00e2tonnier"}]},{"@type":"Person","@id":"https:\/\/www.nettali.com\/#\/schema\/person\/418274a86bdf87caff7a3ef476bd0bbf","name":"Fatou","image":{"@type":"ImageObject","@id":"https:\/\/www.nettali.com\/#personlogo","inLanguage":"fr-FR","url":"https:\/\/secure.gravatar.com\/avatar\/5a9442a2bee7b4dcf167cab035858e9a?s=96&d=mm&r=g","contentUrl":"https:\/\/secure.gravatar.com\/avatar\/5a9442a2bee7b4dcf167cab035858e9a?s=96&d=mm&r=g","caption":"Fatou"},"sameAs":["https:\/\/www.nettali.com"]}]}},"_links":{"self":[{"href":"https:\/\/www.nettali.com\/rest\/wp\/v2\/posts\/170445"}],"collection":[{"href":"https:\/\/www.nettali.com\/rest\/wp\/v2\/posts"}],"about":[{"href":"https:\/\/www.nettali.com\/rest\/wp\/v2\/types\/post"}],"author":[{"embeddable":true,"href":"https:\/\/www.nettali.com\/rest\/wp\/v2\/users\/6"}],"replies":[{"embeddable":true,"href":"https:\/\/www.nettali.com\/rest\/wp\/v2\/comments?post=170445"}],"version-history":[{"count":2,"href":"https:\/\/www.nettali.com\/rest\/wp\/v2\/posts\/170445\/revisions"}],"predecessor-version":[{"id":170454,"href":"https:\/\/www.nettali.com\/rest\/wp\/v2\/posts\/170445\/revisions\/170454"}],"wp:featuredmedia":[{"embeddable":true,"href":"https:\/\/www.nettali.com\/rest\/wp\/v2\/media\/170215"}],"wp:attachment":[{"href":"https:\/\/www.nettali.com\/rest\/wp\/v2\/media?parent=170445"}],"wp:term":[{"taxonomy":"category","embeddable":true,"href":"https:\/\/www.nettali.com\/rest\/wp\/v2\/categories?post=170445"},{"taxonomy":"post_tag","embeddable":true,"href":"https:\/\/www.nettali.com\/rest\/wp\/v2\/tags?post=170445"}],"curies":[{"name":"wp","href":"https:\/\/api.w.org\/{rel}","templated":true}]}}