{"id":168701,"date":"2026-01-29T07:43:02","date_gmt":"2026-01-29T07:43:02","guid":{"rendered":"https:\/\/www.nettali.com\/?p=168701"},"modified":"2026-01-29T07:49:33","modified_gmt":"2026-01-29T07:49:33","slug":"pape-malick-ndour-apres-la-decision-de-la-chambre-daccusation-je-suis-conscient-de-mon-innocence-devant-le-bon-dieu","status":"publish","type":"post","link":"https:\/\/www.nettali.com\/2026\/01\/29\/pape-malick-ndour-apres-la-decision-de-la-chambre-daccusation-je-suis-conscient-de-mon-innocence-devant-le-bon-dieu\/","title":{"rendered":"PAPE MALICK NDOUR APRES LA DECISION DE LA CHAMBRE D'ACCUSATION : \"Je suis conscient de mon innocence devant le bon Dieu\""},"content":{"rendered":"<p data-start=\"0\" data-end=\"97\"><strong>NETTALI.COM -\u00a0 Apr\u00e8s la d\u00e9cision prise par la chambre d\u2019accusation du Pool judiciaire financier de le placer sous mandat de d\u00e9p\u00f4t, l\u2019ancien ministre sort de son silence. Dans un message publi\u00e9 apr\u00e8s la d\u00e9cision de son incarc\u00e9ration, Pape Malick Ndour se dit serein, confiant en la justice et convaincu que la v\u00e9rit\u00e9 finira par triompher.<\/strong><\/p>\n<p data-start=\"380\" data-end=\"681\">Apr\u00e8s la d\u00e9cision prise par la chambre d\u2019accusation du Pool judiciaire financier de le placer sous mandat de d\u00e9p\u00f4t\u00a0dans le cadre de l\u2019affaire du Programme des domaines agricoles communautaires (PRODAC), Pape Malick Ndour a r\u00e9agi publiquement pour la premi\u00e8re fois. Dans une publication, l\u2019ancien ministre affiche une posture de calme et de foi en son innocence.<\/p>\n<p data-start=\"683\" data-end=\"958\">\u00ab <em data-start=\"685\" data-end=\"941\">L\u2019essentiel est d\u2019avoir la conscience tranquille et d\u2019\u00eatre conscient de ton innocence devant le Bon Dieu, qui conna\u00eet toute la v\u00e9rit\u00e9. Le reste n\u2019est qu\u2019une affaire de destin et de calculs politiciens. \u00c7a passera et les grandes victoires sont devant nous<\/em> \u00bb, a-t-il \u00e9crit.<\/p>\n<p data-start=\"960\" data-end=\"1229\">Sans citer de noms, Pape Malick Ndour d\u00e9nonce ce qu\u2019il consid\u00e8re comme des man\u0153uvres politiques \u00e0 l\u2019origine de son placement en d\u00e9tention provisoire. Il affirme n\u2019avoir rien \u00e0 se reprocher et assure que la proc\u00e9dure judiciaire en cours finira par \u00e9tablir la v\u00e9rit\u00e9.<\/p>\n<div class='share-to-whatsapp-wrapper'><div class='share-on-whsp'>PARTAGER SUR : <\/div><a data-text='PAPE MALICK NDOUR APRES LA DECISION DE LA CHAMBRE D'ACCUSATION : \"Je suis conscient de mon innocence devant le bon Dieu\"' data-link='https:\/\/www.nettali.com\/2026\/01\/29\/pape-malick-ndour-apres-la-decision-de-la-chambre-daccusation-je-suis-conscient-de-mon-innocence-devant-le-bon-dieu\/' class='whatsapp-button whatsapp-share'>WhatsApp<\/a><div class='clear '><\/div><\/div>","protected":false},"excerpt":{"rendered":"<p>NETTALI.COM -\u00a0 Apr\u00e8s la d\u00e9cision prise par la chambre d\u2019accusation du Pool judiciaire financier de le placer sous mandat de d\u00e9p\u00f4t, l\u2019ancien ministre sort de son silence. Dans un message publi\u00e9 apr\u00e8s la d\u00e9cision de son incarc\u00e9ration, Pape Malick Ndour se dit serein, confiant en la justice et convaincu que la v\u00e9rit\u00e9 finira par triompher. [&hellip;]<\/p>\n","protected":false},"author":4,"featured_media":168702,"comment_status":"open","ping_status":"open","sticky":false,"template":"","format":"standard","meta":{"_et_pb_use_builder":"","_et_pb_old_content":""},"categories":[2],"tags":[],"yoast_head":"<!-- This site is optimized with the Yoast SEO Premium plugin v17.8 (Yoast SEO v17.8) - https:\/\/yoast.com\/wordpress\/plugins\/seo\/ -->\n<title>PAPE MALICK NDOUR APRES LA DECISION DE LA CHAMBRE D&#039;ACCUSATION : &quot;Je suis conscient de mon innocence devant le bon Dieu&quot; | Nettali.com<\/title>\n<meta name=\"robots\" content=\"index, follow, max-snippet:-1, max-image-preview:large, max-video-preview:-1\" \/>\n<link rel=\"canonical\" href=\"https:\/\/www.nettali.com\/2026\/01\/29\/pape-malick-ndour-apres-la-decision-de-la-chambre-daccusation-je-suis-conscient-de-mon-innocence-devant-le-bon-dieu\/\" \/>\n<meta property=\"og:locale\" content=\"fr_FR\" \/>\n<meta property=\"og:type\" content=\"article\" \/>\n<meta property=\"og:title\" content=\"PAPE MALICK NDOUR APRES LA DECISION DE LA CHAMBRE D&#039;ACCUSATION : &quot;Je suis conscient de mon innocence devant le bon Dieu&quot;\" \/>\n<meta property=\"og:description\" content=\"NETTALI.COM -\u00a0 Apr\u00e8s la d\u00e9cision prise par la chambre d\u2019accusation du Pool judiciaire financier de le placer sous mandat de d\u00e9p\u00f4t, l\u2019ancien ministre sort de son silence. Dans un message publi\u00e9 apr\u00e8s la d\u00e9cision de son incarc\u00e9ration, Pape Malick Ndour se dit serein, confiant en la justice et convaincu que la v\u00e9rit\u00e9 finira par triompher. [&hellip;]\" \/>\n<meta property=\"og:url\" content=\"https:\/\/www.nettali.com\/2026\/01\/29\/pape-malick-ndour-apres-la-decision-de-la-chambre-daccusation-je-suis-conscient-de-mon-innocence-devant-le-bon-dieu\/\" \/>\n<meta property=\"og:site_name\" content=\"Nettali.com\" \/>\n<meta property=\"article:publisher\" content=\"https:\/\/www.facebook.com\/nettalicom\" \/>\n<meta property=\"article:published_time\" content=\"2026-01-29T07:43:02+00:00\" \/>\n<meta property=\"article:modified_time\" content=\"2026-01-29T07:49:33+00:00\" \/>\n<meta property=\"og:image\" content=\"https:\/\/www.nettali.com\/wp-content\/uploads\/2026\/01\/Pape-Malick-ndour.png\" \/>\n\t<meta property=\"og:image:width\" content=\"540\" \/>\n\t<meta property=\"og:image:height\" content=\"407\" \/>\n<meta name=\"twitter:card\" content=\"summary_large_image\" \/>\n<meta name=\"twitter:label1\" content=\"\u00c9crit par\" \/>\n\t<meta name=\"twitter:data1\" content=\"Daouda\" \/>\n\t<meta name=\"twitter:label2\" content=\"Dur\u00e9e de lecture estim\u00e9e\" \/>\n\t<meta name=\"twitter:data2\" content=\"2 minutes\" \/>\n<script type=\"application\/ld+json\" class=\"yoast-schema-graph\">{\"@context\":\"https:\/\/schema.org\",\"@graph\":[{\"@type\":\"WebSite\",\"@id\":\"https:\/\/www.nettali.com\/#website\",\"url\":\"https:\/\/www.nettali.com\/\",\"name\":\"Nettali.com\",\"description\":\"Le rendez-vous critique du Net\",\"potentialAction\":[{\"@type\":\"SearchAction\",\"target\":{\"@type\":\"EntryPoint\",\"urlTemplate\":\"https:\/\/www.nettali.com\/?s={search_term_string}\"},\"query-input\":\"required name=search_term_string\"}],\"inLanguage\":\"fr-FR\"},{\"@type\":\"ImageObject\",\"@id\":\"https:\/\/www.nettali.com\/2026\/01\/29\/pape-malick-ndour-apres-la-decision-de-la-chambre-daccusation-je-suis-conscient-de-mon-innocence-devant-le-bon-dieu\/#primaryimage\",\"inLanguage\":\"fr-FR\",\"url\":\"https:\/\/www.nettali.com\/wp-content\/uploads\/2026\/01\/Pape-Malick-ndour.png\",\"contentUrl\":\"https:\/\/www.nettali.com\/wp-content\/uploads\/2026\/01\/Pape-Malick-ndour.png\",\"width\":540,\"height\":407},{\"@type\":\"WebPage\",\"@id\":\"https:\/\/www.nettali.com\/2026\/01\/29\/pape-malick-ndour-apres-la-decision-de-la-chambre-daccusation-je-suis-conscient-de-mon-innocence-devant-le-bon-dieu\/#webpage\",\"url\":\"https:\/\/www.nettali.com\/2026\/01\/29\/pape-malick-ndour-apres-la-decision-de-la-chambre-daccusation-je-suis-conscient-de-mon-innocence-devant-le-bon-dieu\/\",\"name\":\"PAPE MALICK NDOUR APRES LA DECISION DE LA CHAMBRE D'ACCUSATION : \\\"Je suis conscient de mon innocence devant le bon Dieu\\\" | Nettali.com\",\"isPartOf\":{\"@id\":\"https:\/\/www.nettali.com\/#website\"},\"primaryImageOfPage\":{\"@id\":\"https:\/\/www.nettali.com\/2026\/01\/29\/pape-malick-ndour-apres-la-decision-de-la-chambre-daccusation-je-suis-conscient-de-mon-innocence-devant-le-bon-dieu\/#primaryimage\"},\"datePublished\":\"2026-01-29T07:43:02+00:00\",\"dateModified\":\"2026-01-29T07:49:33+00:00\",\"author\":{\"@id\":\"https:\/\/www.nettali.com\/#\/schema\/person\/3317e0bb3aa1da309fbf7b2780901bf4\"},\"breadcrumb\":{\"@id\":\"https:\/\/www.nettali.com\/2026\/01\/29\/pape-malick-ndour-apres-la-decision-de-la-chambre-daccusation-je-suis-conscient-de-mon-innocence-devant-le-bon-dieu\/#breadcrumb\"},\"inLanguage\":\"fr-FR\",\"potentialAction\":[{\"@type\":\"ReadAction\",\"target\":[\"https:\/\/www.nettali.com\/2026\/01\/29\/pape-malick-ndour-apres-la-decision-de-la-chambre-daccusation-je-suis-conscient-de-mon-innocence-devant-le-bon-dieu\/\"]}]},{\"@type\":\"BreadcrumbList\",\"@id\":\"https:\/\/www.nettali.com\/2026\/01\/29\/pape-malick-ndour-apres-la-decision-de-la-chambre-daccusation-je-suis-conscient-de-mon-innocence-devant-le-bon-dieu\/#breadcrumb\",\"itemListElement\":[{\"@type\":\"ListItem\",\"position\":1,\"name\":\"Accueil\",\"item\":\"https:\/\/www.nettali.com\/\"},{\"@type\":\"ListItem\",\"position\":2,\"name\":\"PAPE MALICK NDOUR APRES LA DECISION DE LA CHAMBRE D'ACCUSATION : \\\"Je suis conscient de mon innocence devant le bon Dieu\\\"\"}]},{\"@type\":\"Person\",\"@id\":\"https:\/\/www.nettali.com\/#\/schema\/person\/3317e0bb3aa1da309fbf7b2780901bf4\",\"name\":\"Daouda\",\"image\":{\"@type\":\"ImageObject\",\"@id\":\"https:\/\/www.nettali.com\/#personlogo\",\"inLanguage\":\"fr-FR\",\"url\":\"https:\/\/secure.gravatar.com\/avatar\/8d143b5a49345098ddcfee1c49c2f47c?s=96&d=mm&r=g\",\"contentUrl\":\"https:\/\/secure.gravatar.com\/avatar\/8d143b5a49345098ddcfee1c49c2f47c?s=96&d=mm&r=g\",\"caption\":\"Daouda\"},\"sameAs\":[\"https:\/\/www.nettali.com\"]}]}<\/script>\n<!-- \/ Yoast SEO Premium plugin. -->","yoast_head_json":{"title":"PAPE MALICK NDOUR APRES LA DECISION DE LA CHAMBRE D'ACCUSATION : \"Je suis conscient de mon innocence devant le bon Dieu\" | Nettali.com","robots":{"index":"index","follow":"follow","max-snippet":"max-snippet:-1","max-image-preview":"max-image-preview:large","max-video-preview":"max-video-preview:-1"},"canonical":"https:\/\/www.nettali.com\/2026\/01\/29\/pape-malick-ndour-apres-la-decision-de-la-chambre-daccusation-je-suis-conscient-de-mon-innocence-devant-le-bon-dieu\/","og_locale":"fr_FR","og_type":"article","og_title":"PAPE MALICK NDOUR APRES LA DECISION DE LA CHAMBRE D'ACCUSATION : \"Je suis conscient de mon innocence devant le bon Dieu\"","og_description":"NETTALI.COM -\u00a0 Apr\u00e8s la d\u00e9cision prise par la chambre d\u2019accusation du Pool judiciaire financier de le placer sous mandat de d\u00e9p\u00f4t, l\u2019ancien ministre sort de son silence. Dans un message publi\u00e9 apr\u00e8s la d\u00e9cision de son incarc\u00e9ration, Pape Malick Ndour se dit serein, confiant en la justice et convaincu que la v\u00e9rit\u00e9 finira par triompher. [&hellip;]","og_url":"https:\/\/www.nettali.com\/2026\/01\/29\/pape-malick-ndour-apres-la-decision-de-la-chambre-daccusation-je-suis-conscient-de-mon-innocence-devant-le-bon-dieu\/","og_site_name":"Nettali.com","article_publisher":"https:\/\/www.facebook.com\/nettalicom","article_published_time":"2026-01-29T07:43:02+00:00","article_modified_time":"2026-01-29T07:49:33+00:00","og_image":[{"width":540,"height":407,"url":"https:\/\/www.nettali.com\/wp-content\/uploads\/2026\/01\/Pape-Malick-ndour.png","type":"image\/png"}],"twitter_card":"summary_large_image","twitter_misc":{"\u00c9crit par":"Daouda","Dur\u00e9e de lecture estim\u00e9e":"2 minutes"},"schema":{"@context":"https:\/\/schema.org","@graph":[{"@type":"WebSite","@id":"https:\/\/www.nettali.com\/#website","url":"https:\/\/www.nettali.com\/","name":"Nettali.com","description":"Le rendez-vous critique du Net","potentialAction":[{"@type":"SearchAction","target":{"@type":"EntryPoint","urlTemplate":"https:\/\/www.nettali.com\/?s={search_term_string}"},"query-input":"required name=search_term_string"}],"inLanguage":"fr-FR"},{"@type":"ImageObject","@id":"https:\/\/www.nettali.com\/2026\/01\/29\/pape-malick-ndour-apres-la-decision-de-la-chambre-daccusation-je-suis-conscient-de-mon-innocence-devant-le-bon-dieu\/#primaryimage","inLanguage":"fr-FR","url":"https:\/\/www.nettali.com\/wp-content\/uploads\/2026\/01\/Pape-Malick-ndour.png","contentUrl":"https:\/\/www.nettali.com\/wp-content\/uploads\/2026\/01\/Pape-Malick-ndour.png","width":540,"height":407},{"@type":"WebPage","@id":"https:\/\/www.nettali.com\/2026\/01\/29\/pape-malick-ndour-apres-la-decision-de-la-chambre-daccusation-je-suis-conscient-de-mon-innocence-devant-le-bon-dieu\/#webpage","url":"https:\/\/www.nettali.com\/2026\/01\/29\/pape-malick-ndour-apres-la-decision-de-la-chambre-daccusation-je-suis-conscient-de-mon-innocence-devant-le-bon-dieu\/","name":"PAPE MALICK NDOUR APRES LA DECISION DE LA CHAMBRE D'ACCUSATION : \"Je suis conscient de mon innocence devant le bon Dieu\" | Nettali.com","isPartOf":{"@id":"https:\/\/www.nettali.com\/#website"},"primaryImageOfPage":{"@id":"https:\/\/www.nettali.com\/2026\/01\/29\/pape-malick-ndour-apres-la-decision-de-la-chambre-daccusation-je-suis-conscient-de-mon-innocence-devant-le-bon-dieu\/#primaryimage"},"datePublished":"2026-01-29T07:43:02+00:00","dateModified":"2026-01-29T07:49:33+00:00","author":{"@id":"https:\/\/www.nettali.com\/#\/schema\/person\/3317e0bb3aa1da309fbf7b2780901bf4"},"breadcrumb":{"@id":"https:\/\/www.nettali.com\/2026\/01\/29\/pape-malick-ndour-apres-la-decision-de-la-chambre-daccusation-je-suis-conscient-de-mon-innocence-devant-le-bon-dieu\/#breadcrumb"},"inLanguage":"fr-FR","potentialAction":[{"@type":"ReadAction","target":["https:\/\/www.nettali.com\/2026\/01\/29\/pape-malick-ndour-apres-la-decision-de-la-chambre-daccusation-je-suis-conscient-de-mon-innocence-devant-le-bon-dieu\/"]}]},{"@type":"BreadcrumbList","@id":"https:\/\/www.nettali.com\/2026\/01\/29\/pape-malick-ndour-apres-la-decision-de-la-chambre-daccusation-je-suis-conscient-de-mon-innocence-devant-le-bon-dieu\/#breadcrumb","itemListElement":[{"@type":"ListItem","position":1,"name":"Accueil","item":"https:\/\/www.nettali.com\/"},{"@type":"ListItem","position":2,"name":"PAPE MALICK NDOUR APRES LA DECISION DE LA CHAMBRE D'ACCUSATION : \"Je suis conscient de mon innocence devant le bon Dieu\""}]},{"@type":"Person","@id":"https:\/\/www.nettali.com\/#\/schema\/person\/3317e0bb3aa1da309fbf7b2780901bf4","name":"Daouda","image":{"@type":"ImageObject","@id":"https:\/\/www.nettali.com\/#personlogo","inLanguage":"fr-FR","url":"https:\/\/secure.gravatar.com\/avatar\/8d143b5a49345098ddcfee1c49c2f47c?s=96&d=mm&r=g","contentUrl":"https:\/\/secure.gravatar.com\/avatar\/8d143b5a49345098ddcfee1c49c2f47c?s=96&d=mm&r=g","caption":"Daouda"},"sameAs":["https:\/\/www.nettali.com"]}]}},"_links":{"self":[{"href":"https:\/\/www.nettali.com\/rest\/wp\/v2\/posts\/168701"}],"collection":[{"href":"https:\/\/www.nettali.com\/rest\/wp\/v2\/posts"}],"about":[{"href":"https:\/\/www.nettali.com\/rest\/wp\/v2\/types\/post"}],"author":[{"embeddable":true,"href":"https:\/\/www.nettali.com\/rest\/wp\/v2\/users\/4"}],"replies":[{"embeddable":true,"href":"https:\/\/www.nettali.com\/rest\/wp\/v2\/comments?post=168701"}],"version-history":[{"count":5,"href":"https:\/\/www.nettali.com\/rest\/wp\/v2\/posts\/168701\/revisions"}],"predecessor-version":[{"id":168707,"href":"https:\/\/www.nettali.com\/rest\/wp\/v2\/posts\/168701\/revisions\/168707"}],"wp:featuredmedia":[{"embeddable":true,"href":"https:\/\/www.nettali.com\/rest\/wp\/v2\/media\/168702"}],"wp:attachment":[{"href":"https:\/\/www.nettali.com\/rest\/wp\/v2\/media?parent=168701"}],"wp:term":[{"taxonomy":"category","embeddable":true,"href":"https:\/\/www.nettali.com\/rest\/wp\/v2\/categories?post=168701"},{"taxonomy":"post_tag","embeddable":true,"href":"https:\/\/www.nettali.com\/rest\/wp\/v2\/tags?post=168701"}],"curies":[{"name":"wp","href":"https:\/\/api.w.org\/{rel}","templated":true}]}}