{"id":168699,"date":"2026-01-29T07:28:23","date_gmt":"2026-01-29T07:28:23","guid":{"rendered":"https:\/\/www.nettali.com\/?p=168699"},"modified":"2026-01-29T07:28:23","modified_gmt":"2026-01-29T07:28:23","slug":"diplomatie-bassirou-diomaye-faye-en-voyage-au-congo-les-2-et-3-fevrier","status":"publish","type":"post","link":"https:\/\/www.nettali.com\/2026\/01\/29\/diplomatie-bassirou-diomaye-faye-en-voyage-au-congo-les-2-et-3-fevrier\/","title":{"rendered":"DIPLOMATIE : Bassirou Diomaye Faye en voyage au Congo les 2 et 3 f\u00e9vrier"},"content":{"rendered":"<p data-start=\"90\" data-end=\"349\"><strong>NETTALI.COM - Apr\u00e8s une visite officielle \u00e0 l\u2019\u00e9tranger, le chef de l\u2019\u00c9tat poursuivra sa strat\u00e9gie de d\u00e9veloppement territorial avec une mission \u00e9conomique dans les r\u00e9gions de Tambacounda et de K\u00e9dougou, dans la continuit\u00e9 des tourn\u00e9es d\u00e9j\u00e0 engag\u00e9es \u00e0 l\u2019int\u00e9rieur du pays.<\/strong><\/p>\n<p data-start=\"351\" data-end=\"550\">Le pr\u00e9sident de la R\u00e9publique, Bassirou Diomaye Faye, a annonc\u00e9, mercredi en Conseil des ministres, qu\u2019il effectuera une visite officielle en R\u00e9publique du Congo les 2 et 3 f\u00e9vrier prochains.<\/p>\n<p data-start=\"552\" data-end=\"948\">\u00c0 son retour, le chef de l\u2019\u00c9tat encha\u00eenera avec une tourn\u00e9e \u00e9conomique dans les r\u00e9gions de Tambacounda et de K\u00e9dougou, pr\u00e9vue du 5 au 9 f\u00e9vrier 2026, selon le communiqu\u00e9 du Conseil des ministres. Cette mission vise \u00e0 renforcer la dynamique de d\u00e9veloppement territorial, en mettant l\u2019accent sur les potentialit\u00e9s \u00e9conomiques de l\u2019Est du pays et l\u2019acc\u00e9l\u00e9ration des projets structurants.<\/p>\n<p data-start=\"950\" data-end=\"1419\">Cette d\u00e9marche s\u2019inscrit dans la vision pr\u00e9sidentielle de d\u00e9centralisation de l\u2019action publique et de proximit\u00e9 avec les territoires, d\u00e9j\u00e0 illustr\u00e9e par la tourn\u00e9e \u00e9conomique men\u00e9e en Casamance du 20 au 25 d\u00e9cembre 2025. \u00c0 travers ces d\u00e9placements, Bassirou Diomaye Faye entend impulser une nouvelle gouvernance du d\u00e9veloppement, fond\u00e9e sur l\u2019\u00e9coute des acteurs locaux, l\u2019\u00e9valuation des politiques publiques et la valorisation des p\u00f4les r\u00e9gionaux de croissance.<\/p>\n<div class='share-to-whatsapp-wrapper'><div class='share-on-whsp'>PARTAGER SUR : <\/div><a data-text='DIPLOMATIE : Bassirou Diomaye Faye en voyage au Congo les 2 et 3 f\u00e9vrier' data-link='https:\/\/www.nettali.com\/2026\/01\/29\/diplomatie-bassirou-diomaye-faye-en-voyage-au-congo-les-2-et-3-fevrier\/' class='whatsapp-button whatsapp-share'>WhatsApp<\/a><div class='clear '><\/div><\/div>","protected":false},"excerpt":{"rendered":"<p>NETTALI.COM - Apr\u00e8s une visite officielle \u00e0 l\u2019\u00e9tranger, le chef de l\u2019\u00c9tat poursuivra sa strat\u00e9gie de d\u00e9veloppement territorial avec une mission \u00e9conomique dans les r\u00e9gions de Tambacounda et de K\u00e9dougou, dans la continuit\u00e9 des tourn\u00e9es d\u00e9j\u00e0 engag\u00e9es \u00e0 l\u2019int\u00e9rieur du pays. Le pr\u00e9sident de la R\u00e9publique, Bassirou Diomaye Faye, a annonc\u00e9, mercredi en Conseil des [&hellip;]<\/p>\n","protected":false},"author":4,"featured_media":166945,"comment_status":"open","ping_status":"open","sticky":false,"template":"","format":"standard","meta":{"_et_pb_use_builder":"","_et_pb_old_content":""},"categories":[2],"tags":[],"yoast_head":"<!-- This site is optimized with the Yoast SEO Premium plugin v17.8 (Yoast SEO v17.8) - https:\/\/yoast.com\/wordpress\/plugins\/seo\/ -->\n<title>DIPLOMATIE : Bassirou Diomaye Faye en voyage au Congo les 2 et 3 f\u00e9vrier | Nettali.com<\/title>\n<meta name=\"robots\" content=\"index, follow, max-snippet:-1, max-image-preview:large, max-video-preview:-1\" \/>\n<link rel=\"canonical\" href=\"https:\/\/www.nettali.com\/2026\/01\/29\/diplomatie-bassirou-diomaye-faye-en-voyage-au-congo-les-2-et-3-fevrier\/\" \/>\n<meta property=\"og:locale\" content=\"fr_FR\" \/>\n<meta property=\"og:type\" content=\"article\" \/>\n<meta property=\"og:title\" content=\"DIPLOMATIE : Bassirou Diomaye Faye en voyage au Congo les 2 et 3 f\u00e9vrier\" \/>\n<meta property=\"og:description\" content=\"NETTALI.COM - Apr\u00e8s une visite officielle \u00e0 l\u2019\u00e9tranger, le chef de l\u2019\u00c9tat poursuivra sa strat\u00e9gie de d\u00e9veloppement territorial avec une mission \u00e9conomique dans les r\u00e9gions de Tambacounda et de K\u00e9dougou, dans la continuit\u00e9 des tourn\u00e9es d\u00e9j\u00e0 engag\u00e9es \u00e0 l\u2019int\u00e9rieur du pays. Le pr\u00e9sident de la R\u00e9publique, Bassirou Diomaye Faye, a annonc\u00e9, mercredi en Conseil des [&hellip;]\" \/>\n<meta property=\"og:url\" content=\"https:\/\/www.nettali.com\/2026\/01\/29\/diplomatie-bassirou-diomaye-faye-en-voyage-au-congo-les-2-et-3-fevrier\/\" \/>\n<meta property=\"og:site_name\" content=\"Nettali.com\" \/>\n<meta property=\"article:publisher\" content=\"https:\/\/www.facebook.com\/nettalicom\" \/>\n<meta property=\"article:published_time\" content=\"2026-01-29T07:28:23+00:00\" \/>\n<meta property=\"og:image\" content=\"https:\/\/www.nettali.com\/wp-content\/uploads\/2025\/12\/Diomaye-voyage.jpg\" \/>\n\t<meta property=\"og:image:width\" content=\"1280\" \/>\n\t<meta property=\"og:image:height\" content=\"853\" \/>\n<meta name=\"twitter:card\" content=\"summary_large_image\" \/>\n<meta name=\"twitter:label1\" content=\"\u00c9crit par\" \/>\n\t<meta name=\"twitter:data1\" content=\"Daouda\" \/>\n\t<meta name=\"twitter:label2\" content=\"Dur\u00e9e de lecture estim\u00e9e\" \/>\n\t<meta name=\"twitter:data2\" content=\"1 minute\" \/>\n<script type=\"application\/ld+json\" class=\"yoast-schema-graph\">{\"@context\":\"https:\/\/schema.org\",\"@graph\":[{\"@type\":\"WebSite\",\"@id\":\"https:\/\/www.nettali.com\/#website\",\"url\":\"https:\/\/www.nettali.com\/\",\"name\":\"Nettali.com\",\"description\":\"Le rendez-vous critique du Net\",\"potentialAction\":[{\"@type\":\"SearchAction\",\"target\":{\"@type\":\"EntryPoint\",\"urlTemplate\":\"https:\/\/www.nettali.com\/?s={search_term_string}\"},\"query-input\":\"required name=search_term_string\"}],\"inLanguage\":\"fr-FR\"},{\"@type\":\"ImageObject\",\"@id\":\"https:\/\/www.nettali.com\/2026\/01\/29\/diplomatie-bassirou-diomaye-faye-en-voyage-au-congo-les-2-et-3-fevrier\/#primaryimage\",\"inLanguage\":\"fr-FR\",\"url\":\"https:\/\/www.nettali.com\/wp-content\/uploads\/2025\/12\/Diomaye-voyage.jpg\",\"contentUrl\":\"https:\/\/www.nettali.com\/wp-content\/uploads\/2025\/12\/Diomaye-voyage.jpg\",\"width\":1280,\"height\":853},{\"@type\":\"WebPage\",\"@id\":\"https:\/\/www.nettali.com\/2026\/01\/29\/diplomatie-bassirou-diomaye-faye-en-voyage-au-congo-les-2-et-3-fevrier\/#webpage\",\"url\":\"https:\/\/www.nettali.com\/2026\/01\/29\/diplomatie-bassirou-diomaye-faye-en-voyage-au-congo-les-2-et-3-fevrier\/\",\"name\":\"DIPLOMATIE : Bassirou Diomaye Faye en voyage au Congo les 2 et 3 f\\u00e9vrier | Nettali.com\",\"isPartOf\":{\"@id\":\"https:\/\/www.nettali.com\/#website\"},\"primaryImageOfPage\":{\"@id\":\"https:\/\/www.nettali.com\/2026\/01\/29\/diplomatie-bassirou-diomaye-faye-en-voyage-au-congo-les-2-et-3-fevrier\/#primaryimage\"},\"datePublished\":\"2026-01-29T07:28:23+00:00\",\"dateModified\":\"2026-01-29T07:28:23+00:00\",\"author\":{\"@id\":\"https:\/\/www.nettali.com\/#\/schema\/person\/3317e0bb3aa1da309fbf7b2780901bf4\"},\"breadcrumb\":{\"@id\":\"https:\/\/www.nettali.com\/2026\/01\/29\/diplomatie-bassirou-diomaye-faye-en-voyage-au-congo-les-2-et-3-fevrier\/#breadcrumb\"},\"inLanguage\":\"fr-FR\",\"potentialAction\":[{\"@type\":\"ReadAction\",\"target\":[\"https:\/\/www.nettali.com\/2026\/01\/29\/diplomatie-bassirou-diomaye-faye-en-voyage-au-congo-les-2-et-3-fevrier\/\"]}]},{\"@type\":\"BreadcrumbList\",\"@id\":\"https:\/\/www.nettali.com\/2026\/01\/29\/diplomatie-bassirou-diomaye-faye-en-voyage-au-congo-les-2-et-3-fevrier\/#breadcrumb\",\"itemListElement\":[{\"@type\":\"ListItem\",\"position\":1,\"name\":\"Accueil\",\"item\":\"https:\/\/www.nettali.com\/\"},{\"@type\":\"ListItem\",\"position\":2,\"name\":\"DIPLOMATIE : Bassirou Diomaye Faye en voyage au Congo les 2 et 3 f\\u00e9vrier\"}]},{\"@type\":\"Person\",\"@id\":\"https:\/\/www.nettali.com\/#\/schema\/person\/3317e0bb3aa1da309fbf7b2780901bf4\",\"name\":\"Daouda\",\"image\":{\"@type\":\"ImageObject\",\"@id\":\"https:\/\/www.nettali.com\/#personlogo\",\"inLanguage\":\"fr-FR\",\"url\":\"https:\/\/secure.gravatar.com\/avatar\/8d143b5a49345098ddcfee1c49c2f47c?s=96&d=mm&r=g\",\"contentUrl\":\"https:\/\/secure.gravatar.com\/avatar\/8d143b5a49345098ddcfee1c49c2f47c?s=96&d=mm&r=g\",\"caption\":\"Daouda\"},\"sameAs\":[\"https:\/\/www.nettali.com\"]}]}<\/script>\n<!-- \/ Yoast SEO Premium plugin. -->","yoast_head_json":{"title":"DIPLOMATIE : Bassirou Diomaye Faye en voyage au Congo les 2 et 3 f\u00e9vrier | Nettali.com","robots":{"index":"index","follow":"follow","max-snippet":"max-snippet:-1","max-image-preview":"max-image-preview:large","max-video-preview":"max-video-preview:-1"},"canonical":"https:\/\/www.nettali.com\/2026\/01\/29\/diplomatie-bassirou-diomaye-faye-en-voyage-au-congo-les-2-et-3-fevrier\/","og_locale":"fr_FR","og_type":"article","og_title":"DIPLOMATIE : Bassirou Diomaye Faye en voyage au Congo les 2 et 3 f\u00e9vrier","og_description":"NETTALI.COM - Apr\u00e8s une visite officielle \u00e0 l\u2019\u00e9tranger, le chef de l\u2019\u00c9tat poursuivra sa strat\u00e9gie de d\u00e9veloppement territorial avec une mission \u00e9conomique dans les r\u00e9gions de Tambacounda et de K\u00e9dougou, dans la continuit\u00e9 des tourn\u00e9es d\u00e9j\u00e0 engag\u00e9es \u00e0 l\u2019int\u00e9rieur du pays. Le pr\u00e9sident de la R\u00e9publique, Bassirou Diomaye Faye, a annonc\u00e9, mercredi en Conseil des [&hellip;]","og_url":"https:\/\/www.nettali.com\/2026\/01\/29\/diplomatie-bassirou-diomaye-faye-en-voyage-au-congo-les-2-et-3-fevrier\/","og_site_name":"Nettali.com","article_publisher":"https:\/\/www.facebook.com\/nettalicom","article_published_time":"2026-01-29T07:28:23+00:00","og_image":[{"width":1280,"height":853,"url":"https:\/\/www.nettali.com\/wp-content\/uploads\/2025\/12\/Diomaye-voyage.jpg","type":"image\/jpeg"}],"twitter_card":"summary_large_image","twitter_misc":{"\u00c9crit par":"Daouda","Dur\u00e9e de lecture estim\u00e9e":"1 minute"},"schema":{"@context":"https:\/\/schema.org","@graph":[{"@type":"WebSite","@id":"https:\/\/www.nettali.com\/#website","url":"https:\/\/www.nettali.com\/","name":"Nettali.com","description":"Le rendez-vous critique du Net","potentialAction":[{"@type":"SearchAction","target":{"@type":"EntryPoint","urlTemplate":"https:\/\/www.nettali.com\/?s={search_term_string}"},"query-input":"required name=search_term_string"}],"inLanguage":"fr-FR"},{"@type":"ImageObject","@id":"https:\/\/www.nettali.com\/2026\/01\/29\/diplomatie-bassirou-diomaye-faye-en-voyage-au-congo-les-2-et-3-fevrier\/#primaryimage","inLanguage":"fr-FR","url":"https:\/\/www.nettali.com\/wp-content\/uploads\/2025\/12\/Diomaye-voyage.jpg","contentUrl":"https:\/\/www.nettali.com\/wp-content\/uploads\/2025\/12\/Diomaye-voyage.jpg","width":1280,"height":853},{"@type":"WebPage","@id":"https:\/\/www.nettali.com\/2026\/01\/29\/diplomatie-bassirou-diomaye-faye-en-voyage-au-congo-les-2-et-3-fevrier\/#webpage","url":"https:\/\/www.nettali.com\/2026\/01\/29\/diplomatie-bassirou-diomaye-faye-en-voyage-au-congo-les-2-et-3-fevrier\/","name":"DIPLOMATIE : Bassirou Diomaye Faye en voyage au Congo les 2 et 3 f\u00e9vrier | Nettali.com","isPartOf":{"@id":"https:\/\/www.nettali.com\/#website"},"primaryImageOfPage":{"@id":"https:\/\/www.nettali.com\/2026\/01\/29\/diplomatie-bassirou-diomaye-faye-en-voyage-au-congo-les-2-et-3-fevrier\/#primaryimage"},"datePublished":"2026-01-29T07:28:23+00:00","dateModified":"2026-01-29T07:28:23+00:00","author":{"@id":"https:\/\/www.nettali.com\/#\/schema\/person\/3317e0bb3aa1da309fbf7b2780901bf4"},"breadcrumb":{"@id":"https:\/\/www.nettali.com\/2026\/01\/29\/diplomatie-bassirou-diomaye-faye-en-voyage-au-congo-les-2-et-3-fevrier\/#breadcrumb"},"inLanguage":"fr-FR","potentialAction":[{"@type":"ReadAction","target":["https:\/\/www.nettali.com\/2026\/01\/29\/diplomatie-bassirou-diomaye-faye-en-voyage-au-congo-les-2-et-3-fevrier\/"]}]},{"@type":"BreadcrumbList","@id":"https:\/\/www.nettali.com\/2026\/01\/29\/diplomatie-bassirou-diomaye-faye-en-voyage-au-congo-les-2-et-3-fevrier\/#breadcrumb","itemListElement":[{"@type":"ListItem","position":1,"name":"Accueil","item":"https:\/\/www.nettali.com\/"},{"@type":"ListItem","position":2,"name":"DIPLOMATIE : Bassirou Diomaye Faye en voyage au Congo les 2 et 3 f\u00e9vrier"}]},{"@type":"Person","@id":"https:\/\/www.nettali.com\/#\/schema\/person\/3317e0bb3aa1da309fbf7b2780901bf4","name":"Daouda","image":{"@type":"ImageObject","@id":"https:\/\/www.nettali.com\/#personlogo","inLanguage":"fr-FR","url":"https:\/\/secure.gravatar.com\/avatar\/8d143b5a49345098ddcfee1c49c2f47c?s=96&d=mm&r=g","contentUrl":"https:\/\/secure.gravatar.com\/avatar\/8d143b5a49345098ddcfee1c49c2f47c?s=96&d=mm&r=g","caption":"Daouda"},"sameAs":["https:\/\/www.nettali.com"]}]}},"_links":{"self":[{"href":"https:\/\/www.nettali.com\/rest\/wp\/v2\/posts\/168699"}],"collection":[{"href":"https:\/\/www.nettali.com\/rest\/wp\/v2\/posts"}],"about":[{"href":"https:\/\/www.nettali.com\/rest\/wp\/v2\/types\/post"}],"author":[{"embeddable":true,"href":"https:\/\/www.nettali.com\/rest\/wp\/v2\/users\/4"}],"replies":[{"embeddable":true,"href":"https:\/\/www.nettali.com\/rest\/wp\/v2\/comments?post=168699"}],"version-history":[{"count":1,"href":"https:\/\/www.nettali.com\/rest\/wp\/v2\/posts\/168699\/revisions"}],"predecessor-version":[{"id":168700,"href":"https:\/\/www.nettali.com\/rest\/wp\/v2\/posts\/168699\/revisions\/168700"}],"wp:featuredmedia":[{"embeddable":true,"href":"https:\/\/www.nettali.com\/rest\/wp\/v2\/media\/166945"}],"wp:attachment":[{"href":"https:\/\/www.nettali.com\/rest\/wp\/v2\/media?parent=168699"}],"wp:term":[{"taxonomy":"category","embeddable":true,"href":"https:\/\/www.nettali.com\/rest\/wp\/v2\/categories?post=168699"},{"taxonomy":"post_tag","embeddable":true,"href":"https:\/\/www.nettali.com\/rest\/wp\/v2\/tags?post=168699"}],"curies":[{"name":"wp","href":"https:\/\/api.w.org\/{rel}","templated":true}]}}