{"id":168695,"date":"2026-01-29T07:17:52","date_gmt":"2026-01-29T07:17:52","guid":{"rendered":"https:\/\/www.nettali.com\/?p=168695"},"modified":"2026-01-30T07:38:16","modified_gmt":"2026-01-30T07:38:16","slug":"finale-senegal-maroc-la-caf-condamne-severement-pape-thiawiliman-ndiaye-et-ismaila-sarr","status":"publish","type":"post","link":"https:\/\/www.nettali.com\/2026\/01\/29\/finale-senegal-maroc-la-caf-condamne-severement-pape-thiawiliman-ndiaye-et-ismaila-sarr\/","title":{"rendered":"FINALE SENEGAL-MAROC : la CAF condamne s\u00e9v\u00e8rement Pape Thiaw,Iliman Ndiaye et Isma\u00efla Sarr\u00a0"},"content":{"rendered":"<p data-start=\"86\" data-end=\"602\"><strong>NETTALI.COM - La Conf\u00e9d\u00e9ration africaine de football (CAF) a rendu publiques les sanctions disciplinaires cons\u00e9cutives aux incidents survenus lors de la finale de la Coupe d\u2019Afrique des Nations TotalEnergies Maroc 2025, disput\u00e9e entre le S\u00e9n\u00e9gal et le pays h\u00f4te. Le Jury disciplinaire de l\u2019instance continentale a estim\u00e9 que plusieurs faits constat\u00e9s lors de cette rencontre \u00e9taient contraires aux dispositions du Code disciplinaire de la CAF, entra\u00eenant une s\u00e9rie de sanctions lourdes, tant individuelles que collectives.<\/strong><\/p>\n<p data-start=\"650\" data-end=\"995\">La F\u00e9d\u00e9ration s\u00e9n\u00e9galaise de football (FSF) paie le plus lourd tribut. Sur le plan individuel, le s\u00e9lectionneur national Pape Bouna Thiaw a \u00e9t\u00e9 suspendu pour cinq matchs officiels CAF et condamn\u00e9 \u00e0 une amende de 100 000 dollars (pr\u00e8s de 55 millions de Fcfa). Il lui est reproch\u00e9 un comportement antisportif ayant port\u00e9 atteinte \u00e0 l\u2019image du football africain.<\/p>\n<p data-start=\"997\" data-end=\"1233\">Deux internationaux s\u00e9n\u00e9galais, Iliman Ndiaye et Isma\u00efla Sarr, ont \u00e9galement \u00e9t\u00e9 sanctionn\u00e9s. Les deux joueurs \u00e9copent chacun de deux matchs de suspension pour comportement antisportif \u00e0 l\u2019\u00e9gard de l\u2019arbitre de la rencontre.<\/p>\n<p data-start=\"1235\" data-end=\"1633\">Collectivement, la FSF a \u00e9t\u00e9 condamn\u00e9e \u00e0 verser un total de 615 000 dollars d\u2019amendes (337 millions de FCFA) . Cette sanction financi\u00e8re couvre plusieurs griefs retenus par la CAF, notamment le comportement inappropri\u00e9 des supporters, l\u2019attitude antisportive de joueurs et membres de l\u2019encadrement technique, ainsi qu\u2019une faute collective li\u00e9e au nombre \u00e9lev\u00e9 d\u2019avertissements enregistr\u00e9s durant la finale.<\/p>\n<p data-start=\"1675\" data-end=\"2011\">La F\u00e9d\u00e9ration royale marocaine de football (FRMF) n\u2019a pas \u00e9t\u00e9 \u00e9pargn\u00e9e par le Jury disciplinaire. C\u00f4t\u00e9 joueurs, Achraf Hakimi a \u00e9t\u00e9 suspendu pour deux matchs CAF, dont un avec sursis pendant un an. Son co\u00e9quipier Isma\u00ebl Saibari a \u00e9cop\u00e9 de trois matchs de suspension, assortis d\u2019une amende de 100 000 dollars.<\/p>\n<p data-start=\"2013\" data-end=\"2384\">Sur le plan institutionnel, la F\u00e9d\u00e9ration marocaine de football a \u00e9t\u00e9 condamn\u00e9e \u00e0 une amende de 330 000 dollars (180 millions de Fcfa). Cette sanction fait suite \u00e0 plusieurs manquements relev\u00e9s lors de la finale, notamment le comportement des ramasseurs de balles, l\u2019intrusion de joueurs et membres du staff marocain dans la zone VAR, ainsi que l\u2019utilisation de lasers par des supporters dans les tribunes.<\/p>\n<p data-start=\"2426\" data-end=\"2666\">Enfin, le Jury disciplinaire de la CAF a rejet\u00e9 la r\u00e9clamation d\u00e9pos\u00e9e par la FRMF, confirmant ainsi le r\u00e9sultat final de la finale. Cette d\u00e9cision met un terme d\u00e9finitif au contentieux n\u00e9 de cette rencontre particuli\u00e8rement tendue.<\/p>\n<div class='share-to-whatsapp-wrapper'><div class='share-on-whsp'>PARTAGER SUR : <\/div><a data-text='FINALE SENEGAL-MAROC : la CAF condamne s\u00e9v\u00e8rement Pape Thiaw,Iliman Ndiaye et Isma\u00efla Sarr\u00a0' data-link='https:\/\/www.nettali.com\/2026\/01\/29\/finale-senegal-maroc-la-caf-condamne-severement-pape-thiawiliman-ndiaye-et-ismaila-sarr\/' class='whatsapp-button whatsapp-share'>WhatsApp<\/a><div class='clear '><\/div><\/div>","protected":false},"excerpt":{"rendered":"<p>NETTALI.COM - La Conf\u00e9d\u00e9ration africaine de football (CAF) a rendu publiques les sanctions disciplinaires cons\u00e9cutives aux incidents survenus lors de la finale de la Coupe d\u2019Afrique des Nations TotalEnergies Maroc 2025, disput\u00e9e entre le S\u00e9n\u00e9gal et le pays h\u00f4te. Le Jury disciplinaire de l\u2019instance continentale a estim\u00e9 que plusieurs faits constat\u00e9s lors de cette rencontre [&hellip;]<\/p>\n","protected":false},"author":4,"featured_media":168204,"comment_status":"open","ping_status":"open","sticky":false,"template":"","format":"standard","meta":{"_et_pb_use_builder":"","_et_pb_old_content":""},"categories":[6],"tags":[],"yoast_head":"<!-- This site is optimized with the Yoast SEO Premium plugin v17.8 (Yoast SEO v17.8) - https:\/\/yoast.com\/wordpress\/plugins\/seo\/ -->\n<title>FINALE SENEGAL-MAROC : la CAF condamne s\u00e9v\u00e8rement Pape Thiaw,Iliman Ndiaye et Isma\u00efla Sarr\u00a0 | Nettali.com<\/title>\n<meta name=\"robots\" content=\"index, follow, max-snippet:-1, max-image-preview:large, max-video-preview:-1\" \/>\n<link rel=\"canonical\" href=\"https:\/\/www.nettali.com\/2026\/01\/29\/finale-senegal-maroc-la-caf-condamne-severement-pape-thiawiliman-ndiaye-et-ismaila-sarr\/\" \/>\n<meta property=\"og:locale\" content=\"fr_FR\" \/>\n<meta property=\"og:type\" content=\"article\" \/>\n<meta property=\"og:title\" content=\"FINALE SENEGAL-MAROC : la CAF condamne s\u00e9v\u00e8rement Pape Thiaw,Iliman Ndiaye et Isma\u00efla Sarr\u00a0\" \/>\n<meta property=\"og:description\" content=\"NETTALI.COM - La Conf\u00e9d\u00e9ration africaine de football (CAF) a rendu publiques les sanctions disciplinaires cons\u00e9cutives aux incidents survenus lors de la finale de la Coupe d\u2019Afrique des Nations TotalEnergies Maroc 2025, disput\u00e9e entre le S\u00e9n\u00e9gal et le pays h\u00f4te. Le Jury disciplinaire de l\u2019instance continentale a estim\u00e9 que plusieurs faits constat\u00e9s lors de cette rencontre [&hellip;]\" \/>\n<meta property=\"og:url\" content=\"https:\/\/www.nettali.com\/2026\/01\/29\/finale-senegal-maroc-la-caf-condamne-severement-pape-thiawiliman-ndiaye-et-ismaila-sarr\/\" \/>\n<meta property=\"og:site_name\" content=\"Nettali.com\" \/>\n<meta property=\"article:publisher\" content=\"https:\/\/www.facebook.com\/nettalicom\" \/>\n<meta property=\"article:published_time\" content=\"2026-01-29T07:17:52+00:00\" \/>\n<meta property=\"article:modified_time\" content=\"2026-01-30T07:38:16+00:00\" \/>\n<meta property=\"og:image\" content=\"https:\/\/www.nettali.com\/wp-content\/uploads\/2026\/01\/1200-L-sngal-maroc-je-prsente-mes-excuses-pape-thiaw-regrette-d-avoir-demand-de-quitter-le-terrain.jpg\" \/>\n\t<meta property=\"og:image:width\" content=\"1200\" \/>\n\t<meta property=\"og:image:height\" content=\"640\" \/>\n<meta name=\"twitter:card\" content=\"summary_large_image\" \/>\n<meta name=\"twitter:label1\" content=\"\u00c9crit par\" \/>\n\t<meta name=\"twitter:data1\" content=\"Daouda\" \/>\n\t<meta name=\"twitter:label2\" content=\"Dur\u00e9e de lecture estim\u00e9e\" \/>\n\t<meta name=\"twitter:data2\" content=\"2 minutes\" \/>\n<script type=\"application\/ld+json\" class=\"yoast-schema-graph\">{\"@context\":\"https:\/\/schema.org\",\"@graph\":[{\"@type\":\"WebSite\",\"@id\":\"https:\/\/www.nettali.com\/#website\",\"url\":\"https:\/\/www.nettali.com\/\",\"name\":\"Nettali.com\",\"description\":\"Le rendez-vous critique du Net\",\"potentialAction\":[{\"@type\":\"SearchAction\",\"target\":{\"@type\":\"EntryPoint\",\"urlTemplate\":\"https:\/\/www.nettali.com\/?s={search_term_string}\"},\"query-input\":\"required name=search_term_string\"}],\"inLanguage\":\"fr-FR\"},{\"@type\":\"ImageObject\",\"@id\":\"https:\/\/www.nettali.com\/2026\/01\/29\/finale-senegal-maroc-la-caf-condamne-severement-pape-thiawiliman-ndiaye-et-ismaila-sarr\/#primaryimage\",\"inLanguage\":\"fr-FR\",\"url\":\"https:\/\/www.nettali.com\/wp-content\/uploads\/2026\/01\/1200-L-sngal-maroc-je-prsente-mes-excuses-pape-thiaw-regrette-d-avoir-demand-de-quitter-le-terrain.jpg\",\"contentUrl\":\"https:\/\/www.nettali.com\/wp-content\/uploads\/2026\/01\/1200-L-sngal-maroc-je-prsente-mes-excuses-pape-thiaw-regrette-d-avoir-demand-de-quitter-le-terrain.jpg\",\"width\":1200,\"height\":640},{\"@type\":\"WebPage\",\"@id\":\"https:\/\/www.nettali.com\/2026\/01\/29\/finale-senegal-maroc-la-caf-condamne-severement-pape-thiawiliman-ndiaye-et-ismaila-sarr\/#webpage\",\"url\":\"https:\/\/www.nettali.com\/2026\/01\/29\/finale-senegal-maroc-la-caf-condamne-severement-pape-thiawiliman-ndiaye-et-ismaila-sarr\/\",\"name\":\"FINALE SENEGAL-MAROC : la CAF condamne s\\u00e9v\\u00e8rement Pape Thiaw,Iliman Ndiaye et Isma\\u00efla Sarr\\u00a0 | Nettali.com\",\"isPartOf\":{\"@id\":\"https:\/\/www.nettali.com\/#website\"},\"primaryImageOfPage\":{\"@id\":\"https:\/\/www.nettali.com\/2026\/01\/29\/finale-senegal-maroc-la-caf-condamne-severement-pape-thiawiliman-ndiaye-et-ismaila-sarr\/#primaryimage\"},\"datePublished\":\"2026-01-29T07:17:52+00:00\",\"dateModified\":\"2026-01-30T07:38:16+00:00\",\"author\":{\"@id\":\"https:\/\/www.nettali.com\/#\/schema\/person\/3317e0bb3aa1da309fbf7b2780901bf4\"},\"breadcrumb\":{\"@id\":\"https:\/\/www.nettali.com\/2026\/01\/29\/finale-senegal-maroc-la-caf-condamne-severement-pape-thiawiliman-ndiaye-et-ismaila-sarr\/#breadcrumb\"},\"inLanguage\":\"fr-FR\",\"potentialAction\":[{\"@type\":\"ReadAction\",\"target\":[\"https:\/\/www.nettali.com\/2026\/01\/29\/finale-senegal-maroc-la-caf-condamne-severement-pape-thiawiliman-ndiaye-et-ismaila-sarr\/\"]}]},{\"@type\":\"BreadcrumbList\",\"@id\":\"https:\/\/www.nettali.com\/2026\/01\/29\/finale-senegal-maroc-la-caf-condamne-severement-pape-thiawiliman-ndiaye-et-ismaila-sarr\/#breadcrumb\",\"itemListElement\":[{\"@type\":\"ListItem\",\"position\":1,\"name\":\"Accueil\",\"item\":\"https:\/\/www.nettali.com\/\"},{\"@type\":\"ListItem\",\"position\":2,\"name\":\"FINALE SENEGAL-MAROC : la CAF condamne s\\u00e9v\\u00e8rement Pape Thiaw,Iliman Ndiaye et Isma\\u00efla Sarr\\u00a0\"}]},{\"@type\":\"Person\",\"@id\":\"https:\/\/www.nettali.com\/#\/schema\/person\/3317e0bb3aa1da309fbf7b2780901bf4\",\"name\":\"Daouda\",\"image\":{\"@type\":\"ImageObject\",\"@id\":\"https:\/\/www.nettali.com\/#personlogo\",\"inLanguage\":\"fr-FR\",\"url\":\"https:\/\/secure.gravatar.com\/avatar\/8d143b5a49345098ddcfee1c49c2f47c?s=96&d=mm&r=g\",\"contentUrl\":\"https:\/\/secure.gravatar.com\/avatar\/8d143b5a49345098ddcfee1c49c2f47c?s=96&d=mm&r=g\",\"caption\":\"Daouda\"},\"sameAs\":[\"https:\/\/www.nettali.com\"]}]}<\/script>\n<!-- \/ Yoast SEO Premium plugin. -->","yoast_head_json":{"title":"FINALE SENEGAL-MAROC : la CAF condamne s\u00e9v\u00e8rement Pape Thiaw,Iliman Ndiaye et Isma\u00efla Sarr\u00a0 | Nettali.com","robots":{"index":"index","follow":"follow","max-snippet":"max-snippet:-1","max-image-preview":"max-image-preview:large","max-video-preview":"max-video-preview:-1"},"canonical":"https:\/\/www.nettali.com\/2026\/01\/29\/finale-senegal-maroc-la-caf-condamne-severement-pape-thiawiliman-ndiaye-et-ismaila-sarr\/","og_locale":"fr_FR","og_type":"article","og_title":"FINALE SENEGAL-MAROC : la CAF condamne s\u00e9v\u00e8rement Pape Thiaw,Iliman Ndiaye et Isma\u00efla Sarr\u00a0","og_description":"NETTALI.COM - La Conf\u00e9d\u00e9ration africaine de football (CAF) a rendu publiques les sanctions disciplinaires cons\u00e9cutives aux incidents survenus lors de la finale de la Coupe d\u2019Afrique des Nations TotalEnergies Maroc 2025, disput\u00e9e entre le S\u00e9n\u00e9gal et le pays h\u00f4te. Le Jury disciplinaire de l\u2019instance continentale a estim\u00e9 que plusieurs faits constat\u00e9s lors de cette rencontre [&hellip;]","og_url":"https:\/\/www.nettali.com\/2026\/01\/29\/finale-senegal-maroc-la-caf-condamne-severement-pape-thiawiliman-ndiaye-et-ismaila-sarr\/","og_site_name":"Nettali.com","article_publisher":"https:\/\/www.facebook.com\/nettalicom","article_published_time":"2026-01-29T07:17:52+00:00","article_modified_time":"2026-01-30T07:38:16+00:00","og_image":[{"width":1200,"height":640,"url":"https:\/\/www.nettali.com\/wp-content\/uploads\/2026\/01\/1200-L-sngal-maroc-je-prsente-mes-excuses-pape-thiaw-regrette-d-avoir-demand-de-quitter-le-terrain.jpg","type":"image\/jpeg"}],"twitter_card":"summary_large_image","twitter_misc":{"\u00c9crit par":"Daouda","Dur\u00e9e de lecture estim\u00e9e":"2 minutes"},"schema":{"@context":"https:\/\/schema.org","@graph":[{"@type":"WebSite","@id":"https:\/\/www.nettali.com\/#website","url":"https:\/\/www.nettali.com\/","name":"Nettali.com","description":"Le rendez-vous critique du Net","potentialAction":[{"@type":"SearchAction","target":{"@type":"EntryPoint","urlTemplate":"https:\/\/www.nettali.com\/?s={search_term_string}"},"query-input":"required name=search_term_string"}],"inLanguage":"fr-FR"},{"@type":"ImageObject","@id":"https:\/\/www.nettali.com\/2026\/01\/29\/finale-senegal-maroc-la-caf-condamne-severement-pape-thiawiliman-ndiaye-et-ismaila-sarr\/#primaryimage","inLanguage":"fr-FR","url":"https:\/\/www.nettali.com\/wp-content\/uploads\/2026\/01\/1200-L-sngal-maroc-je-prsente-mes-excuses-pape-thiaw-regrette-d-avoir-demand-de-quitter-le-terrain.jpg","contentUrl":"https:\/\/www.nettali.com\/wp-content\/uploads\/2026\/01\/1200-L-sngal-maroc-je-prsente-mes-excuses-pape-thiaw-regrette-d-avoir-demand-de-quitter-le-terrain.jpg","width":1200,"height":640},{"@type":"WebPage","@id":"https:\/\/www.nettali.com\/2026\/01\/29\/finale-senegal-maroc-la-caf-condamne-severement-pape-thiawiliman-ndiaye-et-ismaila-sarr\/#webpage","url":"https:\/\/www.nettali.com\/2026\/01\/29\/finale-senegal-maroc-la-caf-condamne-severement-pape-thiawiliman-ndiaye-et-ismaila-sarr\/","name":"FINALE SENEGAL-MAROC : la CAF condamne s\u00e9v\u00e8rement Pape Thiaw,Iliman Ndiaye et Isma\u00efla Sarr\u00a0 | Nettali.com","isPartOf":{"@id":"https:\/\/www.nettali.com\/#website"},"primaryImageOfPage":{"@id":"https:\/\/www.nettali.com\/2026\/01\/29\/finale-senegal-maroc-la-caf-condamne-severement-pape-thiawiliman-ndiaye-et-ismaila-sarr\/#primaryimage"},"datePublished":"2026-01-29T07:17:52+00:00","dateModified":"2026-01-30T07:38:16+00:00","author":{"@id":"https:\/\/www.nettali.com\/#\/schema\/person\/3317e0bb3aa1da309fbf7b2780901bf4"},"breadcrumb":{"@id":"https:\/\/www.nettali.com\/2026\/01\/29\/finale-senegal-maroc-la-caf-condamne-severement-pape-thiawiliman-ndiaye-et-ismaila-sarr\/#breadcrumb"},"inLanguage":"fr-FR","potentialAction":[{"@type":"ReadAction","target":["https:\/\/www.nettali.com\/2026\/01\/29\/finale-senegal-maroc-la-caf-condamne-severement-pape-thiawiliman-ndiaye-et-ismaila-sarr\/"]}]},{"@type":"BreadcrumbList","@id":"https:\/\/www.nettali.com\/2026\/01\/29\/finale-senegal-maroc-la-caf-condamne-severement-pape-thiawiliman-ndiaye-et-ismaila-sarr\/#breadcrumb","itemListElement":[{"@type":"ListItem","position":1,"name":"Accueil","item":"https:\/\/www.nettali.com\/"},{"@type":"ListItem","position":2,"name":"FINALE SENEGAL-MAROC : la CAF condamne s\u00e9v\u00e8rement Pape Thiaw,Iliman Ndiaye et Isma\u00efla Sarr\u00a0"}]},{"@type":"Person","@id":"https:\/\/www.nettali.com\/#\/schema\/person\/3317e0bb3aa1da309fbf7b2780901bf4","name":"Daouda","image":{"@type":"ImageObject","@id":"https:\/\/www.nettali.com\/#personlogo","inLanguage":"fr-FR","url":"https:\/\/secure.gravatar.com\/avatar\/8d143b5a49345098ddcfee1c49c2f47c?s=96&d=mm&r=g","contentUrl":"https:\/\/secure.gravatar.com\/avatar\/8d143b5a49345098ddcfee1c49c2f47c?s=96&d=mm&r=g","caption":"Daouda"},"sameAs":["https:\/\/www.nettali.com"]}]}},"_links":{"self":[{"href":"https:\/\/www.nettali.com\/rest\/wp\/v2\/posts\/168695"}],"collection":[{"href":"https:\/\/www.nettali.com\/rest\/wp\/v2\/posts"}],"about":[{"href":"https:\/\/www.nettali.com\/rest\/wp\/v2\/types\/post"}],"author":[{"embeddable":true,"href":"https:\/\/www.nettali.com\/rest\/wp\/v2\/users\/4"}],"replies":[{"embeddable":true,"href":"https:\/\/www.nettali.com\/rest\/wp\/v2\/comments?post=168695"}],"version-history":[{"count":2,"href":"https:\/\/www.nettali.com\/rest\/wp\/v2\/posts\/168695\/revisions"}],"predecessor-version":[{"id":168717,"href":"https:\/\/www.nettali.com\/rest\/wp\/v2\/posts\/168695\/revisions\/168717"}],"wp:featuredmedia":[{"embeddable":true,"href":"https:\/\/www.nettali.com\/rest\/wp\/v2\/media\/168204"}],"wp:attachment":[{"href":"https:\/\/www.nettali.com\/rest\/wp\/v2\/media?parent=168695"}],"wp:term":[{"taxonomy":"category","embeddable":true,"href":"https:\/\/www.nettali.com\/rest\/wp\/v2\/categories?post=168695"},{"taxonomy":"post_tag","embeddable":true,"href":"https:\/\/www.nettali.com\/rest\/wp\/v2\/tags?post=168695"}],"curies":[{"name":"wp","href":"https:\/\/api.w.org\/{rel}","templated":true}]}}