{"id":168690,"date":"2026-01-28T21:48:00","date_gmt":"2026-01-28T21:48:00","guid":{"rendered":"https:\/\/www.nettali.com\/?p=168690"},"modified":"2026-01-28T21:48:00","modified_gmt":"2026-01-28T21:48:00","slug":"independance-thies-choisie-pour-accueillir-la-fete-du-4-avril","status":"publish","type":"post","link":"https:\/\/www.nettali.com\/2026\/01\/28\/independance-thies-choisie-pour-accueillir-la-fete-du-4-avril\/","title":{"rendered":"INDEPENDANCE : Thi\u00e8s choisie pour accueillir la f\u00eate du 4 avril"},"content":{"rendered":"<div class=\"flex flex-col text-sm pb-25\">\n<article class=\"text-token-text-primary w-full focus:outline-none [--shadow-height:45px] has-data-writing-block:pointer-events-none has-data-writing-block:-mt-(--shadow-height) has-data-writing-block:pt-(--shadow-height) [&amp;:has([data-writing-block])&gt;*]:pointer-events-auto scroll-mt-[calc(var(--header-height)+min(200px,max(70px,20svh)))]\" dir=\"auto\" tabindex=\"-1\" data-turn-id=\"request-68ffa248-a2f4-832d-baed-167b3ed11d47-13\" data-testid=\"conversation-turn-254\" data-scroll-anchor=\"true\" data-turn=\"assistant\">\n<div class=\"text-base my-auto mx-auto pb-10 [--thread-content-margin:--spacing(4)] @w-sm\/main:[--thread-content-margin:--spacing(6)] @w-lg\/main:[--thread-content-margin:--spacing(16)] px-(--thread-content-margin)\">\n<div class=\"[--thread-content-max-width:40rem] @w-lg\/main:[--thread-content-max-width:48rem] mx-auto max-w-(--thread-content-max-width) flex-1 group\/turn-messages focus-visible:outline-hidden relative flex w-full min-w-0 flex-col agent-turn\" tabindex=\"-1\">\n<div class=\"flex max-w-full flex-col grow\">\n<div class=\"min-h-8 text-message relative flex w-full flex-col items-end gap-2 text-start break-words whitespace-normal [.text-message+&amp;]:mt-1\" dir=\"auto\" data-message-author-role=\"assistant\" data-message-id=\"1726c1ab-5f2d-46f2-b036-ccb347e796fc\" data-message-model-slug=\"gpt-5-2\">\n<div class=\"flex w-full flex-col gap-1 empty:hidden first:pt-[1px]\">\n<div class=\"markdown prose dark:prose-invert w-full wrap-break-word light markdown-new-styling\">\n<p data-start=\"87\" data-end=\"389\"><strong data-start=\"87\" data-end=\"389\">NETTALI.COM - La ville de Thi\u00e8s a \u00e9t\u00e9 retenue pour abriter la c\u00e9l\u00e9bration officielle de la f\u00eate nationale du 4 avril 2026. Cette d\u00e9cision s\u2019inscrit dans le cadre du nouveau \u201cProgramme Ind\u00e9pendance\u201d, lanc\u00e9 par le pr\u00e9sident de la R\u00e9publique dans une logique de d\u00e9centralisation et de modernisation des territoires.<\/strong><\/p>\n<p data-start=\"391\" data-end=\"710\">La c\u00e9l\u00e9bration de la f\u00eate nationale du 4 avril ne se tiendra pas \u00e0 Dakar en 2026. Le pr\u00e9sident de la R\u00e9publique, Bassirou Diomaye Faye, a annonc\u00e9 en Conseil des ministres sa d\u00e9cision de d\u00e9localiser l\u2019\u00e9v\u00e9nement \u00e0 Thi\u00e8s, marquant ainsi une nouvelle \u00e9tape dans la politique de r\u00e9\u00e9quilibrage territorial engag\u00e9e par l\u2019\u00c9tat.<\/p>\n<p data-start=\"712\" data-end=\"1092\">Cette initiative s\u2019inscrit dans le cadre du \u201cProgramme Ind\u00e9pendance\u201d, d\u00e9voil\u00e9 en novembre dernier, qui vise la modernisation des villes et territoires \u00e0 partir de 2026. Selon le communiqu\u00e9 officiel, le chef de l\u2019\u00c9tat entend d\u00e9sormais organiser la f\u00eate nationale dans un chef-lieu de r\u00e9gion offrant des conditions optimales en mati\u00e8re d\u2019infrastructures, de commodit\u00e9s et d\u2019accueil.<\/p>\n<p data-start=\"1094\" data-end=\"1450\">Le pr\u00e9sident de la R\u00e9publique a, \u00e0 cet effet, instruit le gouvernement de faire le point sur les choix prioritaires retenus dans le cadre de ce programme, la programmation des r\u00e9alisations sur une p\u00e9riode triennale, ainsi que l\u2019\u00e9tat d\u2019avancement global du programme prioritaire \u201cInd\u00e9pendance\u201d, inscrit dans l\u2019Agenda national de Transformation S\u00e9n\u00e9gal 2050.<\/p>\n<p data-start=\"1452\" data-end=\"1760\">Pour rappel, le 19 novembre dernier, Bassirou Diomaye Faye avait annonc\u00e9 la d\u00e9centralisation de la c\u00e9l\u00e9bration de la f\u00eate nationale \u00e0 partir de 2026, avec pour objectif de dynamiser les capitales r\u00e9gionales et de soutenir leur d\u00e9veloppement \u00e0 travers un plan structurant de modernisation des infrastructures.<\/p>\n<p data-start=\"1762\" data-end=\"1957\" data-is-last-node=\"\" data-is-only-node=\"\">Le choix de Thi\u00e8s pour inaugurer cette nouvelle orientation symbolise ainsi la volont\u00e9 des autorit\u00e9s de faire de la f\u00eate nationale un levier de d\u00e9veloppement territorial et de coh\u00e9sion nationale.<\/p>\n<\/div>\n<\/div>\n<\/div>\n<\/div>\n<div class=\"z-0 flex min-h-[46px] justify-start\"><\/div>\n<div class=\"mt-3 w-full empty:hidden\">\n<div class=\"text-center\"><\/div>\n<\/div>\n<\/div>\n<\/div>\n<\/article>\n<\/div>\n<div class=\"pointer-events-none h-px w-px absolute bottom-0\" aria-hidden=\"true\" data-edge=\"true\"><\/div>\n<div class='share-to-whatsapp-wrapper'><div class='share-on-whsp'>PARTAGER SUR : <\/div><a data-text='INDEPENDANCE : Thi\u00e8s choisie pour accueillir la f\u00eate du 4 avril' data-link='https:\/\/www.nettali.com\/2026\/01\/28\/independance-thies-choisie-pour-accueillir-la-fete-du-4-avril\/' class='whatsapp-button whatsapp-share'>WhatsApp<\/a><div class='clear '><\/div><\/div>","protected":false},"excerpt":{"rendered":"<p>NETTALI.COM - La ville de Thi\u00e8s a \u00e9t\u00e9 retenue pour abriter la c\u00e9l\u00e9bration officielle de la f\u00eate nationale du 4 avril 2026. Cette d\u00e9cision s\u2019inscrit dans le cadre du nouveau \u201cProgramme Ind\u00e9pendance\u201d, lanc\u00e9 par le pr\u00e9sident de la R\u00e9publique dans une logique de d\u00e9centralisation et de modernisation des territoires. La c\u00e9l\u00e9bration de la f\u00eate nationale [&hellip;]<\/p>\n","protected":false},"author":4,"featured_media":168691,"comment_status":"open","ping_status":"open","sticky":false,"template":"","format":"standard","meta":{"_et_pb_use_builder":"","_et_pb_old_content":""},"categories":[3],"tags":[],"yoast_head":"<!-- This site is optimized with the Yoast SEO Premium plugin v17.8 (Yoast SEO v17.8) - https:\/\/yoast.com\/wordpress\/plugins\/seo\/ -->\n<title>INDEPENDANCE : Thi\u00e8s choisie pour accueillir la f\u00eate du 4 avril | Nettali.com<\/title>\n<meta name=\"robots\" content=\"index, follow, max-snippet:-1, max-image-preview:large, max-video-preview:-1\" \/>\n<link rel=\"canonical\" href=\"https:\/\/www.nettali.com\/2026\/01\/28\/independance-thies-choisie-pour-accueillir-la-fete-du-4-avril\/\" \/>\n<meta property=\"og:locale\" content=\"fr_FR\" \/>\n<meta property=\"og:type\" content=\"article\" \/>\n<meta property=\"og:title\" content=\"INDEPENDANCE : Thi\u00e8s choisie pour accueillir la f\u00eate du 4 avril\" \/>\n<meta property=\"og:description\" content=\"NETTALI.COM - La ville de Thi\u00e8s a \u00e9t\u00e9 retenue pour abriter la c\u00e9l\u00e9bration officielle de la f\u00eate nationale du 4 avril 2026. Cette d\u00e9cision s\u2019inscrit dans le cadre du nouveau \u201cProgramme Ind\u00e9pendance\u201d, lanc\u00e9 par le pr\u00e9sident de la R\u00e9publique dans une logique de d\u00e9centralisation et de modernisation des territoires. La c\u00e9l\u00e9bration de la f\u00eate nationale [&hellip;]\" \/>\n<meta property=\"og:url\" content=\"https:\/\/www.nettali.com\/2026\/01\/28\/independance-thies-choisie-pour-accueillir-la-fete-du-4-avril\/\" \/>\n<meta property=\"og:site_name\" content=\"Nettali.com\" \/>\n<meta property=\"article:publisher\" content=\"https:\/\/www.facebook.com\/nettalicom\" \/>\n<meta property=\"article:published_time\" content=\"2026-01-28T21:48:00+00:00\" \/>\n<meta property=\"og:image\" content=\"https:\/\/www.nettali.com\/wp-content\/uploads\/2026\/01\/Diomaye-de\u0301file\u0301.jpg\" \/>\n\t<meta property=\"og:image:width\" content=\"1280\" \/>\n\t<meta property=\"og:image:height\" content=\"853\" \/>\n<meta name=\"twitter:card\" content=\"summary_large_image\" \/>\n<meta name=\"twitter:label1\" content=\"\u00c9crit par\" \/>\n\t<meta name=\"twitter:data1\" content=\"Daouda\" \/>\n\t<meta name=\"twitter:label2\" content=\"Dur\u00e9e de lecture estim\u00e9e\" \/>\n\t<meta name=\"twitter:data2\" content=\"2 minutes\" \/>\n<script type=\"application\/ld+json\" class=\"yoast-schema-graph\">{\"@context\":\"https:\/\/schema.org\",\"@graph\":[{\"@type\":\"WebSite\",\"@id\":\"https:\/\/www.nettali.com\/#website\",\"url\":\"https:\/\/www.nettali.com\/\",\"name\":\"Nettali.com\",\"description\":\"Le rendez-vous critique du Net\",\"potentialAction\":[{\"@type\":\"SearchAction\",\"target\":{\"@type\":\"EntryPoint\",\"urlTemplate\":\"https:\/\/www.nettali.com\/?s={search_term_string}\"},\"query-input\":\"required name=search_term_string\"}],\"inLanguage\":\"fr-FR\"},{\"@type\":\"ImageObject\",\"@id\":\"https:\/\/www.nettali.com\/2026\/01\/28\/independance-thies-choisie-pour-accueillir-la-fete-du-4-avril\/#primaryimage\",\"inLanguage\":\"fr-FR\",\"url\":\"https:\/\/www.nettali.com\/wp-content\/uploads\/2026\/01\/Diomaye-de\\u0301file\\u0301.jpg\",\"contentUrl\":\"https:\/\/www.nettali.com\/wp-content\/uploads\/2026\/01\/Diomaye-de\\u0301file\\u0301.jpg\",\"width\":1280,\"height\":853},{\"@type\":\"WebPage\",\"@id\":\"https:\/\/www.nettali.com\/2026\/01\/28\/independance-thies-choisie-pour-accueillir-la-fete-du-4-avril\/#webpage\",\"url\":\"https:\/\/www.nettali.com\/2026\/01\/28\/independance-thies-choisie-pour-accueillir-la-fete-du-4-avril\/\",\"name\":\"INDEPENDANCE : Thi\\u00e8s choisie pour accueillir la f\\u00eate du 4 avril | Nettali.com\",\"isPartOf\":{\"@id\":\"https:\/\/www.nettali.com\/#website\"},\"primaryImageOfPage\":{\"@id\":\"https:\/\/www.nettali.com\/2026\/01\/28\/independance-thies-choisie-pour-accueillir-la-fete-du-4-avril\/#primaryimage\"},\"datePublished\":\"2026-01-28T21:48:00+00:00\",\"dateModified\":\"2026-01-28T21:48:00+00:00\",\"author\":{\"@id\":\"https:\/\/www.nettali.com\/#\/schema\/person\/3317e0bb3aa1da309fbf7b2780901bf4\"},\"breadcrumb\":{\"@id\":\"https:\/\/www.nettali.com\/2026\/01\/28\/independance-thies-choisie-pour-accueillir-la-fete-du-4-avril\/#breadcrumb\"},\"inLanguage\":\"fr-FR\",\"potentialAction\":[{\"@type\":\"ReadAction\",\"target\":[\"https:\/\/www.nettali.com\/2026\/01\/28\/independance-thies-choisie-pour-accueillir-la-fete-du-4-avril\/\"]}]},{\"@type\":\"BreadcrumbList\",\"@id\":\"https:\/\/www.nettali.com\/2026\/01\/28\/independance-thies-choisie-pour-accueillir-la-fete-du-4-avril\/#breadcrumb\",\"itemListElement\":[{\"@type\":\"ListItem\",\"position\":1,\"name\":\"Accueil\",\"item\":\"https:\/\/www.nettali.com\/\"},{\"@type\":\"ListItem\",\"position\":2,\"name\":\"INDEPENDANCE : Thi\\u00e8s choisie pour accueillir la f\\u00eate du 4 avril\"}]},{\"@type\":\"Person\",\"@id\":\"https:\/\/www.nettali.com\/#\/schema\/person\/3317e0bb3aa1da309fbf7b2780901bf4\",\"name\":\"Daouda\",\"image\":{\"@type\":\"ImageObject\",\"@id\":\"https:\/\/www.nettali.com\/#personlogo\",\"inLanguage\":\"fr-FR\",\"url\":\"https:\/\/secure.gravatar.com\/avatar\/8d143b5a49345098ddcfee1c49c2f47c?s=96&d=mm&r=g\",\"contentUrl\":\"https:\/\/secure.gravatar.com\/avatar\/8d143b5a49345098ddcfee1c49c2f47c?s=96&d=mm&r=g\",\"caption\":\"Daouda\"},\"sameAs\":[\"https:\/\/www.nettali.com\"]}]}<\/script>\n<!-- \/ Yoast SEO Premium plugin. -->","yoast_head_json":{"title":"INDEPENDANCE : Thi\u00e8s choisie pour accueillir la f\u00eate du 4 avril | Nettali.com","robots":{"index":"index","follow":"follow","max-snippet":"max-snippet:-1","max-image-preview":"max-image-preview:large","max-video-preview":"max-video-preview:-1"},"canonical":"https:\/\/www.nettali.com\/2026\/01\/28\/independance-thies-choisie-pour-accueillir-la-fete-du-4-avril\/","og_locale":"fr_FR","og_type":"article","og_title":"INDEPENDANCE : Thi\u00e8s choisie pour accueillir la f\u00eate du 4 avril","og_description":"NETTALI.COM - La ville de Thi\u00e8s a \u00e9t\u00e9 retenue pour abriter la c\u00e9l\u00e9bration officielle de la f\u00eate nationale du 4 avril 2026. Cette d\u00e9cision s\u2019inscrit dans le cadre du nouveau \u201cProgramme Ind\u00e9pendance\u201d, lanc\u00e9 par le pr\u00e9sident de la R\u00e9publique dans une logique de d\u00e9centralisation et de modernisation des territoires. La c\u00e9l\u00e9bration de la f\u00eate nationale [&hellip;]","og_url":"https:\/\/www.nettali.com\/2026\/01\/28\/independance-thies-choisie-pour-accueillir-la-fete-du-4-avril\/","og_site_name":"Nettali.com","article_publisher":"https:\/\/www.facebook.com\/nettalicom","article_published_time":"2026-01-28T21:48:00+00:00","og_image":[{"width":1280,"height":853,"url":"https:\/\/www.nettali.com\/wp-content\/uploads\/2026\/01\/Diomaye-de\u0301file\u0301.jpg","type":"image\/jpeg"}],"twitter_card":"summary_large_image","twitter_misc":{"\u00c9crit par":"Daouda","Dur\u00e9e de lecture estim\u00e9e":"2 minutes"},"schema":{"@context":"https:\/\/schema.org","@graph":[{"@type":"WebSite","@id":"https:\/\/www.nettali.com\/#website","url":"https:\/\/www.nettali.com\/","name":"Nettali.com","description":"Le rendez-vous critique du Net","potentialAction":[{"@type":"SearchAction","target":{"@type":"EntryPoint","urlTemplate":"https:\/\/www.nettali.com\/?s={search_term_string}"},"query-input":"required name=search_term_string"}],"inLanguage":"fr-FR"},{"@type":"ImageObject","@id":"https:\/\/www.nettali.com\/2026\/01\/28\/independance-thies-choisie-pour-accueillir-la-fete-du-4-avril\/#primaryimage","inLanguage":"fr-FR","url":"https:\/\/www.nettali.com\/wp-content\/uploads\/2026\/01\/Diomaye-de\u0301file\u0301.jpg","contentUrl":"https:\/\/www.nettali.com\/wp-content\/uploads\/2026\/01\/Diomaye-de\u0301file\u0301.jpg","width":1280,"height":853},{"@type":"WebPage","@id":"https:\/\/www.nettali.com\/2026\/01\/28\/independance-thies-choisie-pour-accueillir-la-fete-du-4-avril\/#webpage","url":"https:\/\/www.nettali.com\/2026\/01\/28\/independance-thies-choisie-pour-accueillir-la-fete-du-4-avril\/","name":"INDEPENDANCE : Thi\u00e8s choisie pour accueillir la f\u00eate du 4 avril | Nettali.com","isPartOf":{"@id":"https:\/\/www.nettali.com\/#website"},"primaryImageOfPage":{"@id":"https:\/\/www.nettali.com\/2026\/01\/28\/independance-thies-choisie-pour-accueillir-la-fete-du-4-avril\/#primaryimage"},"datePublished":"2026-01-28T21:48:00+00:00","dateModified":"2026-01-28T21:48:00+00:00","author":{"@id":"https:\/\/www.nettali.com\/#\/schema\/person\/3317e0bb3aa1da309fbf7b2780901bf4"},"breadcrumb":{"@id":"https:\/\/www.nettali.com\/2026\/01\/28\/independance-thies-choisie-pour-accueillir-la-fete-du-4-avril\/#breadcrumb"},"inLanguage":"fr-FR","potentialAction":[{"@type":"ReadAction","target":["https:\/\/www.nettali.com\/2026\/01\/28\/independance-thies-choisie-pour-accueillir-la-fete-du-4-avril\/"]}]},{"@type":"BreadcrumbList","@id":"https:\/\/www.nettali.com\/2026\/01\/28\/independance-thies-choisie-pour-accueillir-la-fete-du-4-avril\/#breadcrumb","itemListElement":[{"@type":"ListItem","position":1,"name":"Accueil","item":"https:\/\/www.nettali.com\/"},{"@type":"ListItem","position":2,"name":"INDEPENDANCE : Thi\u00e8s choisie pour accueillir la f\u00eate du 4 avril"}]},{"@type":"Person","@id":"https:\/\/www.nettali.com\/#\/schema\/person\/3317e0bb3aa1da309fbf7b2780901bf4","name":"Daouda","image":{"@type":"ImageObject","@id":"https:\/\/www.nettali.com\/#personlogo","inLanguage":"fr-FR","url":"https:\/\/secure.gravatar.com\/avatar\/8d143b5a49345098ddcfee1c49c2f47c?s=96&d=mm&r=g","contentUrl":"https:\/\/secure.gravatar.com\/avatar\/8d143b5a49345098ddcfee1c49c2f47c?s=96&d=mm&r=g","caption":"Daouda"},"sameAs":["https:\/\/www.nettali.com"]}]}},"_links":{"self":[{"href":"https:\/\/www.nettali.com\/rest\/wp\/v2\/posts\/168690"}],"collection":[{"href":"https:\/\/www.nettali.com\/rest\/wp\/v2\/posts"}],"about":[{"href":"https:\/\/www.nettali.com\/rest\/wp\/v2\/types\/post"}],"author":[{"embeddable":true,"href":"https:\/\/www.nettali.com\/rest\/wp\/v2\/users\/4"}],"replies":[{"embeddable":true,"href":"https:\/\/www.nettali.com\/rest\/wp\/v2\/comments?post=168690"}],"version-history":[{"count":1,"href":"https:\/\/www.nettali.com\/rest\/wp\/v2\/posts\/168690\/revisions"}],"predecessor-version":[{"id":168692,"href":"https:\/\/www.nettali.com\/rest\/wp\/v2\/posts\/168690\/revisions\/168692"}],"wp:featuredmedia":[{"embeddable":true,"href":"https:\/\/www.nettali.com\/rest\/wp\/v2\/media\/168691"}],"wp:attachment":[{"href":"https:\/\/www.nettali.com\/rest\/wp\/v2\/media?parent=168690"}],"wp:term":[{"taxonomy":"category","embeddable":true,"href":"https:\/\/www.nettali.com\/rest\/wp\/v2\/categories?post=168690"},{"taxonomy":"post_tag","embeddable":true,"href":"https:\/\/www.nettali.com\/rest\/wp\/v2\/tags?post=168690"}],"curies":[{"name":"wp","href":"https:\/\/api.w.org\/{rel}","templated":true}]}}