{"id":168683,"date":"2026-01-28T21:32:26","date_gmt":"2026-01-28T21:32:26","guid":{"rendered":"https:\/\/www.nettali.com\/?p=168683"},"modified":"2026-01-30T07:36:34","modified_gmt":"2026-01-30T07:36:34","slug":"affaire-pape-malick-ndour-la-convergence-des-cadres-republicains-denonce-une-justice-sous-pression-politique","status":"publish","type":"post","link":"https:\/\/www.nettali.com\/2026\/01\/28\/affaire-pape-malick-ndour-la-convergence-des-cadres-republicains-denonce-une-justice-sous-pression-politique\/","title":{"rendered":"AFFAIRE PAPE MALICK NDOUR : la Convergence des cadres r\u00e9publicains d\u00e9nonce une \u00ab justice sous pression politique \u00bb"},"content":{"rendered":"<p data-start=\"312\" data-end=\"596\"><strong data-start=\"312\" data-end=\"596\">NETTALI.COM - La Convergence des cadres r\u00e9publicains (CCR) a vivement r\u00e9agi \u00e0 la d\u00e9cision de placement sous mandat de d\u00e9p\u00f4t de Pape Malick Ndour, estimant que cette d\u00e9cision judiciaire intervient dans un contexte de fortes pressions politiques et porte atteinte aux principes fondamentaux de l\u2019\u00c9tat de droit.<\/strong><\/p>\n<p data-start=\"598\" data-end=\"977\">Dans un communiqu\u00e9 rendu public, la CCR dit exprimer sa \u00ab profonde pr\u00e9occupation \u00bb face aux r\u00e9cents d\u00e9veloppements de l\u2019affaire impliquant l\u2019ancien ministre Pape Malick Ndour. Selon cette structure, la d\u00e9cision de la chambre d\u2019accusation d\u2019ordonner son placement en d\u00e9tention soul\u00e8ve de \u00ab s\u00e9rieuses interrogations \u00bb sur l\u2019ind\u00e9pendance et la cr\u00e9dibilit\u00e9 de la justice s\u00e9n\u00e9galaise.<\/p>\n<p data-start=\"979\" data-end=\"1428\">La CCR \u00e9tablit un lien direct entre cette \u00e9volution judiciaire et les d\u00e9clarations publiques tenues r\u00e9cemment par le Premier ministre Ousmane Sonko. Elle estime que la justice aurait c\u00e9d\u00e9 \u00e0 des \u00ab pressions politiques \u00e9videntes \u00bb, rappelant que le recours introduit par le parquet financier contre la d\u00e9cision de placement sous bracelet \u00e9lectronique serait rest\u00e9, pendant plus de deux mois, inconnu des avocats de la d\u00e9fense et de l\u2019opinion publique.<\/p>\n<p data-start=\"1430\" data-end=\"1846\">Pour la Convergence des cadres r\u00e9publicains, cette situation traduit une volont\u00e9 d\u00e9lib\u00e9r\u00e9e de \u00ab surprendre \u00bb afin de placer d\u00e9finitivement l\u2019ancien ministre en d\u00e9tention. Elle \u00e9voque une \u00ab volte-face spectaculaire \u00bb de l\u2019institution judiciaire, qui, selon elle, jette un discr\u00e9dit grave sur la justice et alimente le sentiment d\u2019une application s\u00e9lective du droit, d\u00e9pendante du rapport de force politique du moment.<\/p>\n<p data-start=\"1848\" data-end=\"2276\">La CCR d\u00e9nonce \u00e9galement ce qu\u2019elle consid\u00e8re comme un traitement politique et m\u00e9diatique \u00e0 \u00ab deux vitesses \u00bb de l\u2019affaire. Elle rel\u00e8ve que le silence observ\u00e9 par Pape Malick Ndour, au nom du respect des institutions, aurait \u00e9t\u00e9 interpr\u00e9t\u00e9 comme une forme de complicit\u00e9, tandis que la d\u00e9cision judiciaire conforme aux attentes du parti Pastef aurait \u00e9t\u00e9 salu\u00e9e par ses partisans comme la preuve d\u2019une justice enfin \u00ab efficace \u00bb.<\/p>\n<p data-start=\"2278\" data-end=\"2591\">Dans son communiqu\u00e9, la CCR met en garde contre une \u00ab instrumentalisation dangereuse \u00bb de la justice, qu\u2019elle juge susceptible de menacer la stabilit\u00e9 nationale et la coh\u00e9sion sociale. Elle estime que l\u2019institution judiciaire ne doit ni c\u00e9der aux pressions, ni devenir un outil de r\u00e8glement de comptes politiques.<\/p>\n<p data-start=\"2593\" data-end=\"2940\">R\u00e9affirmant son \u00ab soutien total \u00bb \u00e0 Pape Malick Ndour, la Convergence des cadres r\u00e9publicains insiste sur le respect de la pr\u00e9somption d\u2019innocence, de la coh\u00e9rence des proc\u00e9dures et de l\u2019ind\u00e9pendance r\u00e9elle de la justice. Elle affirme que seule une justice impartiale permettra de restaurer la confiance des citoyens et de pr\u00e9server la d\u00e9mocratie.<\/p>\n<p data-start=\"2942\" data-end=\"3386\">Sur le fond du dossier, la CCR soutient que Pape Malick Ndour est \u00ab totalement innocent \u00bb des faits qui lui sont reproch\u00e9s. Elle juge les accusations infond\u00e9es, soulignant une incoh\u00e9rence chronologique majeure : le rapport sur lequel s\u2019appuierait l\u2019accusation aurait \u00e9t\u00e9 r\u00e9dig\u00e9 en 2018, alors que l\u2019int\u00e9ress\u00e9 n\u2019a \u00e9t\u00e9 nomm\u00e9 \u00e0 ses fonctions qu\u2019en juin 2019. Selon la CCR, cette contradiction suffirait \u00e0 d\u00e9montrer le caract\u00e8re fragile du dossier.<\/p>\n<p data-start=\"3388\" data-end=\"3727\" data-is-last-node=\"\" data-is-only-node=\"\">L\u2019organisation estime enfin qu\u2019il est juridiquement incoh\u00e9rent d\u2019\u00e9voquer une complicit\u00e9 entre Pape Malick Ndour et des personnes qu\u2019il aurait remplac\u00e9es, sans lien de collaboration ou de participation av\u00e9r\u00e9. Pour la CCR, cette construction du dossier rel\u00e8ve davantage d\u2019un \u00ab acharnement politique \u00bb que d\u2019une d\u00e9marche judiciaire objective.<\/p>\n<div class='share-to-whatsapp-wrapper'><div class='share-on-whsp'>PARTAGER SUR : <\/div><a data-text='AFFAIRE PAPE MALICK NDOUR : la Convergence des cadres r\u00e9publicains d\u00e9nonce une \u00ab justice sous pression politique \u00bb' data-link='https:\/\/www.nettali.com\/2026\/01\/28\/affaire-pape-malick-ndour-la-convergence-des-cadres-republicains-denonce-une-justice-sous-pression-politique\/' class='whatsapp-button whatsapp-share'>WhatsApp<\/a><div class='clear '><\/div><\/div>","protected":false},"excerpt":{"rendered":"<p>NETTALI.COM - La Convergence des cadres r\u00e9publicains (CCR) a vivement r\u00e9agi \u00e0 la d\u00e9cision de placement sous mandat de d\u00e9p\u00f4t de Pape Malick Ndour, estimant que cette d\u00e9cision judiciaire intervient dans un contexte de fortes pressions politiques et porte atteinte aux principes fondamentaux de l\u2019\u00c9tat de droit. Dans un communiqu\u00e9 rendu public, la CCR dit [&hellip;]<\/p>\n","protected":false},"author":4,"featured_media":161236,"comment_status":"open","ping_status":"open","sticky":false,"template":"","format":"standard","meta":{"_et_pb_use_builder":"","_et_pb_old_content":""},"categories":[2],"tags":[],"yoast_head":"<!-- This site is optimized with the Yoast SEO Premium plugin v17.8 (Yoast SEO v17.8) - https:\/\/yoast.com\/wordpress\/plugins\/seo\/ -->\n<title>AFFAIRE PAPE MALICK NDOUR : la Convergence des cadres r\u00e9publicains d\u00e9nonce une \u00ab justice sous pression politique \u00bb | Nettali.com<\/title>\n<meta name=\"robots\" content=\"index, follow, max-snippet:-1, max-image-preview:large, max-video-preview:-1\" \/>\n<link rel=\"canonical\" href=\"https:\/\/www.nettali.com\/2026\/01\/28\/affaire-pape-malick-ndour-la-convergence-des-cadres-republicains-denonce-une-justice-sous-pression-politique\/\" \/>\n<meta property=\"og:locale\" content=\"fr_FR\" \/>\n<meta property=\"og:type\" content=\"article\" \/>\n<meta property=\"og:title\" content=\"AFFAIRE PAPE MALICK NDOUR : la Convergence des cadres r\u00e9publicains d\u00e9nonce une \u00ab justice sous pression politique \u00bb\" \/>\n<meta property=\"og:description\" content=\"NETTALI.COM - La Convergence des cadres r\u00e9publicains (CCR) a vivement r\u00e9agi \u00e0 la d\u00e9cision de placement sous mandat de d\u00e9p\u00f4t de Pape Malick Ndour, estimant que cette d\u00e9cision judiciaire intervient dans un contexte de fortes pressions politiques et porte atteinte aux principes fondamentaux de l\u2019\u00c9tat de droit. Dans un communiqu\u00e9 rendu public, la CCR dit [&hellip;]\" \/>\n<meta property=\"og:url\" content=\"https:\/\/www.nettali.com\/2026\/01\/28\/affaire-pape-malick-ndour-la-convergence-des-cadres-republicains-denonce-une-justice-sous-pression-politique\/\" \/>\n<meta property=\"og:site_name\" content=\"Nettali.com\" \/>\n<meta property=\"article:publisher\" content=\"https:\/\/www.facebook.com\/nettalicom\" \/>\n<meta property=\"article:published_time\" content=\"2026-01-28T21:32:26+00:00\" \/>\n<meta property=\"article:modified_time\" content=\"2026-01-30T07:36:34+00:00\" \/>\n<meta property=\"og:image\" content=\"https:\/\/www.nettali.com\/wp-content\/uploads\/2025\/09\/pape-malick-ndour_1419.png\" \/>\n\t<meta property=\"og:image:width\" content=\"1600\" \/>\n\t<meta property=\"og:image:height\" content=\"1033\" \/>\n<meta name=\"twitter:card\" content=\"summary_large_image\" \/>\n<meta name=\"twitter:label1\" content=\"\u00c9crit par\" \/>\n\t<meta name=\"twitter:data1\" content=\"Daouda\" \/>\n\t<meta name=\"twitter:label2\" content=\"Dur\u00e9e de lecture estim\u00e9e\" \/>\n\t<meta name=\"twitter:data2\" content=\"3 minutes\" \/>\n<script type=\"application\/ld+json\" class=\"yoast-schema-graph\">{\"@context\":\"https:\/\/schema.org\",\"@graph\":[{\"@type\":\"WebSite\",\"@id\":\"https:\/\/www.nettali.com\/#website\",\"url\":\"https:\/\/www.nettali.com\/\",\"name\":\"Nettali.com\",\"description\":\"Le rendez-vous critique du Net\",\"potentialAction\":[{\"@type\":\"SearchAction\",\"target\":{\"@type\":\"EntryPoint\",\"urlTemplate\":\"https:\/\/www.nettali.com\/?s={search_term_string}\"},\"query-input\":\"required name=search_term_string\"}],\"inLanguage\":\"fr-FR\"},{\"@type\":\"ImageObject\",\"@id\":\"https:\/\/www.nettali.com\/2026\/01\/28\/affaire-pape-malick-ndour-la-convergence-des-cadres-republicains-denonce-une-justice-sous-pression-politique\/#primaryimage\",\"inLanguage\":\"fr-FR\",\"url\":\"https:\/\/www.nettali.com\/wp-content\/uploads\/2025\/09\/pape-malick-ndour_1419.png\",\"contentUrl\":\"https:\/\/www.nettali.com\/wp-content\/uploads\/2025\/09\/pape-malick-ndour_1419.png\",\"width\":1600,\"height\":1033},{\"@type\":\"WebPage\",\"@id\":\"https:\/\/www.nettali.com\/2026\/01\/28\/affaire-pape-malick-ndour-la-convergence-des-cadres-republicains-denonce-une-justice-sous-pression-politique\/#webpage\",\"url\":\"https:\/\/www.nettali.com\/2026\/01\/28\/affaire-pape-malick-ndour-la-convergence-des-cadres-republicains-denonce-une-justice-sous-pression-politique\/\",\"name\":\"AFFAIRE PAPE MALICK NDOUR : la Convergence des cadres r\\u00e9publicains d\\u00e9nonce une \\u00ab justice sous pression politique \\u00bb | Nettali.com\",\"isPartOf\":{\"@id\":\"https:\/\/www.nettali.com\/#website\"},\"primaryImageOfPage\":{\"@id\":\"https:\/\/www.nettali.com\/2026\/01\/28\/affaire-pape-malick-ndour-la-convergence-des-cadres-republicains-denonce-une-justice-sous-pression-politique\/#primaryimage\"},\"datePublished\":\"2026-01-28T21:32:26+00:00\",\"dateModified\":\"2026-01-30T07:36:34+00:00\",\"author\":{\"@id\":\"https:\/\/www.nettali.com\/#\/schema\/person\/3317e0bb3aa1da309fbf7b2780901bf4\"},\"breadcrumb\":{\"@id\":\"https:\/\/www.nettali.com\/2026\/01\/28\/affaire-pape-malick-ndour-la-convergence-des-cadres-republicains-denonce-une-justice-sous-pression-politique\/#breadcrumb\"},\"inLanguage\":\"fr-FR\",\"potentialAction\":[{\"@type\":\"ReadAction\",\"target\":[\"https:\/\/www.nettali.com\/2026\/01\/28\/affaire-pape-malick-ndour-la-convergence-des-cadres-republicains-denonce-une-justice-sous-pression-politique\/\"]}]},{\"@type\":\"BreadcrumbList\",\"@id\":\"https:\/\/www.nettali.com\/2026\/01\/28\/affaire-pape-malick-ndour-la-convergence-des-cadres-republicains-denonce-une-justice-sous-pression-politique\/#breadcrumb\",\"itemListElement\":[{\"@type\":\"ListItem\",\"position\":1,\"name\":\"Accueil\",\"item\":\"https:\/\/www.nettali.com\/\"},{\"@type\":\"ListItem\",\"position\":2,\"name\":\"AFFAIRE PAPE MALICK NDOUR : la Convergence des cadres r\\u00e9publicains d\\u00e9nonce une \\u00ab justice sous pression politique \\u00bb\"}]},{\"@type\":\"Person\",\"@id\":\"https:\/\/www.nettali.com\/#\/schema\/person\/3317e0bb3aa1da309fbf7b2780901bf4\",\"name\":\"Daouda\",\"image\":{\"@type\":\"ImageObject\",\"@id\":\"https:\/\/www.nettali.com\/#personlogo\",\"inLanguage\":\"fr-FR\",\"url\":\"https:\/\/secure.gravatar.com\/avatar\/8d143b5a49345098ddcfee1c49c2f47c?s=96&d=mm&r=g\",\"contentUrl\":\"https:\/\/secure.gravatar.com\/avatar\/8d143b5a49345098ddcfee1c49c2f47c?s=96&d=mm&r=g\",\"caption\":\"Daouda\"},\"sameAs\":[\"https:\/\/www.nettali.com\"]}]}<\/script>\n<!-- \/ Yoast SEO Premium plugin. -->","yoast_head_json":{"title":"AFFAIRE PAPE MALICK NDOUR : la Convergence des cadres r\u00e9publicains d\u00e9nonce une \u00ab justice sous pression politique \u00bb | Nettali.com","robots":{"index":"index","follow":"follow","max-snippet":"max-snippet:-1","max-image-preview":"max-image-preview:large","max-video-preview":"max-video-preview:-1"},"canonical":"https:\/\/www.nettali.com\/2026\/01\/28\/affaire-pape-malick-ndour-la-convergence-des-cadres-republicains-denonce-une-justice-sous-pression-politique\/","og_locale":"fr_FR","og_type":"article","og_title":"AFFAIRE PAPE MALICK NDOUR : la Convergence des cadres r\u00e9publicains d\u00e9nonce une \u00ab justice sous pression politique \u00bb","og_description":"NETTALI.COM - La Convergence des cadres r\u00e9publicains (CCR) a vivement r\u00e9agi \u00e0 la d\u00e9cision de placement sous mandat de d\u00e9p\u00f4t de Pape Malick Ndour, estimant que cette d\u00e9cision judiciaire intervient dans un contexte de fortes pressions politiques et porte atteinte aux principes fondamentaux de l\u2019\u00c9tat de droit. Dans un communiqu\u00e9 rendu public, la CCR dit [&hellip;]","og_url":"https:\/\/www.nettali.com\/2026\/01\/28\/affaire-pape-malick-ndour-la-convergence-des-cadres-republicains-denonce-une-justice-sous-pression-politique\/","og_site_name":"Nettali.com","article_publisher":"https:\/\/www.facebook.com\/nettalicom","article_published_time":"2026-01-28T21:32:26+00:00","article_modified_time":"2026-01-30T07:36:34+00:00","og_image":[{"width":1600,"height":1033,"url":"https:\/\/www.nettali.com\/wp-content\/uploads\/2025\/09\/pape-malick-ndour_1419.png","type":"image\/png"}],"twitter_card":"summary_large_image","twitter_misc":{"\u00c9crit par":"Daouda","Dur\u00e9e de lecture estim\u00e9e":"3 minutes"},"schema":{"@context":"https:\/\/schema.org","@graph":[{"@type":"WebSite","@id":"https:\/\/www.nettali.com\/#website","url":"https:\/\/www.nettali.com\/","name":"Nettali.com","description":"Le rendez-vous critique du Net","potentialAction":[{"@type":"SearchAction","target":{"@type":"EntryPoint","urlTemplate":"https:\/\/www.nettali.com\/?s={search_term_string}"},"query-input":"required name=search_term_string"}],"inLanguage":"fr-FR"},{"@type":"ImageObject","@id":"https:\/\/www.nettali.com\/2026\/01\/28\/affaire-pape-malick-ndour-la-convergence-des-cadres-republicains-denonce-une-justice-sous-pression-politique\/#primaryimage","inLanguage":"fr-FR","url":"https:\/\/www.nettali.com\/wp-content\/uploads\/2025\/09\/pape-malick-ndour_1419.png","contentUrl":"https:\/\/www.nettali.com\/wp-content\/uploads\/2025\/09\/pape-malick-ndour_1419.png","width":1600,"height":1033},{"@type":"WebPage","@id":"https:\/\/www.nettali.com\/2026\/01\/28\/affaire-pape-malick-ndour-la-convergence-des-cadres-republicains-denonce-une-justice-sous-pression-politique\/#webpage","url":"https:\/\/www.nettali.com\/2026\/01\/28\/affaire-pape-malick-ndour-la-convergence-des-cadres-republicains-denonce-une-justice-sous-pression-politique\/","name":"AFFAIRE PAPE MALICK NDOUR : la Convergence des cadres r\u00e9publicains d\u00e9nonce une \u00ab justice sous pression politique \u00bb | Nettali.com","isPartOf":{"@id":"https:\/\/www.nettali.com\/#website"},"primaryImageOfPage":{"@id":"https:\/\/www.nettali.com\/2026\/01\/28\/affaire-pape-malick-ndour-la-convergence-des-cadres-republicains-denonce-une-justice-sous-pression-politique\/#primaryimage"},"datePublished":"2026-01-28T21:32:26+00:00","dateModified":"2026-01-30T07:36:34+00:00","author":{"@id":"https:\/\/www.nettali.com\/#\/schema\/person\/3317e0bb3aa1da309fbf7b2780901bf4"},"breadcrumb":{"@id":"https:\/\/www.nettali.com\/2026\/01\/28\/affaire-pape-malick-ndour-la-convergence-des-cadres-republicains-denonce-une-justice-sous-pression-politique\/#breadcrumb"},"inLanguage":"fr-FR","potentialAction":[{"@type":"ReadAction","target":["https:\/\/www.nettali.com\/2026\/01\/28\/affaire-pape-malick-ndour-la-convergence-des-cadres-republicains-denonce-une-justice-sous-pression-politique\/"]}]},{"@type":"BreadcrumbList","@id":"https:\/\/www.nettali.com\/2026\/01\/28\/affaire-pape-malick-ndour-la-convergence-des-cadres-republicains-denonce-une-justice-sous-pression-politique\/#breadcrumb","itemListElement":[{"@type":"ListItem","position":1,"name":"Accueil","item":"https:\/\/www.nettali.com\/"},{"@type":"ListItem","position":2,"name":"AFFAIRE PAPE MALICK NDOUR : la Convergence des cadres r\u00e9publicains d\u00e9nonce une \u00ab justice sous pression politique \u00bb"}]},{"@type":"Person","@id":"https:\/\/www.nettali.com\/#\/schema\/person\/3317e0bb3aa1da309fbf7b2780901bf4","name":"Daouda","image":{"@type":"ImageObject","@id":"https:\/\/www.nettali.com\/#personlogo","inLanguage":"fr-FR","url":"https:\/\/secure.gravatar.com\/avatar\/8d143b5a49345098ddcfee1c49c2f47c?s=96&d=mm&r=g","contentUrl":"https:\/\/secure.gravatar.com\/avatar\/8d143b5a49345098ddcfee1c49c2f47c?s=96&d=mm&r=g","caption":"Daouda"},"sameAs":["https:\/\/www.nettali.com"]}]}},"_links":{"self":[{"href":"https:\/\/www.nettali.com\/rest\/wp\/v2\/posts\/168683"}],"collection":[{"href":"https:\/\/www.nettali.com\/rest\/wp\/v2\/posts"}],"about":[{"href":"https:\/\/www.nettali.com\/rest\/wp\/v2\/types\/post"}],"author":[{"embeddable":true,"href":"https:\/\/www.nettali.com\/rest\/wp\/v2\/users\/4"}],"replies":[{"embeddable":true,"href":"https:\/\/www.nettali.com\/rest\/wp\/v2\/comments?post=168683"}],"version-history":[{"count":3,"href":"https:\/\/www.nettali.com\/rest\/wp\/v2\/posts\/168683\/revisions"}],"predecessor-version":[{"id":168687,"href":"https:\/\/www.nettali.com\/rest\/wp\/v2\/posts\/168683\/revisions\/168687"}],"wp:featuredmedia":[{"embeddable":true,"href":"https:\/\/www.nettali.com\/rest\/wp\/v2\/media\/161236"}],"wp:attachment":[{"href":"https:\/\/www.nettali.com\/rest\/wp\/v2\/media?parent=168683"}],"wp:term":[{"taxonomy":"category","embeddable":true,"href":"https:\/\/www.nettali.com\/rest\/wp\/v2\/categories?post=168683"},{"taxonomy":"post_tag","embeddable":true,"href":"https:\/\/www.nettali.com\/rest\/wp\/v2\/tags?post=168683"}],"curies":[{"name":"wp","href":"https:\/\/api.w.org\/{rel}","templated":true}]}}