{"id":168680,"date":"2026-01-28T21:29:28","date_gmt":"2026-01-28T21:29:28","guid":{"rendered":"https:\/\/www.nettali.com\/?p=168680"},"modified":"2026-01-28T21:29:28","modified_gmt":"2026-01-28T21:29:28","slug":"anniversaire-de-motsepe-la-page-de-la-caf-envahie-de-critiques","status":"publish","type":"post","link":"https:\/\/www.nettali.com\/2026\/01\/28\/anniversaire-de-motsepe-la-page-de-la-caf-envahie-de-critiques\/","title":{"rendered":"ANNIVERSAIRE DE MOTSEPE - La page de la CAF envahie de critiques"},"content":{"rendered":"<p style=\"text-align: left;\"><strong>NETTALI.COM - Le pr\u00e9sident de la Conf\u00e9d\u00e9ration africaine de football (CAF), Patrice Motsepe, f\u00eate ce 28 janvier 2026 son 64e anniversaire de naissance. L\u2019Institution qu\u2019il dirige a voulu lui rendre un hommage \u00e0 travers un message honorifique, symbolique. \"<em>Joyeux anniversaire pr\u00e9sident de la CAF, Dr Patrice Motsepe\"<\/em>, peut-on lire sur la page Facebook de l\u2019Organisation.<\/strong><\/p>\n<p>Malheureusement, contrairement \u00e0 la coutume, en lieu et place de messages bienveillants, une myriade d\u2019internautes, en majorit\u00e9 s\u00e9n\u00e9galais, ont attaqu\u00e9 le post (\u00e0 travers des quolibets, des mises en gardes...) pour lui rappeler, parmi plusieurs reproches, que la CAF n\u2019a pas encore f\u00e9licit\u00e9 le S\u00e9n\u00e9gal, vainqueur de la CAN.<\/p>\n<p>Moins d\u2019une heure apr\u00e8s la publication du texte, plus de 2.500 personnes ont r\u00e9agi. Parmi elles, la page \"<em>Meilleure \u00c9cole du S\u00e9n\u00e9gal<\/em>\", qui a ironis\u00e9 en \u00e9crivant \"<em>Happy corruption day<\/em>\". De son c\u00f4t\u00e9, l\u2019activiste Pape Abdoulaye Tour\u00e9 (environ 100.000 abonn\u00e9s) a non seulement tir\u00e9 sur Patrice Motsepe, mais \u00e9galement, il a mis en doute la cr\u00e9dibilit\u00e9 de l\u2019Institution. \"<em>Vous \u00eates une honte pour l\u2019Afrique. Je signale au monde entier qu\u2019\u00e0 ce jour aucune publication pour f\u00e9liciter les champions d\u2019Afrique (le S\u00e9n\u00e9gal) pour son sacre. Ce qui veut dire que la CAF avait programm\u00e9 la coupe pour le Maroc depuis le d\u00e9but de la comp\u00e9tition<\/em>\", a-t-il fustig\u00e9.<\/p>\n<p>L\u2019internaute Alioune Diallo, dont la publication a \u00e9t\u00e9 \"<em>lik\u00e9e<\/em>\" des dizaines de fois a quant \u00e0 lui estim\u00e9 que Motsepe est \"<em>le pire pr\u00e9sident que la CAF a connu<\/em>\", pr\u00e9cisant \u00eatre toujours \"<em>en attente des f\u00e9licitations<\/em>\" de la CAF pour le champion d\u2019Afrique.<\/p>\n<p>Pendant ce temps, Papa Douching, un r\u00e9sident de Saint-Louis (nord du S\u00e9n\u00e9gal), a donn\u00e9 un \"<em>avertissement<\/em>\" \u00e0 toute la plan\u00e8te, pr\u00e9venant qu\u2019\u00e0 la prochaine Coupe du Monde de football en juillet 2026, \"<em>toute \u00e9quipe qui joue contre le Maroc devra avoir deux gardiens, dont un pour les cages et un deuxi\u00e8me pour les serviettes<\/em>\", en r\u00e9f\u00e9rence \u00e0 la m\u00e9saventure du gardien Edouard Mendy qui a souvent \u00e9t\u00e9 priv\u00e9 de sa serviette \u00e0 cause des ramasseurs de balles et certains joueurs marocains, lors de la finale du 18 janvier 2026.<\/p>\n<p>Dans cette floraison d\u2019injures et de quolibets, Bob Noui, un supporter alg\u00e9rien s\u2019est pr\u00eat\u00e9 au jeu, en \u00e9crivant : \"<em>Happy birthday, Pr\u00e9sident marionnette<\/em>\", comme pour signifier que Patrice Motsepe est influenc\u00e9 et se laisse guider par Gianni Infantino, pr\u00e9sident de la toute puissante FIFA, fa\u00eeti\u00e8re mondiale du football.<\/p>\n<p>Ces critiques acerbes interviennent dans un contexte o\u00f9, mardi 27 janvier, le Jury disciplinaire de la CAF s\u2019est r\u00e9uni pour statuer sur les incidents, violences et \"<em>actes inacceptables<\/em>\" qui ont eu lieu lors de la finale de la CAN 2025. Selon plusieurs experts, le Maroc et le S\u00e9n\u00e9gal pourraient \u00eatre sanctionn\u00e9s.<\/p>\n<div class='share-to-whatsapp-wrapper'><div class='share-on-whsp'>PARTAGER SUR : <\/div><a data-text='ANNIVERSAIRE DE MOTSEPE - La page de la CAF envahie de critiques' data-link='https:\/\/www.nettali.com\/2026\/01\/28\/anniversaire-de-motsepe-la-page-de-la-caf-envahie-de-critiques\/' class='whatsapp-button whatsapp-share'>WhatsApp<\/a><div class='clear '><\/div><\/div>","protected":false},"excerpt":{"rendered":"<p>NETTALI.COM - Le pr\u00e9sident de la Conf\u00e9d\u00e9ration africaine de football (CAF), Patrice Motsepe, f\u00eate ce 28 janvier 2026 son 64e anniversaire de naissance. L\u2019Institution qu\u2019il dirige a voulu lui rendre un hommage \u00e0 travers un message honorifique, symbolique. \"Joyeux anniversaire pr\u00e9sident de la CAF, Dr Patrice Motsepe\", peut-on lire sur la page Facebook de l\u2019Organisation. [&hellip;]<\/p>\n","protected":false},"author":5,"featured_media":168681,"comment_status":"open","ping_status":"open","sticky":false,"template":"","format":"standard","meta":{"_et_pb_use_builder":"","_et_pb_old_content":""},"categories":[6],"tags":[],"yoast_head":"<!-- This site is optimized with the Yoast SEO Premium plugin v17.8 (Yoast SEO v17.8) - https:\/\/yoast.com\/wordpress\/plugins\/seo\/ -->\n<title>ANNIVERSAIRE DE MOTSEPE - La page de la CAF envahie de critiques | Nettali.com<\/title>\n<meta name=\"robots\" content=\"index, follow, max-snippet:-1, max-image-preview:large, max-video-preview:-1\" \/>\n<link rel=\"canonical\" href=\"https:\/\/www.nettali.com\/2026\/01\/28\/anniversaire-de-motsepe-la-page-de-la-caf-envahie-de-critiques\/\" \/>\n<meta property=\"og:locale\" content=\"fr_FR\" \/>\n<meta property=\"og:type\" content=\"article\" \/>\n<meta property=\"og:title\" content=\"ANNIVERSAIRE DE MOTSEPE - La page de la CAF envahie de critiques\" \/>\n<meta property=\"og:description\" content=\"NETTALI.COM - Le pr\u00e9sident de la Conf\u00e9d\u00e9ration africaine de football (CAF), Patrice Motsepe, f\u00eate ce 28 janvier 2026 son 64e anniversaire de naissance. L\u2019Institution qu\u2019il dirige a voulu lui rendre un hommage \u00e0 travers un message honorifique, symbolique. &quot;Joyeux anniversaire pr\u00e9sident de la CAF, Dr Patrice Motsepe&quot;, peut-on lire sur la page Facebook de l\u2019Organisation. [&hellip;]\" \/>\n<meta property=\"og:url\" content=\"https:\/\/www.nettali.com\/2026\/01\/28\/anniversaire-de-motsepe-la-page-de-la-caf-envahie-de-critiques\/\" \/>\n<meta property=\"og:site_name\" content=\"Nettali.com\" \/>\n<meta property=\"article:publisher\" content=\"https:\/\/www.facebook.com\/nettalicom\" \/>\n<meta property=\"article:published_time\" content=\"2026-01-28T21:29:28+00:00\" \/>\n<meta property=\"og:image\" content=\"https:\/\/www.nettali.com\/wp-content\/uploads\/2026\/01\/caf-president-x8051.jpg\" \/>\n\t<meta property=\"og:image:width\" content=\"1920\" \/>\n\t<meta property=\"og:image:height\" content=\"1058\" \/>\n<meta name=\"twitter:card\" content=\"summary_large_image\" \/>\n<meta name=\"twitter:label1\" content=\"\u00c9crit par\" \/>\n\t<meta name=\"twitter:data1\" content=\"Ibrahima\" \/>\n\t<meta name=\"twitter:label2\" content=\"Dur\u00e9e de lecture estim\u00e9e\" \/>\n\t<meta name=\"twitter:data2\" content=\"3 minutes\" \/>\n<script type=\"application\/ld+json\" class=\"yoast-schema-graph\">{\"@context\":\"https:\/\/schema.org\",\"@graph\":[{\"@type\":\"WebSite\",\"@id\":\"https:\/\/www.nettali.com\/#website\",\"url\":\"https:\/\/www.nettali.com\/\",\"name\":\"Nettali.com\",\"description\":\"Le rendez-vous critique du Net\",\"potentialAction\":[{\"@type\":\"SearchAction\",\"target\":{\"@type\":\"EntryPoint\",\"urlTemplate\":\"https:\/\/www.nettali.com\/?s={search_term_string}\"},\"query-input\":\"required name=search_term_string\"}],\"inLanguage\":\"fr-FR\"},{\"@type\":\"ImageObject\",\"@id\":\"https:\/\/www.nettali.com\/2026\/01\/28\/anniversaire-de-motsepe-la-page-de-la-caf-envahie-de-critiques\/#primaryimage\",\"inLanguage\":\"fr-FR\",\"url\":\"https:\/\/www.nettali.com\/wp-content\/uploads\/2026\/01\/caf-president-x8051.jpg\",\"contentUrl\":\"https:\/\/www.nettali.com\/wp-content\/uploads\/2026\/01\/caf-president-x8051.jpg\",\"width\":1920,\"height\":1058},{\"@type\":\"WebPage\",\"@id\":\"https:\/\/www.nettali.com\/2026\/01\/28\/anniversaire-de-motsepe-la-page-de-la-caf-envahie-de-critiques\/#webpage\",\"url\":\"https:\/\/www.nettali.com\/2026\/01\/28\/anniversaire-de-motsepe-la-page-de-la-caf-envahie-de-critiques\/\",\"name\":\"ANNIVERSAIRE DE MOTSEPE - La page de la CAF envahie de critiques | Nettali.com\",\"isPartOf\":{\"@id\":\"https:\/\/www.nettali.com\/#website\"},\"primaryImageOfPage\":{\"@id\":\"https:\/\/www.nettali.com\/2026\/01\/28\/anniversaire-de-motsepe-la-page-de-la-caf-envahie-de-critiques\/#primaryimage\"},\"datePublished\":\"2026-01-28T21:29:28+00:00\",\"dateModified\":\"2026-01-28T21:29:28+00:00\",\"author\":{\"@id\":\"https:\/\/www.nettali.com\/#\/schema\/person\/bb147657c2986240405a608162b9bb23\"},\"breadcrumb\":{\"@id\":\"https:\/\/www.nettali.com\/2026\/01\/28\/anniversaire-de-motsepe-la-page-de-la-caf-envahie-de-critiques\/#breadcrumb\"},\"inLanguage\":\"fr-FR\",\"potentialAction\":[{\"@type\":\"ReadAction\",\"target\":[\"https:\/\/www.nettali.com\/2026\/01\/28\/anniversaire-de-motsepe-la-page-de-la-caf-envahie-de-critiques\/\"]}]},{\"@type\":\"BreadcrumbList\",\"@id\":\"https:\/\/www.nettali.com\/2026\/01\/28\/anniversaire-de-motsepe-la-page-de-la-caf-envahie-de-critiques\/#breadcrumb\",\"itemListElement\":[{\"@type\":\"ListItem\",\"position\":1,\"name\":\"Accueil\",\"item\":\"https:\/\/www.nettali.com\/\"},{\"@type\":\"ListItem\",\"position\":2,\"name\":\"ANNIVERSAIRE DE MOTSEPE - La page de la CAF envahie de critiques\"}]},{\"@type\":\"Person\",\"@id\":\"https:\/\/www.nettali.com\/#\/schema\/person\/bb147657c2986240405a608162b9bb23\",\"name\":\"Ibrahima\",\"image\":{\"@type\":\"ImageObject\",\"@id\":\"https:\/\/www.nettali.com\/#personlogo\",\"inLanguage\":\"fr-FR\",\"url\":\"https:\/\/secure.gravatar.com\/avatar\/26a8a81f09f0dd7624c9d5c36c9ba3a2?s=96&d=mm&r=g\",\"contentUrl\":\"https:\/\/secure.gravatar.com\/avatar\/26a8a81f09f0dd7624c9d5c36c9ba3a2?s=96&d=mm&r=g\",\"caption\":\"Ibrahima\"},\"sameAs\":[\"https:\/\/www.nettali.com\"]}]}<\/script>\n<!-- \/ Yoast SEO Premium plugin. -->","yoast_head_json":{"title":"ANNIVERSAIRE DE MOTSEPE - La page de la CAF envahie de critiques | Nettali.com","robots":{"index":"index","follow":"follow","max-snippet":"max-snippet:-1","max-image-preview":"max-image-preview:large","max-video-preview":"max-video-preview:-1"},"canonical":"https:\/\/www.nettali.com\/2026\/01\/28\/anniversaire-de-motsepe-la-page-de-la-caf-envahie-de-critiques\/","og_locale":"fr_FR","og_type":"article","og_title":"ANNIVERSAIRE DE MOTSEPE - La page de la CAF envahie de critiques","og_description":"NETTALI.COM - Le pr\u00e9sident de la Conf\u00e9d\u00e9ration africaine de football (CAF), Patrice Motsepe, f\u00eate ce 28 janvier 2026 son 64e anniversaire de naissance. L\u2019Institution qu\u2019il dirige a voulu lui rendre un hommage \u00e0 travers un message honorifique, symbolique. \"Joyeux anniversaire pr\u00e9sident de la CAF, Dr Patrice Motsepe\", peut-on lire sur la page Facebook de l\u2019Organisation. [&hellip;]","og_url":"https:\/\/www.nettali.com\/2026\/01\/28\/anniversaire-de-motsepe-la-page-de-la-caf-envahie-de-critiques\/","og_site_name":"Nettali.com","article_publisher":"https:\/\/www.facebook.com\/nettalicom","article_published_time":"2026-01-28T21:29:28+00:00","og_image":[{"width":1920,"height":1058,"url":"https:\/\/www.nettali.com\/wp-content\/uploads\/2026\/01\/caf-president-x8051.jpg","type":"image\/jpeg"}],"twitter_card":"summary_large_image","twitter_misc":{"\u00c9crit par":"Ibrahima","Dur\u00e9e de lecture estim\u00e9e":"3 minutes"},"schema":{"@context":"https:\/\/schema.org","@graph":[{"@type":"WebSite","@id":"https:\/\/www.nettali.com\/#website","url":"https:\/\/www.nettali.com\/","name":"Nettali.com","description":"Le rendez-vous critique du Net","potentialAction":[{"@type":"SearchAction","target":{"@type":"EntryPoint","urlTemplate":"https:\/\/www.nettali.com\/?s={search_term_string}"},"query-input":"required name=search_term_string"}],"inLanguage":"fr-FR"},{"@type":"ImageObject","@id":"https:\/\/www.nettali.com\/2026\/01\/28\/anniversaire-de-motsepe-la-page-de-la-caf-envahie-de-critiques\/#primaryimage","inLanguage":"fr-FR","url":"https:\/\/www.nettali.com\/wp-content\/uploads\/2026\/01\/caf-president-x8051.jpg","contentUrl":"https:\/\/www.nettali.com\/wp-content\/uploads\/2026\/01\/caf-president-x8051.jpg","width":1920,"height":1058},{"@type":"WebPage","@id":"https:\/\/www.nettali.com\/2026\/01\/28\/anniversaire-de-motsepe-la-page-de-la-caf-envahie-de-critiques\/#webpage","url":"https:\/\/www.nettali.com\/2026\/01\/28\/anniversaire-de-motsepe-la-page-de-la-caf-envahie-de-critiques\/","name":"ANNIVERSAIRE DE MOTSEPE - La page de la CAF envahie de critiques | Nettali.com","isPartOf":{"@id":"https:\/\/www.nettali.com\/#website"},"primaryImageOfPage":{"@id":"https:\/\/www.nettali.com\/2026\/01\/28\/anniversaire-de-motsepe-la-page-de-la-caf-envahie-de-critiques\/#primaryimage"},"datePublished":"2026-01-28T21:29:28+00:00","dateModified":"2026-01-28T21:29:28+00:00","author":{"@id":"https:\/\/www.nettali.com\/#\/schema\/person\/bb147657c2986240405a608162b9bb23"},"breadcrumb":{"@id":"https:\/\/www.nettali.com\/2026\/01\/28\/anniversaire-de-motsepe-la-page-de-la-caf-envahie-de-critiques\/#breadcrumb"},"inLanguage":"fr-FR","potentialAction":[{"@type":"ReadAction","target":["https:\/\/www.nettali.com\/2026\/01\/28\/anniversaire-de-motsepe-la-page-de-la-caf-envahie-de-critiques\/"]}]},{"@type":"BreadcrumbList","@id":"https:\/\/www.nettali.com\/2026\/01\/28\/anniversaire-de-motsepe-la-page-de-la-caf-envahie-de-critiques\/#breadcrumb","itemListElement":[{"@type":"ListItem","position":1,"name":"Accueil","item":"https:\/\/www.nettali.com\/"},{"@type":"ListItem","position":2,"name":"ANNIVERSAIRE DE MOTSEPE - La page de la CAF envahie de critiques"}]},{"@type":"Person","@id":"https:\/\/www.nettali.com\/#\/schema\/person\/bb147657c2986240405a608162b9bb23","name":"Ibrahima","image":{"@type":"ImageObject","@id":"https:\/\/www.nettali.com\/#personlogo","inLanguage":"fr-FR","url":"https:\/\/secure.gravatar.com\/avatar\/26a8a81f09f0dd7624c9d5c36c9ba3a2?s=96&d=mm&r=g","contentUrl":"https:\/\/secure.gravatar.com\/avatar\/26a8a81f09f0dd7624c9d5c36c9ba3a2?s=96&d=mm&r=g","caption":"Ibrahima"},"sameAs":["https:\/\/www.nettali.com"]}]}},"_links":{"self":[{"href":"https:\/\/www.nettali.com\/rest\/wp\/v2\/posts\/168680"}],"collection":[{"href":"https:\/\/www.nettali.com\/rest\/wp\/v2\/posts"}],"about":[{"href":"https:\/\/www.nettali.com\/rest\/wp\/v2\/types\/post"}],"author":[{"embeddable":true,"href":"https:\/\/www.nettali.com\/rest\/wp\/v2\/users\/5"}],"replies":[{"embeddable":true,"href":"https:\/\/www.nettali.com\/rest\/wp\/v2\/comments?post=168680"}],"version-history":[{"count":1,"href":"https:\/\/www.nettali.com\/rest\/wp\/v2\/posts\/168680\/revisions"}],"predecessor-version":[{"id":168682,"href":"https:\/\/www.nettali.com\/rest\/wp\/v2\/posts\/168680\/revisions\/168682"}],"wp:featuredmedia":[{"embeddable":true,"href":"https:\/\/www.nettali.com\/rest\/wp\/v2\/media\/168681"}],"wp:attachment":[{"href":"https:\/\/www.nettali.com\/rest\/wp\/v2\/media?parent=168680"}],"wp:term":[{"taxonomy":"category","embeddable":true,"href":"https:\/\/www.nettali.com\/rest\/wp\/v2\/categories?post=168680"},{"taxonomy":"post_tag","embeddable":true,"href":"https:\/\/www.nettali.com\/rest\/wp\/v2\/tags?post=168680"}],"curies":[{"name":"wp","href":"https:\/\/api.w.org\/{rel}","templated":true}]}}