{"id":168676,"date":"2026-01-28T21:23:13","date_gmt":"2026-01-28T21:23:13","guid":{"rendered":"https:\/\/www.nettali.com\/?p=168676"},"modified":"2026-01-28T21:23:13","modified_gmt":"2026-01-28T21:23:13","slug":"education-le-g7-boude-encore-les-classes","status":"publish","type":"post","link":"https:\/\/www.nettali.com\/2026\/01\/28\/education-le-g7-boude-encore-les-classes\/","title":{"rendered":"\u00c9DUCATION - Le G7 boude encore les classes"},"content":{"rendered":"<p><strong>NETTALI.COM - Le G7 poursuit la pression pour faire aboutir ses revendications, notamment la fin de la surimposition et des lenteurs administratives . Ce mercredi 28 janvier 2026, les sept syndicats les plus repr\u00e9sentatifs de l'\u00e9ducation ont boycott\u00e9 les \u00e9valuations. Ce jeudi 29 janvier , ils observent en d\u00e9brayage et vendredi une gr\u00e8ve. <\/strong><\/p>\n<p>Les sept syndicats les plus repr\u00e9sentatifs de l'\u00e9ducation d\u00e9roulent leur troisi\u00e8me plan d'action afin d'obtenir la satisfaction de leurs revendications.<\/p>\n<p>\u00ab <em>Des efforts ont \u00e9t\u00e9 faits, mais il reste encore, et ce qui est demand\u00e9, reste pour nous une question de justice sociale. La suite du plan d'action, c'est qu'\u00e0 partir d'aujourd'hui, nous avons d\u00e9cid\u00e9 de boycotter tout ce qui a trait aux compositions, aux \u00e9valuations standardis\u00e9es, mais tout ce qui a trait justement aux activit\u00e9s extras jusqu'aux cellules d'animation p\u00e9dagogiques<\/em> \u00bb a lanc\u00e9 le secr\u00e9taire g\u00e9n\u00e9ral dudit syndicats Hadimou Di\u00e9diou.<\/p>\n<p>Il ajoute : \u00ab <em>Ce jeudi, nous observons un d\u00e9brayage \u00e0 partir de 9 heures et vendredi, on va boucler ce troisi\u00e8me plan d'action par une gr\u00e8ve totale de ce vendredi-l\u00e0. Nous esp\u00e9rons simplement et esp\u00e9rons que le gouvernement continuera les efforts qui sont en train d'\u00eatre not\u00e9s pour parachever la situation, mais ensemble nous mettre comme un seul homme sur la dynamique de refondation de notre syst\u00e8me \u00e9ducatif s\u00e9n\u00e9galais<\/em> \u00bb.<\/p>\n<p>Pour lui , il y a encore des aspects qui restent. \u00ab <em>Nous avons estim\u00e9 qu'il faut maintenir le cap, mais aller dans le sens d'exiger du gouvernement la r\u00e9solution de ces aspects qui restent, la situation des d\u00e9cisionnaires, mais exiger du gouvernement \u00e9galement l'arr\u00eat des surimpositions, la fin des lenteurs administratives qui plombent injustement la carri\u00e8re des enseignants, mais r\u00e9gler \u00e9galement la question des budgets d'\u00e9tablissement, les \u00e9tablissements s\u00e9n\u00e9galais qui sont en Gambie particuli\u00e8rement, dont le statut n\u00e9cessite une r\u00e9vision<\/em> \u00bb.<\/p>\n<p>&nbsp;<\/p>\n<p>&nbsp;<\/p>\n<p>&nbsp;<\/p>\n<p>&nbsp;<\/p>\n<p>&nbsp;<\/p>\n<p>&nbsp;<\/p>\n<p>&nbsp;<\/p>\n<p>&nbsp;<\/p>\n<p>&nbsp;<\/p>\n<div class='share-to-whatsapp-wrapper'><div class='share-on-whsp'>PARTAGER SUR : <\/div><a data-text='\u00c9DUCATION - Le G7 boude encore les classes' data-link='https:\/\/www.nettali.com\/2026\/01\/28\/education-le-g7-boude-encore-les-classes\/' class='whatsapp-button whatsapp-share'>WhatsApp<\/a><div class='clear '><\/div><\/div>","protected":false},"excerpt":{"rendered":"<p>NETTALI.COM - Le G7 poursuit la pression pour faire aboutir ses revendications, notamment la fin de la surimposition et des lenteurs administratives . Ce mercredi 28 janvier 2026, les sept syndicats les plus repr\u00e9sentatifs de l'\u00e9ducation ont boycott\u00e9 les \u00e9valuations. Ce jeudi 29 janvier , ils observent en d\u00e9brayage et vendredi une gr\u00e8ve. Les sept [&hellip;]<\/p>\n","protected":false},"author":6,"featured_media":148868,"comment_status":"open","ping_status":"open","sticky":false,"template":"","format":"standard","meta":{"_et_pb_use_builder":"","_et_pb_old_content":""},"categories":[3],"tags":[],"yoast_head":"<!-- This site is optimized with the Yoast SEO Premium plugin v17.8 (Yoast SEO v17.8) - https:\/\/yoast.com\/wordpress\/plugins\/seo\/ -->\n<title>\u00c9DUCATION - Le G7 boude encore les classes | Nettali.com<\/title>\n<meta name=\"robots\" content=\"index, follow, max-snippet:-1, max-image-preview:large, max-video-preview:-1\" \/>\n<link rel=\"canonical\" href=\"https:\/\/www.nettali.com\/2026\/01\/28\/education-le-g7-boude-encore-les-classes\/\" \/>\n<meta property=\"og:locale\" content=\"fr_FR\" \/>\n<meta property=\"og:type\" content=\"article\" \/>\n<meta property=\"og:title\" content=\"\u00c9DUCATION - Le G7 boude encore les classes\" \/>\n<meta property=\"og:description\" content=\"NETTALI.COM - Le G7 poursuit la pression pour faire aboutir ses revendications, notamment la fin de la surimposition et des lenteurs administratives . Ce mercredi 28 janvier 2026, les sept syndicats les plus repr\u00e9sentatifs de l&#039;\u00e9ducation ont boycott\u00e9 les \u00e9valuations. Ce jeudi 29 janvier , ils observent en d\u00e9brayage et vendredi une gr\u00e8ve. Les sept [&hellip;]\" \/>\n<meta property=\"og:url\" content=\"https:\/\/www.nettali.com\/2026\/01\/28\/education-le-g7-boude-encore-les-classes\/\" \/>\n<meta property=\"og:site_name\" content=\"Nettali.com\" \/>\n<meta property=\"article:publisher\" content=\"https:\/\/www.facebook.com\/nettalicom\" \/>\n<meta property=\"article:published_time\" content=\"2026-01-28T21:23:13+00:00\" \/>\n<meta property=\"og:image\" content=\"https:\/\/www.nettali.com\/wp-content\/uploads\/2025\/02\/greve-etudiants-Kaolack-scaled.jpg\" \/>\n\t<meta property=\"og:image:width\" content=\"2560\" \/>\n\t<meta property=\"og:image:height\" content=\"1920\" \/>\n<meta name=\"twitter:card\" content=\"summary_large_image\" \/>\n<meta name=\"twitter:label1\" content=\"\u00c9crit par\" \/>\n\t<meta name=\"twitter:data1\" content=\"Fatou\" \/>\n\t<meta name=\"twitter:label2\" content=\"Dur\u00e9e de lecture estim\u00e9e\" \/>\n\t<meta name=\"twitter:data2\" content=\"2 minutes\" \/>\n<script type=\"application\/ld+json\" class=\"yoast-schema-graph\">{\"@context\":\"https:\/\/schema.org\",\"@graph\":[{\"@type\":\"WebSite\",\"@id\":\"https:\/\/www.nettali.com\/#website\",\"url\":\"https:\/\/www.nettali.com\/\",\"name\":\"Nettali.com\",\"description\":\"Le rendez-vous critique du Net\",\"potentialAction\":[{\"@type\":\"SearchAction\",\"target\":{\"@type\":\"EntryPoint\",\"urlTemplate\":\"https:\/\/www.nettali.com\/?s={search_term_string}\"},\"query-input\":\"required name=search_term_string\"}],\"inLanguage\":\"fr-FR\"},{\"@type\":\"ImageObject\",\"@id\":\"https:\/\/www.nettali.com\/2026\/01\/28\/education-le-g7-boude-encore-les-classes\/#primaryimage\",\"inLanguage\":\"fr-FR\",\"url\":\"https:\/\/www.nettali.com\/wp-content\/uploads\/2025\/02\/greve-etudiants-Kaolack-scaled.jpg\",\"contentUrl\":\"https:\/\/www.nettali.com\/wp-content\/uploads\/2025\/02\/greve-etudiants-Kaolack-scaled.jpg\",\"width\":2560,\"height\":1920},{\"@type\":\"WebPage\",\"@id\":\"https:\/\/www.nettali.com\/2026\/01\/28\/education-le-g7-boude-encore-les-classes\/#webpage\",\"url\":\"https:\/\/www.nettali.com\/2026\/01\/28\/education-le-g7-boude-encore-les-classes\/\",\"name\":\"\\u00c9DUCATION - Le G7 boude encore les classes | Nettali.com\",\"isPartOf\":{\"@id\":\"https:\/\/www.nettali.com\/#website\"},\"primaryImageOfPage\":{\"@id\":\"https:\/\/www.nettali.com\/2026\/01\/28\/education-le-g7-boude-encore-les-classes\/#primaryimage\"},\"datePublished\":\"2026-01-28T21:23:13+00:00\",\"dateModified\":\"2026-01-28T21:23:13+00:00\",\"author\":{\"@id\":\"https:\/\/www.nettali.com\/#\/schema\/person\/418274a86bdf87caff7a3ef476bd0bbf\"},\"breadcrumb\":{\"@id\":\"https:\/\/www.nettali.com\/2026\/01\/28\/education-le-g7-boude-encore-les-classes\/#breadcrumb\"},\"inLanguage\":\"fr-FR\",\"potentialAction\":[{\"@type\":\"ReadAction\",\"target\":[\"https:\/\/www.nettali.com\/2026\/01\/28\/education-le-g7-boude-encore-les-classes\/\"]}]},{\"@type\":\"BreadcrumbList\",\"@id\":\"https:\/\/www.nettali.com\/2026\/01\/28\/education-le-g7-boude-encore-les-classes\/#breadcrumb\",\"itemListElement\":[{\"@type\":\"ListItem\",\"position\":1,\"name\":\"Accueil\",\"item\":\"https:\/\/www.nettali.com\/\"},{\"@type\":\"ListItem\",\"position\":2,\"name\":\"\\u00c9DUCATION - Le G7 boude encore les classes\"}]},{\"@type\":\"Person\",\"@id\":\"https:\/\/www.nettali.com\/#\/schema\/person\/418274a86bdf87caff7a3ef476bd0bbf\",\"name\":\"Fatou\",\"image\":{\"@type\":\"ImageObject\",\"@id\":\"https:\/\/www.nettali.com\/#personlogo\",\"inLanguage\":\"fr-FR\",\"url\":\"https:\/\/secure.gravatar.com\/avatar\/5a9442a2bee7b4dcf167cab035858e9a?s=96&d=mm&r=g\",\"contentUrl\":\"https:\/\/secure.gravatar.com\/avatar\/5a9442a2bee7b4dcf167cab035858e9a?s=96&d=mm&r=g\",\"caption\":\"Fatou\"},\"sameAs\":[\"https:\/\/www.nettali.com\"]}]}<\/script>\n<!-- \/ Yoast SEO Premium plugin. -->","yoast_head_json":{"title":"\u00c9DUCATION - Le G7 boude encore les classes | Nettali.com","robots":{"index":"index","follow":"follow","max-snippet":"max-snippet:-1","max-image-preview":"max-image-preview:large","max-video-preview":"max-video-preview:-1"},"canonical":"https:\/\/www.nettali.com\/2026\/01\/28\/education-le-g7-boude-encore-les-classes\/","og_locale":"fr_FR","og_type":"article","og_title":"\u00c9DUCATION - Le G7 boude encore les classes","og_description":"NETTALI.COM - Le G7 poursuit la pression pour faire aboutir ses revendications, notamment la fin de la surimposition et des lenteurs administratives . Ce mercredi 28 janvier 2026, les sept syndicats les plus repr\u00e9sentatifs de l'\u00e9ducation ont boycott\u00e9 les \u00e9valuations. Ce jeudi 29 janvier , ils observent en d\u00e9brayage et vendredi une gr\u00e8ve. Les sept [&hellip;]","og_url":"https:\/\/www.nettali.com\/2026\/01\/28\/education-le-g7-boude-encore-les-classes\/","og_site_name":"Nettali.com","article_publisher":"https:\/\/www.facebook.com\/nettalicom","article_published_time":"2026-01-28T21:23:13+00:00","og_image":[{"width":2560,"height":1920,"url":"https:\/\/www.nettali.com\/wp-content\/uploads\/2025\/02\/greve-etudiants-Kaolack-scaled.jpg","type":"image\/jpeg"}],"twitter_card":"summary_large_image","twitter_misc":{"\u00c9crit par":"Fatou","Dur\u00e9e de lecture estim\u00e9e":"2 minutes"},"schema":{"@context":"https:\/\/schema.org","@graph":[{"@type":"WebSite","@id":"https:\/\/www.nettali.com\/#website","url":"https:\/\/www.nettali.com\/","name":"Nettali.com","description":"Le rendez-vous critique du Net","potentialAction":[{"@type":"SearchAction","target":{"@type":"EntryPoint","urlTemplate":"https:\/\/www.nettali.com\/?s={search_term_string}"},"query-input":"required name=search_term_string"}],"inLanguage":"fr-FR"},{"@type":"ImageObject","@id":"https:\/\/www.nettali.com\/2026\/01\/28\/education-le-g7-boude-encore-les-classes\/#primaryimage","inLanguage":"fr-FR","url":"https:\/\/www.nettali.com\/wp-content\/uploads\/2025\/02\/greve-etudiants-Kaolack-scaled.jpg","contentUrl":"https:\/\/www.nettali.com\/wp-content\/uploads\/2025\/02\/greve-etudiants-Kaolack-scaled.jpg","width":2560,"height":1920},{"@type":"WebPage","@id":"https:\/\/www.nettali.com\/2026\/01\/28\/education-le-g7-boude-encore-les-classes\/#webpage","url":"https:\/\/www.nettali.com\/2026\/01\/28\/education-le-g7-boude-encore-les-classes\/","name":"\u00c9DUCATION - Le G7 boude encore les classes | Nettali.com","isPartOf":{"@id":"https:\/\/www.nettali.com\/#website"},"primaryImageOfPage":{"@id":"https:\/\/www.nettali.com\/2026\/01\/28\/education-le-g7-boude-encore-les-classes\/#primaryimage"},"datePublished":"2026-01-28T21:23:13+00:00","dateModified":"2026-01-28T21:23:13+00:00","author":{"@id":"https:\/\/www.nettali.com\/#\/schema\/person\/418274a86bdf87caff7a3ef476bd0bbf"},"breadcrumb":{"@id":"https:\/\/www.nettali.com\/2026\/01\/28\/education-le-g7-boude-encore-les-classes\/#breadcrumb"},"inLanguage":"fr-FR","potentialAction":[{"@type":"ReadAction","target":["https:\/\/www.nettali.com\/2026\/01\/28\/education-le-g7-boude-encore-les-classes\/"]}]},{"@type":"BreadcrumbList","@id":"https:\/\/www.nettali.com\/2026\/01\/28\/education-le-g7-boude-encore-les-classes\/#breadcrumb","itemListElement":[{"@type":"ListItem","position":1,"name":"Accueil","item":"https:\/\/www.nettali.com\/"},{"@type":"ListItem","position":2,"name":"\u00c9DUCATION - Le G7 boude encore les classes"}]},{"@type":"Person","@id":"https:\/\/www.nettali.com\/#\/schema\/person\/418274a86bdf87caff7a3ef476bd0bbf","name":"Fatou","image":{"@type":"ImageObject","@id":"https:\/\/www.nettali.com\/#personlogo","inLanguage":"fr-FR","url":"https:\/\/secure.gravatar.com\/avatar\/5a9442a2bee7b4dcf167cab035858e9a?s=96&d=mm&r=g","contentUrl":"https:\/\/secure.gravatar.com\/avatar\/5a9442a2bee7b4dcf167cab035858e9a?s=96&d=mm&r=g","caption":"Fatou"},"sameAs":["https:\/\/www.nettali.com"]}]}},"_links":{"self":[{"href":"https:\/\/www.nettali.com\/rest\/wp\/v2\/posts\/168676"}],"collection":[{"href":"https:\/\/www.nettali.com\/rest\/wp\/v2\/posts"}],"about":[{"href":"https:\/\/www.nettali.com\/rest\/wp\/v2\/types\/post"}],"author":[{"embeddable":true,"href":"https:\/\/www.nettali.com\/rest\/wp\/v2\/users\/6"}],"replies":[{"embeddable":true,"href":"https:\/\/www.nettali.com\/rest\/wp\/v2\/comments?post=168676"}],"version-history":[{"count":3,"href":"https:\/\/www.nettali.com\/rest\/wp\/v2\/posts\/168676\/revisions"}],"predecessor-version":[{"id":168679,"href":"https:\/\/www.nettali.com\/rest\/wp\/v2\/posts\/168676\/revisions\/168679"}],"wp:featuredmedia":[{"embeddable":true,"href":"https:\/\/www.nettali.com\/rest\/wp\/v2\/media\/148868"}],"wp:attachment":[{"href":"https:\/\/www.nettali.com\/rest\/wp\/v2\/media?parent=168676"}],"wp:term":[{"taxonomy":"category","embeddable":true,"href":"https:\/\/www.nettali.com\/rest\/wp\/v2\/categories?post=168676"},{"taxonomy":"post_tag","embeddable":true,"href":"https:\/\/www.nettali.com\/rest\/wp\/v2\/tags?post=168676"}],"curies":[{"name":"wp","href":"https:\/\/api.w.org\/{rel}","templated":true}]}}