{"id":168674,"date":"2026-01-28T16:09:51","date_gmt":"2026-01-28T16:09:51","guid":{"rendered":"https:\/\/www.nettali.com\/?p=168674"},"modified":"2026-01-28T21:39:59","modified_gmt":"2026-01-28T21:39:59","slug":"affaire-prodac-la-chambre-daccusation-ordonne-le-placement-de-pape-malick-ndour-sous-mandat-de-depot","status":"publish","type":"post","link":"https:\/\/www.nettali.com\/2026\/01\/28\/affaire-prodac-la-chambre-daccusation-ordonne-le-placement-de-pape-malick-ndour-sous-mandat-de-depot\/","title":{"rendered":"AFFAIRE PRODAC\u00a0 : La chambre d'accusation ordonne le placement de Pape Malick Ndour sous mandat de d\u00e9p\u00f4t"},"content":{"rendered":"<div class=\"flex flex-col text-sm pb-25\">\n<article class=\"text-token-text-primary w-full focus:outline-none [--shadow-height:45px] has-data-writing-block:pointer-events-none has-data-writing-block:-mt-(--shadow-height) has-data-writing-block:pt-(--shadow-height) [&amp;:has([data-writing-block])&gt;*]:pointer-events-auto scroll-mt-[calc(var(--header-height)+min(200px,max(70px,20svh)))]\" dir=\"auto\" tabindex=\"-1\" data-turn-id=\"request-68ffa248-a2f4-832d-baed-167b3ed11d47-9\" data-testid=\"conversation-turn-250\" data-scroll-anchor=\"true\" data-turn=\"assistant\">\n<div class=\"text-base my-auto mx-auto pb-10 [--thread-content-margin:--spacing(4)] @w-sm\/main:[--thread-content-margin:--spacing(6)] @w-lg\/main:[--thread-content-margin:--spacing(16)] px-(--thread-content-margin)\">\n<div class=\"[--thread-content-max-width:40rem] @w-lg\/main:[--thread-content-max-width:48rem] mx-auto max-w-(--thread-content-max-width) flex-1 group\/turn-messages focus-visible:outline-hidden relative flex w-full min-w-0 flex-col agent-turn\" tabindex=\"-1\">\n<div class=\"flex max-w-full flex-col grow\">\n<div class=\"min-h-8 text-message relative flex w-full flex-col items-end gap-2 text-start break-words whitespace-normal [.text-message+&amp;]:mt-1\" dir=\"auto\" data-message-author-role=\"assistant\" data-message-id=\"1669eca1-2c35-4b72-b10e-1effdf9a66c2\" data-message-model-slug=\"gpt-5-2\">\n<div class=\"flex w-full flex-col gap-1 empty:hidden first:pt-[1px]\">\n<div class=\"markdown prose dark:prose-invert w-full wrap-break-word light markdown-new-styling\">\n<p data-start=\"201\" data-end=\"477\"><strong data-start=\"201\" data-end=\"477\">NETTALI.COM - La chambre d\u2019accusation du Pool judiciaire financier a donn\u00e9 suite \u00e0 la requ\u00eate du parquet financier en ordonnant le mandat de d\u00e9p\u00f4t contre l\u2019ancien ministre Pape Malick Ndour, poursuivi dans le cadre du dossier du Programme des domaines agricoles communautaires (Prodac).<\/strong><\/p>\n<p data-start=\"479\" data-end=\"782\">Le parquet judiciaire financier a finalement obtenu gain de cause. Apr\u00e8s avoir contest\u00e9 la d\u00e9cision du juge d\u2019instruction accordant une libert\u00e9 provisoire assortie d\u2019un bracelet \u00e9lectronique \u00e0 Pape Malick Ndour, le minist\u00e8re public a vu sa demande de mandat de d\u00e9p\u00f4t valid\u00e9e par la chambre d\u2019accusation.<\/p>\n<p data-start=\"784\" data-end=\"1066\">Inculp\u00e9 pour association de malfaiteurs, escroquerie sur des deniers publics et blanchiment de capitaux, l\u2019ancien ministre sous le r\u00e9gime de Macky Sall est mis en cause dans la gestion du Prodac, un programme embl\u00e9matique destin\u00e9 au d\u00e9veloppement agricole communautaire.<\/p>\n<p data-start=\"1068\" data-end=\"1488\">Le 7 novembre 2025, \u00e0 l\u2019issue de son audition devant le doyen des juges d\u2019instruction du Pool judiciaire financier, Idrissa Diarra, Pape Malick Ndour avait b\u00e9n\u00e9fici\u00e9 d\u2019une mesure de libert\u00e9 provisoire avec port d\u2019un bracelet \u00e9lectronique. Une d\u00e9cision qui n\u2019avait pas convaincu le parquet financier, lequel avait requis un mandat de d\u00e9p\u00f4t ferme, estimant que le juge d\u2019instruction n\u2019avait pas suivi son r\u00e9quisitoire.<\/p>\n<p data-start=\"1490\" data-end=\"1771\">Conform\u00e9ment aux dispositions proc\u00e9durales, le parquet avait interjet\u00e9 appel dans le d\u00e9lai l\u00e9gal de cinq jours. L\u2019examen de cet appel par la chambre d\u2019accusation a d\u00e9bouch\u00e9 sur l\u2019infirmation de la d\u00e9cision initiale et l\u2019ordonnance d\u2019un mandat de d\u00e9p\u00f4t.<\/p>\n<p data-start=\"1773\" data-end=\"1966\" data-is-last-node=\"\" data-is-only-node=\"\">Les avocats de l'inculp\u00e9 ont d\u00e9cid\u00e9 de se pourvoir en cassation.<\/p>\n<\/div>\n<\/div>\n<\/div>\n<\/div>\n<div class=\"z-0 flex min-h-[46px] justify-start\"><\/div>\n<div class=\"mt-3 w-full empty:hidden\">\n<div class=\"text-center\"><\/div>\n<\/div>\n<\/div>\n<\/div>\n<\/article>\n<\/div>\n<div class=\"pointer-events-none h-px w-px absolute bottom-0\" aria-hidden=\"true\" data-edge=\"true\"><\/div>\n<div class='share-to-whatsapp-wrapper'><div class='share-on-whsp'>PARTAGER SUR : <\/div><a data-text='AFFAIRE PRODAC\u00a0 : La chambre d'accusation ordonne le placement de Pape Malick Ndour sous mandat de d\u00e9p\u00f4t' data-link='https:\/\/www.nettali.com\/2026\/01\/28\/affaire-prodac-la-chambre-daccusation-ordonne-le-placement-de-pape-malick-ndour-sous-mandat-de-depot\/' class='whatsapp-button whatsapp-share'>WhatsApp<\/a><div class='clear '><\/div><\/div>","protected":false},"excerpt":{"rendered":"<p>NETTALI.COM - La chambre d\u2019accusation du Pool judiciaire financier a donn\u00e9 suite \u00e0 la requ\u00eate du parquet financier en ordonnant le mandat de d\u00e9p\u00f4t contre l\u2019ancien ministre Pape Malick Ndour, poursuivi dans le cadre du dossier du Programme des domaines agricoles communautaires (Prodac). Le parquet judiciaire financier a finalement obtenu gain de cause. Apr\u00e8s avoir [&hellip;]<\/p>\n","protected":false},"author":4,"featured_media":163435,"comment_status":"open","ping_status":"open","sticky":false,"template":"","format":"standard","meta":{"_et_pb_use_builder":"","_et_pb_old_content":""},"categories":[3],"tags":[],"yoast_head":"<!-- This site is optimized with the Yoast SEO Premium plugin v17.8 (Yoast SEO v17.8) - https:\/\/yoast.com\/wordpress\/plugins\/seo\/ -->\n<title>AFFAIRE PRODAC\u00a0 : La chambre d&#039;accusation ordonne le placement de Pape Malick Ndour sous mandat de d\u00e9p\u00f4t | Nettali.com<\/title>\n<meta name=\"robots\" content=\"index, follow, max-snippet:-1, max-image-preview:large, max-video-preview:-1\" \/>\n<link rel=\"canonical\" href=\"https:\/\/www.nettali.com\/2026\/01\/28\/affaire-prodac-la-chambre-daccusation-ordonne-le-placement-de-pape-malick-ndour-sous-mandat-de-depot\/\" \/>\n<meta property=\"og:locale\" content=\"fr_FR\" \/>\n<meta property=\"og:type\" content=\"article\" \/>\n<meta property=\"og:title\" content=\"AFFAIRE PRODAC\u00a0 : La chambre d&#039;accusation ordonne le placement de Pape Malick Ndour sous mandat de d\u00e9p\u00f4t\" \/>\n<meta property=\"og:description\" content=\"NETTALI.COM - La chambre d\u2019accusation du Pool judiciaire financier a donn\u00e9 suite \u00e0 la requ\u00eate du parquet financier en ordonnant le mandat de d\u00e9p\u00f4t contre l\u2019ancien ministre Pape Malick Ndour, poursuivi dans le cadre du dossier du Programme des domaines agricoles communautaires (Prodac). Le parquet judiciaire financier a finalement obtenu gain de cause. Apr\u00e8s avoir [&hellip;]\" \/>\n<meta property=\"og:url\" content=\"https:\/\/www.nettali.com\/2026\/01\/28\/affaire-prodac-la-chambre-daccusation-ordonne-le-placement-de-pape-malick-ndour-sous-mandat-de-depot\/\" \/>\n<meta property=\"og:site_name\" content=\"Nettali.com\" \/>\n<meta property=\"article:publisher\" content=\"https:\/\/www.facebook.com\/nettalicom\" \/>\n<meta property=\"article:published_time\" content=\"2026-01-28T16:09:51+00:00\" \/>\n<meta property=\"article:modified_time\" content=\"2026-01-28T21:39:59+00:00\" \/>\n<meta property=\"og:image\" content=\"https:\/\/www.nettali.com\/wp-content\/uploads\/2025\/10\/Pape-Malick-Ndour.jpg\" \/>\n\t<meta property=\"og:image:width\" content=\"1290\" \/>\n\t<meta property=\"og:image:height\" content=\"936\" \/>\n<meta name=\"twitter:card\" content=\"summary_large_image\" \/>\n<meta name=\"twitter:label1\" content=\"\u00c9crit par\" \/>\n\t<meta name=\"twitter:data1\" content=\"Daouda\" \/>\n\t<meta name=\"twitter:label2\" content=\"Dur\u00e9e de lecture estim\u00e9e\" \/>\n\t<meta name=\"twitter:data2\" content=\"1 minute\" \/>\n<script type=\"application\/ld+json\" class=\"yoast-schema-graph\">{\"@context\":\"https:\/\/schema.org\",\"@graph\":[{\"@type\":\"WebSite\",\"@id\":\"https:\/\/www.nettali.com\/#website\",\"url\":\"https:\/\/www.nettali.com\/\",\"name\":\"Nettali.com\",\"description\":\"Le rendez-vous critique du Net\",\"potentialAction\":[{\"@type\":\"SearchAction\",\"target\":{\"@type\":\"EntryPoint\",\"urlTemplate\":\"https:\/\/www.nettali.com\/?s={search_term_string}\"},\"query-input\":\"required name=search_term_string\"}],\"inLanguage\":\"fr-FR\"},{\"@type\":\"ImageObject\",\"@id\":\"https:\/\/www.nettali.com\/2026\/01\/28\/affaire-prodac-la-chambre-daccusation-ordonne-le-placement-de-pape-malick-ndour-sous-mandat-de-depot\/#primaryimage\",\"inLanguage\":\"fr-FR\",\"url\":\"https:\/\/www.nettali.com\/wp-content\/uploads\/2025\/10\/Pape-Malick-Ndour.jpg\",\"contentUrl\":\"https:\/\/www.nettali.com\/wp-content\/uploads\/2025\/10\/Pape-Malick-Ndour.jpg\",\"width\":1290,\"height\":936},{\"@type\":\"WebPage\",\"@id\":\"https:\/\/www.nettali.com\/2026\/01\/28\/affaire-prodac-la-chambre-daccusation-ordonne-le-placement-de-pape-malick-ndour-sous-mandat-de-depot\/#webpage\",\"url\":\"https:\/\/www.nettali.com\/2026\/01\/28\/affaire-prodac-la-chambre-daccusation-ordonne-le-placement-de-pape-malick-ndour-sous-mandat-de-depot\/\",\"name\":\"AFFAIRE PRODAC\\u00a0 : La chambre d'accusation ordonne le placement de Pape Malick Ndour sous mandat de d\\u00e9p\\u00f4t | Nettali.com\",\"isPartOf\":{\"@id\":\"https:\/\/www.nettali.com\/#website\"},\"primaryImageOfPage\":{\"@id\":\"https:\/\/www.nettali.com\/2026\/01\/28\/affaire-prodac-la-chambre-daccusation-ordonne-le-placement-de-pape-malick-ndour-sous-mandat-de-depot\/#primaryimage\"},\"datePublished\":\"2026-01-28T16:09:51+00:00\",\"dateModified\":\"2026-01-28T21:39:59+00:00\",\"author\":{\"@id\":\"https:\/\/www.nettali.com\/#\/schema\/person\/3317e0bb3aa1da309fbf7b2780901bf4\"},\"breadcrumb\":{\"@id\":\"https:\/\/www.nettali.com\/2026\/01\/28\/affaire-prodac-la-chambre-daccusation-ordonne-le-placement-de-pape-malick-ndour-sous-mandat-de-depot\/#breadcrumb\"},\"inLanguage\":\"fr-FR\",\"potentialAction\":[{\"@type\":\"ReadAction\",\"target\":[\"https:\/\/www.nettali.com\/2026\/01\/28\/affaire-prodac-la-chambre-daccusation-ordonne-le-placement-de-pape-malick-ndour-sous-mandat-de-depot\/\"]}]},{\"@type\":\"BreadcrumbList\",\"@id\":\"https:\/\/www.nettali.com\/2026\/01\/28\/affaire-prodac-la-chambre-daccusation-ordonne-le-placement-de-pape-malick-ndour-sous-mandat-de-depot\/#breadcrumb\",\"itemListElement\":[{\"@type\":\"ListItem\",\"position\":1,\"name\":\"Accueil\",\"item\":\"https:\/\/www.nettali.com\/\"},{\"@type\":\"ListItem\",\"position\":2,\"name\":\"AFFAIRE PRODAC\\u00a0 : La chambre d'accusation ordonne le placement de Pape Malick Ndour sous mandat de d\\u00e9p\\u00f4t\"}]},{\"@type\":\"Person\",\"@id\":\"https:\/\/www.nettali.com\/#\/schema\/person\/3317e0bb3aa1da309fbf7b2780901bf4\",\"name\":\"Daouda\",\"image\":{\"@type\":\"ImageObject\",\"@id\":\"https:\/\/www.nettali.com\/#personlogo\",\"inLanguage\":\"fr-FR\",\"url\":\"https:\/\/secure.gravatar.com\/avatar\/8d143b5a49345098ddcfee1c49c2f47c?s=96&d=mm&r=g\",\"contentUrl\":\"https:\/\/secure.gravatar.com\/avatar\/8d143b5a49345098ddcfee1c49c2f47c?s=96&d=mm&r=g\",\"caption\":\"Daouda\"},\"sameAs\":[\"https:\/\/www.nettali.com\"]}]}<\/script>\n<!-- \/ Yoast SEO Premium plugin. -->","yoast_head_json":{"title":"AFFAIRE PRODAC\u00a0 : La chambre d'accusation ordonne le placement de Pape Malick Ndour sous mandat de d\u00e9p\u00f4t | Nettali.com","robots":{"index":"index","follow":"follow","max-snippet":"max-snippet:-1","max-image-preview":"max-image-preview:large","max-video-preview":"max-video-preview:-1"},"canonical":"https:\/\/www.nettali.com\/2026\/01\/28\/affaire-prodac-la-chambre-daccusation-ordonne-le-placement-de-pape-malick-ndour-sous-mandat-de-depot\/","og_locale":"fr_FR","og_type":"article","og_title":"AFFAIRE PRODAC\u00a0 : La chambre d'accusation ordonne le placement de Pape Malick Ndour sous mandat de d\u00e9p\u00f4t","og_description":"NETTALI.COM - La chambre d\u2019accusation du Pool judiciaire financier a donn\u00e9 suite \u00e0 la requ\u00eate du parquet financier en ordonnant le mandat de d\u00e9p\u00f4t contre l\u2019ancien ministre Pape Malick Ndour, poursuivi dans le cadre du dossier du Programme des domaines agricoles communautaires (Prodac). Le parquet judiciaire financier a finalement obtenu gain de cause. Apr\u00e8s avoir [&hellip;]","og_url":"https:\/\/www.nettali.com\/2026\/01\/28\/affaire-prodac-la-chambre-daccusation-ordonne-le-placement-de-pape-malick-ndour-sous-mandat-de-depot\/","og_site_name":"Nettali.com","article_publisher":"https:\/\/www.facebook.com\/nettalicom","article_published_time":"2026-01-28T16:09:51+00:00","article_modified_time":"2026-01-28T21:39:59+00:00","og_image":[{"width":1290,"height":936,"url":"https:\/\/www.nettali.com\/wp-content\/uploads\/2025\/10\/Pape-Malick-Ndour.jpg","type":"image\/jpeg"}],"twitter_card":"summary_large_image","twitter_misc":{"\u00c9crit par":"Daouda","Dur\u00e9e de lecture estim\u00e9e":"1 minute"},"schema":{"@context":"https:\/\/schema.org","@graph":[{"@type":"WebSite","@id":"https:\/\/www.nettali.com\/#website","url":"https:\/\/www.nettali.com\/","name":"Nettali.com","description":"Le rendez-vous critique du Net","potentialAction":[{"@type":"SearchAction","target":{"@type":"EntryPoint","urlTemplate":"https:\/\/www.nettali.com\/?s={search_term_string}"},"query-input":"required name=search_term_string"}],"inLanguage":"fr-FR"},{"@type":"ImageObject","@id":"https:\/\/www.nettali.com\/2026\/01\/28\/affaire-prodac-la-chambre-daccusation-ordonne-le-placement-de-pape-malick-ndour-sous-mandat-de-depot\/#primaryimage","inLanguage":"fr-FR","url":"https:\/\/www.nettali.com\/wp-content\/uploads\/2025\/10\/Pape-Malick-Ndour.jpg","contentUrl":"https:\/\/www.nettali.com\/wp-content\/uploads\/2025\/10\/Pape-Malick-Ndour.jpg","width":1290,"height":936},{"@type":"WebPage","@id":"https:\/\/www.nettali.com\/2026\/01\/28\/affaire-prodac-la-chambre-daccusation-ordonne-le-placement-de-pape-malick-ndour-sous-mandat-de-depot\/#webpage","url":"https:\/\/www.nettali.com\/2026\/01\/28\/affaire-prodac-la-chambre-daccusation-ordonne-le-placement-de-pape-malick-ndour-sous-mandat-de-depot\/","name":"AFFAIRE PRODAC\u00a0 : La chambre d'accusation ordonne le placement de Pape Malick Ndour sous mandat de d\u00e9p\u00f4t | Nettali.com","isPartOf":{"@id":"https:\/\/www.nettali.com\/#website"},"primaryImageOfPage":{"@id":"https:\/\/www.nettali.com\/2026\/01\/28\/affaire-prodac-la-chambre-daccusation-ordonne-le-placement-de-pape-malick-ndour-sous-mandat-de-depot\/#primaryimage"},"datePublished":"2026-01-28T16:09:51+00:00","dateModified":"2026-01-28T21:39:59+00:00","author":{"@id":"https:\/\/www.nettali.com\/#\/schema\/person\/3317e0bb3aa1da309fbf7b2780901bf4"},"breadcrumb":{"@id":"https:\/\/www.nettali.com\/2026\/01\/28\/affaire-prodac-la-chambre-daccusation-ordonne-le-placement-de-pape-malick-ndour-sous-mandat-de-depot\/#breadcrumb"},"inLanguage":"fr-FR","potentialAction":[{"@type":"ReadAction","target":["https:\/\/www.nettali.com\/2026\/01\/28\/affaire-prodac-la-chambre-daccusation-ordonne-le-placement-de-pape-malick-ndour-sous-mandat-de-depot\/"]}]},{"@type":"BreadcrumbList","@id":"https:\/\/www.nettali.com\/2026\/01\/28\/affaire-prodac-la-chambre-daccusation-ordonne-le-placement-de-pape-malick-ndour-sous-mandat-de-depot\/#breadcrumb","itemListElement":[{"@type":"ListItem","position":1,"name":"Accueil","item":"https:\/\/www.nettali.com\/"},{"@type":"ListItem","position":2,"name":"AFFAIRE PRODAC\u00a0 : La chambre d'accusation ordonne le placement de Pape Malick Ndour sous mandat de d\u00e9p\u00f4t"}]},{"@type":"Person","@id":"https:\/\/www.nettali.com\/#\/schema\/person\/3317e0bb3aa1da309fbf7b2780901bf4","name":"Daouda","image":{"@type":"ImageObject","@id":"https:\/\/www.nettali.com\/#personlogo","inLanguage":"fr-FR","url":"https:\/\/secure.gravatar.com\/avatar\/8d143b5a49345098ddcfee1c49c2f47c?s=96&d=mm&r=g","contentUrl":"https:\/\/secure.gravatar.com\/avatar\/8d143b5a49345098ddcfee1c49c2f47c?s=96&d=mm&r=g","caption":"Daouda"},"sameAs":["https:\/\/www.nettali.com"]}]}},"_links":{"self":[{"href":"https:\/\/www.nettali.com\/rest\/wp\/v2\/posts\/168674"}],"collection":[{"href":"https:\/\/www.nettali.com\/rest\/wp\/v2\/posts"}],"about":[{"href":"https:\/\/www.nettali.com\/rest\/wp\/v2\/types\/post"}],"author":[{"embeddable":true,"href":"https:\/\/www.nettali.com\/rest\/wp\/v2\/users\/4"}],"replies":[{"embeddable":true,"href":"https:\/\/www.nettali.com\/rest\/wp\/v2\/comments?post=168674"}],"version-history":[{"count":1,"href":"https:\/\/www.nettali.com\/rest\/wp\/v2\/posts\/168674\/revisions"}],"predecessor-version":[{"id":168675,"href":"https:\/\/www.nettali.com\/rest\/wp\/v2\/posts\/168674\/revisions\/168675"}],"wp:featuredmedia":[{"embeddable":true,"href":"https:\/\/www.nettali.com\/rest\/wp\/v2\/media\/163435"}],"wp:attachment":[{"href":"https:\/\/www.nettali.com\/rest\/wp\/v2\/media?parent=168674"}],"wp:term":[{"taxonomy":"category","embeddable":true,"href":"https:\/\/www.nettali.com\/rest\/wp\/v2\/categories?post=168674"},{"taxonomy":"post_tag","embeddable":true,"href":"https:\/\/www.nettali.com\/rest\/wp\/v2\/tags?post=168674"}],"curies":[{"name":"wp","href":"https:\/\/api.w.org\/{rel}","templated":true}]}}