{"id":168672,"date":"2026-01-28T15:59:20","date_gmt":"2026-01-28T15:59:20","guid":{"rendered":"https:\/\/www.nettali.com\/?p=168672"},"modified":"2026-01-28T15:59:20","modified_gmt":"2026-01-28T15:59:20","slug":"violences-politiques-de-2021-a-2024-la-raddho-plaide-pour-la-prise-en-charge-des-victimes","status":"publish","type":"post","link":"https:\/\/www.nettali.com\/2026\/01\/28\/violences-politiques-de-2021-a-2024-la-raddho-plaide-pour-la-prise-en-charge-des-victimes\/","title":{"rendered":"VIOLENCES POLITIQUES DE 2021 \u00c0 2024 - La RADDHO plaide pour la prise en charge des victimes"},"content":{"rendered":"<p><strong>NETTALI.COM-\u00a0La Rencontre africaine pour la d\u00e9fense des droits de l\u2019homme (RADDHO) a plaid\u00e9, ce mercredi, pour une prise en charge m\u00e9dicale et psychologique des victimes des violences politiques survenues au S\u00e9n\u00e9gal entre 2021 et 2024. <\/strong><\/p>\n<p>Selon la coordonnatrice r\u00e9gionale de la Rencontre africaine pour la d\u00e9fense des droits de l\u2019homme (RADDHO) , Nd\u00e8ye Saly Sy Niang, il ne peut y avoir de paix durable sans justice. En ce sens elle a plaid\u00e9 plaide pour la prise en charge des victimes des violences politiques allant de 2021 \u00e0 2024.<\/p>\n<p>\u00ab <em>La RADDHO demande la prise en charge m\u00e9dicale et psychologique de toutes les victimes recens\u00e9es ainsi qu\u2019une indemnisation juste et transparente pour les familles ayant subi des pertes<\/em> \u00bb a indiqu\u00e9 Nd\u00e8ye Saly Sy Niang.<\/p>\n<p>\u200eElle a \u00e9galement insist\u00e9 sur la r\u00e9habilitation des jeunes injustement arr\u00eat\u00e9s et la garantie d\u2019un proc\u00e8s \u00e9quitable pour tous, soulignant qu\u2019 \u00ab<em> il ne peut y avoir de r\u00e9conciliation durable sans v\u00e9rit\u00e9, ni de paix durable sans justice<\/em> \u00bb.<\/p>\n<p>Les victimes des manifestations sociopolitiques de 2021 \u00e0 2024, notamment les jeunes interpell\u00e9s lors de ces \u00e9v\u00e9nements, sont toujours en attente de justice, a rappel\u00e9 la coordonnatrice r\u00e9gionale de la RADDHO.<\/p>\n<p>\u200e\u200eCes violences, a t-elle dit poursuivi, ont profond\u00e9ment marqu\u00e9 la r\u00e9gion de Diourbel, avec leur lot de bless\u00e9s, de d\u00e9tentions arbitraires et de traumatismes psychologiques, dont les cons\u00e9quences continuent de peser sur la vie quotidienne de nombreuses familles.<\/p>\n<p>Soulignant les efforts de l\u2019\u00c9tat en faveur du soutien aux victimes des manifestations politiques, Nd\u00e8ye Saly Sy Dieng regrette, toutefois, que \u00ab <em>beaucoup de bless\u00e9s n\u2019ont b\u00e9n\u00e9fici\u00e9 d\u2019aucune assistance<\/em> \u00bb.<\/p>\n<p>&nbsp;<\/p>\n<p>&nbsp;<\/p>\n<p>&nbsp;<\/p>\n<p>&nbsp;<\/p>\n<p>&nbsp;<\/p>\n<p>&nbsp;<\/p>\n<p>&nbsp;<\/p>\n<p>&nbsp;<\/p>\n<p>&nbsp;<\/p>\n<div class='share-to-whatsapp-wrapper'><div class='share-on-whsp'>PARTAGER SUR : <\/div><a data-text='VIOLENCES POLITIQUES DE 2021 \u00c0 2024 - La RADDHO plaide pour la prise en charge des victimes' data-link='https:\/\/www.nettali.com\/2026\/01\/28\/violences-politiques-de-2021-a-2024-la-raddho-plaide-pour-la-prise-en-charge-des-victimes\/' class='whatsapp-button whatsapp-share'>WhatsApp<\/a><div class='clear '><\/div><\/div>","protected":false},"excerpt":{"rendered":"<p>NETTALI.COM-\u00a0La Rencontre africaine pour la d\u00e9fense des droits de l\u2019homme (RADDHO) a plaid\u00e9, ce mercredi, pour une prise en charge m\u00e9dicale et psychologique des victimes des violences politiques survenues au S\u00e9n\u00e9gal entre 2021 et 2024. Selon la coordonnatrice r\u00e9gionale de la Rencontre africaine pour la d\u00e9fense des droits de l\u2019homme (RADDHO) , Nd\u00e8ye Saly Sy [&hellip;]<\/p>\n","protected":false},"author":6,"featured_media":96162,"comment_status":"open","ping_status":"open","sticky":false,"template":"","format":"standard","meta":{"_et_pb_use_builder":"","_et_pb_old_content":""},"categories":[2],"tags":[],"yoast_head":"<!-- This site is optimized with the Yoast SEO Premium plugin v17.8 (Yoast SEO v17.8) - https:\/\/yoast.com\/wordpress\/plugins\/seo\/ -->\n<title>VIOLENCES POLITIQUES DE 2021 \u00c0 2024 - La RADDHO plaide pour la prise en charge des victimes | Nettali.com<\/title>\n<meta name=\"robots\" content=\"index, follow, max-snippet:-1, max-image-preview:large, max-video-preview:-1\" \/>\n<link rel=\"canonical\" href=\"https:\/\/www.nettali.com\/2026\/01\/28\/violences-politiques-de-2021-a-2024-la-raddho-plaide-pour-la-prise-en-charge-des-victimes\/\" \/>\n<meta property=\"og:locale\" content=\"fr_FR\" \/>\n<meta property=\"og:type\" content=\"article\" \/>\n<meta property=\"og:title\" content=\"VIOLENCES POLITIQUES DE 2021 \u00c0 2024 - La RADDHO plaide pour la prise en charge des victimes\" \/>\n<meta property=\"og:description\" content=\"NETTALI.COM-\u00a0La Rencontre africaine pour la d\u00e9fense des droits de l\u2019homme (RADDHO) a plaid\u00e9, ce mercredi, pour une prise en charge m\u00e9dicale et psychologique des victimes des violences politiques survenues au S\u00e9n\u00e9gal entre 2021 et 2024. Selon la coordonnatrice r\u00e9gionale de la Rencontre africaine pour la d\u00e9fense des droits de l\u2019homme (RADDHO) , Nd\u00e8ye Saly Sy [&hellip;]\" \/>\n<meta property=\"og:url\" content=\"https:\/\/www.nettali.com\/2026\/01\/28\/violences-politiques-de-2021-a-2024-la-raddho-plaide-pour-la-prise-en-charge-des-victimes\/\" \/>\n<meta property=\"og:site_name\" content=\"Nettali.com\" \/>\n<meta property=\"article:publisher\" content=\"https:\/\/www.facebook.com\/nettalicom\" \/>\n<meta property=\"article:published_time\" content=\"2026-01-28T15:59:20+00:00\" \/>\n<meta property=\"og:image\" content=\"https:\/\/www.nettali.com\/wp-content\/uploads\/2022\/10\/Violences-au-Tchad.jpg\" \/>\n\t<meta property=\"og:image:width\" content=\"1200\" \/>\n\t<meta property=\"og:image:height\" content=\"630\" \/>\n<meta name=\"twitter:card\" content=\"summary_large_image\" \/>\n<meta name=\"twitter:label1\" content=\"\u00c9crit par\" \/>\n\t<meta name=\"twitter:data1\" content=\"Fatou\" \/>\n\t<meta name=\"twitter:label2\" content=\"Dur\u00e9e de lecture estim\u00e9e\" \/>\n\t<meta name=\"twitter:data2\" content=\"2 minutes\" \/>\n<script type=\"application\/ld+json\" class=\"yoast-schema-graph\">{\"@context\":\"https:\/\/schema.org\",\"@graph\":[{\"@type\":\"WebSite\",\"@id\":\"https:\/\/www.nettali.com\/#website\",\"url\":\"https:\/\/www.nettali.com\/\",\"name\":\"Nettali.com\",\"description\":\"Le rendez-vous critique du Net\",\"potentialAction\":[{\"@type\":\"SearchAction\",\"target\":{\"@type\":\"EntryPoint\",\"urlTemplate\":\"https:\/\/www.nettali.com\/?s={search_term_string}\"},\"query-input\":\"required name=search_term_string\"}],\"inLanguage\":\"fr-FR\"},{\"@type\":\"ImageObject\",\"@id\":\"https:\/\/www.nettali.com\/2026\/01\/28\/violences-politiques-de-2021-a-2024-la-raddho-plaide-pour-la-prise-en-charge-des-victimes\/#primaryimage\",\"inLanguage\":\"fr-FR\",\"url\":\"https:\/\/www.nettali.com\/wp-content\/uploads\/2022\/10\/Violences-au-Tchad.jpg\",\"contentUrl\":\"https:\/\/www.nettali.com\/wp-content\/uploads\/2022\/10\/Violences-au-Tchad.jpg\",\"width\":1200,\"height\":630},{\"@type\":\"WebPage\",\"@id\":\"https:\/\/www.nettali.com\/2026\/01\/28\/violences-politiques-de-2021-a-2024-la-raddho-plaide-pour-la-prise-en-charge-des-victimes\/#webpage\",\"url\":\"https:\/\/www.nettali.com\/2026\/01\/28\/violences-politiques-de-2021-a-2024-la-raddho-plaide-pour-la-prise-en-charge-des-victimes\/\",\"name\":\"VIOLENCES POLITIQUES DE 2021 \\u00c0 2024 - La RADDHO plaide pour la prise en charge des victimes | Nettali.com\",\"isPartOf\":{\"@id\":\"https:\/\/www.nettali.com\/#website\"},\"primaryImageOfPage\":{\"@id\":\"https:\/\/www.nettali.com\/2026\/01\/28\/violences-politiques-de-2021-a-2024-la-raddho-plaide-pour-la-prise-en-charge-des-victimes\/#primaryimage\"},\"datePublished\":\"2026-01-28T15:59:20+00:00\",\"dateModified\":\"2026-01-28T15:59:20+00:00\",\"author\":{\"@id\":\"https:\/\/www.nettali.com\/#\/schema\/person\/418274a86bdf87caff7a3ef476bd0bbf\"},\"breadcrumb\":{\"@id\":\"https:\/\/www.nettali.com\/2026\/01\/28\/violences-politiques-de-2021-a-2024-la-raddho-plaide-pour-la-prise-en-charge-des-victimes\/#breadcrumb\"},\"inLanguage\":\"fr-FR\",\"potentialAction\":[{\"@type\":\"ReadAction\",\"target\":[\"https:\/\/www.nettali.com\/2026\/01\/28\/violences-politiques-de-2021-a-2024-la-raddho-plaide-pour-la-prise-en-charge-des-victimes\/\"]}]},{\"@type\":\"BreadcrumbList\",\"@id\":\"https:\/\/www.nettali.com\/2026\/01\/28\/violences-politiques-de-2021-a-2024-la-raddho-plaide-pour-la-prise-en-charge-des-victimes\/#breadcrumb\",\"itemListElement\":[{\"@type\":\"ListItem\",\"position\":1,\"name\":\"Accueil\",\"item\":\"https:\/\/www.nettali.com\/\"},{\"@type\":\"ListItem\",\"position\":2,\"name\":\"VIOLENCES POLITIQUES DE 2021 \\u00c0 2024 - La RADDHO plaide pour la prise en charge des victimes\"}]},{\"@type\":\"Person\",\"@id\":\"https:\/\/www.nettali.com\/#\/schema\/person\/418274a86bdf87caff7a3ef476bd0bbf\",\"name\":\"Fatou\",\"image\":{\"@type\":\"ImageObject\",\"@id\":\"https:\/\/www.nettali.com\/#personlogo\",\"inLanguage\":\"fr-FR\",\"url\":\"https:\/\/secure.gravatar.com\/avatar\/5a9442a2bee7b4dcf167cab035858e9a?s=96&d=mm&r=g\",\"contentUrl\":\"https:\/\/secure.gravatar.com\/avatar\/5a9442a2bee7b4dcf167cab035858e9a?s=96&d=mm&r=g\",\"caption\":\"Fatou\"},\"sameAs\":[\"https:\/\/www.nettali.com\"]}]}<\/script>\n<!-- \/ Yoast SEO Premium plugin. -->","yoast_head_json":{"title":"VIOLENCES POLITIQUES DE 2021 \u00c0 2024 - La RADDHO plaide pour la prise en charge des victimes | Nettali.com","robots":{"index":"index","follow":"follow","max-snippet":"max-snippet:-1","max-image-preview":"max-image-preview:large","max-video-preview":"max-video-preview:-1"},"canonical":"https:\/\/www.nettali.com\/2026\/01\/28\/violences-politiques-de-2021-a-2024-la-raddho-plaide-pour-la-prise-en-charge-des-victimes\/","og_locale":"fr_FR","og_type":"article","og_title":"VIOLENCES POLITIQUES DE 2021 \u00c0 2024 - La RADDHO plaide pour la prise en charge des victimes","og_description":"NETTALI.COM-\u00a0La Rencontre africaine pour la d\u00e9fense des droits de l\u2019homme (RADDHO) a plaid\u00e9, ce mercredi, pour une prise en charge m\u00e9dicale et psychologique des victimes des violences politiques survenues au S\u00e9n\u00e9gal entre 2021 et 2024. Selon la coordonnatrice r\u00e9gionale de la Rencontre africaine pour la d\u00e9fense des droits de l\u2019homme (RADDHO) , Nd\u00e8ye Saly Sy [&hellip;]","og_url":"https:\/\/www.nettali.com\/2026\/01\/28\/violences-politiques-de-2021-a-2024-la-raddho-plaide-pour-la-prise-en-charge-des-victimes\/","og_site_name":"Nettali.com","article_publisher":"https:\/\/www.facebook.com\/nettalicom","article_published_time":"2026-01-28T15:59:20+00:00","og_image":[{"width":1200,"height":630,"url":"https:\/\/www.nettali.com\/wp-content\/uploads\/2022\/10\/Violences-au-Tchad.jpg","type":"image\/jpeg"}],"twitter_card":"summary_large_image","twitter_misc":{"\u00c9crit par":"Fatou","Dur\u00e9e de lecture estim\u00e9e":"2 minutes"},"schema":{"@context":"https:\/\/schema.org","@graph":[{"@type":"WebSite","@id":"https:\/\/www.nettali.com\/#website","url":"https:\/\/www.nettali.com\/","name":"Nettali.com","description":"Le rendez-vous critique du Net","potentialAction":[{"@type":"SearchAction","target":{"@type":"EntryPoint","urlTemplate":"https:\/\/www.nettali.com\/?s={search_term_string}"},"query-input":"required name=search_term_string"}],"inLanguage":"fr-FR"},{"@type":"ImageObject","@id":"https:\/\/www.nettali.com\/2026\/01\/28\/violences-politiques-de-2021-a-2024-la-raddho-plaide-pour-la-prise-en-charge-des-victimes\/#primaryimage","inLanguage":"fr-FR","url":"https:\/\/www.nettali.com\/wp-content\/uploads\/2022\/10\/Violences-au-Tchad.jpg","contentUrl":"https:\/\/www.nettali.com\/wp-content\/uploads\/2022\/10\/Violences-au-Tchad.jpg","width":1200,"height":630},{"@type":"WebPage","@id":"https:\/\/www.nettali.com\/2026\/01\/28\/violences-politiques-de-2021-a-2024-la-raddho-plaide-pour-la-prise-en-charge-des-victimes\/#webpage","url":"https:\/\/www.nettali.com\/2026\/01\/28\/violences-politiques-de-2021-a-2024-la-raddho-plaide-pour-la-prise-en-charge-des-victimes\/","name":"VIOLENCES POLITIQUES DE 2021 \u00c0 2024 - La RADDHO plaide pour la prise en charge des victimes | Nettali.com","isPartOf":{"@id":"https:\/\/www.nettali.com\/#website"},"primaryImageOfPage":{"@id":"https:\/\/www.nettali.com\/2026\/01\/28\/violences-politiques-de-2021-a-2024-la-raddho-plaide-pour-la-prise-en-charge-des-victimes\/#primaryimage"},"datePublished":"2026-01-28T15:59:20+00:00","dateModified":"2026-01-28T15:59:20+00:00","author":{"@id":"https:\/\/www.nettali.com\/#\/schema\/person\/418274a86bdf87caff7a3ef476bd0bbf"},"breadcrumb":{"@id":"https:\/\/www.nettali.com\/2026\/01\/28\/violences-politiques-de-2021-a-2024-la-raddho-plaide-pour-la-prise-en-charge-des-victimes\/#breadcrumb"},"inLanguage":"fr-FR","potentialAction":[{"@type":"ReadAction","target":["https:\/\/www.nettali.com\/2026\/01\/28\/violences-politiques-de-2021-a-2024-la-raddho-plaide-pour-la-prise-en-charge-des-victimes\/"]}]},{"@type":"BreadcrumbList","@id":"https:\/\/www.nettali.com\/2026\/01\/28\/violences-politiques-de-2021-a-2024-la-raddho-plaide-pour-la-prise-en-charge-des-victimes\/#breadcrumb","itemListElement":[{"@type":"ListItem","position":1,"name":"Accueil","item":"https:\/\/www.nettali.com\/"},{"@type":"ListItem","position":2,"name":"VIOLENCES POLITIQUES DE 2021 \u00c0 2024 - La RADDHO plaide pour la prise en charge des victimes"}]},{"@type":"Person","@id":"https:\/\/www.nettali.com\/#\/schema\/person\/418274a86bdf87caff7a3ef476bd0bbf","name":"Fatou","image":{"@type":"ImageObject","@id":"https:\/\/www.nettali.com\/#personlogo","inLanguage":"fr-FR","url":"https:\/\/secure.gravatar.com\/avatar\/5a9442a2bee7b4dcf167cab035858e9a?s=96&d=mm&r=g","contentUrl":"https:\/\/secure.gravatar.com\/avatar\/5a9442a2bee7b4dcf167cab035858e9a?s=96&d=mm&r=g","caption":"Fatou"},"sameAs":["https:\/\/www.nettali.com"]}]}},"_links":{"self":[{"href":"https:\/\/www.nettali.com\/rest\/wp\/v2\/posts\/168672"}],"collection":[{"href":"https:\/\/www.nettali.com\/rest\/wp\/v2\/posts"}],"about":[{"href":"https:\/\/www.nettali.com\/rest\/wp\/v2\/types\/post"}],"author":[{"embeddable":true,"href":"https:\/\/www.nettali.com\/rest\/wp\/v2\/users\/6"}],"replies":[{"embeddable":true,"href":"https:\/\/www.nettali.com\/rest\/wp\/v2\/comments?post=168672"}],"version-history":[{"count":1,"href":"https:\/\/www.nettali.com\/rest\/wp\/v2\/posts\/168672\/revisions"}],"predecessor-version":[{"id":168673,"href":"https:\/\/www.nettali.com\/rest\/wp\/v2\/posts\/168672\/revisions\/168673"}],"wp:featuredmedia":[{"embeddable":true,"href":"https:\/\/www.nettali.com\/rest\/wp\/v2\/media\/96162"}],"wp:attachment":[{"href":"https:\/\/www.nettali.com\/rest\/wp\/v2\/media?parent=168672"}],"wp:term":[{"taxonomy":"category","embeddable":true,"href":"https:\/\/www.nettali.com\/rest\/wp\/v2\/categories?post=168672"},{"taxonomy":"post_tag","embeddable":true,"href":"https:\/\/www.nettali.com\/rest\/wp\/v2\/tags?post=168672"}],"curies":[{"name":"wp","href":"https:\/\/api.w.org\/{rel}","templated":true}]}}