{"id":168656,"date":"2026-01-28T17:02:57","date_gmt":"2026-01-28T17:02:57","guid":{"rendered":"https:\/\/www.nettali.com\/?p=168656"},"modified":"2026-01-28T09:03:44","modified_gmt":"2026-01-28T09:03:44","slug":"reddition-des-comptes-sous-macky-sall-pourquoi-la-traque-sest-arretee-a-karim-wade","status":"publish","type":"post","link":"https:\/\/www.nettali.com\/2026\/01\/28\/reddition-des-comptes-sous-macky-sall-pourquoi-la-traque-sest-arretee-a-karim-wade\/","title":{"rendered":"REDDITION DES COMPTES SOUS MACKY SALL - Pourquoi la traque s\u2019est arr\u00eat\u00e9e \u00e0 Karim Wade"},"content":{"rendered":"<p><strong>NETTALI.COM -<\/strong> <strong>Lors de la pr\u00e9sentation, le mardi 27 janvier, de son livre intitul\u00e9 : \u201c101 discours d\u2019espoir : plaidoyer pour un monde meilleur\u201d, l\u2019ancien Premier ministre Me Sidiki Kaba est revenu, en tant qu\u2019acteur cl\u00e9 du r\u00e9gime de Macky Sall, sur la traque des biens mal acquis et a expliqu\u00e9 pourquoi elle s'est arr\u00eat\u00e9e \u00e0 Karim Wade.<\/strong><\/p>\n<p>Face aux journalistes, l\u2019ancien ministre de la Justice est revenu sur la traque des biens mal acquis en faisant quelques confidences. Pour lui, s\u2019il \u00e9tait ministre de la Justice plus t\u00f4t, la Cour de r\u00e9pression de l\u2019enrichissement illicite n\u2019aurait \u00e9t\u00e9 jamais r\u00e9activ\u00e9e. Rappelant qu\u2019il a pris la justice alors que Karim Wade \u00e9tait d\u00e9j\u00e0 en d\u00e9tention, il d\u00e9clare : \u201c<em>Quand je suis venu, il y avait une liste de 25 personnes qu\u2019on devait poursuivre. Moi j\u2019ai dit au Pr\u00e9sident Macky Sall que ce n\u2019est pas une bonne chose, si vous voulez travailler, ce n\u2019est pas la voie. C\u2019est pourquoi il n\u2019y a eu personne \u00e0 part Karim Wade. J\u2019ai dit non, on ne peut pas poursuivre sur la base de la meute populaire.<\/em>\u201d<\/p>\n<p>L\u2019ancien PM est aussi revenu sur certaines accusations \u00e0 l\u2019\u00e9poque farfelues contre certaines personnalit\u00e9s du r\u00e9gime lib\u00e9ral. Il a donn\u00e9 l\u2019exemple de Me Ousmane Ngom \u00e0 qui on reprochait un immeuble dont le titre foncier \u00e9tait au nom de son p\u00e8re. \u201c<em>Tout ce que je vois c\u2019est plus des cris d\u2019orfraie qui n\u2019ont rien \u00e0 voir avec la r\u00e9alit\u00e9. Il est plus facile d\u2019accuser que de regarder les faits<\/em>\u201d, a-t-il soulign\u00e9, relevant la ressemblance avec le climat actuel : \u201c<em>Nous assistons au m\u00eame d\u00e9bat aujourd\u2019hui et je pense que les juges ont trouv\u00e9 la voie. Petit \u00e0 petit, tout le monde sera lib\u00e9r\u00e9. Malheureusement, ils ont \u00e9t\u00e9 mis en prison injustement.<\/em>\u201d<\/p>\n<p>\u00c0 la question de savoir si ces affaires n\u2019ont pas un peu terni son parcours, il a rappel\u00e9 les fronti\u00e8res entre les pr\u00e9rogatives du ministre de la Justice et l\u2019ind\u00e9pendance des juges. \u201c<em>Quand on est ministre de la Justice, on n\u2019a pas une prise sur les magistrats. Je pense que ceux qui semblaient l\u2019ignorer sont en train d\u2019en faire la douloureuse exp\u00e9rience<\/em>\u201d, persiste l\u2019ancien Premier ministre, ancien Garde des Sceaux du r\u00e9gime du pr\u00e9sident Macky Sall.<\/p>\n<div class='share-to-whatsapp-wrapper'><div class='share-on-whsp'>PARTAGER SUR : <\/div><a data-text='REDDITION DES COMPTES SOUS MACKY SALL - Pourquoi la traque s\u2019est arr\u00eat\u00e9e \u00e0 Karim Wade' data-link='https:\/\/www.nettali.com\/2026\/01\/28\/reddition-des-comptes-sous-macky-sall-pourquoi-la-traque-sest-arretee-a-karim-wade\/' class='whatsapp-button whatsapp-share'>WhatsApp<\/a><div class='clear '><\/div><\/div>","protected":false},"excerpt":{"rendered":"<p>NETTALI.COM - Lors de la pr\u00e9sentation, le mardi 27 janvier, de son livre intitul\u00e9 : \u201c101 discours d\u2019espoir : plaidoyer pour un monde meilleur\u201d, l\u2019ancien Premier ministre Me Sidiki Kaba est revenu, en tant qu\u2019acteur cl\u00e9 du r\u00e9gime de Macky Sall, sur la traque des biens mal acquis et a expliqu\u00e9 pourquoi elle s'est arr\u00eat\u00e9e [&hellip;]<\/p>\n","protected":false},"author":2,"featured_media":168658,"comment_status":"open","ping_status":"open","sticky":false,"template":"","format":"standard","meta":{"_et_pb_use_builder":"","_et_pb_old_content":""},"categories":[2],"tags":[],"yoast_head":"<!-- This site is optimized with the Yoast SEO Premium plugin v17.8 (Yoast SEO v17.8) - https:\/\/yoast.com\/wordpress\/plugins\/seo\/ -->\n<title>REDDITION DES COMPTES SOUS MACKY SALL - Pourquoi la traque s\u2019est arr\u00eat\u00e9e \u00e0 Karim Wade | Nettali.com<\/title>\n<meta name=\"robots\" content=\"index, follow, max-snippet:-1, max-image-preview:large, max-video-preview:-1\" \/>\n<link rel=\"canonical\" href=\"https:\/\/www.nettali.com\/2026\/01\/28\/reddition-des-comptes-sous-macky-sall-pourquoi-la-traque-sest-arretee-a-karim-wade\/\" \/>\n<meta property=\"og:locale\" content=\"fr_FR\" \/>\n<meta property=\"og:type\" content=\"article\" \/>\n<meta property=\"og:title\" content=\"REDDITION DES COMPTES SOUS MACKY SALL - Pourquoi la traque s\u2019est arr\u00eat\u00e9e \u00e0 Karim Wade\" \/>\n<meta property=\"og:description\" content=\"NETTALI.COM - Lors de la pr\u00e9sentation, le mardi 27 janvier, de son livre intitul\u00e9 : \u201c101 discours d\u2019espoir : plaidoyer pour un monde meilleur\u201d, l\u2019ancien Premier ministre Me Sidiki Kaba est revenu, en tant qu\u2019acteur cl\u00e9 du r\u00e9gime de Macky Sall, sur la traque des biens mal acquis et a expliqu\u00e9 pourquoi elle s&#039;est arr\u00eat\u00e9e [&hellip;]\" \/>\n<meta property=\"og:url\" content=\"https:\/\/www.nettali.com\/2026\/01\/28\/reddition-des-comptes-sous-macky-sall-pourquoi-la-traque-sest-arretee-a-karim-wade\/\" \/>\n<meta property=\"og:site_name\" content=\"Nettali.com\" \/>\n<meta property=\"article:publisher\" content=\"https:\/\/www.facebook.com\/nettalicom\" \/>\n<meta property=\"article:published_time\" content=\"2026-01-28T17:02:57+00:00\" \/>\n<meta property=\"article:modified_time\" content=\"2026-01-28T09:03:44+00:00\" \/>\n<meta property=\"og:image\" content=\"https:\/\/www.nettali.com\/wp-content\/uploads\/2026\/01\/karim-wade-afp.jpg\" \/>\n\t<meta property=\"og:image:width\" content=\"1280\" \/>\n\t<meta property=\"og:image:height\" content=\"720\" \/>\n<meta name=\"twitter:card\" content=\"summary_large_image\" \/>\n<meta name=\"twitter:label1\" content=\"\u00c9crit par\" \/>\n\t<meta name=\"twitter:data1\" content=\"CK\" \/>\n\t<meta name=\"twitter:label2\" content=\"Dur\u00e9e de lecture estim\u00e9e\" \/>\n\t<meta name=\"twitter:data2\" content=\"2 minutes\" \/>\n<script type=\"application\/ld+json\" class=\"yoast-schema-graph\">{\"@context\":\"https:\/\/schema.org\",\"@graph\":[{\"@type\":\"WebSite\",\"@id\":\"https:\/\/www.nettali.com\/#website\",\"url\":\"https:\/\/www.nettali.com\/\",\"name\":\"Nettali.com\",\"description\":\"Le rendez-vous critique du Net\",\"potentialAction\":[{\"@type\":\"SearchAction\",\"target\":{\"@type\":\"EntryPoint\",\"urlTemplate\":\"https:\/\/www.nettali.com\/?s={search_term_string}\"},\"query-input\":\"required name=search_term_string\"}],\"inLanguage\":\"fr-FR\"},{\"@type\":\"ImageObject\",\"@id\":\"https:\/\/www.nettali.com\/2026\/01\/28\/reddition-des-comptes-sous-macky-sall-pourquoi-la-traque-sest-arretee-a-karim-wade\/#primaryimage\",\"inLanguage\":\"fr-FR\",\"url\":\"https:\/\/www.nettali.com\/wp-content\/uploads\/2026\/01\/karim-wade-afp.jpg\",\"contentUrl\":\"https:\/\/www.nettali.com\/wp-content\/uploads\/2026\/01\/karim-wade-afp.jpg\",\"width\":1280,\"height\":720},{\"@type\":\"WebPage\",\"@id\":\"https:\/\/www.nettali.com\/2026\/01\/28\/reddition-des-comptes-sous-macky-sall-pourquoi-la-traque-sest-arretee-a-karim-wade\/#webpage\",\"url\":\"https:\/\/www.nettali.com\/2026\/01\/28\/reddition-des-comptes-sous-macky-sall-pourquoi-la-traque-sest-arretee-a-karim-wade\/\",\"name\":\"REDDITION DES COMPTES SOUS MACKY SALL - Pourquoi la traque s\\u2019est arr\\u00eat\\u00e9e \\u00e0 Karim Wade | Nettali.com\",\"isPartOf\":{\"@id\":\"https:\/\/www.nettali.com\/#website\"},\"primaryImageOfPage\":{\"@id\":\"https:\/\/www.nettali.com\/2026\/01\/28\/reddition-des-comptes-sous-macky-sall-pourquoi-la-traque-sest-arretee-a-karim-wade\/#primaryimage\"},\"datePublished\":\"2026-01-28T17:02:57+00:00\",\"dateModified\":\"2026-01-28T09:03:44+00:00\",\"author\":{\"@id\":\"https:\/\/www.nettali.com\/#\/schema\/person\/d8ac7b7e27ddad43f1c0d2ef090d7f71\"},\"breadcrumb\":{\"@id\":\"https:\/\/www.nettali.com\/2026\/01\/28\/reddition-des-comptes-sous-macky-sall-pourquoi-la-traque-sest-arretee-a-karim-wade\/#breadcrumb\"},\"inLanguage\":\"fr-FR\",\"potentialAction\":[{\"@type\":\"ReadAction\",\"target\":[\"https:\/\/www.nettali.com\/2026\/01\/28\/reddition-des-comptes-sous-macky-sall-pourquoi-la-traque-sest-arretee-a-karim-wade\/\"]}]},{\"@type\":\"BreadcrumbList\",\"@id\":\"https:\/\/www.nettali.com\/2026\/01\/28\/reddition-des-comptes-sous-macky-sall-pourquoi-la-traque-sest-arretee-a-karim-wade\/#breadcrumb\",\"itemListElement\":[{\"@type\":\"ListItem\",\"position\":1,\"name\":\"Accueil\",\"item\":\"https:\/\/www.nettali.com\/\"},{\"@type\":\"ListItem\",\"position\":2,\"name\":\"REDDITION DES COMPTES SOUS MACKY SALL - Pourquoi la traque s\\u2019est arr\\u00eat\\u00e9e \\u00e0 Karim Wade\"}]},{\"@type\":\"Person\",\"@id\":\"https:\/\/www.nettali.com\/#\/schema\/person\/d8ac7b7e27ddad43f1c0d2ef090d7f71\",\"name\":\"CK\",\"image\":{\"@type\":\"ImageObject\",\"@id\":\"https:\/\/www.nettali.com\/#personlogo\",\"inLanguage\":\"fr-FR\",\"url\":\"https:\/\/secure.gravatar.com\/avatar\/1d8d5118b9327d94da7cd4ce7f17fec2?s=96&d=mm&r=g\",\"contentUrl\":\"https:\/\/secure.gravatar.com\/avatar\/1d8d5118b9327d94da7cd4ce7f17fec2?s=96&d=mm&r=g\",\"caption\":\"CK\"},\"sameAs\":[\"https:\/\/www.nettali.com\"]}]}<\/script>\n<!-- \/ Yoast SEO Premium plugin. -->","yoast_head_json":{"title":"REDDITION DES COMPTES SOUS MACKY SALL - Pourquoi la traque s\u2019est arr\u00eat\u00e9e \u00e0 Karim Wade | Nettali.com","robots":{"index":"index","follow":"follow","max-snippet":"max-snippet:-1","max-image-preview":"max-image-preview:large","max-video-preview":"max-video-preview:-1"},"canonical":"https:\/\/www.nettali.com\/2026\/01\/28\/reddition-des-comptes-sous-macky-sall-pourquoi-la-traque-sest-arretee-a-karim-wade\/","og_locale":"fr_FR","og_type":"article","og_title":"REDDITION DES COMPTES SOUS MACKY SALL - Pourquoi la traque s\u2019est arr\u00eat\u00e9e \u00e0 Karim Wade","og_description":"NETTALI.COM - Lors de la pr\u00e9sentation, le mardi 27 janvier, de son livre intitul\u00e9 : \u201c101 discours d\u2019espoir : plaidoyer pour un monde meilleur\u201d, l\u2019ancien Premier ministre Me Sidiki Kaba est revenu, en tant qu\u2019acteur cl\u00e9 du r\u00e9gime de Macky Sall, sur la traque des biens mal acquis et a expliqu\u00e9 pourquoi elle s'est arr\u00eat\u00e9e [&hellip;]","og_url":"https:\/\/www.nettali.com\/2026\/01\/28\/reddition-des-comptes-sous-macky-sall-pourquoi-la-traque-sest-arretee-a-karim-wade\/","og_site_name":"Nettali.com","article_publisher":"https:\/\/www.facebook.com\/nettalicom","article_published_time":"2026-01-28T17:02:57+00:00","article_modified_time":"2026-01-28T09:03:44+00:00","og_image":[{"width":1280,"height":720,"url":"https:\/\/www.nettali.com\/wp-content\/uploads\/2026\/01\/karim-wade-afp.jpg","type":"image\/jpeg"}],"twitter_card":"summary_large_image","twitter_misc":{"\u00c9crit par":"CK","Dur\u00e9e de lecture estim\u00e9e":"2 minutes"},"schema":{"@context":"https:\/\/schema.org","@graph":[{"@type":"WebSite","@id":"https:\/\/www.nettali.com\/#website","url":"https:\/\/www.nettali.com\/","name":"Nettali.com","description":"Le rendez-vous critique du Net","potentialAction":[{"@type":"SearchAction","target":{"@type":"EntryPoint","urlTemplate":"https:\/\/www.nettali.com\/?s={search_term_string}"},"query-input":"required name=search_term_string"}],"inLanguage":"fr-FR"},{"@type":"ImageObject","@id":"https:\/\/www.nettali.com\/2026\/01\/28\/reddition-des-comptes-sous-macky-sall-pourquoi-la-traque-sest-arretee-a-karim-wade\/#primaryimage","inLanguage":"fr-FR","url":"https:\/\/www.nettali.com\/wp-content\/uploads\/2026\/01\/karim-wade-afp.jpg","contentUrl":"https:\/\/www.nettali.com\/wp-content\/uploads\/2026\/01\/karim-wade-afp.jpg","width":1280,"height":720},{"@type":"WebPage","@id":"https:\/\/www.nettali.com\/2026\/01\/28\/reddition-des-comptes-sous-macky-sall-pourquoi-la-traque-sest-arretee-a-karim-wade\/#webpage","url":"https:\/\/www.nettali.com\/2026\/01\/28\/reddition-des-comptes-sous-macky-sall-pourquoi-la-traque-sest-arretee-a-karim-wade\/","name":"REDDITION DES COMPTES SOUS MACKY SALL - Pourquoi la traque s\u2019est arr\u00eat\u00e9e \u00e0 Karim Wade | Nettali.com","isPartOf":{"@id":"https:\/\/www.nettali.com\/#website"},"primaryImageOfPage":{"@id":"https:\/\/www.nettali.com\/2026\/01\/28\/reddition-des-comptes-sous-macky-sall-pourquoi-la-traque-sest-arretee-a-karim-wade\/#primaryimage"},"datePublished":"2026-01-28T17:02:57+00:00","dateModified":"2026-01-28T09:03:44+00:00","author":{"@id":"https:\/\/www.nettali.com\/#\/schema\/person\/d8ac7b7e27ddad43f1c0d2ef090d7f71"},"breadcrumb":{"@id":"https:\/\/www.nettali.com\/2026\/01\/28\/reddition-des-comptes-sous-macky-sall-pourquoi-la-traque-sest-arretee-a-karim-wade\/#breadcrumb"},"inLanguage":"fr-FR","potentialAction":[{"@type":"ReadAction","target":["https:\/\/www.nettali.com\/2026\/01\/28\/reddition-des-comptes-sous-macky-sall-pourquoi-la-traque-sest-arretee-a-karim-wade\/"]}]},{"@type":"BreadcrumbList","@id":"https:\/\/www.nettali.com\/2026\/01\/28\/reddition-des-comptes-sous-macky-sall-pourquoi-la-traque-sest-arretee-a-karim-wade\/#breadcrumb","itemListElement":[{"@type":"ListItem","position":1,"name":"Accueil","item":"https:\/\/www.nettali.com\/"},{"@type":"ListItem","position":2,"name":"REDDITION DES COMPTES SOUS MACKY SALL - Pourquoi la traque s\u2019est arr\u00eat\u00e9e \u00e0 Karim Wade"}]},{"@type":"Person","@id":"https:\/\/www.nettali.com\/#\/schema\/person\/d8ac7b7e27ddad43f1c0d2ef090d7f71","name":"CK","image":{"@type":"ImageObject","@id":"https:\/\/www.nettali.com\/#personlogo","inLanguage":"fr-FR","url":"https:\/\/secure.gravatar.com\/avatar\/1d8d5118b9327d94da7cd4ce7f17fec2?s=96&d=mm&r=g","contentUrl":"https:\/\/secure.gravatar.com\/avatar\/1d8d5118b9327d94da7cd4ce7f17fec2?s=96&d=mm&r=g","caption":"CK"},"sameAs":["https:\/\/www.nettali.com"]}]}},"_links":{"self":[{"href":"https:\/\/www.nettali.com\/rest\/wp\/v2\/posts\/168656"}],"collection":[{"href":"https:\/\/www.nettali.com\/rest\/wp\/v2\/posts"}],"about":[{"href":"https:\/\/www.nettali.com\/rest\/wp\/v2\/types\/post"}],"author":[{"embeddable":true,"href":"https:\/\/www.nettali.com\/rest\/wp\/v2\/users\/2"}],"replies":[{"embeddable":true,"href":"https:\/\/www.nettali.com\/rest\/wp\/v2\/comments?post=168656"}],"version-history":[{"count":1,"href":"https:\/\/www.nettali.com\/rest\/wp\/v2\/posts\/168656\/revisions"}],"predecessor-version":[{"id":168657,"href":"https:\/\/www.nettali.com\/rest\/wp\/v2\/posts\/168656\/revisions\/168657"}],"wp:featuredmedia":[{"embeddable":true,"href":"https:\/\/www.nettali.com\/rest\/wp\/v2\/media\/168658"}],"wp:attachment":[{"href":"https:\/\/www.nettali.com\/rest\/wp\/v2\/media?parent=168656"}],"wp:term":[{"taxonomy":"category","embeddable":true,"href":"https:\/\/www.nettali.com\/rest\/wp\/v2\/categories?post=168656"},{"taxonomy":"post_tag","embeddable":true,"href":"https:\/\/www.nettali.com\/rest\/wp\/v2\/tags?post=168656"}],"curies":[{"name":"wp","href":"https:\/\/api.w.org\/{rel}","templated":true}]}}