{"id":168650,"date":"2026-01-28T09:04:58","date_gmt":"2026-01-28T09:04:58","guid":{"rendered":"https:\/\/www.nettali.com\/?p=168650"},"modified":"2026-01-28T09:04:58","modified_gmt":"2026-01-28T09:04:58","slug":"droits-de-lhomme-ordre-international-les-clarifications-de-me-sidiki-kaba","status":"publish","type":"post","link":"https:\/\/www.nettali.com\/2026\/01\/28\/droits-de-lhomme-ordre-international-les-clarifications-de-me-sidiki-kaba\/","title":{"rendered":"DROITS DE L\u2019HOMME, ORDRE INTERNATIONAL -  Les clarifications de Me Sidiki Kaba"},"content":{"rendered":"<p><strong>NETTALI.COM - Lors de la pr\u00e9sentation, le mardi 27 janvier, de son livre intitul\u00e9 : \u201c101 discours d\u2019espoir : plaidoyer pour un monde meilleur\u201d, l\u2019ancien Premier ministre Me Sidiki Kaba est revenu sur les combats qui ont rythm\u00e9 sa vie d\u2019abord en tant que d\u00e9fenseur des droits humains et ne manque d'aborder la question du droit international, Me Kaba dit tout !<\/strong><\/p>\n<p>Ancien Premier ministre du S\u00e9n\u00e9gal, ancien ministre des Affaires \u00e9trang\u00e8res, Me Sidiki Kaba a fait face aux journalistes, mardi, pour pr\u00e9senter son livre intitul\u00e9 \u201c101 discours d\u2019espoir : plaidoyer pour un monde meilleur\u201d.<\/p>\n<p>Interpell\u00e9 sur la fin du droit international, il s\u2019est montr\u00e9 assez optimiste : \u201c<em>Nous devons rester continuellement debout et vigilants pour d\u00e9fendre la d\u00e9mocratie, c\u2019est \u00e0 dire le respect du droit, pour ne pas retourner \u00e0 la loi de la jungle, o\u00f9 l\u2019homme est un loup pour l\u2019homme<\/em>.\u201d<\/p>\n<p>Comment on a pu en arriver l\u00e0 ? C\u2019est la grande question que se pose le militant des droits de l\u2019homme, sid\u00e9r\u00e9 par ce qui se passe de Kiev \u00e0 T\u00e9h\u00e9ran, en passant par Caracas et Gaza. \u201c\u2026. Si cette logique persiste, \u00e7a veut dire que demain les uns peuvent r\u00e9duire les autres en esclaves. Certains \u00c9tats peuvent d\u00e9cider d\u2019en annexer d\u2019autres. Parce que c\u2019est la loi du plus fort. On ne peut pas vivre dans un monde comme \u00e7a et je pense que tout le monde a int\u00e9r\u00eat \u00e0 travailler pour y mettre un terme\u201d, plaide-t-il.<\/p>\n<p>Le plus grave, selon le dernier Premier ministre de Macky Sall, c\u2019est que ce sont les plus puissants qui sont en train de violer les lois. Il donne en exemple la Russie en Ukraine et les \u00c9tats-Unis au Venezuela. Pour lui, il ne faut pas pour autant d\u00e9sesp\u00e9rer de b\u00e2tir un monde meilleur, bas\u00e9 sur le droit, et respectueux des droits de l\u2019homme. \u201c<em>C\u2019est une construction permanente. Il peut y avoir des progr\u00e8s extraordinaires, mais ce qui se passe nous montre \u00e9galement qu\u2019il peut aussi y avoir des r\u00e9gressions spectaculaires, qui nous montrent que le vice qui est en l\u2019homme peut toujours surgir\u201d.<\/em>\u00a0Mais comme disait Gramsci : \u2018<em>il faut savoir allier le pessimisme de l\u2019intelligence \u00e0 l\u2019optimisme de la volont\u00e9\u2019<\/em>\u201d, pr\u00eache le d\u00e9fenseur des droits de l\u2019homme.<\/p>\n<div class='share-to-whatsapp-wrapper'><div class='share-on-whsp'>PARTAGER SUR : <\/div><a data-text='DROITS DE L\u2019HOMME, ORDRE INTERNATIONAL -  Les clarifications de Me Sidiki Kaba' data-link='https:\/\/www.nettali.com\/2026\/01\/28\/droits-de-lhomme-ordre-international-les-clarifications-de-me-sidiki-kaba\/' class='whatsapp-button whatsapp-share'>WhatsApp<\/a><div class='clear '><\/div><\/div>","protected":false},"excerpt":{"rendered":"<p>NETTALI.COM - Lors de la pr\u00e9sentation, le mardi 27 janvier, de son livre intitul\u00e9 : \u201c101 discours d\u2019espoir : plaidoyer pour un monde meilleur\u201d, l\u2019ancien Premier ministre Me Sidiki Kaba est revenu sur les combats qui ont rythm\u00e9 sa vie d\u2019abord en tant que d\u00e9fenseur des droits humains et ne manque d'aborder la question du [&hellip;]<\/p>\n","protected":false},"author":2,"featured_media":168659,"comment_status":"open","ping_status":"open","sticky":false,"template":"","format":"standard","meta":{"_et_pb_use_builder":"","_et_pb_old_content":""},"categories":[5],"tags":[],"yoast_head":"<!-- This site is optimized with the Yoast SEO Premium plugin v17.8 (Yoast SEO v17.8) - https:\/\/yoast.com\/wordpress\/plugins\/seo\/ -->\n<title>DROITS DE L\u2019HOMME, ORDRE INTERNATIONAL - Les clarifications de Me Sidiki Kaba | Nettali.com<\/title>\n<meta name=\"robots\" content=\"index, follow, max-snippet:-1, max-image-preview:large, max-video-preview:-1\" \/>\n<link rel=\"canonical\" href=\"https:\/\/www.nettali.com\/2026\/01\/28\/droits-de-lhomme-ordre-international-les-clarifications-de-me-sidiki-kaba\/\" \/>\n<meta property=\"og:locale\" content=\"fr_FR\" \/>\n<meta property=\"og:type\" content=\"article\" \/>\n<meta property=\"og:title\" content=\"DROITS DE L\u2019HOMME, ORDRE INTERNATIONAL - Les clarifications de Me Sidiki Kaba\" \/>\n<meta property=\"og:description\" content=\"NETTALI.COM - Lors de la pr\u00e9sentation, le mardi 27 janvier, de son livre intitul\u00e9 : \u201c101 discours d\u2019espoir : plaidoyer pour un monde meilleur\u201d, l\u2019ancien Premier ministre Me Sidiki Kaba est revenu sur les combats qui ont rythm\u00e9 sa vie d\u2019abord en tant que d\u00e9fenseur des droits humains et ne manque d&#039;aborder la question du [&hellip;]\" \/>\n<meta property=\"og:url\" content=\"https:\/\/www.nettali.com\/2026\/01\/28\/droits-de-lhomme-ordre-international-les-clarifications-de-me-sidiki-kaba\/\" \/>\n<meta property=\"og:site_name\" content=\"Nettali.com\" \/>\n<meta property=\"article:publisher\" content=\"https:\/\/www.facebook.com\/nettalicom\" \/>\n<meta property=\"article:published_time\" content=\"2026-01-28T09:04:58+00:00\" \/>\n<meta property=\"og:image\" content=\"https:\/\/www.nettali.com\/wp-content\/uploads\/2026\/01\/FR-MG-ENTRETIEN-SIDIKI-KABA-1.jpg\" \/>\n\t<meta property=\"og:image:width\" content=\"1280\" \/>\n\t<meta property=\"og:image:height\" content=\"960\" \/>\n<meta name=\"twitter:card\" content=\"summary_large_image\" \/>\n<meta name=\"twitter:label1\" content=\"\u00c9crit par\" \/>\n\t<meta name=\"twitter:data1\" content=\"CK\" \/>\n\t<meta name=\"twitter:label2\" content=\"Dur\u00e9e de lecture estim\u00e9e\" \/>\n\t<meta name=\"twitter:data2\" content=\"2 minutes\" \/>\n<script type=\"application\/ld+json\" class=\"yoast-schema-graph\">{\"@context\":\"https:\/\/schema.org\",\"@graph\":[{\"@type\":\"WebSite\",\"@id\":\"https:\/\/www.nettali.com\/#website\",\"url\":\"https:\/\/www.nettali.com\/\",\"name\":\"Nettali.com\",\"description\":\"Le rendez-vous critique du Net\",\"potentialAction\":[{\"@type\":\"SearchAction\",\"target\":{\"@type\":\"EntryPoint\",\"urlTemplate\":\"https:\/\/www.nettali.com\/?s={search_term_string}\"},\"query-input\":\"required name=search_term_string\"}],\"inLanguage\":\"fr-FR\"},{\"@type\":\"ImageObject\",\"@id\":\"https:\/\/www.nettali.com\/2026\/01\/28\/droits-de-lhomme-ordre-international-les-clarifications-de-me-sidiki-kaba\/#primaryimage\",\"inLanguage\":\"fr-FR\",\"url\":\"https:\/\/www.nettali.com\/wp-content\/uploads\/2026\/01\/FR-MG-ENTRETIEN-SIDIKI-KABA-1.jpg\",\"contentUrl\":\"https:\/\/www.nettali.com\/wp-content\/uploads\/2026\/01\/FR-MG-ENTRETIEN-SIDIKI-KABA-1.jpg\",\"width\":1280,\"height\":960},{\"@type\":\"WebPage\",\"@id\":\"https:\/\/www.nettali.com\/2026\/01\/28\/droits-de-lhomme-ordre-international-les-clarifications-de-me-sidiki-kaba\/#webpage\",\"url\":\"https:\/\/www.nettali.com\/2026\/01\/28\/droits-de-lhomme-ordre-international-les-clarifications-de-me-sidiki-kaba\/\",\"name\":\"DROITS DE L\\u2019HOMME, ORDRE INTERNATIONAL - Les clarifications de Me Sidiki Kaba | Nettali.com\",\"isPartOf\":{\"@id\":\"https:\/\/www.nettali.com\/#website\"},\"primaryImageOfPage\":{\"@id\":\"https:\/\/www.nettali.com\/2026\/01\/28\/droits-de-lhomme-ordre-international-les-clarifications-de-me-sidiki-kaba\/#primaryimage\"},\"datePublished\":\"2026-01-28T09:04:58+00:00\",\"dateModified\":\"2026-01-28T09:04:58+00:00\",\"author\":{\"@id\":\"https:\/\/www.nettali.com\/#\/schema\/person\/d8ac7b7e27ddad43f1c0d2ef090d7f71\"},\"breadcrumb\":{\"@id\":\"https:\/\/www.nettali.com\/2026\/01\/28\/droits-de-lhomme-ordre-international-les-clarifications-de-me-sidiki-kaba\/#breadcrumb\"},\"inLanguage\":\"fr-FR\",\"potentialAction\":[{\"@type\":\"ReadAction\",\"target\":[\"https:\/\/www.nettali.com\/2026\/01\/28\/droits-de-lhomme-ordre-international-les-clarifications-de-me-sidiki-kaba\/\"]}]},{\"@type\":\"BreadcrumbList\",\"@id\":\"https:\/\/www.nettali.com\/2026\/01\/28\/droits-de-lhomme-ordre-international-les-clarifications-de-me-sidiki-kaba\/#breadcrumb\",\"itemListElement\":[{\"@type\":\"ListItem\",\"position\":1,\"name\":\"Accueil\",\"item\":\"https:\/\/www.nettali.com\/\"},{\"@type\":\"ListItem\",\"position\":2,\"name\":\"DROITS DE L\\u2019HOMME, ORDRE INTERNATIONAL - Les clarifications de Me Sidiki Kaba\"}]},{\"@type\":\"Person\",\"@id\":\"https:\/\/www.nettali.com\/#\/schema\/person\/d8ac7b7e27ddad43f1c0d2ef090d7f71\",\"name\":\"CK\",\"image\":{\"@type\":\"ImageObject\",\"@id\":\"https:\/\/www.nettali.com\/#personlogo\",\"inLanguage\":\"fr-FR\",\"url\":\"https:\/\/secure.gravatar.com\/avatar\/1d8d5118b9327d94da7cd4ce7f17fec2?s=96&d=mm&r=g\",\"contentUrl\":\"https:\/\/secure.gravatar.com\/avatar\/1d8d5118b9327d94da7cd4ce7f17fec2?s=96&d=mm&r=g\",\"caption\":\"CK\"},\"sameAs\":[\"https:\/\/www.nettali.com\"]}]}<\/script>\n<!-- \/ Yoast SEO Premium plugin. -->","yoast_head_json":{"title":"DROITS DE L\u2019HOMME, ORDRE INTERNATIONAL - Les clarifications de Me Sidiki Kaba | Nettali.com","robots":{"index":"index","follow":"follow","max-snippet":"max-snippet:-1","max-image-preview":"max-image-preview:large","max-video-preview":"max-video-preview:-1"},"canonical":"https:\/\/www.nettali.com\/2026\/01\/28\/droits-de-lhomme-ordre-international-les-clarifications-de-me-sidiki-kaba\/","og_locale":"fr_FR","og_type":"article","og_title":"DROITS DE L\u2019HOMME, ORDRE INTERNATIONAL - Les clarifications de Me Sidiki Kaba","og_description":"NETTALI.COM - Lors de la pr\u00e9sentation, le mardi 27 janvier, de son livre intitul\u00e9 : \u201c101 discours d\u2019espoir : plaidoyer pour un monde meilleur\u201d, l\u2019ancien Premier ministre Me Sidiki Kaba est revenu sur les combats qui ont rythm\u00e9 sa vie d\u2019abord en tant que d\u00e9fenseur des droits humains et ne manque d'aborder la question du [&hellip;]","og_url":"https:\/\/www.nettali.com\/2026\/01\/28\/droits-de-lhomme-ordre-international-les-clarifications-de-me-sidiki-kaba\/","og_site_name":"Nettali.com","article_publisher":"https:\/\/www.facebook.com\/nettalicom","article_published_time":"2026-01-28T09:04:58+00:00","og_image":[{"width":1280,"height":960,"url":"https:\/\/www.nettali.com\/wp-content\/uploads\/2026\/01\/FR-MG-ENTRETIEN-SIDIKI-KABA-1.jpg","type":"image\/jpeg"}],"twitter_card":"summary_large_image","twitter_misc":{"\u00c9crit par":"CK","Dur\u00e9e de lecture estim\u00e9e":"2 minutes"},"schema":{"@context":"https:\/\/schema.org","@graph":[{"@type":"WebSite","@id":"https:\/\/www.nettali.com\/#website","url":"https:\/\/www.nettali.com\/","name":"Nettali.com","description":"Le rendez-vous critique du Net","potentialAction":[{"@type":"SearchAction","target":{"@type":"EntryPoint","urlTemplate":"https:\/\/www.nettali.com\/?s={search_term_string}"},"query-input":"required name=search_term_string"}],"inLanguage":"fr-FR"},{"@type":"ImageObject","@id":"https:\/\/www.nettali.com\/2026\/01\/28\/droits-de-lhomme-ordre-international-les-clarifications-de-me-sidiki-kaba\/#primaryimage","inLanguage":"fr-FR","url":"https:\/\/www.nettali.com\/wp-content\/uploads\/2026\/01\/FR-MG-ENTRETIEN-SIDIKI-KABA-1.jpg","contentUrl":"https:\/\/www.nettali.com\/wp-content\/uploads\/2026\/01\/FR-MG-ENTRETIEN-SIDIKI-KABA-1.jpg","width":1280,"height":960},{"@type":"WebPage","@id":"https:\/\/www.nettali.com\/2026\/01\/28\/droits-de-lhomme-ordre-international-les-clarifications-de-me-sidiki-kaba\/#webpage","url":"https:\/\/www.nettali.com\/2026\/01\/28\/droits-de-lhomme-ordre-international-les-clarifications-de-me-sidiki-kaba\/","name":"DROITS DE L\u2019HOMME, ORDRE INTERNATIONAL - Les clarifications de Me Sidiki Kaba | Nettali.com","isPartOf":{"@id":"https:\/\/www.nettali.com\/#website"},"primaryImageOfPage":{"@id":"https:\/\/www.nettali.com\/2026\/01\/28\/droits-de-lhomme-ordre-international-les-clarifications-de-me-sidiki-kaba\/#primaryimage"},"datePublished":"2026-01-28T09:04:58+00:00","dateModified":"2026-01-28T09:04:58+00:00","author":{"@id":"https:\/\/www.nettali.com\/#\/schema\/person\/d8ac7b7e27ddad43f1c0d2ef090d7f71"},"breadcrumb":{"@id":"https:\/\/www.nettali.com\/2026\/01\/28\/droits-de-lhomme-ordre-international-les-clarifications-de-me-sidiki-kaba\/#breadcrumb"},"inLanguage":"fr-FR","potentialAction":[{"@type":"ReadAction","target":["https:\/\/www.nettali.com\/2026\/01\/28\/droits-de-lhomme-ordre-international-les-clarifications-de-me-sidiki-kaba\/"]}]},{"@type":"BreadcrumbList","@id":"https:\/\/www.nettali.com\/2026\/01\/28\/droits-de-lhomme-ordre-international-les-clarifications-de-me-sidiki-kaba\/#breadcrumb","itemListElement":[{"@type":"ListItem","position":1,"name":"Accueil","item":"https:\/\/www.nettali.com\/"},{"@type":"ListItem","position":2,"name":"DROITS DE L\u2019HOMME, ORDRE INTERNATIONAL - Les clarifications de Me Sidiki Kaba"}]},{"@type":"Person","@id":"https:\/\/www.nettali.com\/#\/schema\/person\/d8ac7b7e27ddad43f1c0d2ef090d7f71","name":"CK","image":{"@type":"ImageObject","@id":"https:\/\/www.nettali.com\/#personlogo","inLanguage":"fr-FR","url":"https:\/\/secure.gravatar.com\/avatar\/1d8d5118b9327d94da7cd4ce7f17fec2?s=96&d=mm&r=g","contentUrl":"https:\/\/secure.gravatar.com\/avatar\/1d8d5118b9327d94da7cd4ce7f17fec2?s=96&d=mm&r=g","caption":"CK"},"sameAs":["https:\/\/www.nettali.com"]}]}},"_links":{"self":[{"href":"https:\/\/www.nettali.com\/rest\/wp\/v2\/posts\/168650"}],"collection":[{"href":"https:\/\/www.nettali.com\/rest\/wp\/v2\/posts"}],"about":[{"href":"https:\/\/www.nettali.com\/rest\/wp\/v2\/types\/post"}],"author":[{"embeddable":true,"href":"https:\/\/www.nettali.com\/rest\/wp\/v2\/users\/2"}],"replies":[{"embeddable":true,"href":"https:\/\/www.nettali.com\/rest\/wp\/v2\/comments?post=168650"}],"version-history":[{"count":1,"href":"https:\/\/www.nettali.com\/rest\/wp\/v2\/posts\/168650\/revisions"}],"predecessor-version":[{"id":168651,"href":"https:\/\/www.nettali.com\/rest\/wp\/v2\/posts\/168650\/revisions\/168651"}],"wp:featuredmedia":[{"embeddable":true,"href":"https:\/\/www.nettali.com\/rest\/wp\/v2\/media\/168659"}],"wp:attachment":[{"href":"https:\/\/www.nettali.com\/rest\/wp\/v2\/media?parent=168650"}],"wp:term":[{"taxonomy":"category","embeddable":true,"href":"https:\/\/www.nettali.com\/rest\/wp\/v2\/categories?post=168650"},{"taxonomy":"post_tag","embeddable":true,"href":"https:\/\/www.nettali.com\/rest\/wp\/v2\/tags?post=168650"}],"curies":[{"name":"wp","href":"https:\/\/api.w.org\/{rel}","templated":true}]}}