{"id":168648,"date":"2026-01-28T13:00:36","date_gmt":"2026-01-28T13:00:36","guid":{"rendered":"https:\/\/www.nettali.com\/?p=168648"},"modified":"2026-01-28T08:58:59","modified_gmt":"2026-01-28T08:58:59","slug":"sidiki-kaba-lors-de-la-presentation-de-son-livre-macky-sall-ne-sera-jamais-poursuivi","status":"publish","type":"post","link":"https:\/\/www.nettali.com\/2026\/01\/28\/sidiki-kaba-lors-de-la-presentation-de-son-livre-macky-sall-ne-sera-jamais-poursuivi\/","title":{"rendered":"SIDIKI KABA, LORS DE LA PRESENTATION DE SON LIVRE - \"Macky Sall ne sera jamais poursuivi\""},"content":{"rendered":"<p><strong>NETTALI.COM -<\/strong> <strong>Lors de la pr\u00e9sentation, le mardi 27 janvier, de son livre intitul\u00e9 : \u201c101 discours d\u2019espoir : plaidoyer pour un monde meilleur\u201d, l\u2019ancien Premier ministre Me Sidiki Kaba est revenu sur les combats qui ont rythm\u00e9 sa vie d\u2019abord en tant que d\u00e9fenseur des droits humains, ensuite en tant qu\u2019acteur cl\u00e9 du r\u00e9gime de Macky Sall. Traque des biens mal acquis, poursuites contre le r\u00e9gime de Macky Sall, Me Kaba dit tout !<\/strong><\/p>\n<p>Parlant de la justice internationale \u00e0 travers notamment les accusations contre le r\u00e9gime du pr\u00e9sident Macky Sall dans lequel il a servi tour \u00e0 tour en tant que ministre de la Justice, ministre des Affaires \u00e9trang\u00e8res, ministre des Forces arm\u00e9es, ministre de l\u2019Int\u00e9rieur avant de regagner la Primature, il regrette des accusations sans fondements. \u201c<em>C\u2019est de la fanfaronnade<\/em>\u201d, tranche-t-il, invitant les avocats qui avaient saisi la Cour p\u00e9nale internationale de dire \u00e0 l\u2019opinion les r\u00e9sultats de leur saisine.<\/p>\n<p>Pour lui, il n\u2019y a eu au S\u00e9n\u00e9gal aucun des crimes pour lesquels la CPI est comp\u00e9tente. Tout au plus, il y a eu des infractions dans le cadre d\u2019op\u00e9rations de maintien de l\u2019ordre. Lesquelles ob\u00e9issent \u00e0 trois r\u00e8gles fondamentales et universelles : le principe de la l\u00e9galit\u00e9 ; le principe de la n\u00e9cessit\u00e9 et le principe de la proportionnalit\u00e9. \u201c<em>Si un de ces principes a \u00e9t\u00e9 viol\u00e9, les responsables doivent en r\u00e9pondre ; ils ne doivent pas \u00eatre prot\u00e9g\u00e9s par la hi\u00e9rarchie. Parce que personne ne leur demande de tirer sur les personnes. Bien au contraire<\/em>\u201d, a plaid\u00e9 l\u2019avocat.<\/p>\n<p>Mais encore faudrait-il qu\u2019il y ait des proc\u00e8s \u00e9quitables, avec une justice respectueuse de tous les droits. \u00c0 ceux qui r\u00e9clament des poursuites contre l\u2019ancien pr\u00e9sident Macky Sall, Me Kaba se veut formel. \u201c<em>Il ne sera jamais, jamais, jamais, poursuivi. Parce que, d\u2019abord il n\u2019y a rien ; ensuite il y a son immunit\u00e9. La haute trahison que l\u2019on invoque souvent n\u2019est m\u00eame pas d\u00e9finie. Il faudra la d\u00e9finir et si on le fait maintenant, elle ne saurait r\u00e9troagir<\/em>\u201d, assure-t-il.<\/p>\n<p>Pour les ministres, en revanche, ils doivent rendre des comptes, mais encore faudrait-il prouver leur culpabilit\u00e9. Idem pour les hauts officiers que l\u2019on accuse \u00e0 tort. \u201c<em>On parle beaucoup de Gl Moussa Fall, pourquoi on ne parle que de lui. Gl Tine \u00e9tait haut commandant de la Gendarmerie avant lui. Certains sont morts pendant qu\u2019il \u00e9tait \u00e0 la t\u00eate de la Gendarmerie. Est-ce qu\u2019on va dire qu\u2019il est responsable ? Il faut en apporter les preuves<\/em>\u201d.<\/p>\n<p>L\u2019ancien ministre de la Justice de donner l\u2019exemple de l\u2019\u00e9tudiant Bassirou Faye qu\u2019il a eu \u00e0 g\u00e9rer en tant que Garde des Sceaux en 2014. Pour lui, c\u2019\u00e9tait la premi\u00e8re fois qu\u2019un r\u00e9gime au S\u00e9n\u00e9gal faisait un proc\u00e8s sur ce type de crime. \u201cCes crimes n\u2019\u00e9taient jamais \u00e9lucid\u00e9s dans ce pays, auparavant. Pour une fois, il y a eu une d\u00e9cision, et ceux qui ont \u00e9t\u00e9 jug\u00e9s coupables ont \u00e9t\u00e9 condamn\u00e9s \u00e0 20 ans\u201d, rappelle-t-il insistant sur la n\u00e9cessit\u00e9 de respecter les droits de la d\u00e9fense, les droits \u00e0 un proc\u00e8s juste et \u00e9quitable.<\/p>\n<p><strong>\u00a0<\/strong><strong>L\u2019engagement politique<\/strong><\/p>\n<p>\u00c9minente personnalit\u00e9 de la soci\u00e9t\u00e9 civile, Sidiki Kaba a \u00e9t\u00e9 invit\u00e9 \u00e0 s\u2019engager en politique en 2014, suite \u00e0 un appel du Pr\u00e9sident Macky Sall. Ce qui l\u2019a le plus motiv\u00e9, selon lui, c\u2019est la possibilit\u00e9 de mettre en oeuvre certaines de ses convictions fortes. La politique, rappelle-t-il, n\u2019est pas sa tasse de th\u00e9 ; c\u2019est plut\u00f4t son grand fr\u00e8re, l\u2019ancien d\u00e9put\u00e9 Lansana Kaba qui faisait la politique. Macky Sall l\u2019avait convaincu en l\u2019invitant \u00e0 venir l\u2019aider dans la mise en oeuvre des r\u00e9formes judiciaires. \u201c<em>Nous nous sommes toujours battus pour les droits humains, notamment contre les longues d\u00e9tentions provisoires, en tant que militants. Il nous arrivait d\u2019avoir quelquefois gain de cause sur un ou deux cas. Ministre de la Justice, l\u00e0 o\u00f9 j\u2019en avais deux lib\u00e9rations, il m\u2019arrivait de faire lib\u00e9rer 2 000 \u00e0 3 000<\/em>\u201d, s\u2019est-il f\u00e9licit\u00e9 justifiant que son engagement politique ne l\u2019a jamais \u00e9loign\u00e9 de ses convictions. Il y est parvenu en faisant appliquer une disposition du Code p\u00e9nal qui favorise la lib\u00e9ration de certains d\u00e9tenus pr\u00e9sentant des conditions de sociabilit\u00e9.<\/p>\n<div class='share-to-whatsapp-wrapper'><div class='share-on-whsp'>PARTAGER SUR : <\/div><a data-text='SIDIKI KABA, LORS DE LA PRESENTATION DE SON LIVRE - \"Macky Sall ne sera jamais poursuivi\"' data-link='https:\/\/www.nettali.com\/2026\/01\/28\/sidiki-kaba-lors-de-la-presentation-de-son-livre-macky-sall-ne-sera-jamais-poursuivi\/' class='whatsapp-button whatsapp-share'>WhatsApp<\/a><div class='clear '><\/div><\/div>","protected":false},"excerpt":{"rendered":"<p>NETTALI.COM - Lors de la pr\u00e9sentation, le mardi 27 janvier, de son livre intitul\u00e9 : \u201c101 discours d\u2019espoir : plaidoyer pour un monde meilleur\u201d, l\u2019ancien Premier ministre Me Sidiki Kaba est revenu sur les combats qui ont rythm\u00e9 sa vie d\u2019abord en tant que d\u00e9fenseur des droits humains, ensuite en tant qu\u2019acteur cl\u00e9 du r\u00e9gime [&hellip;]<\/p>\n","protected":false},"author":2,"featured_media":168652,"comment_status":"open","ping_status":"open","sticky":false,"template":"","format":"standard","meta":{"_et_pb_use_builder":"","_et_pb_old_content":""},"categories":[2],"tags":[],"yoast_head":"<!-- This site is optimized with the Yoast SEO Premium plugin v17.8 (Yoast SEO v17.8) - https:\/\/yoast.com\/wordpress\/plugins\/seo\/ -->\n<title>SIDIKI KABA, LORS DE LA PRESENTATION DE SON LIVRE - &quot;Macky Sall ne sera jamais poursuivi&quot; | Nettali.com<\/title>\n<meta name=\"robots\" content=\"index, follow, max-snippet:-1, max-image-preview:large, max-video-preview:-1\" \/>\n<link rel=\"canonical\" href=\"https:\/\/www.nettali.com\/2026\/01\/28\/sidiki-kaba-lors-de-la-presentation-de-son-livre-macky-sall-ne-sera-jamais-poursuivi\/\" \/>\n<meta property=\"og:locale\" content=\"fr_FR\" \/>\n<meta property=\"og:type\" content=\"article\" \/>\n<meta property=\"og:title\" content=\"SIDIKI KABA, LORS DE LA PRESENTATION DE SON LIVRE - &quot;Macky Sall ne sera jamais poursuivi&quot;\" \/>\n<meta property=\"og:description\" content=\"NETTALI.COM - Lors de la pr\u00e9sentation, le mardi 27 janvier, de son livre intitul\u00e9 : \u201c101 discours d\u2019espoir : plaidoyer pour un monde meilleur\u201d, l\u2019ancien Premier ministre Me Sidiki Kaba est revenu sur les combats qui ont rythm\u00e9 sa vie d\u2019abord en tant que d\u00e9fenseur des droits humains, ensuite en tant qu\u2019acteur cl\u00e9 du r\u00e9gime [&hellip;]\" \/>\n<meta property=\"og:url\" content=\"https:\/\/www.nettali.com\/2026\/01\/28\/sidiki-kaba-lors-de-la-presentation-de-son-livre-macky-sall-ne-sera-jamais-poursuivi\/\" \/>\n<meta property=\"og:site_name\" content=\"Nettali.com\" \/>\n<meta property=\"article:publisher\" content=\"https:\/\/www.facebook.com\/nettalicom\" \/>\n<meta property=\"article:published_time\" content=\"2026-01-28T13:00:36+00:00\" \/>\n<meta property=\"article:modified_time\" content=\"2026-01-28T08:58:59+00:00\" \/>\n<meta property=\"og:image\" content=\"https:\/\/www.nettali.com\/wp-content\/uploads\/2026\/01\/FR-MG-ENTRETIEN-SIDIKI-KABA.jpg\" \/>\n\t<meta property=\"og:image:width\" content=\"1280\" \/>\n\t<meta property=\"og:image:height\" content=\"960\" \/>\n<meta name=\"twitter:card\" content=\"summary_large_image\" \/>\n<meta name=\"twitter:label1\" content=\"\u00c9crit par\" \/>\n\t<meta name=\"twitter:data1\" content=\"CK\" \/>\n\t<meta name=\"twitter:label2\" content=\"Dur\u00e9e de lecture estim\u00e9e\" \/>\n\t<meta name=\"twitter:data2\" content=\"4 minutes\" \/>\n<script type=\"application\/ld+json\" class=\"yoast-schema-graph\">{\"@context\":\"https:\/\/schema.org\",\"@graph\":[{\"@type\":\"WebSite\",\"@id\":\"https:\/\/www.nettali.com\/#website\",\"url\":\"https:\/\/www.nettali.com\/\",\"name\":\"Nettali.com\",\"description\":\"Le rendez-vous critique du Net\",\"potentialAction\":[{\"@type\":\"SearchAction\",\"target\":{\"@type\":\"EntryPoint\",\"urlTemplate\":\"https:\/\/www.nettali.com\/?s={search_term_string}\"},\"query-input\":\"required name=search_term_string\"}],\"inLanguage\":\"fr-FR\"},{\"@type\":\"ImageObject\",\"@id\":\"https:\/\/www.nettali.com\/2026\/01\/28\/sidiki-kaba-lors-de-la-presentation-de-son-livre-macky-sall-ne-sera-jamais-poursuivi\/#primaryimage\",\"inLanguage\":\"fr-FR\",\"url\":\"https:\/\/www.nettali.com\/wp-content\/uploads\/2026\/01\/FR-MG-ENTRETIEN-SIDIKI-KABA.jpg\",\"contentUrl\":\"https:\/\/www.nettali.com\/wp-content\/uploads\/2026\/01\/FR-MG-ENTRETIEN-SIDIKI-KABA.jpg\",\"width\":1280,\"height\":960},{\"@type\":\"WebPage\",\"@id\":\"https:\/\/www.nettali.com\/2026\/01\/28\/sidiki-kaba-lors-de-la-presentation-de-son-livre-macky-sall-ne-sera-jamais-poursuivi\/#webpage\",\"url\":\"https:\/\/www.nettali.com\/2026\/01\/28\/sidiki-kaba-lors-de-la-presentation-de-son-livre-macky-sall-ne-sera-jamais-poursuivi\/\",\"name\":\"SIDIKI KABA, LORS DE LA PRESENTATION DE SON LIVRE - \\\"Macky Sall ne sera jamais poursuivi\\\" | Nettali.com\",\"isPartOf\":{\"@id\":\"https:\/\/www.nettali.com\/#website\"},\"primaryImageOfPage\":{\"@id\":\"https:\/\/www.nettali.com\/2026\/01\/28\/sidiki-kaba-lors-de-la-presentation-de-son-livre-macky-sall-ne-sera-jamais-poursuivi\/#primaryimage\"},\"datePublished\":\"2026-01-28T13:00:36+00:00\",\"dateModified\":\"2026-01-28T08:58:59+00:00\",\"author\":{\"@id\":\"https:\/\/www.nettali.com\/#\/schema\/person\/d8ac7b7e27ddad43f1c0d2ef090d7f71\"},\"breadcrumb\":{\"@id\":\"https:\/\/www.nettali.com\/2026\/01\/28\/sidiki-kaba-lors-de-la-presentation-de-son-livre-macky-sall-ne-sera-jamais-poursuivi\/#breadcrumb\"},\"inLanguage\":\"fr-FR\",\"potentialAction\":[{\"@type\":\"ReadAction\",\"target\":[\"https:\/\/www.nettali.com\/2026\/01\/28\/sidiki-kaba-lors-de-la-presentation-de-son-livre-macky-sall-ne-sera-jamais-poursuivi\/\"]}]},{\"@type\":\"BreadcrumbList\",\"@id\":\"https:\/\/www.nettali.com\/2026\/01\/28\/sidiki-kaba-lors-de-la-presentation-de-son-livre-macky-sall-ne-sera-jamais-poursuivi\/#breadcrumb\",\"itemListElement\":[{\"@type\":\"ListItem\",\"position\":1,\"name\":\"Accueil\",\"item\":\"https:\/\/www.nettali.com\/\"},{\"@type\":\"ListItem\",\"position\":2,\"name\":\"SIDIKI KABA, LORS DE LA PRESENTATION DE SON LIVRE - \\\"Macky Sall ne sera jamais poursuivi\\\"\"}]},{\"@type\":\"Person\",\"@id\":\"https:\/\/www.nettali.com\/#\/schema\/person\/d8ac7b7e27ddad43f1c0d2ef090d7f71\",\"name\":\"CK\",\"image\":{\"@type\":\"ImageObject\",\"@id\":\"https:\/\/www.nettali.com\/#personlogo\",\"inLanguage\":\"fr-FR\",\"url\":\"https:\/\/secure.gravatar.com\/avatar\/1d8d5118b9327d94da7cd4ce7f17fec2?s=96&d=mm&r=g\",\"contentUrl\":\"https:\/\/secure.gravatar.com\/avatar\/1d8d5118b9327d94da7cd4ce7f17fec2?s=96&d=mm&r=g\",\"caption\":\"CK\"},\"sameAs\":[\"https:\/\/www.nettali.com\"]}]}<\/script>\n<!-- \/ Yoast SEO Premium plugin. -->","yoast_head_json":{"title":"SIDIKI KABA, LORS DE LA PRESENTATION DE SON LIVRE - \"Macky Sall ne sera jamais poursuivi\" | Nettali.com","robots":{"index":"index","follow":"follow","max-snippet":"max-snippet:-1","max-image-preview":"max-image-preview:large","max-video-preview":"max-video-preview:-1"},"canonical":"https:\/\/www.nettali.com\/2026\/01\/28\/sidiki-kaba-lors-de-la-presentation-de-son-livre-macky-sall-ne-sera-jamais-poursuivi\/","og_locale":"fr_FR","og_type":"article","og_title":"SIDIKI KABA, LORS DE LA PRESENTATION DE SON LIVRE - \"Macky Sall ne sera jamais poursuivi\"","og_description":"NETTALI.COM - Lors de la pr\u00e9sentation, le mardi 27 janvier, de son livre intitul\u00e9 : \u201c101 discours d\u2019espoir : plaidoyer pour un monde meilleur\u201d, l\u2019ancien Premier ministre Me Sidiki Kaba est revenu sur les combats qui ont rythm\u00e9 sa vie d\u2019abord en tant que d\u00e9fenseur des droits humains, ensuite en tant qu\u2019acteur cl\u00e9 du r\u00e9gime [&hellip;]","og_url":"https:\/\/www.nettali.com\/2026\/01\/28\/sidiki-kaba-lors-de-la-presentation-de-son-livre-macky-sall-ne-sera-jamais-poursuivi\/","og_site_name":"Nettali.com","article_publisher":"https:\/\/www.facebook.com\/nettalicom","article_published_time":"2026-01-28T13:00:36+00:00","article_modified_time":"2026-01-28T08:58:59+00:00","og_image":[{"width":1280,"height":960,"url":"https:\/\/www.nettali.com\/wp-content\/uploads\/2026\/01\/FR-MG-ENTRETIEN-SIDIKI-KABA.jpg","type":"image\/jpeg"}],"twitter_card":"summary_large_image","twitter_misc":{"\u00c9crit par":"CK","Dur\u00e9e de lecture estim\u00e9e":"4 minutes"},"schema":{"@context":"https:\/\/schema.org","@graph":[{"@type":"WebSite","@id":"https:\/\/www.nettali.com\/#website","url":"https:\/\/www.nettali.com\/","name":"Nettali.com","description":"Le rendez-vous critique du Net","potentialAction":[{"@type":"SearchAction","target":{"@type":"EntryPoint","urlTemplate":"https:\/\/www.nettali.com\/?s={search_term_string}"},"query-input":"required name=search_term_string"}],"inLanguage":"fr-FR"},{"@type":"ImageObject","@id":"https:\/\/www.nettali.com\/2026\/01\/28\/sidiki-kaba-lors-de-la-presentation-de-son-livre-macky-sall-ne-sera-jamais-poursuivi\/#primaryimage","inLanguage":"fr-FR","url":"https:\/\/www.nettali.com\/wp-content\/uploads\/2026\/01\/FR-MG-ENTRETIEN-SIDIKI-KABA.jpg","contentUrl":"https:\/\/www.nettali.com\/wp-content\/uploads\/2026\/01\/FR-MG-ENTRETIEN-SIDIKI-KABA.jpg","width":1280,"height":960},{"@type":"WebPage","@id":"https:\/\/www.nettali.com\/2026\/01\/28\/sidiki-kaba-lors-de-la-presentation-de-son-livre-macky-sall-ne-sera-jamais-poursuivi\/#webpage","url":"https:\/\/www.nettali.com\/2026\/01\/28\/sidiki-kaba-lors-de-la-presentation-de-son-livre-macky-sall-ne-sera-jamais-poursuivi\/","name":"SIDIKI KABA, LORS DE LA PRESENTATION DE SON LIVRE - \"Macky Sall ne sera jamais poursuivi\" | Nettali.com","isPartOf":{"@id":"https:\/\/www.nettali.com\/#website"},"primaryImageOfPage":{"@id":"https:\/\/www.nettali.com\/2026\/01\/28\/sidiki-kaba-lors-de-la-presentation-de-son-livre-macky-sall-ne-sera-jamais-poursuivi\/#primaryimage"},"datePublished":"2026-01-28T13:00:36+00:00","dateModified":"2026-01-28T08:58:59+00:00","author":{"@id":"https:\/\/www.nettali.com\/#\/schema\/person\/d8ac7b7e27ddad43f1c0d2ef090d7f71"},"breadcrumb":{"@id":"https:\/\/www.nettali.com\/2026\/01\/28\/sidiki-kaba-lors-de-la-presentation-de-son-livre-macky-sall-ne-sera-jamais-poursuivi\/#breadcrumb"},"inLanguage":"fr-FR","potentialAction":[{"@type":"ReadAction","target":["https:\/\/www.nettali.com\/2026\/01\/28\/sidiki-kaba-lors-de-la-presentation-de-son-livre-macky-sall-ne-sera-jamais-poursuivi\/"]}]},{"@type":"BreadcrumbList","@id":"https:\/\/www.nettali.com\/2026\/01\/28\/sidiki-kaba-lors-de-la-presentation-de-son-livre-macky-sall-ne-sera-jamais-poursuivi\/#breadcrumb","itemListElement":[{"@type":"ListItem","position":1,"name":"Accueil","item":"https:\/\/www.nettali.com\/"},{"@type":"ListItem","position":2,"name":"SIDIKI KABA, LORS DE LA PRESENTATION DE SON LIVRE - \"Macky Sall ne sera jamais poursuivi\""}]},{"@type":"Person","@id":"https:\/\/www.nettali.com\/#\/schema\/person\/d8ac7b7e27ddad43f1c0d2ef090d7f71","name":"CK","image":{"@type":"ImageObject","@id":"https:\/\/www.nettali.com\/#personlogo","inLanguage":"fr-FR","url":"https:\/\/secure.gravatar.com\/avatar\/1d8d5118b9327d94da7cd4ce7f17fec2?s=96&d=mm&r=g","contentUrl":"https:\/\/secure.gravatar.com\/avatar\/1d8d5118b9327d94da7cd4ce7f17fec2?s=96&d=mm&r=g","caption":"CK"},"sameAs":["https:\/\/www.nettali.com"]}]}},"_links":{"self":[{"href":"https:\/\/www.nettali.com\/rest\/wp\/v2\/posts\/168648"}],"collection":[{"href":"https:\/\/www.nettali.com\/rest\/wp\/v2\/posts"}],"about":[{"href":"https:\/\/www.nettali.com\/rest\/wp\/v2\/types\/post"}],"author":[{"embeddable":true,"href":"https:\/\/www.nettali.com\/rest\/wp\/v2\/users\/2"}],"replies":[{"embeddable":true,"href":"https:\/\/www.nettali.com\/rest\/wp\/v2\/comments?post=168648"}],"version-history":[{"count":4,"href":"https:\/\/www.nettali.com\/rest\/wp\/v2\/posts\/168648\/revisions"}],"predecessor-version":[{"id":168655,"href":"https:\/\/www.nettali.com\/rest\/wp\/v2\/posts\/168648\/revisions\/168655"}],"wp:featuredmedia":[{"embeddable":true,"href":"https:\/\/www.nettali.com\/rest\/wp\/v2\/media\/168652"}],"wp:attachment":[{"href":"https:\/\/www.nettali.com\/rest\/wp\/v2\/media?parent=168648"}],"wp:term":[{"taxonomy":"category","embeddable":true,"href":"https:\/\/www.nettali.com\/rest\/wp\/v2\/categories?post=168648"},{"taxonomy":"post_tag","embeddable":true,"href":"https:\/\/www.nettali.com\/rest\/wp\/v2\/tags?post=168648"}],"curies":[{"name":"wp","href":"https:\/\/api.w.org\/{rel}","templated":true}]}}