{"id":168638,"date":"2026-01-28T07:33:41","date_gmt":"2026-01-28T07:33:41","guid":{"rendered":"https:\/\/www.nettali.com\/?p=168638"},"modified":"2026-01-28T07:33:41","modified_gmt":"2026-01-28T07:33:41","slug":"turquie-amedspor-se-separe-de-cheikhou-kouyate","status":"publish","type":"post","link":"https:\/\/www.nettali.com\/2026\/01\/28\/turquie-amedspor-se-separe-de-cheikhou-kouyate\/","title":{"rendered":"TURQUIE -\u00a0Amedspor se s\u00e9pare de Cheikhou Kouyat\u00e9"},"content":{"rendered":"<p data-start=\"161\" data-end=\"428\"><strong>NETTALI.COM - L\u2019aventure de Cheikhou Kouyat\u00e9 en Turquie s\u2019est achev\u00e9e pr\u00e9matur\u00e9ment. Le milieu de terrain s\u00e9n\u00e9galais et Amedspor ont officialis\u00e9, ce mardi, la r\u00e9siliation \u00e0 l\u2019amiable de leur collaboration, \u00e0 travers un communiqu\u00e9 publi\u00e9 par le club sur ses plateformes officielles.<\/strong><\/p>\n<p data-start=\"430\" data-end=\"746\">Arriv\u00e9 \u00e0 l\u2019intersaison avec l\u2019ambition de relancer sa carri\u00e8re, l\u2019ancien international s\u00e9n\u00e9galais n\u2019aura finalement pass\u00e9 que quelques mois sous les couleurs du club turc. \u00c0 36 ans, Kouyat\u00e9 n\u2019est pas parvenu \u00e0 s\u2019imposer durablement au sein de l\u2019effectif d\u2019Amedspor, actuel leader du championnat de Deuxi\u00e8me Division.<\/p>\n<p data-start=\"748\" data-end=\"1086\" data-is-last-node=\"\" data-is-only-node=\"\">Pass\u00e9 par de grands clubs europ\u00e9ens tels qu\u2019Anderlecht, West Ham, Crystal Palace ou encore Nottingham Forest, l\u2019ex-capitaine des Lions se retrouve d\u00e9sormais libre de tout contrat. Une nouvelle \u00e9tape s\u2019ouvre pour Cheikhou Kouyat\u00e9, qui devra choisir entre relever un ultime d\u00e9fi sportif ou mettre un terme \u00e0 une carri\u00e8re riche et marquante.<\/p>\n<div class='share-to-whatsapp-wrapper'><div class='share-on-whsp'>PARTAGER SUR : <\/div><a data-text='TURQUIE -\u00a0Amedspor se s\u00e9pare de Cheikhou Kouyat\u00e9' data-link='https:\/\/www.nettali.com\/2026\/01\/28\/turquie-amedspor-se-separe-de-cheikhou-kouyate\/' class='whatsapp-button whatsapp-share'>WhatsApp<\/a><div class='clear '><\/div><\/div>","protected":false},"excerpt":{"rendered":"<p>NETTALI.COM - L\u2019aventure de Cheikhou Kouyat\u00e9 en Turquie s\u2019est achev\u00e9e pr\u00e9matur\u00e9ment. Le milieu de terrain s\u00e9n\u00e9galais et Amedspor ont officialis\u00e9, ce mardi, la r\u00e9siliation \u00e0 l\u2019amiable de leur collaboration, \u00e0 travers un communiqu\u00e9 publi\u00e9 par le club sur ses plateformes officielles. Arriv\u00e9 \u00e0 l\u2019intersaison avec l\u2019ambition de relancer sa carri\u00e8re, l\u2019ancien international s\u00e9n\u00e9galais n\u2019aura finalement [&hellip;]<\/p>\n","protected":false},"author":4,"featured_media":91942,"comment_status":"open","ping_status":"open","sticky":false,"template":"","format":"standard","meta":{"_et_pb_use_builder":"","_et_pb_old_content":""},"categories":[6],"tags":[],"yoast_head":"<!-- This site is optimized with the Yoast SEO Premium plugin v17.8 (Yoast SEO v17.8) - https:\/\/yoast.com\/wordpress\/plugins\/seo\/ -->\n<title>TURQUIE -\u00a0Amedspor se s\u00e9pare de Cheikhou Kouyat\u00e9 | Nettali.com<\/title>\n<meta name=\"robots\" content=\"index, follow, max-snippet:-1, max-image-preview:large, max-video-preview:-1\" \/>\n<link rel=\"canonical\" href=\"https:\/\/www.nettali.com\/2026\/01\/28\/turquie-amedspor-se-separe-de-cheikhou-kouyate\/\" \/>\n<meta property=\"og:locale\" content=\"fr_FR\" \/>\n<meta property=\"og:type\" content=\"article\" \/>\n<meta property=\"og:title\" content=\"TURQUIE -\u00a0Amedspor se s\u00e9pare de Cheikhou Kouyat\u00e9\" \/>\n<meta property=\"og:description\" content=\"NETTALI.COM - L\u2019aventure de Cheikhou Kouyat\u00e9 en Turquie s\u2019est achev\u00e9e pr\u00e9matur\u00e9ment. Le milieu de terrain s\u00e9n\u00e9galais et Amedspor ont officialis\u00e9, ce mardi, la r\u00e9siliation \u00e0 l\u2019amiable de leur collaboration, \u00e0 travers un communiqu\u00e9 publi\u00e9 par le club sur ses plateformes officielles. Arriv\u00e9 \u00e0 l\u2019intersaison avec l\u2019ambition de relancer sa carri\u00e8re, l\u2019ancien international s\u00e9n\u00e9galais n\u2019aura finalement [&hellip;]\" \/>\n<meta property=\"og:url\" content=\"https:\/\/www.nettali.com\/2026\/01\/28\/turquie-amedspor-se-separe-de-cheikhou-kouyate\/\" \/>\n<meta property=\"og:site_name\" content=\"Nettali.com\" \/>\n<meta property=\"article:publisher\" content=\"https:\/\/www.facebook.com\/nettalicom\" \/>\n<meta property=\"article:published_time\" content=\"2026-01-28T07:33:41+00:00\" \/>\n<meta property=\"og:image\" content=\"https:\/\/www.nettali.com\/wp-content\/uploads\/2022\/08\/Cheikhou-Kouyate.jpeg\" \/>\n\t<meta property=\"og:image:width\" content=\"600\" \/>\n\t<meta property=\"og:image:height\" content=\"603\" \/>\n<meta name=\"twitter:card\" content=\"summary_large_image\" \/>\n<meta name=\"twitter:label1\" content=\"\u00c9crit par\" \/>\n\t<meta name=\"twitter:data1\" content=\"Daouda\" \/>\n\t<meta name=\"twitter:label2\" content=\"Dur\u00e9e de lecture estim\u00e9e\" \/>\n\t<meta name=\"twitter:data2\" content=\"1 minute\" \/>\n<script type=\"application\/ld+json\" class=\"yoast-schema-graph\">{\"@context\":\"https:\/\/schema.org\",\"@graph\":[{\"@type\":\"WebSite\",\"@id\":\"https:\/\/www.nettali.com\/#website\",\"url\":\"https:\/\/www.nettali.com\/\",\"name\":\"Nettali.com\",\"description\":\"Le rendez-vous critique du Net\",\"potentialAction\":[{\"@type\":\"SearchAction\",\"target\":{\"@type\":\"EntryPoint\",\"urlTemplate\":\"https:\/\/www.nettali.com\/?s={search_term_string}\"},\"query-input\":\"required name=search_term_string\"}],\"inLanguage\":\"fr-FR\"},{\"@type\":\"ImageObject\",\"@id\":\"https:\/\/www.nettali.com\/2026\/01\/28\/turquie-amedspor-se-separe-de-cheikhou-kouyate\/#primaryimage\",\"inLanguage\":\"fr-FR\",\"url\":\"https:\/\/www.nettali.com\/wp-content\/uploads\/2022\/08\/Cheikhou-Kouyate.jpeg\",\"contentUrl\":\"https:\/\/www.nettali.com\/wp-content\/uploads\/2022\/08\/Cheikhou-Kouyate.jpeg\",\"width\":600,\"height\":603},{\"@type\":\"WebPage\",\"@id\":\"https:\/\/www.nettali.com\/2026\/01\/28\/turquie-amedspor-se-separe-de-cheikhou-kouyate\/#webpage\",\"url\":\"https:\/\/www.nettali.com\/2026\/01\/28\/turquie-amedspor-se-separe-de-cheikhou-kouyate\/\",\"name\":\"TURQUIE -\\u00a0Amedspor se s\\u00e9pare de Cheikhou Kouyat\\u00e9 | Nettali.com\",\"isPartOf\":{\"@id\":\"https:\/\/www.nettali.com\/#website\"},\"primaryImageOfPage\":{\"@id\":\"https:\/\/www.nettali.com\/2026\/01\/28\/turquie-amedspor-se-separe-de-cheikhou-kouyate\/#primaryimage\"},\"datePublished\":\"2026-01-28T07:33:41+00:00\",\"dateModified\":\"2026-01-28T07:33:41+00:00\",\"author\":{\"@id\":\"https:\/\/www.nettali.com\/#\/schema\/person\/3317e0bb3aa1da309fbf7b2780901bf4\"},\"breadcrumb\":{\"@id\":\"https:\/\/www.nettali.com\/2026\/01\/28\/turquie-amedspor-se-separe-de-cheikhou-kouyate\/#breadcrumb\"},\"inLanguage\":\"fr-FR\",\"potentialAction\":[{\"@type\":\"ReadAction\",\"target\":[\"https:\/\/www.nettali.com\/2026\/01\/28\/turquie-amedspor-se-separe-de-cheikhou-kouyate\/\"]}]},{\"@type\":\"BreadcrumbList\",\"@id\":\"https:\/\/www.nettali.com\/2026\/01\/28\/turquie-amedspor-se-separe-de-cheikhou-kouyate\/#breadcrumb\",\"itemListElement\":[{\"@type\":\"ListItem\",\"position\":1,\"name\":\"Accueil\",\"item\":\"https:\/\/www.nettali.com\/\"},{\"@type\":\"ListItem\",\"position\":2,\"name\":\"TURQUIE -\\u00a0Amedspor se s\\u00e9pare de Cheikhou Kouyat\\u00e9\"}]},{\"@type\":\"Person\",\"@id\":\"https:\/\/www.nettali.com\/#\/schema\/person\/3317e0bb3aa1da309fbf7b2780901bf4\",\"name\":\"Daouda\",\"image\":{\"@type\":\"ImageObject\",\"@id\":\"https:\/\/www.nettali.com\/#personlogo\",\"inLanguage\":\"fr-FR\",\"url\":\"https:\/\/secure.gravatar.com\/avatar\/8d143b5a49345098ddcfee1c49c2f47c?s=96&d=mm&r=g\",\"contentUrl\":\"https:\/\/secure.gravatar.com\/avatar\/8d143b5a49345098ddcfee1c49c2f47c?s=96&d=mm&r=g\",\"caption\":\"Daouda\"},\"sameAs\":[\"https:\/\/www.nettali.com\"]}]}<\/script>\n<!-- \/ Yoast SEO Premium plugin. -->","yoast_head_json":{"title":"TURQUIE -\u00a0Amedspor se s\u00e9pare de Cheikhou Kouyat\u00e9 | Nettali.com","robots":{"index":"index","follow":"follow","max-snippet":"max-snippet:-1","max-image-preview":"max-image-preview:large","max-video-preview":"max-video-preview:-1"},"canonical":"https:\/\/www.nettali.com\/2026\/01\/28\/turquie-amedspor-se-separe-de-cheikhou-kouyate\/","og_locale":"fr_FR","og_type":"article","og_title":"TURQUIE -\u00a0Amedspor se s\u00e9pare de Cheikhou Kouyat\u00e9","og_description":"NETTALI.COM - L\u2019aventure de Cheikhou Kouyat\u00e9 en Turquie s\u2019est achev\u00e9e pr\u00e9matur\u00e9ment. Le milieu de terrain s\u00e9n\u00e9galais et Amedspor ont officialis\u00e9, ce mardi, la r\u00e9siliation \u00e0 l\u2019amiable de leur collaboration, \u00e0 travers un communiqu\u00e9 publi\u00e9 par le club sur ses plateformes officielles. Arriv\u00e9 \u00e0 l\u2019intersaison avec l\u2019ambition de relancer sa carri\u00e8re, l\u2019ancien international s\u00e9n\u00e9galais n\u2019aura finalement [&hellip;]","og_url":"https:\/\/www.nettali.com\/2026\/01\/28\/turquie-amedspor-se-separe-de-cheikhou-kouyate\/","og_site_name":"Nettali.com","article_publisher":"https:\/\/www.facebook.com\/nettalicom","article_published_time":"2026-01-28T07:33:41+00:00","og_image":[{"width":600,"height":603,"url":"https:\/\/www.nettali.com\/wp-content\/uploads\/2022\/08\/Cheikhou-Kouyate.jpeg","type":"image\/jpeg"}],"twitter_card":"summary_large_image","twitter_misc":{"\u00c9crit par":"Daouda","Dur\u00e9e de lecture estim\u00e9e":"1 minute"},"schema":{"@context":"https:\/\/schema.org","@graph":[{"@type":"WebSite","@id":"https:\/\/www.nettali.com\/#website","url":"https:\/\/www.nettali.com\/","name":"Nettali.com","description":"Le rendez-vous critique du Net","potentialAction":[{"@type":"SearchAction","target":{"@type":"EntryPoint","urlTemplate":"https:\/\/www.nettali.com\/?s={search_term_string}"},"query-input":"required name=search_term_string"}],"inLanguage":"fr-FR"},{"@type":"ImageObject","@id":"https:\/\/www.nettali.com\/2026\/01\/28\/turquie-amedspor-se-separe-de-cheikhou-kouyate\/#primaryimage","inLanguage":"fr-FR","url":"https:\/\/www.nettali.com\/wp-content\/uploads\/2022\/08\/Cheikhou-Kouyate.jpeg","contentUrl":"https:\/\/www.nettali.com\/wp-content\/uploads\/2022\/08\/Cheikhou-Kouyate.jpeg","width":600,"height":603},{"@type":"WebPage","@id":"https:\/\/www.nettali.com\/2026\/01\/28\/turquie-amedspor-se-separe-de-cheikhou-kouyate\/#webpage","url":"https:\/\/www.nettali.com\/2026\/01\/28\/turquie-amedspor-se-separe-de-cheikhou-kouyate\/","name":"TURQUIE -\u00a0Amedspor se s\u00e9pare de Cheikhou Kouyat\u00e9 | Nettali.com","isPartOf":{"@id":"https:\/\/www.nettali.com\/#website"},"primaryImageOfPage":{"@id":"https:\/\/www.nettali.com\/2026\/01\/28\/turquie-amedspor-se-separe-de-cheikhou-kouyate\/#primaryimage"},"datePublished":"2026-01-28T07:33:41+00:00","dateModified":"2026-01-28T07:33:41+00:00","author":{"@id":"https:\/\/www.nettali.com\/#\/schema\/person\/3317e0bb3aa1da309fbf7b2780901bf4"},"breadcrumb":{"@id":"https:\/\/www.nettali.com\/2026\/01\/28\/turquie-amedspor-se-separe-de-cheikhou-kouyate\/#breadcrumb"},"inLanguage":"fr-FR","potentialAction":[{"@type":"ReadAction","target":["https:\/\/www.nettali.com\/2026\/01\/28\/turquie-amedspor-se-separe-de-cheikhou-kouyate\/"]}]},{"@type":"BreadcrumbList","@id":"https:\/\/www.nettali.com\/2026\/01\/28\/turquie-amedspor-se-separe-de-cheikhou-kouyate\/#breadcrumb","itemListElement":[{"@type":"ListItem","position":1,"name":"Accueil","item":"https:\/\/www.nettali.com\/"},{"@type":"ListItem","position":2,"name":"TURQUIE -\u00a0Amedspor se s\u00e9pare de Cheikhou Kouyat\u00e9"}]},{"@type":"Person","@id":"https:\/\/www.nettali.com\/#\/schema\/person\/3317e0bb3aa1da309fbf7b2780901bf4","name":"Daouda","image":{"@type":"ImageObject","@id":"https:\/\/www.nettali.com\/#personlogo","inLanguage":"fr-FR","url":"https:\/\/secure.gravatar.com\/avatar\/8d143b5a49345098ddcfee1c49c2f47c?s=96&d=mm&r=g","contentUrl":"https:\/\/secure.gravatar.com\/avatar\/8d143b5a49345098ddcfee1c49c2f47c?s=96&d=mm&r=g","caption":"Daouda"},"sameAs":["https:\/\/www.nettali.com"]}]}},"_links":{"self":[{"href":"https:\/\/www.nettali.com\/rest\/wp\/v2\/posts\/168638"}],"collection":[{"href":"https:\/\/www.nettali.com\/rest\/wp\/v2\/posts"}],"about":[{"href":"https:\/\/www.nettali.com\/rest\/wp\/v2\/types\/post"}],"author":[{"embeddable":true,"href":"https:\/\/www.nettali.com\/rest\/wp\/v2\/users\/4"}],"replies":[{"embeddable":true,"href":"https:\/\/www.nettali.com\/rest\/wp\/v2\/comments?post=168638"}],"version-history":[{"count":1,"href":"https:\/\/www.nettali.com\/rest\/wp\/v2\/posts\/168638\/revisions"}],"predecessor-version":[{"id":168639,"href":"https:\/\/www.nettali.com\/rest\/wp\/v2\/posts\/168638\/revisions\/168639"}],"wp:featuredmedia":[{"embeddable":true,"href":"https:\/\/www.nettali.com\/rest\/wp\/v2\/media\/91942"}],"wp:attachment":[{"href":"https:\/\/www.nettali.com\/rest\/wp\/v2\/media?parent=168638"}],"wp:term":[{"taxonomy":"category","embeddable":true,"href":"https:\/\/www.nettali.com\/rest\/wp\/v2\/categories?post=168638"},{"taxonomy":"post_tag","embeddable":true,"href":"https:\/\/www.nettali.com\/rest\/wp\/v2\/tags?post=168638"}],"curies":[{"name":"wp","href":"https:\/\/api.w.org\/{rel}","templated":true}]}}