{"id":168633,"date":"2026-01-28T07:16:00","date_gmt":"2026-01-28T07:16:00","guid":{"rendered":"https:\/\/www.nettali.com\/?p=168633"},"modified":"2026-01-28T08:23:12","modified_gmt":"2026-01-28T08:23:12","slug":"maroc-les-propositions-de-la-diaspora-senegalaise-au-premier-ministre-ousmane-sonko","status":"publish","type":"post","link":"https:\/\/www.nettali.com\/2026\/01\/28\/maroc-les-propositions-de-la-diaspora-senegalaise-au-premier-ministre-ousmane-sonko\/","title":{"rendered":"MAROC : Les propositions de la diaspora s\u00e9n\u00e9galaise au Premier ministre Ousmane Sonko"},"content":{"rendered":"<p data-start=\"94\" data-end=\"414\"><strong data-start=\"94\" data-end=\"414\">NETTALI.COM - En visite officielle au Maroc, le Premier ministre Ousmane Sonko a \u00e9chang\u00e9 avec la communaut\u00e9 s\u00e9n\u00e9galaise \u00e9tablie dans le Royaume ch\u00e9rifien. R\u00e9unis \u00e0 Casablanca, les ressortissants s\u00e9n\u00e9galais ont pr\u00e9sent\u00e9 des projets concrets et des propositions visant \u00e0 contribuer activement au d\u00e9veloppement \u00e9conomique du S\u00e9n\u00e9gal.<\/strong><\/p>\n<p data-start=\"416\" data-end=\"831\">Le complexe culturel Anfa, situ\u00e9 non loin du Consulat g\u00e9n\u00e9ral du S\u00e9n\u00e9gal \u00e0 Casablanca, a fait le plein mardi \u00e0 l\u2019occasion de la rencontre entre le Premier ministre Ousmane Sonko et la communaut\u00e9 s\u00e9n\u00e9galaise vivant au Maroc. Accompagn\u00e9 d\u2019une d\u00e9l\u00e9gation minist\u00e9rielle et de plusieurs directeurs nationaux, le chef du gouvernement a \u00e9t\u00e9 accueilli par des compatriotes venus nombreux exposer leurs id\u00e9es et initiatives.<\/p>\n<p data-start=\"833\" data-end=\"1281\">Au nom des professionnels de l\u2019offshoring et des centres d\u2019appel, Tabara Fall, pr\u00e9sidente du Collectif des ressortissants s\u00e9n\u00e9galais du secteur au Maroc, a soulign\u00e9 la volont\u00e9 de la diaspora de participer \u00e0 l\u2019essor \u00e9conomique national. <em>\u00ab Nous ne sommes pas ici pour formuler des dol\u00e9ances, mais pour faire des propositions. Nous avons des comp\u00e9tences et une exp\u00e9rience solides que nous souhaitons mettre au service du S\u00e9n\u00e9gal \u00bb<\/em>, a-t-elle d\u00e9clar\u00e9.<\/p>\n<p data-start=\"1283\" data-end=\"1805\">Selon elle, entre 15 000 et 20 000 S\u00e9n\u00e9galais travaillent dans les centres d\u2019appel au Maroc, occupant tous les niveaux de responsabilit\u00e9, de simples agents \u00e0 managers. <em>\u00ab Les centres d\u2019appel sont devenus un enjeu majeur d\u2019emploi. Nous proposons de transf\u00e9rer ces comp\u00e9tences au pays \u00bb<\/em>, a-t-elle insist\u00e9, pr\u00e9cisant que des S\u00e9n\u00e9galais \u00e9voluent \u00e9galement dans ce secteur en France, en Belgique et dans d\u2019autres pays europ\u00e9ens. Un projet d\u2019implantation de l\u2019offshoring au S\u00e9n\u00e9gal a \u00e9t\u00e9 officiellement remis au Premier ministre.<\/p>\n<p data-start=\"1807\" data-end=\"2331\">De son c\u00f4t\u00e9, Babacar Di\u00e8ye, pr\u00e9sident de l\u2019Association des ressortissants s\u00e9n\u00e9galais au Maroc, a mis en avant les difficult\u00e9s administratives rencontr\u00e9es par une partie de la communaut\u00e9, notamment l\u2019absence de carte de s\u00e9jour. <em>\u00ab Nous voulons participer aux m\u00e9canismes de mobilisation de fonds de l\u2019\u00c9tat, mais sans carte de s\u00e9jour, il est impossible d\u2019ouvrir un compte bancaire \u00bb<\/em>, a-t-il expliqu\u00e9, appelant \u00e0 un accompagnement renforc\u00e9 des pouvoirs publics pour faciliter les projets de retour et d\u2019investissement au S\u00e9n\u00e9gal.<\/p>\n<p data-start=\"2333\" data-end=\"2780\">Intervenant \u00e0 son tour, le secr\u00e9taire d\u2019\u00c9tat charg\u00e9 des S\u00e9n\u00e9galais de l\u2019ext\u00e9rieur, Amadou Ch\u00e9rif Diouf, a insist\u00e9 sur l\u2019importance de la carte consulaire. <em>\u00ab Elle est essentielle pour un recensement fiable de nos compatriotes. Les chiffres avanc\u00e9s sur le nombre de S\u00e9n\u00e9galais au Maroc varient fortement, ce qui pose probl\u00e8me dans un pays organis\u00e9 \u00bb<\/em>, a-t-il soulign\u00e9, invitant la diaspora \u00e0 se faire enr\u00f4ler pour un meilleur suivi et accompagnement.<\/p>\n<p data-start=\"2782\" data-end=\"3234\">Cl\u00f4turant les \u00e9changes, le Premier ministre Ousmane Sonko a exhort\u00e9 la communaut\u00e9 s\u00e9n\u00e9galaise \u00e0 s\u2019inspirer des valeurs port\u00e9es par l\u2019\u00e9quipe nationale de football, sacr\u00e9e championne d\u2019Afrique au Maroc. <em>\u00ab Les obstacles sont nombreux, mais cette \u00e9quipe est une source d\u2019inspiration par son patriotisme, son engagement et sa discipline \u00bb<\/em>, a-t-il d\u00e9clar\u00e9, avant de rappeler la profondeur historique et la solidit\u00e9 des relations entre le S\u00e9n\u00e9gal et le Maroc.<\/p>\n<p data-start=\"3236\" data-end=\"3445\" data-is-last-node=\"\" data-is-only-node=\"\">Cette rencontre marque une \u00e9tape importante dans la volont\u00e9 affich\u00e9e des autorit\u00e9s de mieux int\u00e9grer les comp\u00e9tences et les initiatives de la diaspora dans la dynamique de transformation \u00e9conomique du S\u00e9n\u00e9gal.<\/p>\n<div class='share-to-whatsapp-wrapper'><div class='share-on-whsp'>PARTAGER SUR : <\/div><a data-text='MAROC : Les propositions de la diaspora s\u00e9n\u00e9galaise au Premier ministre Ousmane Sonko' data-link='https:\/\/www.nettali.com\/2026\/01\/28\/maroc-les-propositions-de-la-diaspora-senegalaise-au-premier-ministre-ousmane-sonko\/' class='whatsapp-button whatsapp-share'>WhatsApp<\/a><div class='clear '><\/div><\/div>","protected":false},"excerpt":{"rendered":"<p>NETTALI.COM - En visite officielle au Maroc, le Premier ministre Ousmane Sonko a \u00e9chang\u00e9 avec la communaut\u00e9 s\u00e9n\u00e9galaise \u00e9tablie dans le Royaume ch\u00e9rifien. R\u00e9unis \u00e0 Casablanca, les ressortissants s\u00e9n\u00e9galais ont pr\u00e9sent\u00e9 des projets concrets et des propositions visant \u00e0 contribuer activement au d\u00e9veloppement \u00e9conomique du S\u00e9n\u00e9gal. Le complexe culturel Anfa, situ\u00e9 non loin du Consulat [&hellip;]<\/p>\n","protected":false},"author":4,"featured_media":149459,"comment_status":"open","ping_status":"open","sticky":false,"template":"","format":"standard","meta":{"_et_pb_use_builder":"","_et_pb_old_content":""},"categories":[2],"tags":[],"yoast_head":"<!-- This site is optimized with the Yoast SEO Premium plugin v17.8 (Yoast SEO v17.8) - https:\/\/yoast.com\/wordpress\/plugins\/seo\/ -->\n<title>MAROC : Les propositions de la diaspora s\u00e9n\u00e9galaise au Premier ministre Ousmane Sonko | Nettali.com<\/title>\n<meta name=\"robots\" content=\"index, follow, max-snippet:-1, max-image-preview:large, max-video-preview:-1\" \/>\n<link rel=\"canonical\" href=\"https:\/\/www.nettali.com\/2026\/01\/28\/maroc-les-propositions-de-la-diaspora-senegalaise-au-premier-ministre-ousmane-sonko\/\" \/>\n<meta property=\"og:locale\" content=\"fr_FR\" \/>\n<meta property=\"og:type\" content=\"article\" \/>\n<meta property=\"og:title\" content=\"MAROC : Les propositions de la diaspora s\u00e9n\u00e9galaise au Premier ministre Ousmane Sonko\" \/>\n<meta property=\"og:description\" content=\"NETTALI.COM - En visite officielle au Maroc, le Premier ministre Ousmane Sonko a \u00e9chang\u00e9 avec la communaut\u00e9 s\u00e9n\u00e9galaise \u00e9tablie dans le Royaume ch\u00e9rifien. R\u00e9unis \u00e0 Casablanca, les ressortissants s\u00e9n\u00e9galais ont pr\u00e9sent\u00e9 des projets concrets et des propositions visant \u00e0 contribuer activement au d\u00e9veloppement \u00e9conomique du S\u00e9n\u00e9gal. Le complexe culturel Anfa, situ\u00e9 non loin du Consulat [&hellip;]\" \/>\n<meta property=\"og:url\" content=\"https:\/\/www.nettali.com\/2026\/01\/28\/maroc-les-propositions-de-la-diaspora-senegalaise-au-premier-ministre-ousmane-sonko\/\" \/>\n<meta property=\"og:site_name\" content=\"Nettali.com\" \/>\n<meta property=\"article:publisher\" content=\"https:\/\/www.facebook.com\/nettalicom\" \/>\n<meta property=\"article:published_time\" content=\"2026-01-28T07:16:00+00:00\" \/>\n<meta property=\"article:modified_time\" content=\"2026-01-28T08:23:12+00:00\" \/>\n<meta property=\"og:image\" content=\"https:\/\/www.nettali.com\/wp-content\/uploads\/2025\/02\/Ousmane-Sonko-e1740158627146.jpg\" \/>\n\t<meta property=\"og:image:width\" content=\"1884\" \/>\n\t<meta property=\"og:image:height\" content=\"1259\" \/>\n<meta name=\"twitter:card\" content=\"summary_large_image\" \/>\n<meta name=\"twitter:label1\" content=\"\u00c9crit par\" \/>\n\t<meta name=\"twitter:data1\" content=\"Daouda\" \/>\n\t<meta name=\"twitter:label2\" content=\"Dur\u00e9e de lecture estim\u00e9e\" \/>\n\t<meta name=\"twitter:data2\" content=\"3 minutes\" \/>\n<script type=\"application\/ld+json\" class=\"yoast-schema-graph\">{\"@context\":\"https:\/\/schema.org\",\"@graph\":[{\"@type\":\"WebSite\",\"@id\":\"https:\/\/www.nettali.com\/#website\",\"url\":\"https:\/\/www.nettali.com\/\",\"name\":\"Nettali.com\",\"description\":\"Le rendez-vous critique du Net\",\"potentialAction\":[{\"@type\":\"SearchAction\",\"target\":{\"@type\":\"EntryPoint\",\"urlTemplate\":\"https:\/\/www.nettali.com\/?s={search_term_string}\"},\"query-input\":\"required name=search_term_string\"}],\"inLanguage\":\"fr-FR\"},{\"@type\":\"ImageObject\",\"@id\":\"https:\/\/www.nettali.com\/2026\/01\/28\/maroc-les-propositions-de-la-diaspora-senegalaise-au-premier-ministre-ousmane-sonko\/#primaryimage\",\"inLanguage\":\"fr-FR\",\"url\":\"https:\/\/www.nettali.com\/wp-content\/uploads\/2025\/02\/Ousmane-Sonko-e1740158627146.jpg\",\"contentUrl\":\"https:\/\/www.nettali.com\/wp-content\/uploads\/2025\/02\/Ousmane-Sonko-e1740158627146.jpg\",\"width\":1884,\"height\":1259},{\"@type\":\"WebPage\",\"@id\":\"https:\/\/www.nettali.com\/2026\/01\/28\/maroc-les-propositions-de-la-diaspora-senegalaise-au-premier-ministre-ousmane-sonko\/#webpage\",\"url\":\"https:\/\/www.nettali.com\/2026\/01\/28\/maroc-les-propositions-de-la-diaspora-senegalaise-au-premier-ministre-ousmane-sonko\/\",\"name\":\"MAROC : Les propositions de la diaspora s\\u00e9n\\u00e9galaise au Premier ministre Ousmane Sonko | Nettali.com\",\"isPartOf\":{\"@id\":\"https:\/\/www.nettali.com\/#website\"},\"primaryImageOfPage\":{\"@id\":\"https:\/\/www.nettali.com\/2026\/01\/28\/maroc-les-propositions-de-la-diaspora-senegalaise-au-premier-ministre-ousmane-sonko\/#primaryimage\"},\"datePublished\":\"2026-01-28T07:16:00+00:00\",\"dateModified\":\"2026-01-28T08:23:12+00:00\",\"author\":{\"@id\":\"https:\/\/www.nettali.com\/#\/schema\/person\/3317e0bb3aa1da309fbf7b2780901bf4\"},\"breadcrumb\":{\"@id\":\"https:\/\/www.nettali.com\/2026\/01\/28\/maroc-les-propositions-de-la-diaspora-senegalaise-au-premier-ministre-ousmane-sonko\/#breadcrumb\"},\"inLanguage\":\"fr-FR\",\"potentialAction\":[{\"@type\":\"ReadAction\",\"target\":[\"https:\/\/www.nettali.com\/2026\/01\/28\/maroc-les-propositions-de-la-diaspora-senegalaise-au-premier-ministre-ousmane-sonko\/\"]}]},{\"@type\":\"BreadcrumbList\",\"@id\":\"https:\/\/www.nettali.com\/2026\/01\/28\/maroc-les-propositions-de-la-diaspora-senegalaise-au-premier-ministre-ousmane-sonko\/#breadcrumb\",\"itemListElement\":[{\"@type\":\"ListItem\",\"position\":1,\"name\":\"Accueil\",\"item\":\"https:\/\/www.nettali.com\/\"},{\"@type\":\"ListItem\",\"position\":2,\"name\":\"MAROC : Les propositions de la diaspora s\\u00e9n\\u00e9galaise au Premier ministre Ousmane Sonko\"}]},{\"@type\":\"Person\",\"@id\":\"https:\/\/www.nettali.com\/#\/schema\/person\/3317e0bb3aa1da309fbf7b2780901bf4\",\"name\":\"Daouda\",\"image\":{\"@type\":\"ImageObject\",\"@id\":\"https:\/\/www.nettali.com\/#personlogo\",\"inLanguage\":\"fr-FR\",\"url\":\"https:\/\/secure.gravatar.com\/avatar\/8d143b5a49345098ddcfee1c49c2f47c?s=96&d=mm&r=g\",\"contentUrl\":\"https:\/\/secure.gravatar.com\/avatar\/8d143b5a49345098ddcfee1c49c2f47c?s=96&d=mm&r=g\",\"caption\":\"Daouda\"},\"sameAs\":[\"https:\/\/www.nettali.com\"]}]}<\/script>\n<!-- \/ Yoast SEO Premium plugin. -->","yoast_head_json":{"title":"MAROC : Les propositions de la diaspora s\u00e9n\u00e9galaise au Premier ministre Ousmane Sonko | Nettali.com","robots":{"index":"index","follow":"follow","max-snippet":"max-snippet:-1","max-image-preview":"max-image-preview:large","max-video-preview":"max-video-preview:-1"},"canonical":"https:\/\/www.nettali.com\/2026\/01\/28\/maroc-les-propositions-de-la-diaspora-senegalaise-au-premier-ministre-ousmane-sonko\/","og_locale":"fr_FR","og_type":"article","og_title":"MAROC : Les propositions de la diaspora s\u00e9n\u00e9galaise au Premier ministre Ousmane Sonko","og_description":"NETTALI.COM - En visite officielle au Maroc, le Premier ministre Ousmane Sonko a \u00e9chang\u00e9 avec la communaut\u00e9 s\u00e9n\u00e9galaise \u00e9tablie dans le Royaume ch\u00e9rifien. R\u00e9unis \u00e0 Casablanca, les ressortissants s\u00e9n\u00e9galais ont pr\u00e9sent\u00e9 des projets concrets et des propositions visant \u00e0 contribuer activement au d\u00e9veloppement \u00e9conomique du S\u00e9n\u00e9gal. Le complexe culturel Anfa, situ\u00e9 non loin du Consulat [&hellip;]","og_url":"https:\/\/www.nettali.com\/2026\/01\/28\/maroc-les-propositions-de-la-diaspora-senegalaise-au-premier-ministre-ousmane-sonko\/","og_site_name":"Nettali.com","article_publisher":"https:\/\/www.facebook.com\/nettalicom","article_published_time":"2026-01-28T07:16:00+00:00","article_modified_time":"2026-01-28T08:23:12+00:00","og_image":[{"width":1884,"height":1259,"url":"https:\/\/www.nettali.com\/wp-content\/uploads\/2025\/02\/Ousmane-Sonko-e1740158627146.jpg","type":"image\/jpeg"}],"twitter_card":"summary_large_image","twitter_misc":{"\u00c9crit par":"Daouda","Dur\u00e9e de lecture estim\u00e9e":"3 minutes"},"schema":{"@context":"https:\/\/schema.org","@graph":[{"@type":"WebSite","@id":"https:\/\/www.nettali.com\/#website","url":"https:\/\/www.nettali.com\/","name":"Nettali.com","description":"Le rendez-vous critique du Net","potentialAction":[{"@type":"SearchAction","target":{"@type":"EntryPoint","urlTemplate":"https:\/\/www.nettali.com\/?s={search_term_string}"},"query-input":"required name=search_term_string"}],"inLanguage":"fr-FR"},{"@type":"ImageObject","@id":"https:\/\/www.nettali.com\/2026\/01\/28\/maroc-les-propositions-de-la-diaspora-senegalaise-au-premier-ministre-ousmane-sonko\/#primaryimage","inLanguage":"fr-FR","url":"https:\/\/www.nettali.com\/wp-content\/uploads\/2025\/02\/Ousmane-Sonko-e1740158627146.jpg","contentUrl":"https:\/\/www.nettali.com\/wp-content\/uploads\/2025\/02\/Ousmane-Sonko-e1740158627146.jpg","width":1884,"height":1259},{"@type":"WebPage","@id":"https:\/\/www.nettali.com\/2026\/01\/28\/maroc-les-propositions-de-la-diaspora-senegalaise-au-premier-ministre-ousmane-sonko\/#webpage","url":"https:\/\/www.nettali.com\/2026\/01\/28\/maroc-les-propositions-de-la-diaspora-senegalaise-au-premier-ministre-ousmane-sonko\/","name":"MAROC : Les propositions de la diaspora s\u00e9n\u00e9galaise au Premier ministre Ousmane Sonko | Nettali.com","isPartOf":{"@id":"https:\/\/www.nettali.com\/#website"},"primaryImageOfPage":{"@id":"https:\/\/www.nettali.com\/2026\/01\/28\/maroc-les-propositions-de-la-diaspora-senegalaise-au-premier-ministre-ousmane-sonko\/#primaryimage"},"datePublished":"2026-01-28T07:16:00+00:00","dateModified":"2026-01-28T08:23:12+00:00","author":{"@id":"https:\/\/www.nettali.com\/#\/schema\/person\/3317e0bb3aa1da309fbf7b2780901bf4"},"breadcrumb":{"@id":"https:\/\/www.nettali.com\/2026\/01\/28\/maroc-les-propositions-de-la-diaspora-senegalaise-au-premier-ministre-ousmane-sonko\/#breadcrumb"},"inLanguage":"fr-FR","potentialAction":[{"@type":"ReadAction","target":["https:\/\/www.nettali.com\/2026\/01\/28\/maroc-les-propositions-de-la-diaspora-senegalaise-au-premier-ministre-ousmane-sonko\/"]}]},{"@type":"BreadcrumbList","@id":"https:\/\/www.nettali.com\/2026\/01\/28\/maroc-les-propositions-de-la-diaspora-senegalaise-au-premier-ministre-ousmane-sonko\/#breadcrumb","itemListElement":[{"@type":"ListItem","position":1,"name":"Accueil","item":"https:\/\/www.nettali.com\/"},{"@type":"ListItem","position":2,"name":"MAROC : Les propositions de la diaspora s\u00e9n\u00e9galaise au Premier ministre Ousmane Sonko"}]},{"@type":"Person","@id":"https:\/\/www.nettali.com\/#\/schema\/person\/3317e0bb3aa1da309fbf7b2780901bf4","name":"Daouda","image":{"@type":"ImageObject","@id":"https:\/\/www.nettali.com\/#personlogo","inLanguage":"fr-FR","url":"https:\/\/secure.gravatar.com\/avatar\/8d143b5a49345098ddcfee1c49c2f47c?s=96&d=mm&r=g","contentUrl":"https:\/\/secure.gravatar.com\/avatar\/8d143b5a49345098ddcfee1c49c2f47c?s=96&d=mm&r=g","caption":"Daouda"},"sameAs":["https:\/\/www.nettali.com"]}]}},"_links":{"self":[{"href":"https:\/\/www.nettali.com\/rest\/wp\/v2\/posts\/168633"}],"collection":[{"href":"https:\/\/www.nettali.com\/rest\/wp\/v2\/posts"}],"about":[{"href":"https:\/\/www.nettali.com\/rest\/wp\/v2\/types\/post"}],"author":[{"embeddable":true,"href":"https:\/\/www.nettali.com\/rest\/wp\/v2\/users\/4"}],"replies":[{"embeddable":true,"href":"https:\/\/www.nettali.com\/rest\/wp\/v2\/comments?post=168633"}],"version-history":[{"count":3,"href":"https:\/\/www.nettali.com\/rest\/wp\/v2\/posts\/168633\/revisions"}],"predecessor-version":[{"id":168644,"href":"https:\/\/www.nettali.com\/rest\/wp\/v2\/posts\/168633\/revisions\/168644"}],"wp:featuredmedia":[{"embeddable":true,"href":"https:\/\/www.nettali.com\/rest\/wp\/v2\/media\/149459"}],"wp:attachment":[{"href":"https:\/\/www.nettali.com\/rest\/wp\/v2\/media?parent=168633"}],"wp:term":[{"taxonomy":"category","embeddable":true,"href":"https:\/\/www.nettali.com\/rest\/wp\/v2\/categories?post=168633"},{"taxonomy":"post_tag","embeddable":true,"href":"https:\/\/www.nettali.com\/rest\/wp\/v2\/tags?post=168633"}],"curies":[{"name":"wp","href":"https:\/\/api.w.org\/{rel}","templated":true}]}}