{"id":168626,"date":"2026-01-27T22:32:06","date_gmt":"2026-01-27T22:32:06","guid":{"rendered":"https:\/\/www.nettali.com\/?p=168626"},"modified":"2026-01-27T22:32:06","modified_gmt":"2026-01-27T22:32:06","slug":"affaire-west-africa-energy-la-chambre-daccusation-annule-lordonnance-de-renvoi-en-jugement-de-samuel-sarr","status":"publish","type":"post","link":"https:\/\/www.nettali.com\/2026\/01\/27\/affaire-west-africa-energy-la-chambre-daccusation-annule-lordonnance-de-renvoi-en-jugement-de-samuel-sarr\/","title":{"rendered":"AFFAIRE WEST AFRICA ENERGY \u2013 La chambre d\u2019accusation annule l'ordonnance de renvoi en jugement de Samuel Sarr"},"content":{"rendered":"<p><strong>NETTALI.COM - A moins que le parquet g\u00e9n\u00e9ral fasse appel, Samuel Ameth Sarr ne sera pas jug\u00e9 dans l\u2019affaire West Africa Energy. Ce mardi 27 janvier 2026, la Chambre d\u2019accusation de la Cour d\u2019appel de Dakar, r\u00e9unie en audience, a annul\u00e9 l\u2019ordonnance de renvoi de devant le Tribunal correctionnel. <\/strong><\/p>\n<p>Inculp\u00e9 pour abus de biens sociaux portant sur un montant de 8 milliards de FCFA, dans le cadre de l\u2019affaire li\u00e9e \u00e0 la centrale \u00e9lectrique West African Energy (WAE), Samuel Sarr a \u00e9t\u00e9 renvoy\u00e9 en jugement devant le tribunal correctionnel.<\/p>\n<p>Ses avocats n\u2019ont pas \u00e9t\u00e9 satisfaits de la d\u00e9cision du juge du deuxi\u00e8me cabinet d\u2019instruction. Ils avaient fait appel estimant que les conditions l\u00e9gales du renvoi n\u2019\u00e9taient pas r\u00e9unies.<\/p>\n<p>A l\u2019issue de son audience de ce mardi 27 janvier 2026, la Chambre d\u2019accusation a infirm\u00e9 l\u2019ordonnance du magistrat instructeur.<\/p>\n<p>C\u2019est dire que l\u2019ancien ministre de l'Energie ne sera pas jug\u00e9 si le parquet g\u00e9n\u00e9ral ne fait pas de pouvoir en cassation.<\/p>\n<p>Sameul Sarr avait \u00e9t\u00e9 arr\u00eat\u00e9, suite \u00e0 une plainte de ses associ\u00e9s dont Moustapha Ndiaye. Le 28 mai 2025, une expertise m\u00e9dicale a conclu que son \u00e9tat de sant\u00e9 \u00e9tait incompatible avec la d\u00e9tention. Ainsi il a \u00e9t\u00e9 lib\u00e9r\u00e9 sous bracelet \u00e9lectronique et plac\u00e9 en r\u00e9sidence surveill\u00e9e.<\/p>\n<div class='share-to-whatsapp-wrapper'><div class='share-on-whsp'>PARTAGER SUR : <\/div><a data-text='AFFAIRE WEST AFRICA ENERGY \u2013 La chambre d\u2019accusation annule l'ordonnance de renvoi en jugement de Samuel Sarr' data-link='https:\/\/www.nettali.com\/2026\/01\/27\/affaire-west-africa-energy-la-chambre-daccusation-annule-lordonnance-de-renvoi-en-jugement-de-samuel-sarr\/' class='whatsapp-button whatsapp-share'>WhatsApp<\/a><div class='clear '><\/div><\/div>","protected":false},"excerpt":{"rendered":"<p>NETTALI.COM - A moins que le parquet g\u00e9n\u00e9ral fasse appel, Samuel Ameth Sarr ne sera pas jug\u00e9 dans l\u2019affaire West Africa Energy. Ce mardi 27 janvier 2026, la Chambre d\u2019accusation de la Cour d\u2019appel de Dakar, r\u00e9unie en audience, a annul\u00e9 l\u2019ordonnance de renvoi de devant le Tribunal correctionnel. Inculp\u00e9 pour abus de biens sociaux [&hellip;]<\/p>\n","protected":false},"author":6,"featured_media":144404,"comment_status":"open","ping_status":"open","sticky":false,"template":"","format":"standard","meta":{"_et_pb_use_builder":"","_et_pb_old_content":""},"categories":[3],"tags":[],"yoast_head":"<!-- This site is optimized with the Yoast SEO Premium plugin v17.8 (Yoast SEO v17.8) - https:\/\/yoast.com\/wordpress\/plugins\/seo\/ -->\n<title>AFFAIRE WEST AFRICA ENERGY \u2013 La chambre d\u2019accusation annule l&#039;ordonnance de renvoi en jugement de Samuel Sarr | Nettali.com<\/title>\n<meta name=\"robots\" content=\"index, follow, max-snippet:-1, max-image-preview:large, max-video-preview:-1\" \/>\n<link rel=\"canonical\" href=\"https:\/\/www.nettali.com\/2026\/01\/27\/affaire-west-africa-energy-la-chambre-daccusation-annule-lordonnance-de-renvoi-en-jugement-de-samuel-sarr\/\" \/>\n<meta property=\"og:locale\" content=\"fr_FR\" \/>\n<meta property=\"og:type\" content=\"article\" \/>\n<meta property=\"og:title\" content=\"AFFAIRE WEST AFRICA ENERGY \u2013 La chambre d\u2019accusation annule l&#039;ordonnance de renvoi en jugement de Samuel Sarr\" \/>\n<meta property=\"og:description\" content=\"NETTALI.COM - A moins que le parquet g\u00e9n\u00e9ral fasse appel, Samuel Ameth Sarr ne sera pas jug\u00e9 dans l\u2019affaire West Africa Energy. Ce mardi 27 janvier 2026, la Chambre d\u2019accusation de la Cour d\u2019appel de Dakar, r\u00e9unie en audience, a annul\u00e9 l\u2019ordonnance de renvoi de devant le Tribunal correctionnel. Inculp\u00e9 pour abus de biens sociaux [&hellip;]\" \/>\n<meta property=\"og:url\" content=\"https:\/\/www.nettali.com\/2026\/01\/27\/affaire-west-africa-energy-la-chambre-daccusation-annule-lordonnance-de-renvoi-en-jugement-de-samuel-sarr\/\" \/>\n<meta property=\"og:site_name\" content=\"Nettali.com\" \/>\n<meta property=\"article:publisher\" content=\"https:\/\/www.facebook.com\/nettalicom\" \/>\n<meta property=\"article:published_time\" content=\"2026-01-27T22:32:06+00:00\" \/>\n<meta property=\"og:image\" content=\"https:\/\/www.nettali.com\/wp-content\/uploads\/2024\/11\/Samuel-Sarr-au-coeur-dun-scandale-financier-scaled-1.jpg\" \/>\n\t<meta property=\"og:image:width\" content=\"2560\" \/>\n\t<meta property=\"og:image:height\" content=\"1810\" \/>\n<meta name=\"twitter:card\" content=\"summary_large_image\" \/>\n<meta name=\"twitter:label1\" content=\"\u00c9crit par\" \/>\n\t<meta name=\"twitter:data1\" content=\"Fatou\" \/>\n\t<meta name=\"twitter:label2\" content=\"Dur\u00e9e de lecture estim\u00e9e\" \/>\n\t<meta name=\"twitter:data2\" content=\"2 minutes\" \/>\n<script type=\"application\/ld+json\" class=\"yoast-schema-graph\">{\"@context\":\"https:\/\/schema.org\",\"@graph\":[{\"@type\":\"WebSite\",\"@id\":\"https:\/\/www.nettali.com\/#website\",\"url\":\"https:\/\/www.nettali.com\/\",\"name\":\"Nettali.com\",\"description\":\"Le rendez-vous critique du Net\",\"potentialAction\":[{\"@type\":\"SearchAction\",\"target\":{\"@type\":\"EntryPoint\",\"urlTemplate\":\"https:\/\/www.nettali.com\/?s={search_term_string}\"},\"query-input\":\"required name=search_term_string\"}],\"inLanguage\":\"fr-FR\"},{\"@type\":\"ImageObject\",\"@id\":\"https:\/\/www.nettali.com\/2026\/01\/27\/affaire-west-africa-energy-la-chambre-daccusation-annule-lordonnance-de-renvoi-en-jugement-de-samuel-sarr\/#primaryimage\",\"inLanguage\":\"fr-FR\",\"url\":\"https:\/\/www.nettali.com\/wp-content\/uploads\/2024\/11\/Samuel-Sarr-au-coeur-dun-scandale-financier-scaled-1.jpg\",\"contentUrl\":\"https:\/\/www.nettali.com\/wp-content\/uploads\/2024\/11\/Samuel-Sarr-au-coeur-dun-scandale-financier-scaled-1.jpg\",\"width\":2560,\"height\":1810},{\"@type\":\"WebPage\",\"@id\":\"https:\/\/www.nettali.com\/2026\/01\/27\/affaire-west-africa-energy-la-chambre-daccusation-annule-lordonnance-de-renvoi-en-jugement-de-samuel-sarr\/#webpage\",\"url\":\"https:\/\/www.nettali.com\/2026\/01\/27\/affaire-west-africa-energy-la-chambre-daccusation-annule-lordonnance-de-renvoi-en-jugement-de-samuel-sarr\/\",\"name\":\"AFFAIRE WEST AFRICA ENERGY \\u2013 La chambre d\\u2019accusation annule l'ordonnance de renvoi en jugement de Samuel Sarr | Nettali.com\",\"isPartOf\":{\"@id\":\"https:\/\/www.nettali.com\/#website\"},\"primaryImageOfPage\":{\"@id\":\"https:\/\/www.nettali.com\/2026\/01\/27\/affaire-west-africa-energy-la-chambre-daccusation-annule-lordonnance-de-renvoi-en-jugement-de-samuel-sarr\/#primaryimage\"},\"datePublished\":\"2026-01-27T22:32:06+00:00\",\"dateModified\":\"2026-01-27T22:32:06+00:00\",\"author\":{\"@id\":\"https:\/\/www.nettali.com\/#\/schema\/person\/418274a86bdf87caff7a3ef476bd0bbf\"},\"breadcrumb\":{\"@id\":\"https:\/\/www.nettali.com\/2026\/01\/27\/affaire-west-africa-energy-la-chambre-daccusation-annule-lordonnance-de-renvoi-en-jugement-de-samuel-sarr\/#breadcrumb\"},\"inLanguage\":\"fr-FR\",\"potentialAction\":[{\"@type\":\"ReadAction\",\"target\":[\"https:\/\/www.nettali.com\/2026\/01\/27\/affaire-west-africa-energy-la-chambre-daccusation-annule-lordonnance-de-renvoi-en-jugement-de-samuel-sarr\/\"]}]},{\"@type\":\"BreadcrumbList\",\"@id\":\"https:\/\/www.nettali.com\/2026\/01\/27\/affaire-west-africa-energy-la-chambre-daccusation-annule-lordonnance-de-renvoi-en-jugement-de-samuel-sarr\/#breadcrumb\",\"itemListElement\":[{\"@type\":\"ListItem\",\"position\":1,\"name\":\"Accueil\",\"item\":\"https:\/\/www.nettali.com\/\"},{\"@type\":\"ListItem\",\"position\":2,\"name\":\"AFFAIRE WEST AFRICA ENERGY \\u2013 La chambre d\\u2019accusation annule l'ordonnance de renvoi en jugement de Samuel Sarr\"}]},{\"@type\":\"Person\",\"@id\":\"https:\/\/www.nettali.com\/#\/schema\/person\/418274a86bdf87caff7a3ef476bd0bbf\",\"name\":\"Fatou\",\"image\":{\"@type\":\"ImageObject\",\"@id\":\"https:\/\/www.nettali.com\/#personlogo\",\"inLanguage\":\"fr-FR\",\"url\":\"https:\/\/secure.gravatar.com\/avatar\/5a9442a2bee7b4dcf167cab035858e9a?s=96&d=mm&r=g\",\"contentUrl\":\"https:\/\/secure.gravatar.com\/avatar\/5a9442a2bee7b4dcf167cab035858e9a?s=96&d=mm&r=g\",\"caption\":\"Fatou\"},\"sameAs\":[\"https:\/\/www.nettali.com\"]}]}<\/script>\n<!-- \/ Yoast SEO Premium plugin. -->","yoast_head_json":{"title":"AFFAIRE WEST AFRICA ENERGY \u2013 La chambre d\u2019accusation annule l'ordonnance de renvoi en jugement de Samuel Sarr | Nettali.com","robots":{"index":"index","follow":"follow","max-snippet":"max-snippet:-1","max-image-preview":"max-image-preview:large","max-video-preview":"max-video-preview:-1"},"canonical":"https:\/\/www.nettali.com\/2026\/01\/27\/affaire-west-africa-energy-la-chambre-daccusation-annule-lordonnance-de-renvoi-en-jugement-de-samuel-sarr\/","og_locale":"fr_FR","og_type":"article","og_title":"AFFAIRE WEST AFRICA ENERGY \u2013 La chambre d\u2019accusation annule l'ordonnance de renvoi en jugement de Samuel Sarr","og_description":"NETTALI.COM - A moins que le parquet g\u00e9n\u00e9ral fasse appel, Samuel Ameth Sarr ne sera pas jug\u00e9 dans l\u2019affaire West Africa Energy. Ce mardi 27 janvier 2026, la Chambre d\u2019accusation de la Cour d\u2019appel de Dakar, r\u00e9unie en audience, a annul\u00e9 l\u2019ordonnance de renvoi de devant le Tribunal correctionnel. Inculp\u00e9 pour abus de biens sociaux [&hellip;]","og_url":"https:\/\/www.nettali.com\/2026\/01\/27\/affaire-west-africa-energy-la-chambre-daccusation-annule-lordonnance-de-renvoi-en-jugement-de-samuel-sarr\/","og_site_name":"Nettali.com","article_publisher":"https:\/\/www.facebook.com\/nettalicom","article_published_time":"2026-01-27T22:32:06+00:00","og_image":[{"width":2560,"height":1810,"url":"https:\/\/www.nettali.com\/wp-content\/uploads\/2024\/11\/Samuel-Sarr-au-coeur-dun-scandale-financier-scaled-1.jpg","type":"image\/jpeg"}],"twitter_card":"summary_large_image","twitter_misc":{"\u00c9crit par":"Fatou","Dur\u00e9e de lecture estim\u00e9e":"2 minutes"},"schema":{"@context":"https:\/\/schema.org","@graph":[{"@type":"WebSite","@id":"https:\/\/www.nettali.com\/#website","url":"https:\/\/www.nettali.com\/","name":"Nettali.com","description":"Le rendez-vous critique du Net","potentialAction":[{"@type":"SearchAction","target":{"@type":"EntryPoint","urlTemplate":"https:\/\/www.nettali.com\/?s={search_term_string}"},"query-input":"required name=search_term_string"}],"inLanguage":"fr-FR"},{"@type":"ImageObject","@id":"https:\/\/www.nettali.com\/2026\/01\/27\/affaire-west-africa-energy-la-chambre-daccusation-annule-lordonnance-de-renvoi-en-jugement-de-samuel-sarr\/#primaryimage","inLanguage":"fr-FR","url":"https:\/\/www.nettali.com\/wp-content\/uploads\/2024\/11\/Samuel-Sarr-au-coeur-dun-scandale-financier-scaled-1.jpg","contentUrl":"https:\/\/www.nettali.com\/wp-content\/uploads\/2024\/11\/Samuel-Sarr-au-coeur-dun-scandale-financier-scaled-1.jpg","width":2560,"height":1810},{"@type":"WebPage","@id":"https:\/\/www.nettali.com\/2026\/01\/27\/affaire-west-africa-energy-la-chambre-daccusation-annule-lordonnance-de-renvoi-en-jugement-de-samuel-sarr\/#webpage","url":"https:\/\/www.nettali.com\/2026\/01\/27\/affaire-west-africa-energy-la-chambre-daccusation-annule-lordonnance-de-renvoi-en-jugement-de-samuel-sarr\/","name":"AFFAIRE WEST AFRICA ENERGY \u2013 La chambre d\u2019accusation annule l'ordonnance de renvoi en jugement de Samuel Sarr | Nettali.com","isPartOf":{"@id":"https:\/\/www.nettali.com\/#website"},"primaryImageOfPage":{"@id":"https:\/\/www.nettali.com\/2026\/01\/27\/affaire-west-africa-energy-la-chambre-daccusation-annule-lordonnance-de-renvoi-en-jugement-de-samuel-sarr\/#primaryimage"},"datePublished":"2026-01-27T22:32:06+00:00","dateModified":"2026-01-27T22:32:06+00:00","author":{"@id":"https:\/\/www.nettali.com\/#\/schema\/person\/418274a86bdf87caff7a3ef476bd0bbf"},"breadcrumb":{"@id":"https:\/\/www.nettali.com\/2026\/01\/27\/affaire-west-africa-energy-la-chambre-daccusation-annule-lordonnance-de-renvoi-en-jugement-de-samuel-sarr\/#breadcrumb"},"inLanguage":"fr-FR","potentialAction":[{"@type":"ReadAction","target":["https:\/\/www.nettali.com\/2026\/01\/27\/affaire-west-africa-energy-la-chambre-daccusation-annule-lordonnance-de-renvoi-en-jugement-de-samuel-sarr\/"]}]},{"@type":"BreadcrumbList","@id":"https:\/\/www.nettali.com\/2026\/01\/27\/affaire-west-africa-energy-la-chambre-daccusation-annule-lordonnance-de-renvoi-en-jugement-de-samuel-sarr\/#breadcrumb","itemListElement":[{"@type":"ListItem","position":1,"name":"Accueil","item":"https:\/\/www.nettali.com\/"},{"@type":"ListItem","position":2,"name":"AFFAIRE WEST AFRICA ENERGY \u2013 La chambre d\u2019accusation annule l'ordonnance de renvoi en jugement de Samuel Sarr"}]},{"@type":"Person","@id":"https:\/\/www.nettali.com\/#\/schema\/person\/418274a86bdf87caff7a3ef476bd0bbf","name":"Fatou","image":{"@type":"ImageObject","@id":"https:\/\/www.nettali.com\/#personlogo","inLanguage":"fr-FR","url":"https:\/\/secure.gravatar.com\/avatar\/5a9442a2bee7b4dcf167cab035858e9a?s=96&d=mm&r=g","contentUrl":"https:\/\/secure.gravatar.com\/avatar\/5a9442a2bee7b4dcf167cab035858e9a?s=96&d=mm&r=g","caption":"Fatou"},"sameAs":["https:\/\/www.nettali.com"]}]}},"_links":{"self":[{"href":"https:\/\/www.nettali.com\/rest\/wp\/v2\/posts\/168626"}],"collection":[{"href":"https:\/\/www.nettali.com\/rest\/wp\/v2\/posts"}],"about":[{"href":"https:\/\/www.nettali.com\/rest\/wp\/v2\/types\/post"}],"author":[{"embeddable":true,"href":"https:\/\/www.nettali.com\/rest\/wp\/v2\/users\/6"}],"replies":[{"embeddable":true,"href":"https:\/\/www.nettali.com\/rest\/wp\/v2\/comments?post=168626"}],"version-history":[{"count":3,"href":"https:\/\/www.nettali.com\/rest\/wp\/v2\/posts\/168626\/revisions"}],"predecessor-version":[{"id":168629,"href":"https:\/\/www.nettali.com\/rest\/wp\/v2\/posts\/168626\/revisions\/168629"}],"wp:featuredmedia":[{"embeddable":true,"href":"https:\/\/www.nettali.com\/rest\/wp\/v2\/media\/144404"}],"wp:attachment":[{"href":"https:\/\/www.nettali.com\/rest\/wp\/v2\/media?parent=168626"}],"wp:term":[{"taxonomy":"category","embeddable":true,"href":"https:\/\/www.nettali.com\/rest\/wp\/v2\/categories?post=168626"},{"taxonomy":"post_tag","embeddable":true,"href":"https:\/\/www.nettali.com\/rest\/wp\/v2\/tags?post=168626"}],"curies":[{"name":"wp","href":"https:\/\/api.w.org\/{rel}","templated":true}]}}