{"id":168607,"date":"2026-01-27T14:40:27","date_gmt":"2026-01-27T14:40:27","guid":{"rendered":"https:\/\/www.nettali.com\/?p=168607"},"modified":"2026-01-27T14:40:27","modified_gmt":"2026-01-27T14:40:27","slug":"usage-de-serviettes-la-sortie-polemique-du-president-de-la-commission-des-arbitres-de-la-caf","status":"publish","type":"post","link":"https:\/\/www.nettali.com\/2026\/01\/27\/usage-de-serviettes-la-sortie-polemique-du-president-de-la-commission-des-arbitres-de-la-caf\/","title":{"rendered":"USAGE DE SERVIETTES - La sortie pol\u00e9mique du pr\u00e9sident de la Commission des arbitres de la CAF"},"content":{"rendered":"<p><strong>NETTALI.COM - Olivier Safari, pr\u00e9sident de la Commission des arbitres de la CAF et proche parent de Jean Jacques Ndalla, l\u2019arbitre de la finale de la CAN 2025 entre le S\u00e9n\u00e9gal et le Maroc (1-0), a affirm\u00e9 sur Canal+ que les serviettes doivent \u00eatre tenues \u00e0 distance du gardien si cela cr\u00e9e des tensions ou influence le jeu car elles ne font partie de l\u2019\u00e9quipement d\u2019un joueur ou d\u2019un gardien. Ces propos ont surpris voire exasp\u00e9r\u00e9 de nombreux observateurs.<\/strong><\/p>\n<p>Cette sortie m\u00e9diatique du patron des arbitres fr\u00f4le le path\u00e9tique. Au lieu d\u2019apaiser les tensions, il s\u2019enfonce davantage, manque de hauteur, une absence totale d\u2019autocritique avec un discours d\u00e9connect\u00e9 des r\u00e9alit\u00e9s du terrain d\u2019autant que des bouteilles d\u2019eau sont autant tol\u00e9r\u00e9es pr\u00e8s des buts. \u00c0 la CAF, le malaise arbitral persiste et la cr\u00e9dibilit\u00e9 continue de s\u2019effriter. Pourtant, l\u2019usage des serviettes est une r\u00e9alit\u00e9 dans de nombreuses comp\u00e9titions. Pourquoi ce revirement ?<\/p>\n<p>Le pr\u00e9sident de la Commission des arbitres semble livrer une interpr\u00e9tation personnelle plut\u00f4t que de se r\u00e9f\u00e9rer strictement aux Lois du jeu. Le verdict est attendu ce mardi. Reste \u00e0 savoir si la Commission de discipline de l\u2019instance continentale saura prendre une d\u00e9cision ou si elle c\u00e9dera \u00e0 la pression de certains dirigeants.<\/p>\n<div class='share-to-whatsapp-wrapper'><div class='share-on-whsp'>PARTAGER SUR : <\/div><a data-text='USAGE DE SERVIETTES - La sortie pol\u00e9mique du pr\u00e9sident de la Commission des arbitres de la CAF' data-link='https:\/\/www.nettali.com\/2026\/01\/27\/usage-de-serviettes-la-sortie-polemique-du-president-de-la-commission-des-arbitres-de-la-caf\/' class='whatsapp-button whatsapp-share'>WhatsApp<\/a><div class='clear '><\/div><\/div>","protected":false},"excerpt":{"rendered":"<p>NETTALI.COM - Olivier Safari, pr\u00e9sident de la Commission des arbitres de la CAF et proche parent de Jean Jacques Ndalla, l\u2019arbitre de la finale de la CAN 2025 entre le S\u00e9n\u00e9gal et le Maroc (1-0), a affirm\u00e9 sur Canal+ que les serviettes doivent \u00eatre tenues \u00e0 distance du gardien si cela cr\u00e9e des tensions ou [&hellip;]<\/p>\n","protected":false},"author":5,"featured_media":168608,"comment_status":"open","ping_status":"open","sticky":false,"template":"","format":"standard","meta":{"_et_pb_use_builder":"","_et_pb_old_content":""},"categories":[6],"tags":[],"yoast_head":"<!-- This site is optimized with the Yoast SEO Premium plugin v17.8 (Yoast SEO v17.8) - https:\/\/yoast.com\/wordpress\/plugins\/seo\/ -->\n<title>USAGE DE SERVIETTES - La sortie pol\u00e9mique du pr\u00e9sident de la Commission des arbitres de la CAF | Nettali.com<\/title>\n<meta name=\"robots\" content=\"index, follow, max-snippet:-1, max-image-preview:large, max-video-preview:-1\" \/>\n<link rel=\"canonical\" href=\"https:\/\/www.nettali.com\/2026\/01\/27\/usage-de-serviettes-la-sortie-polemique-du-president-de-la-commission-des-arbitres-de-la-caf\/\" \/>\n<meta property=\"og:locale\" content=\"fr_FR\" \/>\n<meta property=\"og:type\" content=\"article\" \/>\n<meta property=\"og:title\" content=\"USAGE DE SERVIETTES - La sortie pol\u00e9mique du pr\u00e9sident de la Commission des arbitres de la CAF\" \/>\n<meta property=\"og:description\" content=\"NETTALI.COM - Olivier Safari, pr\u00e9sident de la Commission des arbitres de la CAF et proche parent de Jean Jacques Ndalla, l\u2019arbitre de la finale de la CAN 2025 entre le S\u00e9n\u00e9gal et le Maroc (1-0), a affirm\u00e9 sur Canal+ que les serviettes doivent \u00eatre tenues \u00e0 distance du gardien si cela cr\u00e9e des tensions ou [&hellip;]\" \/>\n<meta property=\"og:url\" content=\"https:\/\/www.nettali.com\/2026\/01\/27\/usage-de-serviettes-la-sortie-polemique-du-president-de-la-commission-des-arbitres-de-la-caf\/\" \/>\n<meta property=\"og:site_name\" content=\"Nettali.com\" \/>\n<meta property=\"article:publisher\" content=\"https:\/\/www.facebook.com\/nettalicom\" \/>\n<meta property=\"article:published_time\" content=\"2026-01-27T14:40:27+00:00\" \/>\n<meta property=\"og:image\" content=\"https:\/\/www.nettali.com\/wp-content\/uploads\/2026\/01\/Screenshot_20260127_125349_Samsung-Internet.jpg\" \/>\n\t<meta property=\"og:image:width\" content=\"1080\" \/>\n\t<meta property=\"og:image:height\" content=\"786\" \/>\n<meta name=\"twitter:card\" content=\"summary_large_image\" \/>\n<meta name=\"twitter:label1\" content=\"\u00c9crit par\" \/>\n\t<meta name=\"twitter:data1\" content=\"Ibrahima\" \/>\n\t<meta name=\"twitter:label2\" content=\"Dur\u00e9e de lecture estim\u00e9e\" \/>\n\t<meta name=\"twitter:data2\" content=\"2 minutes\" \/>\n<script type=\"application\/ld+json\" class=\"yoast-schema-graph\">{\"@context\":\"https:\/\/schema.org\",\"@graph\":[{\"@type\":\"WebSite\",\"@id\":\"https:\/\/www.nettali.com\/#website\",\"url\":\"https:\/\/www.nettali.com\/\",\"name\":\"Nettali.com\",\"description\":\"Le rendez-vous critique du Net\",\"potentialAction\":[{\"@type\":\"SearchAction\",\"target\":{\"@type\":\"EntryPoint\",\"urlTemplate\":\"https:\/\/www.nettali.com\/?s={search_term_string}\"},\"query-input\":\"required name=search_term_string\"}],\"inLanguage\":\"fr-FR\"},{\"@type\":\"ImageObject\",\"@id\":\"https:\/\/www.nettali.com\/2026\/01\/27\/usage-de-serviettes-la-sortie-polemique-du-president-de-la-commission-des-arbitres-de-la-caf\/#primaryimage\",\"inLanguage\":\"fr-FR\",\"url\":\"https:\/\/www.nettali.com\/wp-content\/uploads\/2026\/01\/Screenshot_20260127_125349_Samsung-Internet.jpg\",\"contentUrl\":\"https:\/\/www.nettali.com\/wp-content\/uploads\/2026\/01\/Screenshot_20260127_125349_Samsung-Internet.jpg\",\"width\":1080,\"height\":786},{\"@type\":\"WebPage\",\"@id\":\"https:\/\/www.nettali.com\/2026\/01\/27\/usage-de-serviettes-la-sortie-polemique-du-president-de-la-commission-des-arbitres-de-la-caf\/#webpage\",\"url\":\"https:\/\/www.nettali.com\/2026\/01\/27\/usage-de-serviettes-la-sortie-polemique-du-president-de-la-commission-des-arbitres-de-la-caf\/\",\"name\":\"USAGE DE SERVIETTES - La sortie pol\\u00e9mique du pr\\u00e9sident de la Commission des arbitres de la CAF | Nettali.com\",\"isPartOf\":{\"@id\":\"https:\/\/www.nettali.com\/#website\"},\"primaryImageOfPage\":{\"@id\":\"https:\/\/www.nettali.com\/2026\/01\/27\/usage-de-serviettes-la-sortie-polemique-du-president-de-la-commission-des-arbitres-de-la-caf\/#primaryimage\"},\"datePublished\":\"2026-01-27T14:40:27+00:00\",\"dateModified\":\"2026-01-27T14:40:27+00:00\",\"author\":{\"@id\":\"https:\/\/www.nettali.com\/#\/schema\/person\/bb147657c2986240405a608162b9bb23\"},\"breadcrumb\":{\"@id\":\"https:\/\/www.nettali.com\/2026\/01\/27\/usage-de-serviettes-la-sortie-polemique-du-president-de-la-commission-des-arbitres-de-la-caf\/#breadcrumb\"},\"inLanguage\":\"fr-FR\",\"potentialAction\":[{\"@type\":\"ReadAction\",\"target\":[\"https:\/\/www.nettali.com\/2026\/01\/27\/usage-de-serviettes-la-sortie-polemique-du-president-de-la-commission-des-arbitres-de-la-caf\/\"]}]},{\"@type\":\"BreadcrumbList\",\"@id\":\"https:\/\/www.nettali.com\/2026\/01\/27\/usage-de-serviettes-la-sortie-polemique-du-president-de-la-commission-des-arbitres-de-la-caf\/#breadcrumb\",\"itemListElement\":[{\"@type\":\"ListItem\",\"position\":1,\"name\":\"Accueil\",\"item\":\"https:\/\/www.nettali.com\/\"},{\"@type\":\"ListItem\",\"position\":2,\"name\":\"USAGE DE SERVIETTES - La sortie pol\\u00e9mique du pr\\u00e9sident de la Commission des arbitres de la CAF\"}]},{\"@type\":\"Person\",\"@id\":\"https:\/\/www.nettali.com\/#\/schema\/person\/bb147657c2986240405a608162b9bb23\",\"name\":\"Ibrahima\",\"image\":{\"@type\":\"ImageObject\",\"@id\":\"https:\/\/www.nettali.com\/#personlogo\",\"inLanguage\":\"fr-FR\",\"url\":\"https:\/\/secure.gravatar.com\/avatar\/26a8a81f09f0dd7624c9d5c36c9ba3a2?s=96&d=mm&r=g\",\"contentUrl\":\"https:\/\/secure.gravatar.com\/avatar\/26a8a81f09f0dd7624c9d5c36c9ba3a2?s=96&d=mm&r=g\",\"caption\":\"Ibrahima\"},\"sameAs\":[\"https:\/\/www.nettali.com\"]}]}<\/script>\n<!-- \/ Yoast SEO Premium plugin. -->","yoast_head_json":{"title":"USAGE DE SERVIETTES - La sortie pol\u00e9mique du pr\u00e9sident de la Commission des arbitres de la CAF | Nettali.com","robots":{"index":"index","follow":"follow","max-snippet":"max-snippet:-1","max-image-preview":"max-image-preview:large","max-video-preview":"max-video-preview:-1"},"canonical":"https:\/\/www.nettali.com\/2026\/01\/27\/usage-de-serviettes-la-sortie-polemique-du-president-de-la-commission-des-arbitres-de-la-caf\/","og_locale":"fr_FR","og_type":"article","og_title":"USAGE DE SERVIETTES - La sortie pol\u00e9mique du pr\u00e9sident de la Commission des arbitres de la CAF","og_description":"NETTALI.COM - Olivier Safari, pr\u00e9sident de la Commission des arbitres de la CAF et proche parent de Jean Jacques Ndalla, l\u2019arbitre de la finale de la CAN 2025 entre le S\u00e9n\u00e9gal et le Maroc (1-0), a affirm\u00e9 sur Canal+ que les serviettes doivent \u00eatre tenues \u00e0 distance du gardien si cela cr\u00e9e des tensions ou [&hellip;]","og_url":"https:\/\/www.nettali.com\/2026\/01\/27\/usage-de-serviettes-la-sortie-polemique-du-president-de-la-commission-des-arbitres-de-la-caf\/","og_site_name":"Nettali.com","article_publisher":"https:\/\/www.facebook.com\/nettalicom","article_published_time":"2026-01-27T14:40:27+00:00","og_image":[{"width":1080,"height":786,"url":"https:\/\/www.nettali.com\/wp-content\/uploads\/2026\/01\/Screenshot_20260127_125349_Samsung-Internet.jpg","type":"image\/jpeg"}],"twitter_card":"summary_large_image","twitter_misc":{"\u00c9crit par":"Ibrahima","Dur\u00e9e de lecture estim\u00e9e":"2 minutes"},"schema":{"@context":"https:\/\/schema.org","@graph":[{"@type":"WebSite","@id":"https:\/\/www.nettali.com\/#website","url":"https:\/\/www.nettali.com\/","name":"Nettali.com","description":"Le rendez-vous critique du Net","potentialAction":[{"@type":"SearchAction","target":{"@type":"EntryPoint","urlTemplate":"https:\/\/www.nettali.com\/?s={search_term_string}"},"query-input":"required name=search_term_string"}],"inLanguage":"fr-FR"},{"@type":"ImageObject","@id":"https:\/\/www.nettali.com\/2026\/01\/27\/usage-de-serviettes-la-sortie-polemique-du-president-de-la-commission-des-arbitres-de-la-caf\/#primaryimage","inLanguage":"fr-FR","url":"https:\/\/www.nettali.com\/wp-content\/uploads\/2026\/01\/Screenshot_20260127_125349_Samsung-Internet.jpg","contentUrl":"https:\/\/www.nettali.com\/wp-content\/uploads\/2026\/01\/Screenshot_20260127_125349_Samsung-Internet.jpg","width":1080,"height":786},{"@type":"WebPage","@id":"https:\/\/www.nettali.com\/2026\/01\/27\/usage-de-serviettes-la-sortie-polemique-du-president-de-la-commission-des-arbitres-de-la-caf\/#webpage","url":"https:\/\/www.nettali.com\/2026\/01\/27\/usage-de-serviettes-la-sortie-polemique-du-president-de-la-commission-des-arbitres-de-la-caf\/","name":"USAGE DE SERVIETTES - La sortie pol\u00e9mique du pr\u00e9sident de la Commission des arbitres de la CAF | Nettali.com","isPartOf":{"@id":"https:\/\/www.nettali.com\/#website"},"primaryImageOfPage":{"@id":"https:\/\/www.nettali.com\/2026\/01\/27\/usage-de-serviettes-la-sortie-polemique-du-president-de-la-commission-des-arbitres-de-la-caf\/#primaryimage"},"datePublished":"2026-01-27T14:40:27+00:00","dateModified":"2026-01-27T14:40:27+00:00","author":{"@id":"https:\/\/www.nettali.com\/#\/schema\/person\/bb147657c2986240405a608162b9bb23"},"breadcrumb":{"@id":"https:\/\/www.nettali.com\/2026\/01\/27\/usage-de-serviettes-la-sortie-polemique-du-president-de-la-commission-des-arbitres-de-la-caf\/#breadcrumb"},"inLanguage":"fr-FR","potentialAction":[{"@type":"ReadAction","target":["https:\/\/www.nettali.com\/2026\/01\/27\/usage-de-serviettes-la-sortie-polemique-du-president-de-la-commission-des-arbitres-de-la-caf\/"]}]},{"@type":"BreadcrumbList","@id":"https:\/\/www.nettali.com\/2026\/01\/27\/usage-de-serviettes-la-sortie-polemique-du-president-de-la-commission-des-arbitres-de-la-caf\/#breadcrumb","itemListElement":[{"@type":"ListItem","position":1,"name":"Accueil","item":"https:\/\/www.nettali.com\/"},{"@type":"ListItem","position":2,"name":"USAGE DE SERVIETTES - La sortie pol\u00e9mique du pr\u00e9sident de la Commission des arbitres de la CAF"}]},{"@type":"Person","@id":"https:\/\/www.nettali.com\/#\/schema\/person\/bb147657c2986240405a608162b9bb23","name":"Ibrahima","image":{"@type":"ImageObject","@id":"https:\/\/www.nettali.com\/#personlogo","inLanguage":"fr-FR","url":"https:\/\/secure.gravatar.com\/avatar\/26a8a81f09f0dd7624c9d5c36c9ba3a2?s=96&d=mm&r=g","contentUrl":"https:\/\/secure.gravatar.com\/avatar\/26a8a81f09f0dd7624c9d5c36c9ba3a2?s=96&d=mm&r=g","caption":"Ibrahima"},"sameAs":["https:\/\/www.nettali.com"]}]}},"_links":{"self":[{"href":"https:\/\/www.nettali.com\/rest\/wp\/v2\/posts\/168607"}],"collection":[{"href":"https:\/\/www.nettali.com\/rest\/wp\/v2\/posts"}],"about":[{"href":"https:\/\/www.nettali.com\/rest\/wp\/v2\/types\/post"}],"author":[{"embeddable":true,"href":"https:\/\/www.nettali.com\/rest\/wp\/v2\/users\/5"}],"replies":[{"embeddable":true,"href":"https:\/\/www.nettali.com\/rest\/wp\/v2\/comments?post=168607"}],"version-history":[{"count":1,"href":"https:\/\/www.nettali.com\/rest\/wp\/v2\/posts\/168607\/revisions"}],"predecessor-version":[{"id":168609,"href":"https:\/\/www.nettali.com\/rest\/wp\/v2\/posts\/168607\/revisions\/168609"}],"wp:featuredmedia":[{"embeddable":true,"href":"https:\/\/www.nettali.com\/rest\/wp\/v2\/media\/168608"}],"wp:attachment":[{"href":"https:\/\/www.nettali.com\/rest\/wp\/v2\/media?parent=168607"}],"wp:term":[{"taxonomy":"category","embeddable":true,"href":"https:\/\/www.nettali.com\/rest\/wp\/v2\/categories?post=168607"},{"taxonomy":"post_tag","embeddable":true,"href":"https:\/\/www.nettali.com\/rest\/wp\/v2\/tags?post=168607"}],"curies":[{"name":"wp","href":"https:\/\/api.w.org\/{rel}","templated":true}]}}