{"id":168588,"date":"2026-01-27T15:00:51","date_gmt":"2026-01-27T15:00:51","guid":{"rendered":"https:\/\/www.nettali.com\/?p=168588"},"modified":"2026-01-27T15:06:16","modified_gmt":"2026-01-27T15:06:16","slug":"affaire-softcare-vers-un-boycott-des-produits-incrimines-et-une-grande-manifestation-devant-le-ministere-de-la-sante","status":"publish","type":"post","link":"https:\/\/www.nettali.com\/2026\/01\/27\/affaire-softcare-vers-un-boycott-des-produits-incrimines-et-une-grande-manifestation-devant-le-ministere-de-la-sante\/","title":{"rendered":"AFFAIRE SOFTCARE - Vers un boycott des produits incrimin\u00e9s et une grande manifestation devant le minist\u00e8re de la sant\u00e9"},"content":{"rendered":"<p><strong>NETTALI.COM -<\/strong> Dans un communiqu\u00e9 rendu public ce 26 janvier, le Collectif Lumi\u00e8re sur l\u2019affaire Softcare attend toujours la v\u00e9rit\u00e9 40 jours apr\u00e8s sa r\u00e9v\u00e9lation. En effet, rappelle ledit Collectif, le 18 d\u00e9cembre 2025, le Minist\u00e8re de la Sant\u00e9 publiait un communiqu\u00e9 promettant qu\u2019une mission serait diligent\u00e9e \u201csans d\u00e9lai\u201d pour faire toute la lumi\u00e8re sur l\u2019affaire SOFTCARE, suite \u00e0 une inspection de l\u2019Agence de R\u00e9glementation Pharmaceutique.<\/p>\n<p>\u00ab <em>Aujourd\u2019hui, quarante jours apr\u00e8s, il n\u2019y a toujours rien. Pas de rapport, pas de conclusions, pas de mesures visibles, pas de v\u00e9rit\u00e9. Pendant ce temps, les produits SOFTCARE continuent de circuler librement sur le march\u00e9, comme si la sant\u00e9 du peuple s\u00e9n\u00e9galais \u00e9tait une marchandise sans valeur<\/em> \u00bb, regrette le Collectif.<\/p>\n<p>Et de poursuivre : \u00ab <em>Ce silence n\u2019est pas une simple lenteur administrative. Ce silence est un choix politique. Un choix contre le peuple. Un choix pour prot\u00e9ger des int\u00e9r\u00eats priv\u00e9s au d\u00e9triment de la s\u00e9curit\u00e9 sanitaire. Nous le disons clairement : la sant\u00e9 publique n\u2019est pas un terrain de business opaque. Le peuple n\u2019est pas un cobaye. La transparence, le \u201cJub, Jubal, Jubanti\u201d, n\u2019est pas une option : c\u2019est une obligation<\/em> \u00bb<\/p>\n<p>Le Collectif qui a organis\u00e9 une conf\u00e9rence de presse et d\u00e9pos\u00e9 des lettres officielles pour exiger des clarifications imm\u00e9diates depuis la publication du Communiqu\u00e9 du Minist\u00e8re indique n\u2019avoir re\u00e7u en retour que le m\u00e9pris et le silence.<\/p>\n<p>\u00ab <em>Nous avertissons solennellement : si dans les prochains jours aucune v\u00e9rit\u00e9 n\u2019est rendue publique et aucune mesure n\u2019est prise, nous appellerons au boycott total des produits SOFTCARE et \u00e0 une grande manifestation devant le Minist\u00e8re de la Sant\u00e9. Il n\u2019y aura pas de confiance sans v\u00e9rit\u00e9. Il n\u2019y aura pas de souverainet\u00e9 sans contr\u00f4le populaire. Le peuple a le droit de savoir. Le peuple a le droit d\u2019\u00eatre prot\u00e9g\u00e9<\/em> \u00bb, conclut le Collectif Lumi\u00e8re sur l\u2019affaire Softcare<\/p>\n<div class='share-to-whatsapp-wrapper'><div class='share-on-whsp'>PARTAGER SUR : <\/div><a data-text='AFFAIRE SOFTCARE - Vers un boycott des produits incrimin\u00e9s et une grande manifestation devant le minist\u00e8re de la sant\u00e9' data-link='https:\/\/www.nettali.com\/2026\/01\/27\/affaire-softcare-vers-un-boycott-des-produits-incrimines-et-une-grande-manifestation-devant-le-ministere-de-la-sante\/' class='whatsapp-button whatsapp-share'>WhatsApp<\/a><div class='clear '><\/div><\/div>","protected":false},"excerpt":{"rendered":"<p>NETTALI.COM - Dans un communiqu\u00e9 rendu public ce 26 janvier, le Collectif Lumi\u00e8re sur l\u2019affaire Softcare attend toujours la v\u00e9rit\u00e9 40 jours apr\u00e8s sa r\u00e9v\u00e9lation. En effet, rappelle ledit Collectif, le 18 d\u00e9cembre 2025, le Minist\u00e8re de la Sant\u00e9 publiait un communiqu\u00e9 promettant qu\u2019une mission serait diligent\u00e9e \u201csans d\u00e9lai\u201d pour faire toute la lumi\u00e8re sur [&hellip;]<\/p>\n","protected":false},"author":2,"featured_media":168598,"comment_status":"open","ping_status":"open","sticky":false,"template":"","format":"standard","meta":{"_et_pb_use_builder":"","_et_pb_old_content":""},"categories":[3],"tags":[],"yoast_head":"<!-- This site is optimized with the Yoast SEO Premium plugin v17.8 (Yoast SEO v17.8) - https:\/\/yoast.com\/wordpress\/plugins\/seo\/ -->\n<title>AFFAIRE SOFTCARE - Vers un boycott des produits incrimin\u00e9s et une grande manifestation devant le minist\u00e8re de la sant\u00e9 | Nettali.com<\/title>\n<meta name=\"robots\" content=\"index, follow, max-snippet:-1, max-image-preview:large, max-video-preview:-1\" \/>\n<link rel=\"canonical\" href=\"https:\/\/www.nettali.com\/2026\/01\/27\/affaire-softcare-vers-un-boycott-des-produits-incrimines-et-une-grande-manifestation-devant-le-ministere-de-la-sante\/\" \/>\n<meta property=\"og:locale\" content=\"fr_FR\" \/>\n<meta property=\"og:type\" content=\"article\" \/>\n<meta property=\"og:title\" content=\"AFFAIRE SOFTCARE - Vers un boycott des produits incrimin\u00e9s et une grande manifestation devant le minist\u00e8re de la sant\u00e9\" \/>\n<meta property=\"og:description\" content=\"NETTALI.COM - Dans un communiqu\u00e9 rendu public ce 26 janvier, le Collectif Lumi\u00e8re sur l\u2019affaire Softcare attend toujours la v\u00e9rit\u00e9 40 jours apr\u00e8s sa r\u00e9v\u00e9lation. En effet, rappelle ledit Collectif, le 18 d\u00e9cembre 2025, le Minist\u00e8re de la Sant\u00e9 publiait un communiqu\u00e9 promettant qu\u2019une mission serait diligent\u00e9e \u201csans d\u00e9lai\u201d pour faire toute la lumi\u00e8re sur [&hellip;]\" \/>\n<meta property=\"og:url\" content=\"https:\/\/www.nettali.com\/2026\/01\/27\/affaire-softcare-vers-un-boycott-des-produits-incrimines-et-une-grande-manifestation-devant-le-ministere-de-la-sante\/\" \/>\n<meta property=\"og:site_name\" content=\"Nettali.com\" \/>\n<meta property=\"article:publisher\" content=\"https:\/\/www.facebook.com\/nettalicom\" \/>\n<meta property=\"article:published_time\" content=\"2026-01-27T15:00:51+00:00\" \/>\n<meta property=\"article:modified_time\" content=\"2026-01-27T15:06:16+00:00\" \/>\n<meta property=\"og:image\" content=\"https:\/\/www.nettali.com\/wp-content\/uploads\/2026\/01\/fotojet-96.jpg\" \/>\n\t<meta property=\"og:image:width\" content=\"1920\" \/>\n\t<meta property=\"og:image:height\" content=\"1080\" \/>\n<meta name=\"twitter:card\" content=\"summary_large_image\" \/>\n<meta name=\"twitter:label1\" content=\"\u00c9crit par\" \/>\n\t<meta name=\"twitter:data1\" content=\"CK\" \/>\n\t<meta name=\"twitter:label2\" content=\"Dur\u00e9e de lecture estim\u00e9e\" \/>\n\t<meta name=\"twitter:data2\" content=\"2 minutes\" \/>\n<script type=\"application\/ld+json\" class=\"yoast-schema-graph\">{\"@context\":\"https:\/\/schema.org\",\"@graph\":[{\"@type\":\"WebSite\",\"@id\":\"https:\/\/www.nettali.com\/#website\",\"url\":\"https:\/\/www.nettali.com\/\",\"name\":\"Nettali.com\",\"description\":\"Le rendez-vous critique du Net\",\"potentialAction\":[{\"@type\":\"SearchAction\",\"target\":{\"@type\":\"EntryPoint\",\"urlTemplate\":\"https:\/\/www.nettali.com\/?s={search_term_string}\"},\"query-input\":\"required name=search_term_string\"}],\"inLanguage\":\"fr-FR\"},{\"@type\":\"ImageObject\",\"@id\":\"https:\/\/www.nettali.com\/2026\/01\/27\/affaire-softcare-vers-un-boycott-des-produits-incrimines-et-une-grande-manifestation-devant-le-ministere-de-la-sante\/#primaryimage\",\"inLanguage\":\"fr-FR\",\"url\":\"https:\/\/www.nettali.com\/wp-content\/uploads\/2026\/01\/fotojet-96.jpg\",\"contentUrl\":\"https:\/\/www.nettali.com\/wp-content\/uploads\/2026\/01\/fotojet-96.jpg\",\"width\":1920,\"height\":1080},{\"@type\":\"WebPage\",\"@id\":\"https:\/\/www.nettali.com\/2026\/01\/27\/affaire-softcare-vers-un-boycott-des-produits-incrimines-et-une-grande-manifestation-devant-le-ministere-de-la-sante\/#webpage\",\"url\":\"https:\/\/www.nettali.com\/2026\/01\/27\/affaire-softcare-vers-un-boycott-des-produits-incrimines-et-une-grande-manifestation-devant-le-ministere-de-la-sante\/\",\"name\":\"AFFAIRE SOFTCARE - Vers un boycott des produits incrimin\\u00e9s et une grande manifestation devant le minist\\u00e8re de la sant\\u00e9 | Nettali.com\",\"isPartOf\":{\"@id\":\"https:\/\/www.nettali.com\/#website\"},\"primaryImageOfPage\":{\"@id\":\"https:\/\/www.nettali.com\/2026\/01\/27\/affaire-softcare-vers-un-boycott-des-produits-incrimines-et-une-grande-manifestation-devant-le-ministere-de-la-sante\/#primaryimage\"},\"datePublished\":\"2026-01-27T15:00:51+00:00\",\"dateModified\":\"2026-01-27T15:06:16+00:00\",\"author\":{\"@id\":\"https:\/\/www.nettali.com\/#\/schema\/person\/d8ac7b7e27ddad43f1c0d2ef090d7f71\"},\"breadcrumb\":{\"@id\":\"https:\/\/www.nettali.com\/2026\/01\/27\/affaire-softcare-vers-un-boycott-des-produits-incrimines-et-une-grande-manifestation-devant-le-ministere-de-la-sante\/#breadcrumb\"},\"inLanguage\":\"fr-FR\",\"potentialAction\":[{\"@type\":\"ReadAction\",\"target\":[\"https:\/\/www.nettali.com\/2026\/01\/27\/affaire-softcare-vers-un-boycott-des-produits-incrimines-et-une-grande-manifestation-devant-le-ministere-de-la-sante\/\"]}]},{\"@type\":\"BreadcrumbList\",\"@id\":\"https:\/\/www.nettali.com\/2026\/01\/27\/affaire-softcare-vers-un-boycott-des-produits-incrimines-et-une-grande-manifestation-devant-le-ministere-de-la-sante\/#breadcrumb\",\"itemListElement\":[{\"@type\":\"ListItem\",\"position\":1,\"name\":\"Accueil\",\"item\":\"https:\/\/www.nettali.com\/\"},{\"@type\":\"ListItem\",\"position\":2,\"name\":\"AFFAIRE SOFTCARE - Vers un boycott des produits incrimin\\u00e9s et une grande manifestation devant le minist\\u00e8re de la sant\\u00e9\"}]},{\"@type\":\"Person\",\"@id\":\"https:\/\/www.nettali.com\/#\/schema\/person\/d8ac7b7e27ddad43f1c0d2ef090d7f71\",\"name\":\"CK\",\"image\":{\"@type\":\"ImageObject\",\"@id\":\"https:\/\/www.nettali.com\/#personlogo\",\"inLanguage\":\"fr-FR\",\"url\":\"https:\/\/secure.gravatar.com\/avatar\/1d8d5118b9327d94da7cd4ce7f17fec2?s=96&d=mm&r=g\",\"contentUrl\":\"https:\/\/secure.gravatar.com\/avatar\/1d8d5118b9327d94da7cd4ce7f17fec2?s=96&d=mm&r=g\",\"caption\":\"CK\"},\"sameAs\":[\"https:\/\/www.nettali.com\"]}]}<\/script>\n<!-- \/ Yoast SEO Premium plugin. -->","yoast_head_json":{"title":"AFFAIRE SOFTCARE - Vers un boycott des produits incrimin\u00e9s et une grande manifestation devant le minist\u00e8re de la sant\u00e9 | Nettali.com","robots":{"index":"index","follow":"follow","max-snippet":"max-snippet:-1","max-image-preview":"max-image-preview:large","max-video-preview":"max-video-preview:-1"},"canonical":"https:\/\/www.nettali.com\/2026\/01\/27\/affaire-softcare-vers-un-boycott-des-produits-incrimines-et-une-grande-manifestation-devant-le-ministere-de-la-sante\/","og_locale":"fr_FR","og_type":"article","og_title":"AFFAIRE SOFTCARE - Vers un boycott des produits incrimin\u00e9s et une grande manifestation devant le minist\u00e8re de la sant\u00e9","og_description":"NETTALI.COM - Dans un communiqu\u00e9 rendu public ce 26 janvier, le Collectif Lumi\u00e8re sur l\u2019affaire Softcare attend toujours la v\u00e9rit\u00e9 40 jours apr\u00e8s sa r\u00e9v\u00e9lation. En effet, rappelle ledit Collectif, le 18 d\u00e9cembre 2025, le Minist\u00e8re de la Sant\u00e9 publiait un communiqu\u00e9 promettant qu\u2019une mission serait diligent\u00e9e \u201csans d\u00e9lai\u201d pour faire toute la lumi\u00e8re sur [&hellip;]","og_url":"https:\/\/www.nettali.com\/2026\/01\/27\/affaire-softcare-vers-un-boycott-des-produits-incrimines-et-une-grande-manifestation-devant-le-ministere-de-la-sante\/","og_site_name":"Nettali.com","article_publisher":"https:\/\/www.facebook.com\/nettalicom","article_published_time":"2026-01-27T15:00:51+00:00","article_modified_time":"2026-01-27T15:06:16+00:00","og_image":[{"width":1920,"height":1080,"url":"https:\/\/www.nettali.com\/wp-content\/uploads\/2026\/01\/fotojet-96.jpg","type":"image\/jpeg"}],"twitter_card":"summary_large_image","twitter_misc":{"\u00c9crit par":"CK","Dur\u00e9e de lecture estim\u00e9e":"2 minutes"},"schema":{"@context":"https:\/\/schema.org","@graph":[{"@type":"WebSite","@id":"https:\/\/www.nettali.com\/#website","url":"https:\/\/www.nettali.com\/","name":"Nettali.com","description":"Le rendez-vous critique du Net","potentialAction":[{"@type":"SearchAction","target":{"@type":"EntryPoint","urlTemplate":"https:\/\/www.nettali.com\/?s={search_term_string}"},"query-input":"required name=search_term_string"}],"inLanguage":"fr-FR"},{"@type":"ImageObject","@id":"https:\/\/www.nettali.com\/2026\/01\/27\/affaire-softcare-vers-un-boycott-des-produits-incrimines-et-une-grande-manifestation-devant-le-ministere-de-la-sante\/#primaryimage","inLanguage":"fr-FR","url":"https:\/\/www.nettali.com\/wp-content\/uploads\/2026\/01\/fotojet-96.jpg","contentUrl":"https:\/\/www.nettali.com\/wp-content\/uploads\/2026\/01\/fotojet-96.jpg","width":1920,"height":1080},{"@type":"WebPage","@id":"https:\/\/www.nettali.com\/2026\/01\/27\/affaire-softcare-vers-un-boycott-des-produits-incrimines-et-une-grande-manifestation-devant-le-ministere-de-la-sante\/#webpage","url":"https:\/\/www.nettali.com\/2026\/01\/27\/affaire-softcare-vers-un-boycott-des-produits-incrimines-et-une-grande-manifestation-devant-le-ministere-de-la-sante\/","name":"AFFAIRE SOFTCARE - Vers un boycott des produits incrimin\u00e9s et une grande manifestation devant le minist\u00e8re de la sant\u00e9 | Nettali.com","isPartOf":{"@id":"https:\/\/www.nettali.com\/#website"},"primaryImageOfPage":{"@id":"https:\/\/www.nettali.com\/2026\/01\/27\/affaire-softcare-vers-un-boycott-des-produits-incrimines-et-une-grande-manifestation-devant-le-ministere-de-la-sante\/#primaryimage"},"datePublished":"2026-01-27T15:00:51+00:00","dateModified":"2026-01-27T15:06:16+00:00","author":{"@id":"https:\/\/www.nettali.com\/#\/schema\/person\/d8ac7b7e27ddad43f1c0d2ef090d7f71"},"breadcrumb":{"@id":"https:\/\/www.nettali.com\/2026\/01\/27\/affaire-softcare-vers-un-boycott-des-produits-incrimines-et-une-grande-manifestation-devant-le-ministere-de-la-sante\/#breadcrumb"},"inLanguage":"fr-FR","potentialAction":[{"@type":"ReadAction","target":["https:\/\/www.nettali.com\/2026\/01\/27\/affaire-softcare-vers-un-boycott-des-produits-incrimines-et-une-grande-manifestation-devant-le-ministere-de-la-sante\/"]}]},{"@type":"BreadcrumbList","@id":"https:\/\/www.nettali.com\/2026\/01\/27\/affaire-softcare-vers-un-boycott-des-produits-incrimines-et-une-grande-manifestation-devant-le-ministere-de-la-sante\/#breadcrumb","itemListElement":[{"@type":"ListItem","position":1,"name":"Accueil","item":"https:\/\/www.nettali.com\/"},{"@type":"ListItem","position":2,"name":"AFFAIRE SOFTCARE - Vers un boycott des produits incrimin\u00e9s et une grande manifestation devant le minist\u00e8re de la sant\u00e9"}]},{"@type":"Person","@id":"https:\/\/www.nettali.com\/#\/schema\/person\/d8ac7b7e27ddad43f1c0d2ef090d7f71","name":"CK","image":{"@type":"ImageObject","@id":"https:\/\/www.nettali.com\/#personlogo","inLanguage":"fr-FR","url":"https:\/\/secure.gravatar.com\/avatar\/1d8d5118b9327d94da7cd4ce7f17fec2?s=96&d=mm&r=g","contentUrl":"https:\/\/secure.gravatar.com\/avatar\/1d8d5118b9327d94da7cd4ce7f17fec2?s=96&d=mm&r=g","caption":"CK"},"sameAs":["https:\/\/www.nettali.com"]}]}},"_links":{"self":[{"href":"https:\/\/www.nettali.com\/rest\/wp\/v2\/posts\/168588"}],"collection":[{"href":"https:\/\/www.nettali.com\/rest\/wp\/v2\/posts"}],"about":[{"href":"https:\/\/www.nettali.com\/rest\/wp\/v2\/types\/post"}],"author":[{"embeddable":true,"href":"https:\/\/www.nettali.com\/rest\/wp\/v2\/users\/2"}],"replies":[{"embeddable":true,"href":"https:\/\/www.nettali.com\/rest\/wp\/v2\/comments?post=168588"}],"version-history":[{"count":1,"href":"https:\/\/www.nettali.com\/rest\/wp\/v2\/posts\/168588\/revisions"}],"predecessor-version":[{"id":168589,"href":"https:\/\/www.nettali.com\/rest\/wp\/v2\/posts\/168588\/revisions\/168589"}],"wp:featuredmedia":[{"embeddable":true,"href":"https:\/\/www.nettali.com\/rest\/wp\/v2\/media\/168598"}],"wp:attachment":[{"href":"https:\/\/www.nettali.com\/rest\/wp\/v2\/media?parent=168588"}],"wp:term":[{"taxonomy":"category","embeddable":true,"href":"https:\/\/www.nettali.com\/rest\/wp\/v2\/categories?post=168588"},{"taxonomy":"post_tag","embeddable":true,"href":"https:\/\/www.nettali.com\/rest\/wp\/v2\/tags?post=168588"}],"curies":[{"name":"wp","href":"https:\/\/api.w.org\/{rel}","templated":true}]}}