{"id":168582,"date":"2026-01-27T13:00:48","date_gmt":"2026-01-27T13:00:48","guid":{"rendered":"https:\/\/www.nettali.com\/?p=168582"},"modified":"2026-01-27T13:18:24","modified_gmt":"2026-01-27T13:18:24","slug":"journee-de-la-douane-lhommage-rendu-a-mouhamadou-makhtar-cisse","status":"publish","type":"post","link":"https:\/\/www.nettali.com\/2026\/01\/27\/journee-de-la-douane-lhommage-rendu-a-mouhamadou-makhtar-cisse\/","title":{"rendered":"JOURN\u00c9E DE LA DOUANE - L'hommage rendu \u00e0 Mouhamadou Makhtar Ciss\u00e9"},"content":{"rendered":"<p><strong>NETTALI.COM - \u00c0 l\u2019occasion de la Journ\u00e9e internationale de la Douane, l\u2019Administration des Douanes du S\u00e9n\u00e9gal a rendu un vibrant hommage \u00e0 Mouhamadou Makhtar Ciss\u00e9, ancien Directeur g\u00e9n\u00e9ral, en baptisant une salle de conf\u00e9rence \u00e0 son nom. Un geste fort pour saluer l\u2019h\u00e9ritage d\u2019un b\u00e2tisseur qui a durablement marqu\u00e9 la modernisation et le rayonnement de l\u2019institution douani\u00e8re.<\/strong><\/p>\n<p>La Journ\u00e9e internationale de la Douane a \u00e9t\u00e9 marqu\u00e9e, cette ann\u00e9e, par un hommage appuy\u00e9 aux b\u00e2tisseurs de l\u2019institution. Moment fort de la c\u00e9r\u00e9monie officielle tenue au si\u00e8ge de la Direction g\u00e9n\u00e9rale des Douanes, l\u2019inauguration d\u2019une salle de conf\u00e9rence baptis\u00e9e du nom de Mouhamadou Makhtar Ciss\u00e9 a donn\u00e9 le ton d\u2019une c\u00e9l\u00e9bration plac\u00e9e sous le signe de la m\u00e9moire, de l\u2019engagement et de la continuit\u00e9.<\/p>\n<p>Figure embl\u00e9matique de l\u2019administration douani\u00e8re s\u00e9n\u00e9galaise, Mouhamadou Makhtar Ciss\u00e9 a profond\u00e9ment marqu\u00e9 l\u2019institution par sa vision et son leadership.<\/p>\n<p>En consacrant cette salle \u00e0 son nom, l\u2019Administration des Douanes rend hommage \u00e0 un ancien Directeur g\u00e9n\u00e9ral dont l\u2019action a contribu\u00e9 \u00e0 moderniser et \u00e0 renforcer une administration strat\u00e9gique pour l\u2019\u00c9tat. Cet espace, d\u00e9di\u00e9 aux r\u00e9flexions strat\u00e9giques et \u00e0 la formation des agents, se veut d\u00e9sormais le prolongement des valeurs d\u2019excellence, de rigueur et de service public qu\u2019il a incarn\u00e9es.<\/p>\n<p>Pour rappel, c\u2019est sous son magist\u00e8re, de 2009 \u00e0 2013, que le site du Bloc des Madeleines, ancien Palais de Justice, a \u00e9t\u00e9 retenu pour abriter le si\u00e8ge des Douanes, au terme de nombreuses p\u00e9rip\u00e9ties li\u00e9es aux enjeux fonciers de ce site hautement strat\u00e9gique. Un choix structurant qui a durablement fa\u00e7onn\u00e9 l\u2019organisation et le fonctionnement de l\u2019institution.<\/p>\n<p>La c\u00e9r\u00e9monie, pr\u00e9sid\u00e9e par le ministre des Finances et du Budget, Cheikh Diba (voir sur la photo avec Makhtar Ciss\u00e9) , s\u2019est tenue en pr\u00e9sence des membres du comit\u00e9 de direction, de repr\u00e9sentants des Forces de d\u00e9fense et de s\u00e9curit\u00e9 ainsi que de plusieurs partenaires de l\u2019administration. Elle a \u00e9galement \u00e9t\u00e9 l\u2019occasion d\u2019inaugurer une nouvelle annexe de la Direction g\u00e9n\u00e9rale, baptis\u00e9e du nom de Mamadou Moustapha Tall, ainsi qu\u2019un Centre de commandement op\u00e9rationnel d\u00e9di\u00e9 \u00e0 la m\u00e9moire de feu le colonel des Douanes Mbaye Ndao.<\/p>\n<p>Autant de gestes symboliques qui renforcent l\u2019esprit de corps et la culture de reconnaissance au sein de l\u2019institution. Plac\u00e9e sous le th\u00e8me \u201c<em>Une Douane qui prot\u00e8ge sa population par sa vigilance et son engagement<\/em>\u201d, l\u2019\u00e9dition 2025 de la Journ\u00e9e internationale de la Douane a mis en lumi\u00e8re la double mission des services douaniers : s\u00e9curiser le territoire tout en facilitant les \u00e9changes commerciaux.<\/p>\n<p>Pour le ministre Cheikh Diba, ce th\u00e8me traduit fid\u00e8lement le travail quotidien des agents, confront\u00e9s \u00e0 des d\u00e9fis croissants li\u00e9s aux trafics illicites, \u00e0 la contrefa\u00e7on et aux menaces transfrontali\u00e8res, tout en devant garantir la fluidit\u00e9 du commerce.<\/p>\n<p>Le Directeur g\u00e9n\u00e9ral des Douanes, Babacar Mbaye, a, pour sa part, salu\u00e9 l\u2019engagement et le professionnalisme des agents sur l\u2019ensemble du territoire. Des efforts qui ont \u00e9t\u00e9 r\u00e9compens\u00e9s par des r\u00e9sultats jug\u00e9s probants en 2025, notamment en mati\u00e8re de mobilisation des recettes, contribution essentielle au financement du budget de l\u2019\u00c9tat.<\/p>\n<p>Le ministre des Finances et du Budget a d\u2019ailleurs tenu \u00e0 f\u00e9liciter l\u2019ensemble des \u00e9quipes pour ces performances, soulignant le r\u00f4le central de la Douane dans l\u2019\u00e9conomie nationale. Au-del\u00e0 de la c\u00e9l\u00e9bration, cette journ\u00e9e a rappel\u00e9 l\u2019importance croissante des administrations douani\u00e8res dans l\u2019int\u00e9gration \u00e9conomique r\u00e9gionale et la s\u00e9curisation des fronti\u00e8res.<\/p>\n<p>\u00c0 travers l\u2019hommage rendu \u00e0 ses anciens dirigeants et la reconnaissance du travail de ses agents, l\u2019Administration des Douanes du S\u00e9n\u00e9gal r\u00e9affirme sa place d\u2019institution strat\u00e9gique, port\u00e9e par un h\u00e9ritage solide et tourn\u00e9e vers les exigences d\u2019un monde en mutation.<\/p>\n<div class='share-to-whatsapp-wrapper'><div class='share-on-whsp'>PARTAGER SUR : <\/div><a data-text='JOURN\u00c9E DE LA DOUANE - L'hommage rendu \u00e0 Mouhamadou Makhtar Ciss\u00e9' data-link='https:\/\/www.nettali.com\/2026\/01\/27\/journee-de-la-douane-lhommage-rendu-a-mouhamadou-makhtar-cisse\/' class='whatsapp-button whatsapp-share'>WhatsApp<\/a><div class='clear '><\/div><\/div>","protected":false},"excerpt":{"rendered":"<p>NETTALI.COM - \u00c0 l\u2019occasion de la Journ\u00e9e internationale de la Douane, l\u2019Administration des Douanes du S\u00e9n\u00e9gal a rendu un vibrant hommage \u00e0 Mouhamadou Makhtar Ciss\u00e9, ancien Directeur g\u00e9n\u00e9ral, en baptisant une salle de conf\u00e9rence \u00e0 son nom. Un geste fort pour saluer l\u2019h\u00e9ritage d\u2019un b\u00e2tisseur qui a durablement marqu\u00e9 la modernisation et le rayonnement de [&hellip;]<\/p>\n","protected":false},"author":2,"featured_media":168599,"comment_status":"open","ping_status":"open","sticky":false,"template":"","format":"standard","meta":{"_et_pb_use_builder":"","_et_pb_old_content":""},"categories":[34945],"tags":[],"yoast_head":"<!-- This site is optimized with the Yoast SEO Premium plugin v17.8 (Yoast SEO v17.8) - https:\/\/yoast.com\/wordpress\/plugins\/seo\/ -->\n<title>JOURN\u00c9E DE LA DOUANE - L&#039;hommage rendu \u00e0 Mouhamadou Makhtar Ciss\u00e9 | Nettali.com<\/title>\n<meta name=\"robots\" content=\"index, follow, max-snippet:-1, max-image-preview:large, max-video-preview:-1\" \/>\n<link rel=\"canonical\" href=\"https:\/\/www.nettali.com\/2026\/01\/27\/journee-de-la-douane-lhommage-rendu-a-mouhamadou-makhtar-cisse\/\" \/>\n<meta property=\"og:locale\" content=\"fr_FR\" \/>\n<meta property=\"og:type\" content=\"article\" \/>\n<meta property=\"og:title\" content=\"JOURN\u00c9E DE LA DOUANE - L&#039;hommage rendu \u00e0 Mouhamadou Makhtar Ciss\u00e9\" \/>\n<meta property=\"og:description\" content=\"NETTALI.COM - \u00c0 l\u2019occasion de la Journ\u00e9e internationale de la Douane, l\u2019Administration des Douanes du S\u00e9n\u00e9gal a rendu un vibrant hommage \u00e0 Mouhamadou Makhtar Ciss\u00e9, ancien Directeur g\u00e9n\u00e9ral, en baptisant une salle de conf\u00e9rence \u00e0 son nom. Un geste fort pour saluer l\u2019h\u00e9ritage d\u2019un b\u00e2tisseur qui a durablement marqu\u00e9 la modernisation et le rayonnement de [&hellip;]\" \/>\n<meta property=\"og:url\" content=\"https:\/\/www.nettali.com\/2026\/01\/27\/journee-de-la-douane-lhommage-rendu-a-mouhamadou-makhtar-cisse\/\" \/>\n<meta property=\"og:site_name\" content=\"Nettali.com\" \/>\n<meta property=\"article:publisher\" content=\"https:\/\/www.facebook.com\/nettalicom\" \/>\n<meta property=\"article:published_time\" content=\"2026-01-27T13:00:48+00:00\" \/>\n<meta property=\"article:modified_time\" content=\"2026-01-27T13:18:24+00:00\" \/>\n<meta property=\"og:image\" content=\"https:\/\/www.nettali.com\/wp-content\/uploads\/2026\/01\/PHOTO-2026-01-27-08-56-45.jpg\" \/>\n\t<meta property=\"og:image:width\" content=\"1080\" \/>\n\t<meta property=\"og:image:height\" content=\"718\" \/>\n<meta name=\"twitter:card\" content=\"summary_large_image\" \/>\n<meta name=\"twitter:label1\" content=\"\u00c9crit par\" \/>\n\t<meta name=\"twitter:data1\" content=\"CK\" \/>\n\t<meta name=\"twitter:label2\" content=\"Dur\u00e9e de lecture estim\u00e9e\" \/>\n\t<meta name=\"twitter:data2\" content=\"3 minutes\" \/>\n<script type=\"application\/ld+json\" class=\"yoast-schema-graph\">{\"@context\":\"https:\/\/schema.org\",\"@graph\":[{\"@type\":\"WebSite\",\"@id\":\"https:\/\/www.nettali.com\/#website\",\"url\":\"https:\/\/www.nettali.com\/\",\"name\":\"Nettali.com\",\"description\":\"Le rendez-vous critique du Net\",\"potentialAction\":[{\"@type\":\"SearchAction\",\"target\":{\"@type\":\"EntryPoint\",\"urlTemplate\":\"https:\/\/www.nettali.com\/?s={search_term_string}\"},\"query-input\":\"required name=search_term_string\"}],\"inLanguage\":\"fr-FR\"},{\"@type\":\"ImageObject\",\"@id\":\"https:\/\/www.nettali.com\/2026\/01\/27\/journee-de-la-douane-lhommage-rendu-a-mouhamadou-makhtar-cisse\/#primaryimage\",\"inLanguage\":\"fr-FR\",\"url\":\"https:\/\/www.nettali.com\/wp-content\/uploads\/2026\/01\/PHOTO-2026-01-27-08-56-45.jpg\",\"contentUrl\":\"https:\/\/www.nettali.com\/wp-content\/uploads\/2026\/01\/PHOTO-2026-01-27-08-56-45.jpg\",\"width\":1080,\"height\":718},{\"@type\":\"WebPage\",\"@id\":\"https:\/\/www.nettali.com\/2026\/01\/27\/journee-de-la-douane-lhommage-rendu-a-mouhamadou-makhtar-cisse\/#webpage\",\"url\":\"https:\/\/www.nettali.com\/2026\/01\/27\/journee-de-la-douane-lhommage-rendu-a-mouhamadou-makhtar-cisse\/\",\"name\":\"JOURN\\u00c9E DE LA DOUANE - L'hommage rendu \\u00e0 Mouhamadou Makhtar Ciss\\u00e9 | Nettali.com\",\"isPartOf\":{\"@id\":\"https:\/\/www.nettali.com\/#website\"},\"primaryImageOfPage\":{\"@id\":\"https:\/\/www.nettali.com\/2026\/01\/27\/journee-de-la-douane-lhommage-rendu-a-mouhamadou-makhtar-cisse\/#primaryimage\"},\"datePublished\":\"2026-01-27T13:00:48+00:00\",\"dateModified\":\"2026-01-27T13:18:24+00:00\",\"author\":{\"@id\":\"https:\/\/www.nettali.com\/#\/schema\/person\/d8ac7b7e27ddad43f1c0d2ef090d7f71\"},\"breadcrumb\":{\"@id\":\"https:\/\/www.nettali.com\/2026\/01\/27\/journee-de-la-douane-lhommage-rendu-a-mouhamadou-makhtar-cisse\/#breadcrumb\"},\"inLanguage\":\"fr-FR\",\"potentialAction\":[{\"@type\":\"ReadAction\",\"target\":[\"https:\/\/www.nettali.com\/2026\/01\/27\/journee-de-la-douane-lhommage-rendu-a-mouhamadou-makhtar-cisse\/\"]}]},{\"@type\":\"BreadcrumbList\",\"@id\":\"https:\/\/www.nettali.com\/2026\/01\/27\/journee-de-la-douane-lhommage-rendu-a-mouhamadou-makhtar-cisse\/#breadcrumb\",\"itemListElement\":[{\"@type\":\"ListItem\",\"position\":1,\"name\":\"Accueil\",\"item\":\"https:\/\/www.nettali.com\/\"},{\"@type\":\"ListItem\",\"position\":2,\"name\":\"JOURN\\u00c9E DE LA DOUANE - L'hommage rendu \\u00e0 Mouhamadou Makhtar Ciss\\u00e9\"}]},{\"@type\":\"Person\",\"@id\":\"https:\/\/www.nettali.com\/#\/schema\/person\/d8ac7b7e27ddad43f1c0d2ef090d7f71\",\"name\":\"CK\",\"image\":{\"@type\":\"ImageObject\",\"@id\":\"https:\/\/www.nettali.com\/#personlogo\",\"inLanguage\":\"fr-FR\",\"url\":\"https:\/\/secure.gravatar.com\/avatar\/1d8d5118b9327d94da7cd4ce7f17fec2?s=96&d=mm&r=g\",\"contentUrl\":\"https:\/\/secure.gravatar.com\/avatar\/1d8d5118b9327d94da7cd4ce7f17fec2?s=96&d=mm&r=g\",\"caption\":\"CK\"},\"sameAs\":[\"https:\/\/www.nettali.com\"]}]}<\/script>\n<!-- \/ Yoast SEO Premium plugin. -->","yoast_head_json":{"title":"JOURN\u00c9E DE LA DOUANE - L'hommage rendu \u00e0 Mouhamadou Makhtar Ciss\u00e9 | Nettali.com","robots":{"index":"index","follow":"follow","max-snippet":"max-snippet:-1","max-image-preview":"max-image-preview:large","max-video-preview":"max-video-preview:-1"},"canonical":"https:\/\/www.nettali.com\/2026\/01\/27\/journee-de-la-douane-lhommage-rendu-a-mouhamadou-makhtar-cisse\/","og_locale":"fr_FR","og_type":"article","og_title":"JOURN\u00c9E DE LA DOUANE - L'hommage rendu \u00e0 Mouhamadou Makhtar Ciss\u00e9","og_description":"NETTALI.COM - \u00c0 l\u2019occasion de la Journ\u00e9e internationale de la Douane, l\u2019Administration des Douanes du S\u00e9n\u00e9gal a rendu un vibrant hommage \u00e0 Mouhamadou Makhtar Ciss\u00e9, ancien Directeur g\u00e9n\u00e9ral, en baptisant une salle de conf\u00e9rence \u00e0 son nom. Un geste fort pour saluer l\u2019h\u00e9ritage d\u2019un b\u00e2tisseur qui a durablement marqu\u00e9 la modernisation et le rayonnement de [&hellip;]","og_url":"https:\/\/www.nettali.com\/2026\/01\/27\/journee-de-la-douane-lhommage-rendu-a-mouhamadou-makhtar-cisse\/","og_site_name":"Nettali.com","article_publisher":"https:\/\/www.facebook.com\/nettalicom","article_published_time":"2026-01-27T13:00:48+00:00","article_modified_time":"2026-01-27T13:18:24+00:00","og_image":[{"width":1080,"height":718,"url":"https:\/\/www.nettali.com\/wp-content\/uploads\/2026\/01\/PHOTO-2026-01-27-08-56-45.jpg","type":"image\/jpeg"}],"twitter_card":"summary_large_image","twitter_misc":{"\u00c9crit par":"CK","Dur\u00e9e de lecture estim\u00e9e":"3 minutes"},"schema":{"@context":"https:\/\/schema.org","@graph":[{"@type":"WebSite","@id":"https:\/\/www.nettali.com\/#website","url":"https:\/\/www.nettali.com\/","name":"Nettali.com","description":"Le rendez-vous critique du Net","potentialAction":[{"@type":"SearchAction","target":{"@type":"EntryPoint","urlTemplate":"https:\/\/www.nettali.com\/?s={search_term_string}"},"query-input":"required name=search_term_string"}],"inLanguage":"fr-FR"},{"@type":"ImageObject","@id":"https:\/\/www.nettali.com\/2026\/01\/27\/journee-de-la-douane-lhommage-rendu-a-mouhamadou-makhtar-cisse\/#primaryimage","inLanguage":"fr-FR","url":"https:\/\/www.nettali.com\/wp-content\/uploads\/2026\/01\/PHOTO-2026-01-27-08-56-45.jpg","contentUrl":"https:\/\/www.nettali.com\/wp-content\/uploads\/2026\/01\/PHOTO-2026-01-27-08-56-45.jpg","width":1080,"height":718},{"@type":"WebPage","@id":"https:\/\/www.nettali.com\/2026\/01\/27\/journee-de-la-douane-lhommage-rendu-a-mouhamadou-makhtar-cisse\/#webpage","url":"https:\/\/www.nettali.com\/2026\/01\/27\/journee-de-la-douane-lhommage-rendu-a-mouhamadou-makhtar-cisse\/","name":"JOURN\u00c9E DE LA DOUANE - L'hommage rendu \u00e0 Mouhamadou Makhtar Ciss\u00e9 | Nettali.com","isPartOf":{"@id":"https:\/\/www.nettali.com\/#website"},"primaryImageOfPage":{"@id":"https:\/\/www.nettali.com\/2026\/01\/27\/journee-de-la-douane-lhommage-rendu-a-mouhamadou-makhtar-cisse\/#primaryimage"},"datePublished":"2026-01-27T13:00:48+00:00","dateModified":"2026-01-27T13:18:24+00:00","author":{"@id":"https:\/\/www.nettali.com\/#\/schema\/person\/d8ac7b7e27ddad43f1c0d2ef090d7f71"},"breadcrumb":{"@id":"https:\/\/www.nettali.com\/2026\/01\/27\/journee-de-la-douane-lhommage-rendu-a-mouhamadou-makhtar-cisse\/#breadcrumb"},"inLanguage":"fr-FR","potentialAction":[{"@type":"ReadAction","target":["https:\/\/www.nettali.com\/2026\/01\/27\/journee-de-la-douane-lhommage-rendu-a-mouhamadou-makhtar-cisse\/"]}]},{"@type":"BreadcrumbList","@id":"https:\/\/www.nettali.com\/2026\/01\/27\/journee-de-la-douane-lhommage-rendu-a-mouhamadou-makhtar-cisse\/#breadcrumb","itemListElement":[{"@type":"ListItem","position":1,"name":"Accueil","item":"https:\/\/www.nettali.com\/"},{"@type":"ListItem","position":2,"name":"JOURN\u00c9E DE LA DOUANE - L'hommage rendu \u00e0 Mouhamadou Makhtar Ciss\u00e9"}]},{"@type":"Person","@id":"https:\/\/www.nettali.com\/#\/schema\/person\/d8ac7b7e27ddad43f1c0d2ef090d7f71","name":"CK","image":{"@type":"ImageObject","@id":"https:\/\/www.nettali.com\/#personlogo","inLanguage":"fr-FR","url":"https:\/\/secure.gravatar.com\/avatar\/1d8d5118b9327d94da7cd4ce7f17fec2?s=96&d=mm&r=g","contentUrl":"https:\/\/secure.gravatar.com\/avatar\/1d8d5118b9327d94da7cd4ce7f17fec2?s=96&d=mm&r=g","caption":"CK"},"sameAs":["https:\/\/www.nettali.com"]}]}},"_links":{"self":[{"href":"https:\/\/www.nettali.com\/rest\/wp\/v2\/posts\/168582"}],"collection":[{"href":"https:\/\/www.nettali.com\/rest\/wp\/v2\/posts"}],"about":[{"href":"https:\/\/www.nettali.com\/rest\/wp\/v2\/types\/post"}],"author":[{"embeddable":true,"href":"https:\/\/www.nettali.com\/rest\/wp\/v2\/users\/2"}],"replies":[{"embeddable":true,"href":"https:\/\/www.nettali.com\/rest\/wp\/v2\/comments?post=168582"}],"version-history":[{"count":3,"href":"https:\/\/www.nettali.com\/rest\/wp\/v2\/posts\/168582\/revisions"}],"predecessor-version":[{"id":168600,"href":"https:\/\/www.nettali.com\/rest\/wp\/v2\/posts\/168582\/revisions\/168600"}],"wp:featuredmedia":[{"embeddable":true,"href":"https:\/\/www.nettali.com\/rest\/wp\/v2\/media\/168599"}],"wp:attachment":[{"href":"https:\/\/www.nettali.com\/rest\/wp\/v2\/media?parent=168582"}],"wp:term":[{"taxonomy":"category","embeddable":true,"href":"https:\/\/www.nettali.com\/rest\/wp\/v2\/categories?post=168582"},{"taxonomy":"post_tag","embeddable":true,"href":"https:\/\/www.nettali.com\/rest\/wp\/v2\/tags?post=168582"}],"curies":[{"name":"wp","href":"https:\/\/api.w.org\/{rel}","templated":true}]}}