{"id":168579,"date":"2026-01-27T08:09:39","date_gmt":"2026-01-27T08:09:39","guid":{"rendered":"https:\/\/www.nettali.com\/?p=168579"},"modified":"2026-01-27T08:09:39","modified_gmt":"2026-01-27T08:09:39","slug":"maroc-senegal-17-nouveaux-projets-signes","status":"publish","type":"post","link":"https:\/\/www.nettali.com\/2026\/01\/27\/maroc-senegal-17-nouveaux-projets-signes\/","title":{"rendered":"MAROC-SENEGAL - 17 nouveaux projets sign\u00e9s"},"content":{"rendered":"<p><strong>NETTALI.COM - La 15e session de la grande commission mixte s\u00e9n\u00e9galo-marocaine, co-pr\u00e9sid\u00e9e par le premier ministre Ousmane Sonko et son homologue marocain Aziz Akhannouch, s'est ouverte dans un contexte o\u00f9 la pilule de la Can n'est toujours pas pass\u00e9e. Pour s'en convaincre, il suffit de lire la presse marocaine qui ne rate aucune occasion de tra\u00eener le S\u00e9n\u00e9gal dans la boue, avec pour objectif de lui faire subir des sanctions importantes. Ce qui n'a toutefois pas emp\u00each\u00e9 les deux parties de signer 17 nouveaux accords.\u00a0<\/strong><\/p>\n<p>Apr\u00e8s que le Premier ministre s\u00e9n\u00e9galais s\u2019est largement \u00e9panch\u00e9 sur les tensions qui ont r\u00e9sult\u00e9 de la finale de la Coupe d\u2019Afrique des nations, expliquant que ce voyage \u201cn'est pas un voyage d'apaisement.\", mais plut\u00f4t\u00a0 \"un voyage de confirmation, de d\u00e9passement et de refondation du lien \u00e0 la hauteur de deux nations qui se respectent\", il a fait savoir que les travaux \"doivent sceller un avenir commun, r\u00e9affirmer que l'amiti\u00e9 s\u00e9n\u00e9galo-marocaine est plus forte que les \u00e9motions\u201d. Auparavant, Ousmane Sonko avait tenu \u00e0 faire noter que \u201c<em>les d\u00e9rapages observ\u00e9s ne doivent \u00eatre ni ni\u00e9s ni dramatis\u00e9s. Ils doivent \u00eatre requalifi\u00e9s comme des exc\u00e8s \u00e9motionnels produits par la ferveur et non comme des facteurs politiques ou culturelles<\/em>\u201d<\/p>\n<p><strong>17 nouveaux accords sign\u00e9s entre les deux \u00c9tats <\/strong><\/p>\n<p>En mati\u00e8re de signature d\u2019accords avec le S\u00e9n\u00e9gal, le Maroc est en passe de battre tous les records s\u2019il ne l\u2019a d\u00e9j\u00e0 fait. Dans le cadre de la 15e session de la grande commission mixte, les deux \u00c9tats ont sign\u00e9 17 nouveaux accords, qui viennent s\u2019ajouter aux 140 d\u00e9j\u00e0 existants. Le Premier ministre Ousmane Sonko a insist\u00e9 sur la n\u00e9cessit\u00e9 de veiller \u00e0 l\u2019effectivit\u00e9 des accords conclus. \u201c<em>La r\u00e9ussite ne saurait se mesurer au nombre d\u2019accords conclus, mais \u00e0 leur mise en oeuvre effective<\/em>\u201d, a soulign\u00e9 le chef du gouvernement, qui pr\u00e9conise la mise en place d\u2019un Cadre d\u2019\u00e9change permanent, l\u2019\u00e9tablissement de bilans d\u2019\u00e9tapes pour s\u2019assurer de l\u2019\u00e9tat d\u2019avancement dans les diff\u00e9rents secteurs.<\/p>\n<p>Parmi les accords : un partenariat entre l'Agence marocaine des ports et le Port autonome de Dakar, un m\u00e9morandum d'entente en mati\u00e8re de d\u00e9veloppement des PME, un accord de coop\u00e9ration dans le domaine des infrastructures industrielles, un accord de coop\u00e9ration dans le domaine agricole, un accord de coop\u00e9ration dans le domaine des fili\u00e8res animales, un protocole d'application de l'accord relatif aux transports internationaux routiers de voyageurs et de marchandises, un accord relatif \u00e0 l\u2019assistance technique dans le domaine des autoroutes, un accord cadre relatif aux bourses d'\u00e9tude, de stage et de partage d'expertise\u2026. La liste est loin d\u2019\u00eatre exhaustive.<\/p>\n<p><strong>Un d\u00e9jeuner royal <\/strong><\/p>\n<p>Et comme pour t\u00e9moigner de l\u2019excellence des relations entre les deux pays, le roi Mohammed VI a offert un d\u00e9jeuner en l\u2019honneur du Premier ministre s\u00e9n\u00e9galais et de la d\u00e9l\u00e9gation qui l\u2019accompagne.<\/p>\n<p>Ont pris part \u00e0 ce d\u00e9jeuner les membres de la d\u00e9l\u00e9gation s\u00e9n\u00e9galaise dont le ministre de l\u2019Int\u00e9gration africaine, des Affaires \u00e9trang\u00e8res et des S\u00e9n\u00e9galais de l\u2019Ext\u00e9rieur, le ministre en charge de l\u2019Economie Abdourahmane Sarr, le ministre de l\u2019Agriculture Mabouba Diagne, entre autres.<\/p>\n<p>C\u00f4t\u00e9 marocain, il y avait notamment le pr\u00e9sident de la Chambre des repr\u00e9sentants, Rachid Talbi El Alami, le pr\u00e9sident de la Chambre des conseillers, Mohamed Ould Errachid, le conseiller du roi, Omar Kabbaj, le ministre des Affaires \u00e9trang\u00e8res, de la Coop\u00e9ration africaine et des Marocains r\u00e9sidant \u00e0 l\u2019\u00e9tranger, Nasser Bourita et l\u2019ambassadeur du Royaume du Maroc au S\u00e9n\u00e9gal, Hassan Naciri.<\/p>\n<p>Le sort des 18 S\u00e9n\u00e9galais arr\u00eat\u00e9s en marge de la finale de la Coupe d\u2019Afrique des nations aurait \u00e9t\u00e9 abord\u00e9e au cours de ces \u00e9changes, lors d'un long t\u00eate \u00e0 t\u00eate avec le ministre des affaires \u00e9trang\u00e8res.<\/p>\n<p>Rappelons que le proc\u00e8s de ces supporters est pr\u00e9vu ce 29 janvier \u00e0 Rabat, apr\u00e8s un premier renvoi. Il y a quelques jours, leur avocat Me Patrick Kabou faisait part de ses craintes quant \u00e0 la tenue du proc\u00e8s \u00e0 cause de la gr\u00e8ve des avocats au Maroc. Mais l\u2019espoir reste grand quant \u00e0 la lib\u00e9ration prochaine de ces compatriotes.<\/p>\n<p>Par contre, renseignent nos sources, rien a filtr\u00e9 sur le dossier du S\u00e9n\u00e9galais Cheikh Charles Diouf trouv\u00e9 mort \u00e0 Rabat dans des circonstances troubles.<\/p>\n<div class='share-to-whatsapp-wrapper'><div class='share-on-whsp'>PARTAGER SUR : <\/div><a data-text='MAROC-SENEGAL - 17 nouveaux projets sign\u00e9s' data-link='https:\/\/www.nettali.com\/2026\/01\/27\/maroc-senegal-17-nouveaux-projets-signes\/' class='whatsapp-button whatsapp-share'>WhatsApp<\/a><div class='clear '><\/div><\/div>","protected":false},"excerpt":{"rendered":"<p>NETTALI.COM - La 15e session de la grande commission mixte s\u00e9n\u00e9galo-marocaine, co-pr\u00e9sid\u00e9e par le premier ministre Ousmane Sonko et son homologue marocain Aziz Akhannouch, s'est ouverte dans un contexte o\u00f9 la pilule de la Can n'est toujours pas pass\u00e9e. Pour s'en convaincre, il suffit de lire la presse marocaine qui ne rate aucune occasion de [&hellip;]<\/p>\n","protected":false},"author":2,"featured_media":168580,"comment_status":"open","ping_status":"open","sticky":false,"template":"","format":"standard","meta":{"_et_pb_use_builder":"","_et_pb_old_content":""},"categories":[8],"tags":[],"yoast_head":"<!-- This site is optimized with the Yoast SEO Premium plugin v17.8 (Yoast SEO v17.8) - https:\/\/yoast.com\/wordpress\/plugins\/seo\/ -->\n<title>MAROC-SENEGAL - 17 nouveaux projets sign\u00e9s | Nettali.com<\/title>\n<meta name=\"robots\" content=\"index, follow, max-snippet:-1, max-image-preview:large, max-video-preview:-1\" \/>\n<link rel=\"canonical\" href=\"https:\/\/www.nettali.com\/2026\/01\/27\/maroc-senegal-17-nouveaux-projets-signes\/\" \/>\n<meta property=\"og:locale\" content=\"fr_FR\" \/>\n<meta property=\"og:type\" content=\"article\" \/>\n<meta property=\"og:title\" content=\"MAROC-SENEGAL - 17 nouveaux projets sign\u00e9s\" \/>\n<meta property=\"og:description\" content=\"NETTALI.COM - La 15e session de la grande commission mixte s\u00e9n\u00e9galo-marocaine, co-pr\u00e9sid\u00e9e par le premier ministre Ousmane Sonko et son homologue marocain Aziz Akhannouch, s&#039;est ouverte dans un contexte o\u00f9 la pilule de la Can n&#039;est toujours pas pass\u00e9e. Pour s&#039;en convaincre, il suffit de lire la presse marocaine qui ne rate aucune occasion de [&hellip;]\" \/>\n<meta property=\"og:url\" content=\"https:\/\/www.nettali.com\/2026\/01\/27\/maroc-senegal-17-nouveaux-projets-signes\/\" \/>\n<meta property=\"og:site_name\" content=\"Nettali.com\" \/>\n<meta property=\"article:publisher\" content=\"https:\/\/www.facebook.com\/nettalicom\" \/>\n<meta property=\"article:published_time\" content=\"2026-01-27T08:09:39+00:00\" \/>\n<meta property=\"og:image\" content=\"https:\/\/www.nettali.com\/wp-content\/uploads\/2026\/01\/618517100_122208472334558118_6083634082291475519_n.jpg\" \/>\n\t<meta property=\"og:image:width\" content=\"734\" \/>\n\t<meta property=\"og:image:height\" content=\"489\" \/>\n<meta name=\"twitter:card\" content=\"summary_large_image\" \/>\n<meta name=\"twitter:label1\" content=\"\u00c9crit par\" \/>\n\t<meta name=\"twitter:data1\" content=\"CK\" \/>\n\t<meta name=\"twitter:label2\" content=\"Dur\u00e9e de lecture estim\u00e9e\" \/>\n\t<meta name=\"twitter:data2\" content=\"4 minutes\" \/>\n<script type=\"application\/ld+json\" class=\"yoast-schema-graph\">{\"@context\":\"https:\/\/schema.org\",\"@graph\":[{\"@type\":\"WebSite\",\"@id\":\"https:\/\/www.nettali.com\/#website\",\"url\":\"https:\/\/www.nettali.com\/\",\"name\":\"Nettali.com\",\"description\":\"Le rendez-vous critique du Net\",\"potentialAction\":[{\"@type\":\"SearchAction\",\"target\":{\"@type\":\"EntryPoint\",\"urlTemplate\":\"https:\/\/www.nettali.com\/?s={search_term_string}\"},\"query-input\":\"required name=search_term_string\"}],\"inLanguage\":\"fr-FR\"},{\"@type\":\"ImageObject\",\"@id\":\"https:\/\/www.nettali.com\/2026\/01\/27\/maroc-senegal-17-nouveaux-projets-signes\/#primaryimage\",\"inLanguage\":\"fr-FR\",\"url\":\"https:\/\/www.nettali.com\/wp-content\/uploads\/2026\/01\/618517100_122208472334558118_6083634082291475519_n.jpg\",\"contentUrl\":\"https:\/\/www.nettali.com\/wp-content\/uploads\/2026\/01\/618517100_122208472334558118_6083634082291475519_n.jpg\",\"width\":734,\"height\":489},{\"@type\":\"WebPage\",\"@id\":\"https:\/\/www.nettali.com\/2026\/01\/27\/maroc-senegal-17-nouveaux-projets-signes\/#webpage\",\"url\":\"https:\/\/www.nettali.com\/2026\/01\/27\/maroc-senegal-17-nouveaux-projets-signes\/\",\"name\":\"MAROC-SENEGAL - 17 nouveaux projets sign\\u00e9s | Nettali.com\",\"isPartOf\":{\"@id\":\"https:\/\/www.nettali.com\/#website\"},\"primaryImageOfPage\":{\"@id\":\"https:\/\/www.nettali.com\/2026\/01\/27\/maroc-senegal-17-nouveaux-projets-signes\/#primaryimage\"},\"datePublished\":\"2026-01-27T08:09:39+00:00\",\"dateModified\":\"2026-01-27T08:09:39+00:00\",\"author\":{\"@id\":\"https:\/\/www.nettali.com\/#\/schema\/person\/d8ac7b7e27ddad43f1c0d2ef090d7f71\"},\"breadcrumb\":{\"@id\":\"https:\/\/www.nettali.com\/2026\/01\/27\/maroc-senegal-17-nouveaux-projets-signes\/#breadcrumb\"},\"inLanguage\":\"fr-FR\",\"potentialAction\":[{\"@type\":\"ReadAction\",\"target\":[\"https:\/\/www.nettali.com\/2026\/01\/27\/maroc-senegal-17-nouveaux-projets-signes\/\"]}]},{\"@type\":\"BreadcrumbList\",\"@id\":\"https:\/\/www.nettali.com\/2026\/01\/27\/maroc-senegal-17-nouveaux-projets-signes\/#breadcrumb\",\"itemListElement\":[{\"@type\":\"ListItem\",\"position\":1,\"name\":\"Accueil\",\"item\":\"https:\/\/www.nettali.com\/\"},{\"@type\":\"ListItem\",\"position\":2,\"name\":\"MAROC-SENEGAL - 17 nouveaux projets sign\\u00e9s\"}]},{\"@type\":\"Person\",\"@id\":\"https:\/\/www.nettali.com\/#\/schema\/person\/d8ac7b7e27ddad43f1c0d2ef090d7f71\",\"name\":\"CK\",\"image\":{\"@type\":\"ImageObject\",\"@id\":\"https:\/\/www.nettali.com\/#personlogo\",\"inLanguage\":\"fr-FR\",\"url\":\"https:\/\/secure.gravatar.com\/avatar\/1d8d5118b9327d94da7cd4ce7f17fec2?s=96&d=mm&r=g\",\"contentUrl\":\"https:\/\/secure.gravatar.com\/avatar\/1d8d5118b9327d94da7cd4ce7f17fec2?s=96&d=mm&r=g\",\"caption\":\"CK\"},\"sameAs\":[\"https:\/\/www.nettali.com\"]}]}<\/script>\n<!-- \/ Yoast SEO Premium plugin. -->","yoast_head_json":{"title":"MAROC-SENEGAL - 17 nouveaux projets sign\u00e9s | Nettali.com","robots":{"index":"index","follow":"follow","max-snippet":"max-snippet:-1","max-image-preview":"max-image-preview:large","max-video-preview":"max-video-preview:-1"},"canonical":"https:\/\/www.nettali.com\/2026\/01\/27\/maroc-senegal-17-nouveaux-projets-signes\/","og_locale":"fr_FR","og_type":"article","og_title":"MAROC-SENEGAL - 17 nouveaux projets sign\u00e9s","og_description":"NETTALI.COM - La 15e session de la grande commission mixte s\u00e9n\u00e9galo-marocaine, co-pr\u00e9sid\u00e9e par le premier ministre Ousmane Sonko et son homologue marocain Aziz Akhannouch, s'est ouverte dans un contexte o\u00f9 la pilule de la Can n'est toujours pas pass\u00e9e. Pour s'en convaincre, il suffit de lire la presse marocaine qui ne rate aucune occasion de [&hellip;]","og_url":"https:\/\/www.nettali.com\/2026\/01\/27\/maroc-senegal-17-nouveaux-projets-signes\/","og_site_name":"Nettali.com","article_publisher":"https:\/\/www.facebook.com\/nettalicom","article_published_time":"2026-01-27T08:09:39+00:00","og_image":[{"width":734,"height":489,"url":"https:\/\/www.nettali.com\/wp-content\/uploads\/2026\/01\/618517100_122208472334558118_6083634082291475519_n.jpg","type":"image\/jpeg"}],"twitter_card":"summary_large_image","twitter_misc":{"\u00c9crit par":"CK","Dur\u00e9e de lecture estim\u00e9e":"4 minutes"},"schema":{"@context":"https:\/\/schema.org","@graph":[{"@type":"WebSite","@id":"https:\/\/www.nettali.com\/#website","url":"https:\/\/www.nettali.com\/","name":"Nettali.com","description":"Le rendez-vous critique du Net","potentialAction":[{"@type":"SearchAction","target":{"@type":"EntryPoint","urlTemplate":"https:\/\/www.nettali.com\/?s={search_term_string}"},"query-input":"required name=search_term_string"}],"inLanguage":"fr-FR"},{"@type":"ImageObject","@id":"https:\/\/www.nettali.com\/2026\/01\/27\/maroc-senegal-17-nouveaux-projets-signes\/#primaryimage","inLanguage":"fr-FR","url":"https:\/\/www.nettali.com\/wp-content\/uploads\/2026\/01\/618517100_122208472334558118_6083634082291475519_n.jpg","contentUrl":"https:\/\/www.nettali.com\/wp-content\/uploads\/2026\/01\/618517100_122208472334558118_6083634082291475519_n.jpg","width":734,"height":489},{"@type":"WebPage","@id":"https:\/\/www.nettali.com\/2026\/01\/27\/maroc-senegal-17-nouveaux-projets-signes\/#webpage","url":"https:\/\/www.nettali.com\/2026\/01\/27\/maroc-senegal-17-nouveaux-projets-signes\/","name":"MAROC-SENEGAL - 17 nouveaux projets sign\u00e9s | Nettali.com","isPartOf":{"@id":"https:\/\/www.nettali.com\/#website"},"primaryImageOfPage":{"@id":"https:\/\/www.nettali.com\/2026\/01\/27\/maroc-senegal-17-nouveaux-projets-signes\/#primaryimage"},"datePublished":"2026-01-27T08:09:39+00:00","dateModified":"2026-01-27T08:09:39+00:00","author":{"@id":"https:\/\/www.nettali.com\/#\/schema\/person\/d8ac7b7e27ddad43f1c0d2ef090d7f71"},"breadcrumb":{"@id":"https:\/\/www.nettali.com\/2026\/01\/27\/maroc-senegal-17-nouveaux-projets-signes\/#breadcrumb"},"inLanguage":"fr-FR","potentialAction":[{"@type":"ReadAction","target":["https:\/\/www.nettali.com\/2026\/01\/27\/maroc-senegal-17-nouveaux-projets-signes\/"]}]},{"@type":"BreadcrumbList","@id":"https:\/\/www.nettali.com\/2026\/01\/27\/maroc-senegal-17-nouveaux-projets-signes\/#breadcrumb","itemListElement":[{"@type":"ListItem","position":1,"name":"Accueil","item":"https:\/\/www.nettali.com\/"},{"@type":"ListItem","position":2,"name":"MAROC-SENEGAL - 17 nouveaux projets sign\u00e9s"}]},{"@type":"Person","@id":"https:\/\/www.nettali.com\/#\/schema\/person\/d8ac7b7e27ddad43f1c0d2ef090d7f71","name":"CK","image":{"@type":"ImageObject","@id":"https:\/\/www.nettali.com\/#personlogo","inLanguage":"fr-FR","url":"https:\/\/secure.gravatar.com\/avatar\/1d8d5118b9327d94da7cd4ce7f17fec2?s=96&d=mm&r=g","contentUrl":"https:\/\/secure.gravatar.com\/avatar\/1d8d5118b9327d94da7cd4ce7f17fec2?s=96&d=mm&r=g","caption":"CK"},"sameAs":["https:\/\/www.nettali.com"]}]}},"_links":{"self":[{"href":"https:\/\/www.nettali.com\/rest\/wp\/v2\/posts\/168579"}],"collection":[{"href":"https:\/\/www.nettali.com\/rest\/wp\/v2\/posts"}],"about":[{"href":"https:\/\/www.nettali.com\/rest\/wp\/v2\/types\/post"}],"author":[{"embeddable":true,"href":"https:\/\/www.nettali.com\/rest\/wp\/v2\/users\/2"}],"replies":[{"embeddable":true,"href":"https:\/\/www.nettali.com\/rest\/wp\/v2\/comments?post=168579"}],"version-history":[{"count":1,"href":"https:\/\/www.nettali.com\/rest\/wp\/v2\/posts\/168579\/revisions"}],"predecessor-version":[{"id":168581,"href":"https:\/\/www.nettali.com\/rest\/wp\/v2\/posts\/168579\/revisions\/168581"}],"wp:featuredmedia":[{"embeddable":true,"href":"https:\/\/www.nettali.com\/rest\/wp\/v2\/media\/168580"}],"wp:attachment":[{"href":"https:\/\/www.nettali.com\/rest\/wp\/v2\/media?parent=168579"}],"wp:term":[{"taxonomy":"category","embeddable":true,"href":"https:\/\/www.nettali.com\/rest\/wp\/v2\/categories?post=168579"},{"taxonomy":"post_tag","embeddable":true,"href":"https:\/\/www.nettali.com\/rest\/wp\/v2\/tags?post=168579"}],"curies":[{"name":"wp","href":"https:\/\/api.w.org\/{rel}","templated":true}]}}