{"id":168576,"date":"2026-01-26T21:42:14","date_gmt":"2026-01-26T21:42:14","guid":{"rendered":"https:\/\/www.nettali.com\/?p=168576"},"modified":"2026-01-28T07:28:33","modified_gmt":"2026-01-28T07:28:33","slug":"ousmane-sonko-les-derapages-de-la-finale-de-la-can-ne-peuvent-etre-consideres-comme-des-fractures-entre-les-deux-pays","status":"publish","type":"post","link":"https:\/\/www.nettali.com\/2026\/01\/26\/ousmane-sonko-les-derapages-de-la-finale-de-la-can-ne-peuvent-etre-consideres-comme-des-fractures-entre-les-deux-pays\/","title":{"rendered":"OUSMANE SONKO : \u201cLes d\u00e9rapages de la finale de la CAN ne peuvent \u00eatre consid\u00e9r\u00e9s comme des fractures entre les deux pays\u201d"},"content":{"rendered":"<p><strong>NETTALI.COM - Les \u00e9v\u00e8nements li\u00e9s \u00e0 la finale de la Coupe d\u2019Afrique des nations (CAN) 2025 ayant oppos\u00e9 le S\u00e9n\u00e9gal au Maroc ne peuvent \u00eatre consid\u00e9r\u00e9s comme des \u201cfractures politiques ou culturelles\u201d pouvant impacter les liens solides entre les deux pays, a assur\u00e9, lundi, \u00e0 Rabat, le Premier ministre s\u00e9n\u00e9galais, Ousmane Sonko.<\/strong><\/p>\n<p><em>\u201cLes d\u00e9rapages observ\u00e9s ici ou l\u00e0 ne doivent \u00eatre ni ni\u00e9s ni dramatis\u00e9s. Ils doivent \u00eatre requalifi\u00e9s comme des exc\u00e8s \u00e9motionnels produits par la ferveur et non comme des fractures politiques ou culturelles\u201d<\/em>, a dit le chef du gouvernement s\u00e9n\u00e9galais.<\/p>\n<p>Il co-pr\u00e9sidait, avec son homologue marocain Aziz Akhannouch, la 15<sup>e<\/sup>\u00a0session de la Grande commission mixte s\u00e9n\u00e9galo-marocaine, en pr\u00e9sence de plusieurs ministres des deux gouvernements, ainsi que de directeurs nationaux.<\/p>\n<p><em>\u201cCette visite intervient dans un contexte charg\u00e9 d\u2019\u00e9motion sportive, de d\u00e9bordements regrett\u00e9s et d\u2019images parfois douloureuses pour deux peuples profond\u00e9ment li\u00e9s, mais dont la force historique r\u00e9side dans la capacit\u00e9 \u00e0 ne pas laisser l\u2019\u00e9motion surplomber et d\u00e9cider du sens\u201d<\/em>, a ajout\u00e9 Ousmane Sonko.<\/p>\n<p><em>\u201cCe d\u00e9placement ne vise pas \u00e0 calmer, il vise \u00e0 affirmer, \u00e0 r\u00e9affirmer que le sport n\u2019a pas \u00e0 diviser deux peuples. Il a \u00e9prouv\u00e9 leurs liens. Il n\u2019a pas oppos\u00e9 le S\u00e9n\u00e9gal et le Maroc, il a mis en \u00e9preuve l\u2019intensit\u00e9 de deux passions nationales dans un m\u00eame espace commun\u201d<\/em>, a poursuivi le chef du gouvernement s\u00e9n\u00e9galais.<\/p>\n<p>Il a rappel\u00e9 que les relations entre les deux pays sont faites de l\u2019anciennet\u00e9 des liens humains, spirituels, \u00e9conomiques et culturels, \u00e0 la faveur de la circulation historique des savoirs, des confr\u00e9ries,\u00a0des \u00e9tudiants et des entrepreneurs.<\/p>\n<p><em>\u201cLe sport, si passionnant et si passionn\u00e9 soit-il, ne peut pas abr\u00e9ger de telles relations\u201d<\/em>, a affirm\u00e9 M. Sonko, disant sa conviction que les liens entre les deux pays vont survivre \u00e0 ces \u00e9v\u00e8nements parce que enracin\u00e9s dans une histoire partag\u00e9e.<\/p>\n<p><em>\u201cCe d\u00e9placement n\u2019est pas un voyage d\u2019apaisement\u201d<\/em>, insiste Ousmane Sonko, avant de s\u2019interroger :<em> \u201cEst-ce donc r\u00e9ellement n\u00e9cessaire si cette amiti\u00e9 s\u00e9n\u00e9galo-marocaine est ce qu\u2019elle se dit ?\u201d.<\/em><\/p>\n<p>Selon le chef du gouvernement s\u00e9n\u00e9galais, il s\u2019agit d\u2019un <em>\u201cvoyage de confirmation, de d\u00e9passement et de refondation du lien \u00e0 la hauteur de deux nations qui se respectent, se reconnaissent et se projettent ensemble\u201d.<\/em><\/p>\n<p><em>\u201cPlus que clore un incident, nos travaux doivent sceller un avenir commun et r\u00e9affirmer que l\u2019amiti\u00e9 s\u00e9n\u00e9galo-marocaine est plus forte que les \u00e9motions. Les deux peuples fr\u00e8res peuvent traverser de l\u2019intensit\u00e9 sans se diviser, leur avenir commun est appel\u00e9 \u00e0 \u00eatre plus dense, plus structur\u00e9 et plus ambitieux\u201d<\/em>, a conclu M. Sonko.<\/p>\n<p>La visite du Premier ministre Ousmane Sonko intervient une semaine apr\u00e8s la finale de la CAN 2025, remport\u00e9e par le S\u00e9n\u00e9gal face au Maroc, le 18 janvier dernier.<\/p>\n<p>Ce match a \u00e9t\u00e9 marqu\u00e9 par des incidents et des tensions qui subsistent encore entre les supporters des deux pays, notamment \u00e0 travers les r\u00e9seaux sociaux.<\/p>\n<p>Tout est parti d\u2019un penalty accord\u00e9 au Maroc par l\u2019arbitre du match, deux minutes apr\u00e8s un but refus\u00e9 au S\u00e9n\u00e9gal, une d\u00e9cision qui a conduit le s\u00e9lectionneur s\u00e9n\u00e9galais \u00e0 demander \u00e0 ses joueurs de rejoindre les vestiaires en guise de protestation.<\/p>\n<p>L\u2019\u00e9quipe s\u00e9n\u00e9galaise, sous la houlette de Sadio Man\u00e9, a ensuite accept\u00e9 de reprendre la rencontre qu\u2019il a finalement remport\u00e9e gr\u00e2ce \u00e0 Pape Gu\u00e8ye, auteur du seul but de la rencontre.<\/p>\n<p>Dix-huit supporters s\u00e9n\u00e9galais sont en d\u00e9tention provisoire au Maroc o\u00f9 ils sont poursuivis pour des actes de \u201chooliganisme\u201d lors de cette finale.<\/p>\n<p>Leur proc\u00e8s a \u00e9t\u00e9 report\u00e9 au 29 janvier apr\u00e8s son ouverture, jeudi, devant un tribunal de Rabat.<\/p>\n<div class='share-to-whatsapp-wrapper'><div class='share-on-whsp'>PARTAGER SUR : <\/div><a data-text='OUSMANE SONKO : \u201cLes d\u00e9rapages de la finale de la CAN ne peuvent \u00eatre consid\u00e9r\u00e9s comme des fractures entre les deux pays\u201d' data-link='https:\/\/www.nettali.com\/2026\/01\/26\/ousmane-sonko-les-derapages-de-la-finale-de-la-can-ne-peuvent-etre-consideres-comme-des-fractures-entre-les-deux-pays\/' class='whatsapp-button whatsapp-share'>WhatsApp<\/a><div class='clear '><\/div><\/div>","protected":false},"excerpt":{"rendered":"<p>NETTALI.COM - Les \u00e9v\u00e8nements li\u00e9s \u00e0 la finale de la Coupe d\u2019Afrique des nations (CAN) 2025 ayant oppos\u00e9 le S\u00e9n\u00e9gal au Maroc ne peuvent \u00eatre consid\u00e9r\u00e9s comme des \u201cfractures politiques ou culturelles\u201d pouvant impacter les liens solides entre les deux pays, a assur\u00e9, lundi, \u00e0 Rabat, le Premier ministre s\u00e9n\u00e9galais, Ousmane Sonko. \u201cLes d\u00e9rapages observ\u00e9s [&hellip;]<\/p>\n","protected":false},"author":4,"featured_media":168577,"comment_status":"open","ping_status":"open","sticky":false,"template":"","format":"standard","meta":{"_et_pb_use_builder":"","_et_pb_old_content":""},"categories":[3],"tags":[],"yoast_head":"<!-- This site is optimized with the Yoast SEO Premium plugin v17.8 (Yoast SEO v17.8) - https:\/\/yoast.com\/wordpress\/plugins\/seo\/ -->\n<title>OUSMANE SONKO : \u201cLes d\u00e9rapages de la finale de la CAN ne peuvent \u00eatre consid\u00e9r\u00e9s comme des fractures entre les deux pays\u201d | Nettali.com<\/title>\n<meta name=\"robots\" content=\"index, follow, max-snippet:-1, max-image-preview:large, max-video-preview:-1\" \/>\n<link rel=\"canonical\" href=\"https:\/\/www.nettali.com\/2026\/01\/26\/ousmane-sonko-les-derapages-de-la-finale-de-la-can-ne-peuvent-etre-consideres-comme-des-fractures-entre-les-deux-pays\/\" \/>\n<meta property=\"og:locale\" content=\"fr_FR\" \/>\n<meta property=\"og:type\" content=\"article\" \/>\n<meta property=\"og:title\" content=\"OUSMANE SONKO : \u201cLes d\u00e9rapages de la finale de la CAN ne peuvent \u00eatre consid\u00e9r\u00e9s comme des fractures entre les deux pays\u201d\" \/>\n<meta property=\"og:description\" content=\"NETTALI.COM - Les \u00e9v\u00e8nements li\u00e9s \u00e0 la finale de la Coupe d\u2019Afrique des nations (CAN) 2025 ayant oppos\u00e9 le S\u00e9n\u00e9gal au Maroc ne peuvent \u00eatre consid\u00e9r\u00e9s comme des \u201cfractures politiques ou culturelles\u201d pouvant impacter les liens solides entre les deux pays, a assur\u00e9, lundi, \u00e0 Rabat, le Premier ministre s\u00e9n\u00e9galais, Ousmane Sonko. \u201cLes d\u00e9rapages observ\u00e9s [&hellip;]\" \/>\n<meta property=\"og:url\" content=\"https:\/\/www.nettali.com\/2026\/01\/26\/ousmane-sonko-les-derapages-de-la-finale-de-la-can-ne-peuvent-etre-consideres-comme-des-fractures-entre-les-deux-pays\/\" \/>\n<meta property=\"og:site_name\" content=\"Nettali.com\" \/>\n<meta property=\"article:publisher\" content=\"https:\/\/www.facebook.com\/nettalicom\" \/>\n<meta property=\"article:published_time\" content=\"2026-01-26T21:42:14+00:00\" \/>\n<meta property=\"article:modified_time\" content=\"2026-01-28T07:28:33+00:00\" \/>\n<meta property=\"og:image\" content=\"https:\/\/www.nettali.com\/wp-content\/uploads\/2026\/01\/Capture-de\u0301cran-2026-01-26-a\u0300-21.41.13.png\" \/>\n\t<meta property=\"og:image:width\" content=\"1118\" \/>\n\t<meta property=\"og:image:height\" content=\"709\" \/>\n<meta name=\"twitter:card\" content=\"summary_large_image\" \/>\n<meta name=\"twitter:label1\" content=\"\u00c9crit par\" \/>\n\t<meta name=\"twitter:data1\" content=\"Daouda\" \/>\n\t<meta name=\"twitter:label2\" content=\"Dur\u00e9e de lecture estim\u00e9e\" \/>\n\t<meta name=\"twitter:data2\" content=\"3 minutes\" \/>\n<script type=\"application\/ld+json\" class=\"yoast-schema-graph\">{\"@context\":\"https:\/\/schema.org\",\"@graph\":[{\"@type\":\"WebSite\",\"@id\":\"https:\/\/www.nettali.com\/#website\",\"url\":\"https:\/\/www.nettali.com\/\",\"name\":\"Nettali.com\",\"description\":\"Le rendez-vous critique du Net\",\"potentialAction\":[{\"@type\":\"SearchAction\",\"target\":{\"@type\":\"EntryPoint\",\"urlTemplate\":\"https:\/\/www.nettali.com\/?s={search_term_string}\"},\"query-input\":\"required name=search_term_string\"}],\"inLanguage\":\"fr-FR\"},{\"@type\":\"ImageObject\",\"@id\":\"https:\/\/www.nettali.com\/2026\/01\/26\/ousmane-sonko-les-derapages-de-la-finale-de-la-can-ne-peuvent-etre-consideres-comme-des-fractures-entre-les-deux-pays\/#primaryimage\",\"inLanguage\":\"fr-FR\",\"url\":\"https:\/\/www.nettali.com\/wp-content\/uploads\/2026\/01\/Capture-de\\u0301cran-2026-01-26-a\\u0300-21.41.13.png\",\"contentUrl\":\"https:\/\/www.nettali.com\/wp-content\/uploads\/2026\/01\/Capture-de\\u0301cran-2026-01-26-a\\u0300-21.41.13.png\",\"width\":1118,\"height\":709},{\"@type\":\"WebPage\",\"@id\":\"https:\/\/www.nettali.com\/2026\/01\/26\/ousmane-sonko-les-derapages-de-la-finale-de-la-can-ne-peuvent-etre-consideres-comme-des-fractures-entre-les-deux-pays\/#webpage\",\"url\":\"https:\/\/www.nettali.com\/2026\/01\/26\/ousmane-sonko-les-derapages-de-la-finale-de-la-can-ne-peuvent-etre-consideres-comme-des-fractures-entre-les-deux-pays\/\",\"name\":\"OUSMANE SONKO : \\u201cLes d\\u00e9rapages de la finale de la CAN ne peuvent \\u00eatre consid\\u00e9r\\u00e9s comme des fractures entre les deux pays\\u201d | Nettali.com\",\"isPartOf\":{\"@id\":\"https:\/\/www.nettali.com\/#website\"},\"primaryImageOfPage\":{\"@id\":\"https:\/\/www.nettali.com\/2026\/01\/26\/ousmane-sonko-les-derapages-de-la-finale-de-la-can-ne-peuvent-etre-consideres-comme-des-fractures-entre-les-deux-pays\/#primaryimage\"},\"datePublished\":\"2026-01-26T21:42:14+00:00\",\"dateModified\":\"2026-01-28T07:28:33+00:00\",\"author\":{\"@id\":\"https:\/\/www.nettali.com\/#\/schema\/person\/3317e0bb3aa1da309fbf7b2780901bf4\"},\"breadcrumb\":{\"@id\":\"https:\/\/www.nettali.com\/2026\/01\/26\/ousmane-sonko-les-derapages-de-la-finale-de-la-can-ne-peuvent-etre-consideres-comme-des-fractures-entre-les-deux-pays\/#breadcrumb\"},\"inLanguage\":\"fr-FR\",\"potentialAction\":[{\"@type\":\"ReadAction\",\"target\":[\"https:\/\/www.nettali.com\/2026\/01\/26\/ousmane-sonko-les-derapages-de-la-finale-de-la-can-ne-peuvent-etre-consideres-comme-des-fractures-entre-les-deux-pays\/\"]}]},{\"@type\":\"BreadcrumbList\",\"@id\":\"https:\/\/www.nettali.com\/2026\/01\/26\/ousmane-sonko-les-derapages-de-la-finale-de-la-can-ne-peuvent-etre-consideres-comme-des-fractures-entre-les-deux-pays\/#breadcrumb\",\"itemListElement\":[{\"@type\":\"ListItem\",\"position\":1,\"name\":\"Accueil\",\"item\":\"https:\/\/www.nettali.com\/\"},{\"@type\":\"ListItem\",\"position\":2,\"name\":\"OUSMANE SONKO : \\u201cLes d\\u00e9rapages de la finale de la CAN ne peuvent \\u00eatre consid\\u00e9r\\u00e9s comme des fractures entre les deux pays\\u201d\"}]},{\"@type\":\"Person\",\"@id\":\"https:\/\/www.nettali.com\/#\/schema\/person\/3317e0bb3aa1da309fbf7b2780901bf4\",\"name\":\"Daouda\",\"image\":{\"@type\":\"ImageObject\",\"@id\":\"https:\/\/www.nettali.com\/#personlogo\",\"inLanguage\":\"fr-FR\",\"url\":\"https:\/\/secure.gravatar.com\/avatar\/8d143b5a49345098ddcfee1c49c2f47c?s=96&d=mm&r=g\",\"contentUrl\":\"https:\/\/secure.gravatar.com\/avatar\/8d143b5a49345098ddcfee1c49c2f47c?s=96&d=mm&r=g\",\"caption\":\"Daouda\"},\"sameAs\":[\"https:\/\/www.nettali.com\"]}]}<\/script>\n<!-- \/ Yoast SEO Premium plugin. -->","yoast_head_json":{"title":"OUSMANE SONKO : \u201cLes d\u00e9rapages de la finale de la CAN ne peuvent \u00eatre consid\u00e9r\u00e9s comme des fractures entre les deux pays\u201d | Nettali.com","robots":{"index":"index","follow":"follow","max-snippet":"max-snippet:-1","max-image-preview":"max-image-preview:large","max-video-preview":"max-video-preview:-1"},"canonical":"https:\/\/www.nettali.com\/2026\/01\/26\/ousmane-sonko-les-derapages-de-la-finale-de-la-can-ne-peuvent-etre-consideres-comme-des-fractures-entre-les-deux-pays\/","og_locale":"fr_FR","og_type":"article","og_title":"OUSMANE SONKO : \u201cLes d\u00e9rapages de la finale de la CAN ne peuvent \u00eatre consid\u00e9r\u00e9s comme des fractures entre les deux pays\u201d","og_description":"NETTALI.COM - Les \u00e9v\u00e8nements li\u00e9s \u00e0 la finale de la Coupe d\u2019Afrique des nations (CAN) 2025 ayant oppos\u00e9 le S\u00e9n\u00e9gal au Maroc ne peuvent \u00eatre consid\u00e9r\u00e9s comme des \u201cfractures politiques ou culturelles\u201d pouvant impacter les liens solides entre les deux pays, a assur\u00e9, lundi, \u00e0 Rabat, le Premier ministre s\u00e9n\u00e9galais, Ousmane Sonko. \u201cLes d\u00e9rapages observ\u00e9s [&hellip;]","og_url":"https:\/\/www.nettali.com\/2026\/01\/26\/ousmane-sonko-les-derapages-de-la-finale-de-la-can-ne-peuvent-etre-consideres-comme-des-fractures-entre-les-deux-pays\/","og_site_name":"Nettali.com","article_publisher":"https:\/\/www.facebook.com\/nettalicom","article_published_time":"2026-01-26T21:42:14+00:00","article_modified_time":"2026-01-28T07:28:33+00:00","og_image":[{"width":1118,"height":709,"url":"https:\/\/www.nettali.com\/wp-content\/uploads\/2026\/01\/Capture-de\u0301cran-2026-01-26-a\u0300-21.41.13.png","type":"image\/png"}],"twitter_card":"summary_large_image","twitter_misc":{"\u00c9crit par":"Daouda","Dur\u00e9e de lecture estim\u00e9e":"3 minutes"},"schema":{"@context":"https:\/\/schema.org","@graph":[{"@type":"WebSite","@id":"https:\/\/www.nettali.com\/#website","url":"https:\/\/www.nettali.com\/","name":"Nettali.com","description":"Le rendez-vous critique du Net","potentialAction":[{"@type":"SearchAction","target":{"@type":"EntryPoint","urlTemplate":"https:\/\/www.nettali.com\/?s={search_term_string}"},"query-input":"required name=search_term_string"}],"inLanguage":"fr-FR"},{"@type":"ImageObject","@id":"https:\/\/www.nettali.com\/2026\/01\/26\/ousmane-sonko-les-derapages-de-la-finale-de-la-can-ne-peuvent-etre-consideres-comme-des-fractures-entre-les-deux-pays\/#primaryimage","inLanguage":"fr-FR","url":"https:\/\/www.nettali.com\/wp-content\/uploads\/2026\/01\/Capture-de\u0301cran-2026-01-26-a\u0300-21.41.13.png","contentUrl":"https:\/\/www.nettali.com\/wp-content\/uploads\/2026\/01\/Capture-de\u0301cran-2026-01-26-a\u0300-21.41.13.png","width":1118,"height":709},{"@type":"WebPage","@id":"https:\/\/www.nettali.com\/2026\/01\/26\/ousmane-sonko-les-derapages-de-la-finale-de-la-can-ne-peuvent-etre-consideres-comme-des-fractures-entre-les-deux-pays\/#webpage","url":"https:\/\/www.nettali.com\/2026\/01\/26\/ousmane-sonko-les-derapages-de-la-finale-de-la-can-ne-peuvent-etre-consideres-comme-des-fractures-entre-les-deux-pays\/","name":"OUSMANE SONKO : \u201cLes d\u00e9rapages de la finale de la CAN ne peuvent \u00eatre consid\u00e9r\u00e9s comme des fractures entre les deux pays\u201d | Nettali.com","isPartOf":{"@id":"https:\/\/www.nettali.com\/#website"},"primaryImageOfPage":{"@id":"https:\/\/www.nettali.com\/2026\/01\/26\/ousmane-sonko-les-derapages-de-la-finale-de-la-can-ne-peuvent-etre-consideres-comme-des-fractures-entre-les-deux-pays\/#primaryimage"},"datePublished":"2026-01-26T21:42:14+00:00","dateModified":"2026-01-28T07:28:33+00:00","author":{"@id":"https:\/\/www.nettali.com\/#\/schema\/person\/3317e0bb3aa1da309fbf7b2780901bf4"},"breadcrumb":{"@id":"https:\/\/www.nettali.com\/2026\/01\/26\/ousmane-sonko-les-derapages-de-la-finale-de-la-can-ne-peuvent-etre-consideres-comme-des-fractures-entre-les-deux-pays\/#breadcrumb"},"inLanguage":"fr-FR","potentialAction":[{"@type":"ReadAction","target":["https:\/\/www.nettali.com\/2026\/01\/26\/ousmane-sonko-les-derapages-de-la-finale-de-la-can-ne-peuvent-etre-consideres-comme-des-fractures-entre-les-deux-pays\/"]}]},{"@type":"BreadcrumbList","@id":"https:\/\/www.nettali.com\/2026\/01\/26\/ousmane-sonko-les-derapages-de-la-finale-de-la-can-ne-peuvent-etre-consideres-comme-des-fractures-entre-les-deux-pays\/#breadcrumb","itemListElement":[{"@type":"ListItem","position":1,"name":"Accueil","item":"https:\/\/www.nettali.com\/"},{"@type":"ListItem","position":2,"name":"OUSMANE SONKO : \u201cLes d\u00e9rapages de la finale de la CAN ne peuvent \u00eatre consid\u00e9r\u00e9s comme des fractures entre les deux pays\u201d"}]},{"@type":"Person","@id":"https:\/\/www.nettali.com\/#\/schema\/person\/3317e0bb3aa1da309fbf7b2780901bf4","name":"Daouda","image":{"@type":"ImageObject","@id":"https:\/\/www.nettali.com\/#personlogo","inLanguage":"fr-FR","url":"https:\/\/secure.gravatar.com\/avatar\/8d143b5a49345098ddcfee1c49c2f47c?s=96&d=mm&r=g","contentUrl":"https:\/\/secure.gravatar.com\/avatar\/8d143b5a49345098ddcfee1c49c2f47c?s=96&d=mm&r=g","caption":"Daouda"},"sameAs":["https:\/\/www.nettali.com"]}]}},"_links":{"self":[{"href":"https:\/\/www.nettali.com\/rest\/wp\/v2\/posts\/168576"}],"collection":[{"href":"https:\/\/www.nettali.com\/rest\/wp\/v2\/posts"}],"about":[{"href":"https:\/\/www.nettali.com\/rest\/wp\/v2\/types\/post"}],"author":[{"embeddable":true,"href":"https:\/\/www.nettali.com\/rest\/wp\/v2\/users\/4"}],"replies":[{"embeddable":true,"href":"https:\/\/www.nettali.com\/rest\/wp\/v2\/comments?post=168576"}],"version-history":[{"count":1,"href":"https:\/\/www.nettali.com\/rest\/wp\/v2\/posts\/168576\/revisions"}],"predecessor-version":[{"id":168578,"href":"https:\/\/www.nettali.com\/rest\/wp\/v2\/posts\/168576\/revisions\/168578"}],"wp:featuredmedia":[{"embeddable":true,"href":"https:\/\/www.nettali.com\/rest\/wp\/v2\/media\/168577"}],"wp:attachment":[{"href":"https:\/\/www.nettali.com\/rest\/wp\/v2\/media?parent=168576"}],"wp:term":[{"taxonomy":"category","embeddable":true,"href":"https:\/\/www.nettali.com\/rest\/wp\/v2\/categories?post=168576"},{"taxonomy":"post_tag","embeddable":true,"href":"https:\/\/www.nettali.com\/rest\/wp\/v2\/tags?post=168576"}],"curies":[{"name":"wp","href":"https:\/\/api.w.org\/{rel}","templated":true}]}}