{"id":168573,"date":"2026-01-26T21:18:07","date_gmt":"2026-01-26T21:18:07","guid":{"rendered":"https:\/\/www.nettali.com\/?p=168573"},"modified":"2026-01-28T07:25:37","modified_gmt":"2026-01-28T07:25:37","slug":"apr-macky-sall-opere-une-vaste-restructuration-du-parti","status":"publish","type":"post","link":"https:\/\/www.nettali.com\/2026\/01\/26\/apr-macky-sall-opere-une-vaste-restructuration-du-parti\/","title":{"rendered":"APR : Macky Sall op\u00e8re une vaste restructuration de son parti"},"content":{"rendered":"<p data-start=\"157\" data-end=\"400\"><strong>NETTALI.COM - Le pr\u00e9sident de l\u2019Alliance pour la R\u00e9publique \u2013 Yaakaar (APR), Macky Sall, a proc\u00e9d\u00e9 \u00e0 une importante restructuration des organes dirigeants du parti, \u00e0 travers un arr\u00eat\u00e9 officialisant une vingtaine de nominations strat\u00e9giques.<\/strong><\/p>\n<p data-start=\"402\" data-end=\"771\">Au total, vingt-deux personnalit\u00e9s ont \u00e9t\u00e9 d\u00e9sign\u00e9es \u00e0 des postes cl\u00e9s afin de renforcer l\u2019animation politique et organisationnelle de la formation. Parmi les principales d\u00e9cisions, Moussa Bocar Thiam, ancien ministre, est nomm\u00e9 responsable du p\u00f4le porte-parole, tandis que Fatoumata Tall prend la t\u00eate du Mouvement national des femmes de l\u2019APR.<\/p>\n<p data-start=\"773\" data-end=\"945\">Seydou Gu\u00e8ye conserve un r\u00f4le strat\u00e9gique en tant que secr\u00e9taire national aux alliances et partenariats, confirmant sa place dans l\u2019architecture politique du parti.<\/p>\n<p data-start=\"947\" data-end=\"1218\">Sur le plan \u00e9conomique, Mamadou Kass\u00e9 est d\u00e9sign\u00e9 secr\u00e9taire national aux affaires \u00e9conomiques et financi\u00e8res. La jeunesse du parti sera d\u00e9sormais dirig\u00e9e par Moussa Sow, tandis que Ma\u00efssa Mahecor est charg\u00e9e du secr\u00e9tariat national aux \u00e9lections.<\/p>\n<p data-start=\"1220\" data-end=\"1398\">Les questions urbaines et du logement sont confi\u00e9es \u00e0 Pape Gorgui Ndong, alors que Ousmane Sylla prend en charge le secteur des infrastructures et des transports.<\/p>\n<p data-start=\"1400\" data-end=\"1703\">Par ailleurs, l\u2019APR renforce son dispositif de communication avec la nomination de plusieurs porte-parole, parmi lesquels Pape Mahawa Diouf, Mari\u00e8me Thiam Babou, Mamadou Di\u00e8ye, Saourou S\u00e8ne, Mame Gueye Diop, A\u00efda Sougou, Bocar Diongue et Alioune Badara Coulibaly.<\/p>\n<p data-start=\"1705\" data-end=\"1840\">Cette r\u00e9organisation marque une nouvelle phase strat\u00e9gique pour l\u2019APR, dans un contexte politique national en pleine recomposition.<\/p>\n<div class='share-to-whatsapp-wrapper'><div class='share-on-whsp'>PARTAGER SUR : <\/div><a data-text='APR : Macky Sall op\u00e8re une vaste restructuration de son parti' data-link='https:\/\/www.nettali.com\/2026\/01\/26\/apr-macky-sall-opere-une-vaste-restructuration-du-parti\/' class='whatsapp-button whatsapp-share'>WhatsApp<\/a><div class='clear '><\/div><\/div>","protected":false},"excerpt":{"rendered":"<p>NETTALI.COM - Le pr\u00e9sident de l\u2019Alliance pour la R\u00e9publique \u2013 Yaakaar (APR), Macky Sall, a proc\u00e9d\u00e9 \u00e0 une importante restructuration des organes dirigeants du parti, \u00e0 travers un arr\u00eat\u00e9 officialisant une vingtaine de nominations strat\u00e9giques. Au total, vingt-deux personnalit\u00e9s ont \u00e9t\u00e9 d\u00e9sign\u00e9es \u00e0 des postes cl\u00e9s afin de renforcer l\u2019animation politique et organisationnelle de la [&hellip;]<\/p>\n","protected":false},"author":4,"featured_media":122102,"comment_status":"open","ping_status":"open","sticky":false,"template":"","format":"standard","meta":{"_et_pb_use_builder":"","_et_pb_old_content":""},"categories":[2],"tags":[],"yoast_head":"<!-- This site is optimized with the Yoast SEO Premium plugin v17.8 (Yoast SEO v17.8) - https:\/\/yoast.com\/wordpress\/plugins\/seo\/ -->\n<title>APR : Macky Sall op\u00e8re une vaste restructuration de son parti | Nettali.com<\/title>\n<meta name=\"robots\" content=\"index, follow, max-snippet:-1, max-image-preview:large, max-video-preview:-1\" \/>\n<link rel=\"canonical\" href=\"https:\/\/www.nettali.com\/2026\/01\/26\/apr-macky-sall-opere-une-vaste-restructuration-du-parti\/\" \/>\n<meta property=\"og:locale\" content=\"fr_FR\" \/>\n<meta property=\"og:type\" content=\"article\" \/>\n<meta property=\"og:title\" content=\"APR : Macky Sall op\u00e8re une vaste restructuration de son parti\" \/>\n<meta property=\"og:description\" content=\"NETTALI.COM - Le pr\u00e9sident de l\u2019Alliance pour la R\u00e9publique \u2013 Yaakaar (APR), Macky Sall, a proc\u00e9d\u00e9 \u00e0 une importante restructuration des organes dirigeants du parti, \u00e0 travers un arr\u00eat\u00e9 officialisant une vingtaine de nominations strat\u00e9giques. Au total, vingt-deux personnalit\u00e9s ont \u00e9t\u00e9 d\u00e9sign\u00e9es \u00e0 des postes cl\u00e9s afin de renforcer l\u2019animation politique et organisationnelle de la [&hellip;]\" \/>\n<meta property=\"og:url\" content=\"https:\/\/www.nettali.com\/2026\/01\/26\/apr-macky-sall-opere-une-vaste-restructuration-du-parti\/\" \/>\n<meta property=\"og:site_name\" content=\"Nettali.com\" \/>\n<meta property=\"article:publisher\" content=\"https:\/\/www.facebook.com\/nettalicom\" \/>\n<meta property=\"article:published_time\" content=\"2026-01-26T21:18:07+00:00\" \/>\n<meta property=\"article:modified_time\" content=\"2026-01-28T07:25:37+00:00\" \/>\n<meta property=\"og:image\" content=\"https:\/\/www.nettali.com\/wp-content\/uploads\/2023\/11\/Macky-Fatick.jpeg\" \/>\n\t<meta property=\"og:image:width\" content=\"1683\" \/>\n\t<meta property=\"og:image:height\" content=\"907\" \/>\n<meta name=\"twitter:card\" content=\"summary_large_image\" \/>\n<meta name=\"twitter:label1\" content=\"\u00c9crit par\" \/>\n\t<meta name=\"twitter:data1\" content=\"Daouda\" \/>\n\t<meta name=\"twitter:label2\" content=\"Dur\u00e9e de lecture estim\u00e9e\" \/>\n\t<meta name=\"twitter:data2\" content=\"1 minute\" \/>\n<script type=\"application\/ld+json\" class=\"yoast-schema-graph\">{\"@context\":\"https:\/\/schema.org\",\"@graph\":[{\"@type\":\"WebSite\",\"@id\":\"https:\/\/www.nettali.com\/#website\",\"url\":\"https:\/\/www.nettali.com\/\",\"name\":\"Nettali.com\",\"description\":\"Le rendez-vous critique du Net\",\"potentialAction\":[{\"@type\":\"SearchAction\",\"target\":{\"@type\":\"EntryPoint\",\"urlTemplate\":\"https:\/\/www.nettali.com\/?s={search_term_string}\"},\"query-input\":\"required name=search_term_string\"}],\"inLanguage\":\"fr-FR\"},{\"@type\":\"ImageObject\",\"@id\":\"https:\/\/www.nettali.com\/2026\/01\/26\/apr-macky-sall-opere-une-vaste-restructuration-du-parti\/#primaryimage\",\"inLanguage\":\"fr-FR\",\"url\":\"https:\/\/www.nettali.com\/wp-content\/uploads\/2023\/11\/Macky-Fatick.jpeg\",\"contentUrl\":\"https:\/\/www.nettali.com\/wp-content\/uploads\/2023\/11\/Macky-Fatick.jpeg\",\"width\":1683,\"height\":907},{\"@type\":\"WebPage\",\"@id\":\"https:\/\/www.nettali.com\/2026\/01\/26\/apr-macky-sall-opere-une-vaste-restructuration-du-parti\/#webpage\",\"url\":\"https:\/\/www.nettali.com\/2026\/01\/26\/apr-macky-sall-opere-une-vaste-restructuration-du-parti\/\",\"name\":\"APR : Macky Sall op\\u00e8re une vaste restructuration de son parti | Nettali.com\",\"isPartOf\":{\"@id\":\"https:\/\/www.nettali.com\/#website\"},\"primaryImageOfPage\":{\"@id\":\"https:\/\/www.nettali.com\/2026\/01\/26\/apr-macky-sall-opere-une-vaste-restructuration-du-parti\/#primaryimage\"},\"datePublished\":\"2026-01-26T21:18:07+00:00\",\"dateModified\":\"2026-01-28T07:25:37+00:00\",\"author\":{\"@id\":\"https:\/\/www.nettali.com\/#\/schema\/person\/3317e0bb3aa1da309fbf7b2780901bf4\"},\"breadcrumb\":{\"@id\":\"https:\/\/www.nettali.com\/2026\/01\/26\/apr-macky-sall-opere-une-vaste-restructuration-du-parti\/#breadcrumb\"},\"inLanguage\":\"fr-FR\",\"potentialAction\":[{\"@type\":\"ReadAction\",\"target\":[\"https:\/\/www.nettali.com\/2026\/01\/26\/apr-macky-sall-opere-une-vaste-restructuration-du-parti\/\"]}]},{\"@type\":\"BreadcrumbList\",\"@id\":\"https:\/\/www.nettali.com\/2026\/01\/26\/apr-macky-sall-opere-une-vaste-restructuration-du-parti\/#breadcrumb\",\"itemListElement\":[{\"@type\":\"ListItem\",\"position\":1,\"name\":\"Accueil\",\"item\":\"https:\/\/www.nettali.com\/\"},{\"@type\":\"ListItem\",\"position\":2,\"name\":\"APR : Macky Sall op\\u00e8re une vaste restructuration de son parti\"}]},{\"@type\":\"Person\",\"@id\":\"https:\/\/www.nettali.com\/#\/schema\/person\/3317e0bb3aa1da309fbf7b2780901bf4\",\"name\":\"Daouda\",\"image\":{\"@type\":\"ImageObject\",\"@id\":\"https:\/\/www.nettali.com\/#personlogo\",\"inLanguage\":\"fr-FR\",\"url\":\"https:\/\/secure.gravatar.com\/avatar\/8d143b5a49345098ddcfee1c49c2f47c?s=96&d=mm&r=g\",\"contentUrl\":\"https:\/\/secure.gravatar.com\/avatar\/8d143b5a49345098ddcfee1c49c2f47c?s=96&d=mm&r=g\",\"caption\":\"Daouda\"},\"sameAs\":[\"https:\/\/www.nettali.com\"]}]}<\/script>\n<!-- \/ Yoast SEO Premium plugin. -->","yoast_head_json":{"title":"APR : Macky Sall op\u00e8re une vaste restructuration de son parti | Nettali.com","robots":{"index":"index","follow":"follow","max-snippet":"max-snippet:-1","max-image-preview":"max-image-preview:large","max-video-preview":"max-video-preview:-1"},"canonical":"https:\/\/www.nettali.com\/2026\/01\/26\/apr-macky-sall-opere-une-vaste-restructuration-du-parti\/","og_locale":"fr_FR","og_type":"article","og_title":"APR : Macky Sall op\u00e8re une vaste restructuration de son parti","og_description":"NETTALI.COM - Le pr\u00e9sident de l\u2019Alliance pour la R\u00e9publique \u2013 Yaakaar (APR), Macky Sall, a proc\u00e9d\u00e9 \u00e0 une importante restructuration des organes dirigeants du parti, \u00e0 travers un arr\u00eat\u00e9 officialisant une vingtaine de nominations strat\u00e9giques. Au total, vingt-deux personnalit\u00e9s ont \u00e9t\u00e9 d\u00e9sign\u00e9es \u00e0 des postes cl\u00e9s afin de renforcer l\u2019animation politique et organisationnelle de la [&hellip;]","og_url":"https:\/\/www.nettali.com\/2026\/01\/26\/apr-macky-sall-opere-une-vaste-restructuration-du-parti\/","og_site_name":"Nettali.com","article_publisher":"https:\/\/www.facebook.com\/nettalicom","article_published_time":"2026-01-26T21:18:07+00:00","article_modified_time":"2026-01-28T07:25:37+00:00","og_image":[{"width":1683,"height":907,"url":"https:\/\/www.nettali.com\/wp-content\/uploads\/2023\/11\/Macky-Fatick.jpeg","type":"image\/jpeg"}],"twitter_card":"summary_large_image","twitter_misc":{"\u00c9crit par":"Daouda","Dur\u00e9e de lecture estim\u00e9e":"1 minute"},"schema":{"@context":"https:\/\/schema.org","@graph":[{"@type":"WebSite","@id":"https:\/\/www.nettali.com\/#website","url":"https:\/\/www.nettali.com\/","name":"Nettali.com","description":"Le rendez-vous critique du Net","potentialAction":[{"@type":"SearchAction","target":{"@type":"EntryPoint","urlTemplate":"https:\/\/www.nettali.com\/?s={search_term_string}"},"query-input":"required name=search_term_string"}],"inLanguage":"fr-FR"},{"@type":"ImageObject","@id":"https:\/\/www.nettali.com\/2026\/01\/26\/apr-macky-sall-opere-une-vaste-restructuration-du-parti\/#primaryimage","inLanguage":"fr-FR","url":"https:\/\/www.nettali.com\/wp-content\/uploads\/2023\/11\/Macky-Fatick.jpeg","contentUrl":"https:\/\/www.nettali.com\/wp-content\/uploads\/2023\/11\/Macky-Fatick.jpeg","width":1683,"height":907},{"@type":"WebPage","@id":"https:\/\/www.nettali.com\/2026\/01\/26\/apr-macky-sall-opere-une-vaste-restructuration-du-parti\/#webpage","url":"https:\/\/www.nettali.com\/2026\/01\/26\/apr-macky-sall-opere-une-vaste-restructuration-du-parti\/","name":"APR : Macky Sall op\u00e8re une vaste restructuration de son parti | Nettali.com","isPartOf":{"@id":"https:\/\/www.nettali.com\/#website"},"primaryImageOfPage":{"@id":"https:\/\/www.nettali.com\/2026\/01\/26\/apr-macky-sall-opere-une-vaste-restructuration-du-parti\/#primaryimage"},"datePublished":"2026-01-26T21:18:07+00:00","dateModified":"2026-01-28T07:25:37+00:00","author":{"@id":"https:\/\/www.nettali.com\/#\/schema\/person\/3317e0bb3aa1da309fbf7b2780901bf4"},"breadcrumb":{"@id":"https:\/\/www.nettali.com\/2026\/01\/26\/apr-macky-sall-opere-une-vaste-restructuration-du-parti\/#breadcrumb"},"inLanguage":"fr-FR","potentialAction":[{"@type":"ReadAction","target":["https:\/\/www.nettali.com\/2026\/01\/26\/apr-macky-sall-opere-une-vaste-restructuration-du-parti\/"]}]},{"@type":"BreadcrumbList","@id":"https:\/\/www.nettali.com\/2026\/01\/26\/apr-macky-sall-opere-une-vaste-restructuration-du-parti\/#breadcrumb","itemListElement":[{"@type":"ListItem","position":1,"name":"Accueil","item":"https:\/\/www.nettali.com\/"},{"@type":"ListItem","position":2,"name":"APR : Macky Sall op\u00e8re une vaste restructuration de son parti"}]},{"@type":"Person","@id":"https:\/\/www.nettali.com\/#\/schema\/person\/3317e0bb3aa1da309fbf7b2780901bf4","name":"Daouda","image":{"@type":"ImageObject","@id":"https:\/\/www.nettali.com\/#personlogo","inLanguage":"fr-FR","url":"https:\/\/secure.gravatar.com\/avatar\/8d143b5a49345098ddcfee1c49c2f47c?s=96&d=mm&r=g","contentUrl":"https:\/\/secure.gravatar.com\/avatar\/8d143b5a49345098ddcfee1c49c2f47c?s=96&d=mm&r=g","caption":"Daouda"},"sameAs":["https:\/\/www.nettali.com"]}]}},"_links":{"self":[{"href":"https:\/\/www.nettali.com\/rest\/wp\/v2\/posts\/168573"}],"collection":[{"href":"https:\/\/www.nettali.com\/rest\/wp\/v2\/posts"}],"about":[{"href":"https:\/\/www.nettali.com\/rest\/wp\/v2\/types\/post"}],"author":[{"embeddable":true,"href":"https:\/\/www.nettali.com\/rest\/wp\/v2\/users\/4"}],"replies":[{"embeddable":true,"href":"https:\/\/www.nettali.com\/rest\/wp\/v2\/comments?post=168573"}],"version-history":[{"count":2,"href":"https:\/\/www.nettali.com\/rest\/wp\/v2\/posts\/168573\/revisions"}],"predecessor-version":[{"id":168575,"href":"https:\/\/www.nettali.com\/rest\/wp\/v2\/posts\/168573\/revisions\/168575"}],"wp:featuredmedia":[{"embeddable":true,"href":"https:\/\/www.nettali.com\/rest\/wp\/v2\/media\/122102"}],"wp:attachment":[{"href":"https:\/\/www.nettali.com\/rest\/wp\/v2\/media?parent=168573"}],"wp:term":[{"taxonomy":"category","embeddable":true,"href":"https:\/\/www.nettali.com\/rest\/wp\/v2\/categories?post=168573"},{"taxonomy":"post_tag","embeddable":true,"href":"https:\/\/www.nettali.com\/rest\/wp\/v2\/tags?post=168573"}],"curies":[{"name":"wp","href":"https:\/\/api.w.org\/{rel}","templated":true}]}}