{"id":168568,"date":"2026-01-26T21:13:51","date_gmt":"2026-01-26T21:13:51","guid":{"rendered":"https:\/\/www.nettali.com\/?p=168568"},"modified":"2026-01-26T21:13:51","modified_gmt":"2026-01-26T21:13:51","slug":"visite-au-maroc-lagenda-de-ousmane-sonko","status":"publish","type":"post","link":"https:\/\/www.nettali.com\/2026\/01\/26\/visite-au-maroc-lagenda-de-ousmane-sonko\/","title":{"rendered":"VISITE AU MAROC- L'agenda de Ousmane Sonko"},"content":{"rendered":"<p><strong>NETTALI.COM- Le Premier ministre Ousmane Sonko a entam\u00e9 ce lundi une visite officielle au Maroc en arrivant \u00e0 l\u2019a\u00e9roport international de Rabat-Sal\u00e9. Plusieurs programmes sont au menu de la visite qui s'ach\u00e8ve ce mercredi.<\/strong><\/p>\n<p>Accueilli \u00e0 sa descente d\u2019un vol sp\u00e9cial d\u2019Air S\u00e9n\u00e9gal par son homologue Aziz Akhannouch ainsi que par plusieurs officiels, le chef du gouvernement s\u00e9n\u00e9galais a d\u00e9but\u00e9 son agenda par un recueillement au mausol\u00e9e Mohammed V. Accompagn\u00e9 du ministre porte-parole du gouvernement marocain, Moustapha Baitas, il a ainsi rendu hommage \u00e0 la m\u00e9moire du grand-p\u00e8re de l\u2019actuel souverain.<\/p>\n<p>La d\u00e9l\u00e9gation s\u00e9n\u00e9galaise s\u2019est ensuite dirig\u00e9e vers le si\u00e8ge du gouvernement pour un entretien en t\u00eate-\u00e0-t\u00eate entre les deux Premiers ministres.<\/p>\n<p>Cette rencontre pr\u00e9c\u00e8de l\u2019ouverture solennelle de la 15e Grande commission mixte s\u00e9n\u00e9galo-marocaine, une instance strat\u00e9gique destin\u00e9e \u00e0 \u00e9valuer l\u2019\u00e9tat des relations bilat\u00e9rales et \u00e0 dynamiser la coop\u00e9ration entre Dakar et Rabat.<\/p>\n<p>Les travaux de cette commission sont rythm\u00e9s par plusieurs interventions minist\u00e9rielles th\u00e9matiques. Nadia Fettah, ministre marocaine de l\u2019\u00c9conomie et des Finances, et son homologue s\u00e9n\u00e9galais Abdourahmane Sarr ouvrent le bal des discussions sectorielles. Ils sont suivis par les ministres de l\u2019Agriculture, Ahmed Bouari et Mabouba Diagne, puis par Ryad Mezzour et Serigne Gu\u00e8ye Diop pour les dossiers li\u00e9s \u00e0 l\u2019Industrie et au Commerce. Le volet de l\u2019Enseignement sup\u00e9rieur et de la Recherche est \u00e9galement abord\u00e9 par les ministres Azzedine El Midaoui et Daouda Ngom.<\/p>\n<p>Cette premi\u00e8re phase de la commission se conclut par une note de synth\u00e8se pr\u00e9sent\u00e9e par les ministres des Affaires \u00e9trang\u00e8res, Nasser Bourita et Cheikh Niang.<\/p>\n<p>Apr\u00e8s l\u2019adoption d\u2019une d\u00e9claration conjointe et les allocutions finales des deux chefs de gouvernement, une c\u00e9r\u00e9monie de signature d\u2019accords de coop\u00e9ration vient sceller les engagements mutuels.<\/p>\n<p>Dans l\u2019apr\u00e8s-midi, Ousmane Sonko poursuit ses \u00e9changes institutionnels en rencontrant successivement les pr\u00e9sidents de la Chambre des Repr\u00e9sentants et de la Chambre des Conseillers, ainsi que le ministre marocain des Affaires \u00e9trang\u00e8res.<\/p>\n<p>Ce s\u00e9jour se prolongera jusqu\u2019\u00e0 mercredi entre les villes de Rabat et Casablanca.<\/p>\n<div class='share-to-whatsapp-wrapper'><div class='share-on-whsp'>PARTAGER SUR : <\/div><a data-text='VISITE AU MAROC- L'agenda de Ousmane Sonko' data-link='https:\/\/www.nettali.com\/2026\/01\/26\/visite-au-maroc-lagenda-de-ousmane-sonko\/' class='whatsapp-button whatsapp-share'>WhatsApp<\/a><div class='clear '><\/div><\/div>","protected":false},"excerpt":{"rendered":"<p>NETTALI.COM- Le Premier ministre Ousmane Sonko a entam\u00e9 ce lundi une visite officielle au Maroc en arrivant \u00e0 l\u2019a\u00e9roport international de Rabat-Sal\u00e9. Plusieurs programmes sont au menu de la visite qui s'ach\u00e8ve ce mercredi. Accueilli \u00e0 sa descente d\u2019un vol sp\u00e9cial d\u2019Air S\u00e9n\u00e9gal par son homologue Aziz Akhannouch ainsi que par plusieurs officiels, le chef [&hellip;]<\/p>\n","protected":false},"author":6,"featured_media":168571,"comment_status":"open","ping_status":"open","sticky":false,"template":"","format":"standard","meta":{"_et_pb_use_builder":"","_et_pb_old_content":""},"categories":[2],"tags":[],"yoast_head":"<!-- This site is optimized with the Yoast SEO Premium plugin v17.8 (Yoast SEO v17.8) - https:\/\/yoast.com\/wordpress\/plugins\/seo\/ -->\n<title>VISITE AU MAROC- L&#039;agenda de Ousmane Sonko | Nettali.com<\/title>\n<meta name=\"robots\" content=\"index, follow, max-snippet:-1, max-image-preview:large, max-video-preview:-1\" \/>\n<link rel=\"canonical\" href=\"https:\/\/www.nettali.com\/2026\/01\/26\/visite-au-maroc-lagenda-de-ousmane-sonko\/\" \/>\n<meta property=\"og:locale\" content=\"fr_FR\" \/>\n<meta property=\"og:type\" content=\"article\" \/>\n<meta property=\"og:title\" content=\"VISITE AU MAROC- L&#039;agenda de Ousmane Sonko\" \/>\n<meta property=\"og:description\" content=\"NETTALI.COM- Le Premier ministre Ousmane Sonko a entam\u00e9 ce lundi une visite officielle au Maroc en arrivant \u00e0 l\u2019a\u00e9roport international de Rabat-Sal\u00e9. Plusieurs programmes sont au menu de la visite qui s&#039;ach\u00e8ve ce mercredi. Accueilli \u00e0 sa descente d\u2019un vol sp\u00e9cial d\u2019Air S\u00e9n\u00e9gal par son homologue Aziz Akhannouch ainsi que par plusieurs officiels, le chef [&hellip;]\" \/>\n<meta property=\"og:url\" content=\"https:\/\/www.nettali.com\/2026\/01\/26\/visite-au-maroc-lagenda-de-ousmane-sonko\/\" \/>\n<meta property=\"og:site_name\" content=\"Nettali.com\" \/>\n<meta property=\"article:publisher\" content=\"https:\/\/www.facebook.com\/nettalicom\" \/>\n<meta property=\"article:published_time\" content=\"2026-01-26T21:13:51+00:00\" \/>\n<meta property=\"og:image\" content=\"https:\/\/www.nettali.com\/wp-content\/uploads\/2026\/01\/Hassan-Naciri-Sonko-Senegal-Maroc-1.jpg\" \/>\n\t<meta property=\"og:image:width\" content=\"1080\" \/>\n\t<meta property=\"og:image:height\" content=\"719\" \/>\n<meta name=\"twitter:card\" content=\"summary_large_image\" \/>\n<meta name=\"twitter:label1\" content=\"\u00c9crit par\" \/>\n\t<meta name=\"twitter:data1\" content=\"Fatou\" \/>\n\t<meta name=\"twitter:label2\" content=\"Dur\u00e9e de lecture estim\u00e9e\" \/>\n\t<meta name=\"twitter:data2\" content=\"2 minutes\" \/>\n<script type=\"application\/ld+json\" class=\"yoast-schema-graph\">{\"@context\":\"https:\/\/schema.org\",\"@graph\":[{\"@type\":\"WebSite\",\"@id\":\"https:\/\/www.nettali.com\/#website\",\"url\":\"https:\/\/www.nettali.com\/\",\"name\":\"Nettali.com\",\"description\":\"Le rendez-vous critique du Net\",\"potentialAction\":[{\"@type\":\"SearchAction\",\"target\":{\"@type\":\"EntryPoint\",\"urlTemplate\":\"https:\/\/www.nettali.com\/?s={search_term_string}\"},\"query-input\":\"required name=search_term_string\"}],\"inLanguage\":\"fr-FR\"},{\"@type\":\"ImageObject\",\"@id\":\"https:\/\/www.nettali.com\/2026\/01\/26\/visite-au-maroc-lagenda-de-ousmane-sonko\/#primaryimage\",\"inLanguage\":\"fr-FR\",\"url\":\"https:\/\/www.nettali.com\/wp-content\/uploads\/2026\/01\/Hassan-Naciri-Sonko-Senegal-Maroc-1.jpg\",\"contentUrl\":\"https:\/\/www.nettali.com\/wp-content\/uploads\/2026\/01\/Hassan-Naciri-Sonko-Senegal-Maroc-1.jpg\",\"width\":1080,\"height\":719},{\"@type\":\"WebPage\",\"@id\":\"https:\/\/www.nettali.com\/2026\/01\/26\/visite-au-maroc-lagenda-de-ousmane-sonko\/#webpage\",\"url\":\"https:\/\/www.nettali.com\/2026\/01\/26\/visite-au-maroc-lagenda-de-ousmane-sonko\/\",\"name\":\"VISITE AU MAROC- L'agenda de Ousmane Sonko | Nettali.com\",\"isPartOf\":{\"@id\":\"https:\/\/www.nettali.com\/#website\"},\"primaryImageOfPage\":{\"@id\":\"https:\/\/www.nettali.com\/2026\/01\/26\/visite-au-maroc-lagenda-de-ousmane-sonko\/#primaryimage\"},\"datePublished\":\"2026-01-26T21:13:51+00:00\",\"dateModified\":\"2026-01-26T21:13:51+00:00\",\"author\":{\"@id\":\"https:\/\/www.nettali.com\/#\/schema\/person\/418274a86bdf87caff7a3ef476bd0bbf\"},\"breadcrumb\":{\"@id\":\"https:\/\/www.nettali.com\/2026\/01\/26\/visite-au-maroc-lagenda-de-ousmane-sonko\/#breadcrumb\"},\"inLanguage\":\"fr-FR\",\"potentialAction\":[{\"@type\":\"ReadAction\",\"target\":[\"https:\/\/www.nettali.com\/2026\/01\/26\/visite-au-maroc-lagenda-de-ousmane-sonko\/\"]}]},{\"@type\":\"BreadcrumbList\",\"@id\":\"https:\/\/www.nettali.com\/2026\/01\/26\/visite-au-maroc-lagenda-de-ousmane-sonko\/#breadcrumb\",\"itemListElement\":[{\"@type\":\"ListItem\",\"position\":1,\"name\":\"Accueil\",\"item\":\"https:\/\/www.nettali.com\/\"},{\"@type\":\"ListItem\",\"position\":2,\"name\":\"VISITE AU MAROC- L'agenda de Ousmane Sonko\"}]},{\"@type\":\"Person\",\"@id\":\"https:\/\/www.nettali.com\/#\/schema\/person\/418274a86bdf87caff7a3ef476bd0bbf\",\"name\":\"Fatou\",\"image\":{\"@type\":\"ImageObject\",\"@id\":\"https:\/\/www.nettali.com\/#personlogo\",\"inLanguage\":\"fr-FR\",\"url\":\"https:\/\/secure.gravatar.com\/avatar\/5a9442a2bee7b4dcf167cab035858e9a?s=96&d=mm&r=g\",\"contentUrl\":\"https:\/\/secure.gravatar.com\/avatar\/5a9442a2bee7b4dcf167cab035858e9a?s=96&d=mm&r=g\",\"caption\":\"Fatou\"},\"sameAs\":[\"https:\/\/www.nettali.com\"]}]}<\/script>\n<!-- \/ Yoast SEO Premium plugin. -->","yoast_head_json":{"title":"VISITE AU MAROC- L'agenda de Ousmane Sonko | Nettali.com","robots":{"index":"index","follow":"follow","max-snippet":"max-snippet:-1","max-image-preview":"max-image-preview:large","max-video-preview":"max-video-preview:-1"},"canonical":"https:\/\/www.nettali.com\/2026\/01\/26\/visite-au-maroc-lagenda-de-ousmane-sonko\/","og_locale":"fr_FR","og_type":"article","og_title":"VISITE AU MAROC- L'agenda de Ousmane Sonko","og_description":"NETTALI.COM- Le Premier ministre Ousmane Sonko a entam\u00e9 ce lundi une visite officielle au Maroc en arrivant \u00e0 l\u2019a\u00e9roport international de Rabat-Sal\u00e9. Plusieurs programmes sont au menu de la visite qui s'ach\u00e8ve ce mercredi. Accueilli \u00e0 sa descente d\u2019un vol sp\u00e9cial d\u2019Air S\u00e9n\u00e9gal par son homologue Aziz Akhannouch ainsi que par plusieurs officiels, le chef [&hellip;]","og_url":"https:\/\/www.nettali.com\/2026\/01\/26\/visite-au-maroc-lagenda-de-ousmane-sonko\/","og_site_name":"Nettali.com","article_publisher":"https:\/\/www.facebook.com\/nettalicom","article_published_time":"2026-01-26T21:13:51+00:00","og_image":[{"width":1080,"height":719,"url":"https:\/\/www.nettali.com\/wp-content\/uploads\/2026\/01\/Hassan-Naciri-Sonko-Senegal-Maroc-1.jpg","type":"image\/jpeg"}],"twitter_card":"summary_large_image","twitter_misc":{"\u00c9crit par":"Fatou","Dur\u00e9e de lecture estim\u00e9e":"2 minutes"},"schema":{"@context":"https:\/\/schema.org","@graph":[{"@type":"WebSite","@id":"https:\/\/www.nettali.com\/#website","url":"https:\/\/www.nettali.com\/","name":"Nettali.com","description":"Le rendez-vous critique du Net","potentialAction":[{"@type":"SearchAction","target":{"@type":"EntryPoint","urlTemplate":"https:\/\/www.nettali.com\/?s={search_term_string}"},"query-input":"required name=search_term_string"}],"inLanguage":"fr-FR"},{"@type":"ImageObject","@id":"https:\/\/www.nettali.com\/2026\/01\/26\/visite-au-maroc-lagenda-de-ousmane-sonko\/#primaryimage","inLanguage":"fr-FR","url":"https:\/\/www.nettali.com\/wp-content\/uploads\/2026\/01\/Hassan-Naciri-Sonko-Senegal-Maroc-1.jpg","contentUrl":"https:\/\/www.nettali.com\/wp-content\/uploads\/2026\/01\/Hassan-Naciri-Sonko-Senegal-Maroc-1.jpg","width":1080,"height":719},{"@type":"WebPage","@id":"https:\/\/www.nettali.com\/2026\/01\/26\/visite-au-maroc-lagenda-de-ousmane-sonko\/#webpage","url":"https:\/\/www.nettali.com\/2026\/01\/26\/visite-au-maroc-lagenda-de-ousmane-sonko\/","name":"VISITE AU MAROC- L'agenda de Ousmane Sonko | Nettali.com","isPartOf":{"@id":"https:\/\/www.nettali.com\/#website"},"primaryImageOfPage":{"@id":"https:\/\/www.nettali.com\/2026\/01\/26\/visite-au-maroc-lagenda-de-ousmane-sonko\/#primaryimage"},"datePublished":"2026-01-26T21:13:51+00:00","dateModified":"2026-01-26T21:13:51+00:00","author":{"@id":"https:\/\/www.nettali.com\/#\/schema\/person\/418274a86bdf87caff7a3ef476bd0bbf"},"breadcrumb":{"@id":"https:\/\/www.nettali.com\/2026\/01\/26\/visite-au-maroc-lagenda-de-ousmane-sonko\/#breadcrumb"},"inLanguage":"fr-FR","potentialAction":[{"@type":"ReadAction","target":["https:\/\/www.nettali.com\/2026\/01\/26\/visite-au-maroc-lagenda-de-ousmane-sonko\/"]}]},{"@type":"BreadcrumbList","@id":"https:\/\/www.nettali.com\/2026\/01\/26\/visite-au-maroc-lagenda-de-ousmane-sonko\/#breadcrumb","itemListElement":[{"@type":"ListItem","position":1,"name":"Accueil","item":"https:\/\/www.nettali.com\/"},{"@type":"ListItem","position":2,"name":"VISITE AU MAROC- L'agenda de Ousmane Sonko"}]},{"@type":"Person","@id":"https:\/\/www.nettali.com\/#\/schema\/person\/418274a86bdf87caff7a3ef476bd0bbf","name":"Fatou","image":{"@type":"ImageObject","@id":"https:\/\/www.nettali.com\/#personlogo","inLanguage":"fr-FR","url":"https:\/\/secure.gravatar.com\/avatar\/5a9442a2bee7b4dcf167cab035858e9a?s=96&d=mm&r=g","contentUrl":"https:\/\/secure.gravatar.com\/avatar\/5a9442a2bee7b4dcf167cab035858e9a?s=96&d=mm&r=g","caption":"Fatou"},"sameAs":["https:\/\/www.nettali.com"]}]}},"_links":{"self":[{"href":"https:\/\/www.nettali.com\/rest\/wp\/v2\/posts\/168568"}],"collection":[{"href":"https:\/\/www.nettali.com\/rest\/wp\/v2\/posts"}],"about":[{"href":"https:\/\/www.nettali.com\/rest\/wp\/v2\/types\/post"}],"author":[{"embeddable":true,"href":"https:\/\/www.nettali.com\/rest\/wp\/v2\/users\/6"}],"replies":[{"embeddable":true,"href":"https:\/\/www.nettali.com\/rest\/wp\/v2\/comments?post=168568"}],"version-history":[{"count":3,"href":"https:\/\/www.nettali.com\/rest\/wp\/v2\/posts\/168568\/revisions"}],"predecessor-version":[{"id":168572,"href":"https:\/\/www.nettali.com\/rest\/wp\/v2\/posts\/168568\/revisions\/168572"}],"wp:featuredmedia":[{"embeddable":true,"href":"https:\/\/www.nettali.com\/rest\/wp\/v2\/media\/168571"}],"wp:attachment":[{"href":"https:\/\/www.nettali.com\/rest\/wp\/v2\/media?parent=168568"}],"wp:term":[{"taxonomy":"category","embeddable":true,"href":"https:\/\/www.nettali.com\/rest\/wp\/v2\/categories?post=168568"},{"taxonomy":"post_tag","embeddable":true,"href":"https:\/\/www.nettali.com\/rest\/wp\/v2\/tags?post=168568"}],"curies":[{"name":"wp","href":"https:\/\/api.w.org\/{rel}","templated":true}]}}