{"id":168562,"date":"2026-01-26T18:44:12","date_gmt":"2026-01-26T18:44:12","guid":{"rendered":"https:\/\/www.nettali.com\/?p=168562"},"modified":"2026-01-26T18:44:12","modified_gmt":"2026-01-26T18:44:12","slug":"necrologie-koulibaly-perd-son-papa","status":"publish","type":"post","link":"https:\/\/www.nettali.com\/2026\/01\/26\/necrologie-koulibaly-perd-son-papa\/","title":{"rendered":"N\u00c9CROLOGIE - Koulibaly perd son papa"},"content":{"rendered":"<p><strong>NETTALI.COM - L'\u00e9quipe nationale du S\u00e9n\u00e9gal est en deuil avec le rappel \u00e0 Dieu du papa de Kalidou Koulibaly. Un d\u00e9c\u00e8s survenu ce lundi 26 janvier, en France.<\/strong><\/p>\n<p>Originaire de Ngano, un village situ\u00e9 dans la r\u00e9gion de Matam, Kalidou Koulibaly a toujours entretenu un lien fort avec la terre de ses parents. Au fil des ann\u00e9es, le d\u00e9fenseur s\u00e9n\u00e9galais s\u2019est illustr\u00e9 par sa g\u00e9n\u00e9rosit\u00e9 et son engagement social envers ce village, multipliant les \u0153uvres et actions en faveur des populations locales.<\/p>\n<p>Double champion d'Afrique, Kalidou Koulibaly perd son idole une semaine apr\u00e8s le deuxi\u00e8me sacre continental des Lions de la T\u00e9ranga.<\/p>\n<div class='share-to-whatsapp-wrapper'><div class='share-on-whsp'>PARTAGER SUR : <\/div><a data-text='N\u00c9CROLOGIE - Koulibaly perd son papa' data-link='https:\/\/www.nettali.com\/2026\/01\/26\/necrologie-koulibaly-perd-son-papa\/' class='whatsapp-button whatsapp-share'>WhatsApp<\/a><div class='clear '><\/div><\/div>","protected":false},"excerpt":{"rendered":"<p>NETTALI.COM - L'\u00e9quipe nationale du S\u00e9n\u00e9gal est en deuil avec le rappel \u00e0 Dieu du papa de Kalidou Koulibaly. Un d\u00e9c\u00e8s survenu ce lundi 26 janvier, en France. Originaire de Ngano, un village situ\u00e9 dans la r\u00e9gion de Matam, Kalidou Koulibaly a toujours entretenu un lien fort avec la terre de ses parents. Au fil [&hellip;]<\/p>\n","protected":false},"author":5,"featured_media":168564,"comment_status":"open","ping_status":"open","sticky":false,"template":"","format":"standard","meta":{"_et_pb_use_builder":"","_et_pb_old_content":""},"categories":[6],"tags":[],"yoast_head":"<!-- This site is optimized with the Yoast SEO Premium plugin v17.8 (Yoast SEO v17.8) - https:\/\/yoast.com\/wordpress\/plugins\/seo\/ -->\n<title>N\u00c9CROLOGIE - Koulibaly perd son papa | Nettali.com<\/title>\n<meta name=\"robots\" content=\"index, follow, max-snippet:-1, max-image-preview:large, max-video-preview:-1\" \/>\n<link rel=\"canonical\" href=\"https:\/\/www.nettali.com\/2026\/01\/26\/necrologie-koulibaly-perd-son-papa\/\" \/>\n<meta property=\"og:locale\" content=\"fr_FR\" \/>\n<meta property=\"og:type\" content=\"article\" \/>\n<meta property=\"og:title\" content=\"N\u00c9CROLOGIE - Koulibaly perd son papa\" \/>\n<meta property=\"og:description\" content=\"NETTALI.COM - L&#039;\u00e9quipe nationale du S\u00e9n\u00e9gal est en deuil avec le rappel \u00e0 Dieu du papa de Kalidou Koulibaly. Un d\u00e9c\u00e8s survenu ce lundi 26 janvier, en France. Originaire de Ngano, un village situ\u00e9 dans la r\u00e9gion de Matam, Kalidou Koulibaly a toujours entretenu un lien fort avec la terre de ses parents. Au fil [&hellip;]\" \/>\n<meta property=\"og:url\" content=\"https:\/\/www.nettali.com\/2026\/01\/26\/necrologie-koulibaly-perd-son-papa\/\" \/>\n<meta property=\"og:site_name\" content=\"Nettali.com\" \/>\n<meta property=\"article:publisher\" content=\"https:\/\/www.facebook.com\/nettalicom\" \/>\n<meta property=\"article:published_time\" content=\"2026-01-26T18:44:12+00:00\" \/>\n<meta property=\"og:image\" content=\"https:\/\/www.nettali.com\/wp-content\/uploads\/2026\/01\/Screenshot_20260126_173631_Instagram-Lite.jpg\" \/>\n\t<meta property=\"og:image:width\" content=\"1080\" \/>\n\t<meta property=\"og:image:height\" content=\"804\" \/>\n<meta name=\"twitter:card\" content=\"summary_large_image\" \/>\n<meta name=\"twitter:label1\" content=\"\u00c9crit par\" \/>\n\t<meta name=\"twitter:data1\" content=\"Ibrahima\" \/>\n\t<meta name=\"twitter:label2\" content=\"Dur\u00e9e de lecture estim\u00e9e\" \/>\n\t<meta name=\"twitter:data2\" content=\"1 minute\" \/>\n<script type=\"application\/ld+json\" class=\"yoast-schema-graph\">{\"@context\":\"https:\/\/schema.org\",\"@graph\":[{\"@type\":\"WebSite\",\"@id\":\"https:\/\/www.nettali.com\/#website\",\"url\":\"https:\/\/www.nettali.com\/\",\"name\":\"Nettali.com\",\"description\":\"Le rendez-vous critique du Net\",\"potentialAction\":[{\"@type\":\"SearchAction\",\"target\":{\"@type\":\"EntryPoint\",\"urlTemplate\":\"https:\/\/www.nettali.com\/?s={search_term_string}\"},\"query-input\":\"required name=search_term_string\"}],\"inLanguage\":\"fr-FR\"},{\"@type\":\"ImageObject\",\"@id\":\"https:\/\/www.nettali.com\/2026\/01\/26\/necrologie-koulibaly-perd-son-papa\/#primaryimage\",\"inLanguage\":\"fr-FR\",\"url\":\"https:\/\/www.nettali.com\/wp-content\/uploads\/2026\/01\/Screenshot_20260126_173631_Instagram-Lite.jpg\",\"contentUrl\":\"https:\/\/www.nettali.com\/wp-content\/uploads\/2026\/01\/Screenshot_20260126_173631_Instagram-Lite.jpg\",\"width\":1080,\"height\":804},{\"@type\":\"WebPage\",\"@id\":\"https:\/\/www.nettali.com\/2026\/01\/26\/necrologie-koulibaly-perd-son-papa\/#webpage\",\"url\":\"https:\/\/www.nettali.com\/2026\/01\/26\/necrologie-koulibaly-perd-son-papa\/\",\"name\":\"N\\u00c9CROLOGIE - Koulibaly perd son papa | Nettali.com\",\"isPartOf\":{\"@id\":\"https:\/\/www.nettali.com\/#website\"},\"primaryImageOfPage\":{\"@id\":\"https:\/\/www.nettali.com\/2026\/01\/26\/necrologie-koulibaly-perd-son-papa\/#primaryimage\"},\"datePublished\":\"2026-01-26T18:44:12+00:00\",\"dateModified\":\"2026-01-26T18:44:12+00:00\",\"author\":{\"@id\":\"https:\/\/www.nettali.com\/#\/schema\/person\/bb147657c2986240405a608162b9bb23\"},\"breadcrumb\":{\"@id\":\"https:\/\/www.nettali.com\/2026\/01\/26\/necrologie-koulibaly-perd-son-papa\/#breadcrumb\"},\"inLanguage\":\"fr-FR\",\"potentialAction\":[{\"@type\":\"ReadAction\",\"target\":[\"https:\/\/www.nettali.com\/2026\/01\/26\/necrologie-koulibaly-perd-son-papa\/\"]}]},{\"@type\":\"BreadcrumbList\",\"@id\":\"https:\/\/www.nettali.com\/2026\/01\/26\/necrologie-koulibaly-perd-son-papa\/#breadcrumb\",\"itemListElement\":[{\"@type\":\"ListItem\",\"position\":1,\"name\":\"Accueil\",\"item\":\"https:\/\/www.nettali.com\/\"},{\"@type\":\"ListItem\",\"position\":2,\"name\":\"N\\u00c9CROLOGIE - Koulibaly perd son papa\"}]},{\"@type\":\"Person\",\"@id\":\"https:\/\/www.nettali.com\/#\/schema\/person\/bb147657c2986240405a608162b9bb23\",\"name\":\"Ibrahima\",\"image\":{\"@type\":\"ImageObject\",\"@id\":\"https:\/\/www.nettali.com\/#personlogo\",\"inLanguage\":\"fr-FR\",\"url\":\"https:\/\/secure.gravatar.com\/avatar\/26a8a81f09f0dd7624c9d5c36c9ba3a2?s=96&d=mm&r=g\",\"contentUrl\":\"https:\/\/secure.gravatar.com\/avatar\/26a8a81f09f0dd7624c9d5c36c9ba3a2?s=96&d=mm&r=g\",\"caption\":\"Ibrahima\"},\"sameAs\":[\"https:\/\/www.nettali.com\"]}]}<\/script>\n<!-- \/ Yoast SEO Premium plugin. -->","yoast_head_json":{"title":"N\u00c9CROLOGIE - Koulibaly perd son papa | Nettali.com","robots":{"index":"index","follow":"follow","max-snippet":"max-snippet:-1","max-image-preview":"max-image-preview:large","max-video-preview":"max-video-preview:-1"},"canonical":"https:\/\/www.nettali.com\/2026\/01\/26\/necrologie-koulibaly-perd-son-papa\/","og_locale":"fr_FR","og_type":"article","og_title":"N\u00c9CROLOGIE - Koulibaly perd son papa","og_description":"NETTALI.COM - L'\u00e9quipe nationale du S\u00e9n\u00e9gal est en deuil avec le rappel \u00e0 Dieu du papa de Kalidou Koulibaly. Un d\u00e9c\u00e8s survenu ce lundi 26 janvier, en France. Originaire de Ngano, un village situ\u00e9 dans la r\u00e9gion de Matam, Kalidou Koulibaly a toujours entretenu un lien fort avec la terre de ses parents. Au fil [&hellip;]","og_url":"https:\/\/www.nettali.com\/2026\/01\/26\/necrologie-koulibaly-perd-son-papa\/","og_site_name":"Nettali.com","article_publisher":"https:\/\/www.facebook.com\/nettalicom","article_published_time":"2026-01-26T18:44:12+00:00","og_image":[{"width":1080,"height":804,"url":"https:\/\/www.nettali.com\/wp-content\/uploads\/2026\/01\/Screenshot_20260126_173631_Instagram-Lite.jpg","type":"image\/jpeg"}],"twitter_card":"summary_large_image","twitter_misc":{"\u00c9crit par":"Ibrahima","Dur\u00e9e de lecture estim\u00e9e":"1 minute"},"schema":{"@context":"https:\/\/schema.org","@graph":[{"@type":"WebSite","@id":"https:\/\/www.nettali.com\/#website","url":"https:\/\/www.nettali.com\/","name":"Nettali.com","description":"Le rendez-vous critique du Net","potentialAction":[{"@type":"SearchAction","target":{"@type":"EntryPoint","urlTemplate":"https:\/\/www.nettali.com\/?s={search_term_string}"},"query-input":"required name=search_term_string"}],"inLanguage":"fr-FR"},{"@type":"ImageObject","@id":"https:\/\/www.nettali.com\/2026\/01\/26\/necrologie-koulibaly-perd-son-papa\/#primaryimage","inLanguage":"fr-FR","url":"https:\/\/www.nettali.com\/wp-content\/uploads\/2026\/01\/Screenshot_20260126_173631_Instagram-Lite.jpg","contentUrl":"https:\/\/www.nettali.com\/wp-content\/uploads\/2026\/01\/Screenshot_20260126_173631_Instagram-Lite.jpg","width":1080,"height":804},{"@type":"WebPage","@id":"https:\/\/www.nettali.com\/2026\/01\/26\/necrologie-koulibaly-perd-son-papa\/#webpage","url":"https:\/\/www.nettali.com\/2026\/01\/26\/necrologie-koulibaly-perd-son-papa\/","name":"N\u00c9CROLOGIE - Koulibaly perd son papa | Nettali.com","isPartOf":{"@id":"https:\/\/www.nettali.com\/#website"},"primaryImageOfPage":{"@id":"https:\/\/www.nettali.com\/2026\/01\/26\/necrologie-koulibaly-perd-son-papa\/#primaryimage"},"datePublished":"2026-01-26T18:44:12+00:00","dateModified":"2026-01-26T18:44:12+00:00","author":{"@id":"https:\/\/www.nettali.com\/#\/schema\/person\/bb147657c2986240405a608162b9bb23"},"breadcrumb":{"@id":"https:\/\/www.nettali.com\/2026\/01\/26\/necrologie-koulibaly-perd-son-papa\/#breadcrumb"},"inLanguage":"fr-FR","potentialAction":[{"@type":"ReadAction","target":["https:\/\/www.nettali.com\/2026\/01\/26\/necrologie-koulibaly-perd-son-papa\/"]}]},{"@type":"BreadcrumbList","@id":"https:\/\/www.nettali.com\/2026\/01\/26\/necrologie-koulibaly-perd-son-papa\/#breadcrumb","itemListElement":[{"@type":"ListItem","position":1,"name":"Accueil","item":"https:\/\/www.nettali.com\/"},{"@type":"ListItem","position":2,"name":"N\u00c9CROLOGIE - Koulibaly perd son papa"}]},{"@type":"Person","@id":"https:\/\/www.nettali.com\/#\/schema\/person\/bb147657c2986240405a608162b9bb23","name":"Ibrahima","image":{"@type":"ImageObject","@id":"https:\/\/www.nettali.com\/#personlogo","inLanguage":"fr-FR","url":"https:\/\/secure.gravatar.com\/avatar\/26a8a81f09f0dd7624c9d5c36c9ba3a2?s=96&d=mm&r=g","contentUrl":"https:\/\/secure.gravatar.com\/avatar\/26a8a81f09f0dd7624c9d5c36c9ba3a2?s=96&d=mm&r=g","caption":"Ibrahima"},"sameAs":["https:\/\/www.nettali.com"]}]}},"_links":{"self":[{"href":"https:\/\/www.nettali.com\/rest\/wp\/v2\/posts\/168562"}],"collection":[{"href":"https:\/\/www.nettali.com\/rest\/wp\/v2\/posts"}],"about":[{"href":"https:\/\/www.nettali.com\/rest\/wp\/v2\/types\/post"}],"author":[{"embeddable":true,"href":"https:\/\/www.nettali.com\/rest\/wp\/v2\/users\/5"}],"replies":[{"embeddable":true,"href":"https:\/\/www.nettali.com\/rest\/wp\/v2\/comments?post=168562"}],"version-history":[{"count":1,"href":"https:\/\/www.nettali.com\/rest\/wp\/v2\/posts\/168562\/revisions"}],"predecessor-version":[{"id":168565,"href":"https:\/\/www.nettali.com\/rest\/wp\/v2\/posts\/168562\/revisions\/168565"}],"wp:featuredmedia":[{"embeddable":true,"href":"https:\/\/www.nettali.com\/rest\/wp\/v2\/media\/168564"}],"wp:attachment":[{"href":"https:\/\/www.nettali.com\/rest\/wp\/v2\/media?parent=168562"}],"wp:term":[{"taxonomy":"category","embeddable":true,"href":"https:\/\/www.nettali.com\/rest\/wp\/v2\/categories?post=168562"},{"taxonomy":"post_tag","embeddable":true,"href":"https:\/\/www.nettali.com\/rest\/wp\/v2\/tags?post=168562"}],"curies":[{"name":"wp","href":"https:\/\/api.w.org\/{rel}","templated":true}]}}