{"id":168554,"date":"2026-01-26T17:34:37","date_gmt":"2026-01-26T17:34:37","guid":{"rendered":"https:\/\/www.nettali.com\/?p=168554"},"modified":"2026-01-26T18:55:13","modified_gmt":"2026-01-26T18:55:13","slug":"bassirou-diomaye-faye-la-crise-de-leau-est-moralement-inacceptable","status":"publish","type":"post","link":"https:\/\/www.nettali.com\/2026\/01\/26\/bassirou-diomaye-faye-la-crise-de-leau-est-moralement-inacceptable\/","title":{"rendered":"BASSIROU DIOMAYE FAYE - \"La crise de l\u2019eau est moralement inacceptable\""},"content":{"rendered":"<p><strong>NETTALI.COM - Le pr\u00e9sident de la R\u00e9publique Bassirou Diomaye Faye, a pris part ce lundi 26 janvier 2026, \u00e0 la r\u00e9union pr\u00e9paratoire de haut niveau de la conf\u00e9rence des Nations unies sur l\u2019eau, pr\u00e9vue du 2 au 4 d\u00e9cembre 2026 \u00e0 Abu Dhabi, aux Emirats arabes unis. Selon le chef de l\u2019\u00c9tat, : \"la crise de l\u2019eau est moralement inacceptable\" .<\/strong><\/p>\n<p>La r\u00e9union pr\u00e9paratoire de haut niveau de la conf\u00e9rence des Nations unies sur l\u2019eau, pr\u00e9vue du 2 au 4 d\u00e9cembre 2026 \u00e0 Abu Dhabi, s\u2019est tenue ce lundi 26 janvier 2026. Le pr\u00e9sident de la R\u00e9publique a d\u00e9clar\u00e9 que :\u00ab <em>les crises de l\u2019eau fragilisent les \u00e9conomies et exacerbent les tensions<\/em> \u00bb. Il a d\u00e9nonc\u00e9 une situation moralement inacceptable dont la persistance engage la responsabilit\u00e9 de tous les pays.<\/p>\n<p>\u00ab <em>L\u2019Afrique est particuli\u00e8rement affect\u00e9e par cette crise, avec 40% de la population qui n\u2019a pas acc\u00e8s \u00e0 l\u2019eau potable et plus de 70% qui manque de services d\u2019assainissement de base<\/em> \u00bb, a-t-il soulign\u00e9, avant d\u2019indiquer\u00a0 : \u00ab c<em>\u2019est une situation moralement inacceptable. Et tant qu\u2019elle persistera, notre responsabilit\u00e9 collective restera engag\u00e9e, car les crises de l\u2019eau alimentent les crises alimentaires, fragilisent les \u00e9conomies, d\u00e9placent les populations et exacerbent les tensions<\/em> \u00bb.<\/p>\n<p>Bassirou Diomaye Faye a ainsi soulign\u00e9 que la crise de l\u2019eau est accentu\u00e9e par l\u2019acc\u00e9l\u00e9ration du d\u00e9r\u00e8glement climatique, ph\u00e9nom\u00e8ne qui impacte gravement les liens intrins\u00e8ques entre l\u2019eau et le climat. \u00ab <em>L\u2019eau agit sur le climat, de m\u00eame le climat d\u00e9termine la disponibilit\u00e9 et la qualit\u00e9 des ressources en eau<\/em> \u00bb, a-t-il not\u00e9, ajoutant que le changement climatique \u00ab <em>perturbe consid\u00e9rablement les cycles de l\u2019eau, entra\u00eenant s\u00e9cheresse, inondations, fonte des glaces du fait du r\u00e9chauffement climatique<\/em> \u00bb.<\/p>\n<p>Il rappelle que cette situation impacte \u00e9galement sur la disponibilit\u00e9 d\u2019eau douce, la sant\u00e9, l\u2019agriculture, l\u2019\u00e9nergie, l\u2019\u00e9ducation et la biodiversit\u00e9 .<br \/>\nLe pr\u00e9sident Faye consid\u00e8re que ce 26 janvier constitue une date marquante, en raison de la pr\u00e9sence de plusieurs leaders et experts de renom \u00e0 cette r\u00e9union pr\u00e9paratoire de haut niveau de la conf\u00e9rence des Nations unies sur l\u2019eau, ce qui t\u00e9moigne de l\u2019importance politique que la communaut\u00e9 internationale accorde \u00e0 l\u2019eau et \u00e0 l\u2019environnement.<\/p>\n<p>\u00ab <em>La question de l\u2019eau est consid\u00e9r\u00e9e non seulement comme enjeu sectoriel, mais \u00e9galement comme fondement essentiel de la dignit\u00e9 humaine, de la sant\u00e9 des populations et de la stabilit\u00e9 des soci\u00e9t\u00e9s, mais aussi de la prosp\u00e9rit\u00e9 partag\u00e9e des nations<\/em> \u00bb, a dit le pr\u00e9sident de la R\u00e9publique qui a \u00a0a conclu, rappelant que l\u2019eau est indispensable au maintien de l\u2019\u00e9quilibre de la plan\u00e8te et \u00e0 l\u2019atteinte des objectifs de d\u00e9veloppement durable.<\/p>\n<div class='share-to-whatsapp-wrapper'><div class='share-on-whsp'>PARTAGER SUR : <\/div><a data-text='BASSIROU DIOMAYE FAYE - \"La crise de l\u2019eau est moralement inacceptable\"' data-link='https:\/\/www.nettali.com\/2026\/01\/26\/bassirou-diomaye-faye-la-crise-de-leau-est-moralement-inacceptable\/' class='whatsapp-button whatsapp-share'>WhatsApp<\/a><div class='clear '><\/div><\/div>","protected":false},"excerpt":{"rendered":"<p>NETTALI.COM - Le pr\u00e9sident de la R\u00e9publique Bassirou Diomaye Faye, a pris part ce lundi 26 janvier 2026, \u00e0 la r\u00e9union pr\u00e9paratoire de haut niveau de la conf\u00e9rence des Nations unies sur l\u2019eau, pr\u00e9vue du 2 au 4 d\u00e9cembre 2026 \u00e0 Abu Dhabi, aux Emirats arabes unis. Selon le chef de l\u2019\u00c9tat, : \"la crise [&hellip;]<\/p>\n","protected":false},"author":6,"featured_media":157637,"comment_status":"open","ping_status":"open","sticky":false,"template":"","format":"standard","meta":{"_et_pb_use_builder":"","_et_pb_old_content":""},"categories":[3],"tags":[],"yoast_head":"<!-- This site is optimized with the Yoast SEO Premium plugin v17.8 (Yoast SEO v17.8) - https:\/\/yoast.com\/wordpress\/plugins\/seo\/ -->\n<title>BASSIROU DIOMAYE FAYE - &quot;La crise de l\u2019eau est moralement inacceptable&quot; | Nettali.com<\/title>\n<meta name=\"robots\" content=\"index, follow, max-snippet:-1, max-image-preview:large, max-video-preview:-1\" \/>\n<link rel=\"canonical\" href=\"https:\/\/www.nettali.com\/2026\/01\/26\/bassirou-diomaye-faye-la-crise-de-leau-est-moralement-inacceptable\/\" \/>\n<meta property=\"og:locale\" content=\"fr_FR\" \/>\n<meta property=\"og:type\" content=\"article\" \/>\n<meta property=\"og:title\" content=\"BASSIROU DIOMAYE FAYE - &quot;La crise de l\u2019eau est moralement inacceptable&quot;\" \/>\n<meta property=\"og:description\" content=\"NETTALI.COM - Le pr\u00e9sident de la R\u00e9publique Bassirou Diomaye Faye, a pris part ce lundi 26 janvier 2026, \u00e0 la r\u00e9union pr\u00e9paratoire de haut niveau de la conf\u00e9rence des Nations unies sur l\u2019eau, pr\u00e9vue du 2 au 4 d\u00e9cembre 2026 \u00e0 Abu Dhabi, aux Emirats arabes unis. Selon le chef de l\u2019\u00c9tat, : &quot;la crise [&hellip;]\" \/>\n<meta property=\"og:url\" content=\"https:\/\/www.nettali.com\/2026\/01\/26\/bassirou-diomaye-faye-la-crise-de-leau-est-moralement-inacceptable\/\" \/>\n<meta property=\"og:site_name\" content=\"Nettali.com\" \/>\n<meta property=\"article:publisher\" content=\"https:\/\/www.facebook.com\/nettalicom\" \/>\n<meta property=\"article:published_time\" content=\"2026-01-26T17:34:37+00:00\" \/>\n<meta property=\"article:modified_time\" content=\"2026-01-26T18:55:13+00:00\" \/>\n<meta property=\"og:image\" content=\"https:\/\/www.nettali.com\/wp-content\/uploads\/2025\/07\/diomaye-faye-5098-1306934.jpg\" \/>\n\t<meta property=\"og:image:width\" content=\"1306\" \/>\n\t<meta property=\"og:image:height\" content=\"934\" \/>\n<meta name=\"twitter:card\" content=\"summary_large_image\" \/>\n<meta name=\"twitter:label1\" content=\"\u00c9crit par\" \/>\n\t<meta name=\"twitter:data1\" content=\"Fatou\" \/>\n\t<meta name=\"twitter:label2\" content=\"Dur\u00e9e de lecture estim\u00e9e\" \/>\n\t<meta name=\"twitter:data2\" content=\"3 minutes\" \/>\n<script type=\"application\/ld+json\" class=\"yoast-schema-graph\">{\"@context\":\"https:\/\/schema.org\",\"@graph\":[{\"@type\":\"WebSite\",\"@id\":\"https:\/\/www.nettali.com\/#website\",\"url\":\"https:\/\/www.nettali.com\/\",\"name\":\"Nettali.com\",\"description\":\"Le rendez-vous critique du Net\",\"potentialAction\":[{\"@type\":\"SearchAction\",\"target\":{\"@type\":\"EntryPoint\",\"urlTemplate\":\"https:\/\/www.nettali.com\/?s={search_term_string}\"},\"query-input\":\"required name=search_term_string\"}],\"inLanguage\":\"fr-FR\"},{\"@type\":\"ImageObject\",\"@id\":\"https:\/\/www.nettali.com\/2026\/01\/26\/bassirou-diomaye-faye-la-crise-de-leau-est-moralement-inacceptable\/#primaryimage\",\"inLanguage\":\"fr-FR\",\"url\":\"https:\/\/www.nettali.com\/wp-content\/uploads\/2025\/07\/diomaye-faye-5098-1306934.jpg\",\"contentUrl\":\"https:\/\/www.nettali.com\/wp-content\/uploads\/2025\/07\/diomaye-faye-5098-1306934.jpg\",\"width\":1306,\"height\":934},{\"@type\":\"WebPage\",\"@id\":\"https:\/\/www.nettali.com\/2026\/01\/26\/bassirou-diomaye-faye-la-crise-de-leau-est-moralement-inacceptable\/#webpage\",\"url\":\"https:\/\/www.nettali.com\/2026\/01\/26\/bassirou-diomaye-faye-la-crise-de-leau-est-moralement-inacceptable\/\",\"name\":\"BASSIROU DIOMAYE FAYE - \\\"La crise de l\\u2019eau est moralement inacceptable\\\" | Nettali.com\",\"isPartOf\":{\"@id\":\"https:\/\/www.nettali.com\/#website\"},\"primaryImageOfPage\":{\"@id\":\"https:\/\/www.nettali.com\/2026\/01\/26\/bassirou-diomaye-faye-la-crise-de-leau-est-moralement-inacceptable\/#primaryimage\"},\"datePublished\":\"2026-01-26T17:34:37+00:00\",\"dateModified\":\"2026-01-26T18:55:13+00:00\",\"author\":{\"@id\":\"https:\/\/www.nettali.com\/#\/schema\/person\/418274a86bdf87caff7a3ef476bd0bbf\"},\"breadcrumb\":{\"@id\":\"https:\/\/www.nettali.com\/2026\/01\/26\/bassirou-diomaye-faye-la-crise-de-leau-est-moralement-inacceptable\/#breadcrumb\"},\"inLanguage\":\"fr-FR\",\"potentialAction\":[{\"@type\":\"ReadAction\",\"target\":[\"https:\/\/www.nettali.com\/2026\/01\/26\/bassirou-diomaye-faye-la-crise-de-leau-est-moralement-inacceptable\/\"]}]},{\"@type\":\"BreadcrumbList\",\"@id\":\"https:\/\/www.nettali.com\/2026\/01\/26\/bassirou-diomaye-faye-la-crise-de-leau-est-moralement-inacceptable\/#breadcrumb\",\"itemListElement\":[{\"@type\":\"ListItem\",\"position\":1,\"name\":\"Accueil\",\"item\":\"https:\/\/www.nettali.com\/\"},{\"@type\":\"ListItem\",\"position\":2,\"name\":\"BASSIROU DIOMAYE FAYE - \\\"La crise de l\\u2019eau est moralement inacceptable\\\"\"}]},{\"@type\":\"Person\",\"@id\":\"https:\/\/www.nettali.com\/#\/schema\/person\/418274a86bdf87caff7a3ef476bd0bbf\",\"name\":\"Fatou\",\"image\":{\"@type\":\"ImageObject\",\"@id\":\"https:\/\/www.nettali.com\/#personlogo\",\"inLanguage\":\"fr-FR\",\"url\":\"https:\/\/secure.gravatar.com\/avatar\/5a9442a2bee7b4dcf167cab035858e9a?s=96&d=mm&r=g\",\"contentUrl\":\"https:\/\/secure.gravatar.com\/avatar\/5a9442a2bee7b4dcf167cab035858e9a?s=96&d=mm&r=g\",\"caption\":\"Fatou\"},\"sameAs\":[\"https:\/\/www.nettali.com\"]}]}<\/script>\n<!-- \/ Yoast SEO Premium plugin. -->","yoast_head_json":{"title":"BASSIROU DIOMAYE FAYE - \"La crise de l\u2019eau est moralement inacceptable\" | Nettali.com","robots":{"index":"index","follow":"follow","max-snippet":"max-snippet:-1","max-image-preview":"max-image-preview:large","max-video-preview":"max-video-preview:-1"},"canonical":"https:\/\/www.nettali.com\/2026\/01\/26\/bassirou-diomaye-faye-la-crise-de-leau-est-moralement-inacceptable\/","og_locale":"fr_FR","og_type":"article","og_title":"BASSIROU DIOMAYE FAYE - \"La crise de l\u2019eau est moralement inacceptable\"","og_description":"NETTALI.COM - Le pr\u00e9sident de la R\u00e9publique Bassirou Diomaye Faye, a pris part ce lundi 26 janvier 2026, \u00e0 la r\u00e9union pr\u00e9paratoire de haut niveau de la conf\u00e9rence des Nations unies sur l\u2019eau, pr\u00e9vue du 2 au 4 d\u00e9cembre 2026 \u00e0 Abu Dhabi, aux Emirats arabes unis. Selon le chef de l\u2019\u00c9tat, : \"la crise [&hellip;]","og_url":"https:\/\/www.nettali.com\/2026\/01\/26\/bassirou-diomaye-faye-la-crise-de-leau-est-moralement-inacceptable\/","og_site_name":"Nettali.com","article_publisher":"https:\/\/www.facebook.com\/nettalicom","article_published_time":"2026-01-26T17:34:37+00:00","article_modified_time":"2026-01-26T18:55:13+00:00","og_image":[{"width":1306,"height":934,"url":"https:\/\/www.nettali.com\/wp-content\/uploads\/2025\/07\/diomaye-faye-5098-1306934.jpg","type":"image\/jpeg"}],"twitter_card":"summary_large_image","twitter_misc":{"\u00c9crit par":"Fatou","Dur\u00e9e de lecture estim\u00e9e":"3 minutes"},"schema":{"@context":"https:\/\/schema.org","@graph":[{"@type":"WebSite","@id":"https:\/\/www.nettali.com\/#website","url":"https:\/\/www.nettali.com\/","name":"Nettali.com","description":"Le rendez-vous critique du Net","potentialAction":[{"@type":"SearchAction","target":{"@type":"EntryPoint","urlTemplate":"https:\/\/www.nettali.com\/?s={search_term_string}"},"query-input":"required name=search_term_string"}],"inLanguage":"fr-FR"},{"@type":"ImageObject","@id":"https:\/\/www.nettali.com\/2026\/01\/26\/bassirou-diomaye-faye-la-crise-de-leau-est-moralement-inacceptable\/#primaryimage","inLanguage":"fr-FR","url":"https:\/\/www.nettali.com\/wp-content\/uploads\/2025\/07\/diomaye-faye-5098-1306934.jpg","contentUrl":"https:\/\/www.nettali.com\/wp-content\/uploads\/2025\/07\/diomaye-faye-5098-1306934.jpg","width":1306,"height":934},{"@type":"WebPage","@id":"https:\/\/www.nettali.com\/2026\/01\/26\/bassirou-diomaye-faye-la-crise-de-leau-est-moralement-inacceptable\/#webpage","url":"https:\/\/www.nettali.com\/2026\/01\/26\/bassirou-diomaye-faye-la-crise-de-leau-est-moralement-inacceptable\/","name":"BASSIROU DIOMAYE FAYE - \"La crise de l\u2019eau est moralement inacceptable\" | Nettali.com","isPartOf":{"@id":"https:\/\/www.nettali.com\/#website"},"primaryImageOfPage":{"@id":"https:\/\/www.nettali.com\/2026\/01\/26\/bassirou-diomaye-faye-la-crise-de-leau-est-moralement-inacceptable\/#primaryimage"},"datePublished":"2026-01-26T17:34:37+00:00","dateModified":"2026-01-26T18:55:13+00:00","author":{"@id":"https:\/\/www.nettali.com\/#\/schema\/person\/418274a86bdf87caff7a3ef476bd0bbf"},"breadcrumb":{"@id":"https:\/\/www.nettali.com\/2026\/01\/26\/bassirou-diomaye-faye-la-crise-de-leau-est-moralement-inacceptable\/#breadcrumb"},"inLanguage":"fr-FR","potentialAction":[{"@type":"ReadAction","target":["https:\/\/www.nettali.com\/2026\/01\/26\/bassirou-diomaye-faye-la-crise-de-leau-est-moralement-inacceptable\/"]}]},{"@type":"BreadcrumbList","@id":"https:\/\/www.nettali.com\/2026\/01\/26\/bassirou-diomaye-faye-la-crise-de-leau-est-moralement-inacceptable\/#breadcrumb","itemListElement":[{"@type":"ListItem","position":1,"name":"Accueil","item":"https:\/\/www.nettali.com\/"},{"@type":"ListItem","position":2,"name":"BASSIROU DIOMAYE FAYE - \"La crise de l\u2019eau est moralement inacceptable\""}]},{"@type":"Person","@id":"https:\/\/www.nettali.com\/#\/schema\/person\/418274a86bdf87caff7a3ef476bd0bbf","name":"Fatou","image":{"@type":"ImageObject","@id":"https:\/\/www.nettali.com\/#personlogo","inLanguage":"fr-FR","url":"https:\/\/secure.gravatar.com\/avatar\/5a9442a2bee7b4dcf167cab035858e9a?s=96&d=mm&r=g","contentUrl":"https:\/\/secure.gravatar.com\/avatar\/5a9442a2bee7b4dcf167cab035858e9a?s=96&d=mm&r=g","caption":"Fatou"},"sameAs":["https:\/\/www.nettali.com"]}]}},"_links":{"self":[{"href":"https:\/\/www.nettali.com\/rest\/wp\/v2\/posts\/168554"}],"collection":[{"href":"https:\/\/www.nettali.com\/rest\/wp\/v2\/posts"}],"about":[{"href":"https:\/\/www.nettali.com\/rest\/wp\/v2\/types\/post"}],"author":[{"embeddable":true,"href":"https:\/\/www.nettali.com\/rest\/wp\/v2\/users\/6"}],"replies":[{"embeddable":true,"href":"https:\/\/www.nettali.com\/rest\/wp\/v2\/comments?post=168554"}],"version-history":[{"count":5,"href":"https:\/\/www.nettali.com\/rest\/wp\/v2\/posts\/168554\/revisions"}],"predecessor-version":[{"id":168567,"href":"https:\/\/www.nettali.com\/rest\/wp\/v2\/posts\/168554\/revisions\/168567"}],"wp:featuredmedia":[{"embeddable":true,"href":"https:\/\/www.nettali.com\/rest\/wp\/v2\/media\/157637"}],"wp:attachment":[{"href":"https:\/\/www.nettali.com\/rest\/wp\/v2\/media?parent=168554"}],"wp:term":[{"taxonomy":"category","embeddable":true,"href":"https:\/\/www.nettali.com\/rest\/wp\/v2\/categories?post=168554"},{"taxonomy":"post_tag","embeddable":true,"href":"https:\/\/www.nettali.com\/rest\/wp\/v2\/tags?post=168554"}],"curies":[{"name":"wp","href":"https:\/\/api.w.org\/{rel}","templated":true}]}}