{"id":168543,"date":"2026-01-26T11:40:44","date_gmt":"2026-01-26T11:40:44","guid":{"rendered":"https:\/\/www.nettali.com\/?p=168543"},"modified":"2026-01-27T07:43:04","modified_gmt":"2026-01-27T07:43:04","slug":"declarations-du-president-de-la-fsf-le-maroc-annonce-des-poursuites","status":"publish","type":"post","link":"https:\/\/www.nettali.com\/2026\/01\/26\/declarations-du-president-de-la-fsf-le-maroc-annonce-des-poursuites\/","title":{"rendered":"DECLARATIONS DU PRESIDENT DE LA FSF : le Maroc annonce des poursuites"},"content":{"rendered":"<p data-start=\"190\" data-end=\"485\"><strong>NETTALI.COM - Le Club des Avocats au Maroc a exprim\u00e9 sa vive r\u00e9probation \u00e0 la suite des d\u00e9clarations du Pr\u00e9sident de la F\u00e9d\u00e9ration S\u00e9n\u00e9galaise de Football (FSF), Abdoulaye Fall, accusant le Royaume du Maroc de \u00ab manipuler la CAF \u00bb et d\u2019exercer une influence occulte sur la gouvernance du football continental.<\/strong><\/p>\n<p data-start=\"487\" data-end=\"935\">Dans un communiqu\u00e9 ferme, l\u2019organisation estime que ces propos d\u00e9passent le cadre de la critique sportive pour s\u2019inscrire dans une d\u00e9marche assimilable \u00e0 une calomnie institutionnelle, portant atteinte \u00e0 l\u2019int\u00e9grit\u00e9 des institutions marocaines et africaines du football. La mise en cause de l\u2019\u00e9quit\u00e9 proc\u00e9durale de la Conf\u00e9d\u00e9ration Africaine de Football (CAF) est qualifi\u00e9e d\u2019offense directe \u00e0 la cr\u00e9dibilit\u00e9 de l\u2019instance continentale.<\/p>\n<p data-start=\"937\" data-end=\"1358\">Selon le Club des Avocats, ces all\u00e9gations, jug\u00e9es d\u00e9pourvues de toute preuve, constituent une atteinte grave \u00e0 l\u2019honneur des organes sportifs concern\u00e9s. L\u2019organisation d\u00e9nonce une rh\u00e9torique reposant sur des insinuations et une tentative de d\u00e9tournement de responsabilit\u00e9s, visant \u00e0 masquer des insuffisances internes par une th\u00e9orie du complot susceptible de fragiliser la coh\u00e9sion du football africain.<\/p>\n<p data-start=\"1360\" data-end=\"1920\">Sur le plan r\u00e9glementaire, le Club rappelle que de telles d\u00e9clarations pourraient constituer une violation des principes fondamentaux \u00e9dict\u00e9s par la FIFA et la CAF, notamment en mati\u00e8re de neutralit\u00e9, de loyaut\u00e9 et d\u2019int\u00e9grit\u00e9. Les propos incrimin\u00e9s seraient susceptibles de tomber sous le coup des articles 14, 15 et 16 du Code d\u2019\u00c9thique de la FIFA, de l\u2019article 82 du Code Disciplinaire de la CAF, ainsi que des dispositions relatives \u00e0 la diffamation et aux comportements offensants pr\u00e9vues par les r\u00e8glements des deux instances.<\/p>\n<p data-start=\"1922\" data-end=\"2293\">Face \u00e0 cette situation, le Club des Avocats au Maroc annonce son intention d\u2019engager une proc\u00e9dure officielle de saisine aupr\u00e8s des organes comp\u00e9tents de la FIFA et de la CAF, en vertu des m\u00e9canismes pr\u00e9vus par leurs textes disciplinaires. Une enqu\u00eate pr\u00e9liminaire pourrait ainsi \u00eatre ouverte afin d\u2019examiner la recevabilit\u00e9 des griefs et d\u2019\u00e9ventuelles sanctions.<\/p>\n<p data-start=\"2295\" data-end=\"2548\">Enfin, l\u2019organisation souligne qu\u2019aucune frustration sportive ne saurait justifier des attaques contre l\u2019honneur des institutions, r\u00e9affirmant son attachement \u00e0 la dignit\u00e9 du football marocain et \u00e0 la pr\u00e9servation de la fraternit\u00e9 africaine.<\/p>\n<p data-start=\"2295\" data-end=\"2548\"><img loading=\"lazy\" class=\"alignnone wp-image-168544 size-full\" src=\"https:\/\/www.nettali.com\/wp-content\/uploads\/2026\/01\/Capture-de\u0301cran-2026-01-26-a\u0300-11.23.01.png\" alt=\"\" width=\"483\" height=\"634\" srcset=\"https:\/\/www.nettali.com\/wp-content\/uploads\/2026\/01\/Capture-de\u0301cran-2026-01-26-a\u0300-11.23.01.png 483w, https:\/\/www.nettali.com\/wp-content\/uploads\/2026\/01\/Capture-de\u0301cran-2026-01-26-a\u0300-11.23.01-229x300.png 229w\" sizes=\"(max-width: 483px) 100vw, 483px\" \/><\/p>\n<div class='share-to-whatsapp-wrapper'><div class='share-on-whsp'>PARTAGER SUR : <\/div><a data-text='DECLARATIONS DU PRESIDENT DE LA FSF : le Maroc annonce des poursuites' data-link='https:\/\/www.nettali.com\/2026\/01\/26\/declarations-du-president-de-la-fsf-le-maroc-annonce-des-poursuites\/' class='whatsapp-button whatsapp-share'>WhatsApp<\/a><div class='clear '><\/div><\/div>","protected":false},"excerpt":{"rendered":"<p>NETTALI.COM - Le Club des Avocats au Maroc a exprim\u00e9 sa vive r\u00e9probation \u00e0 la suite des d\u00e9clarations du Pr\u00e9sident de la F\u00e9d\u00e9ration S\u00e9n\u00e9galaise de Football (FSF), Abdoulaye Fall, accusant le Royaume du Maroc de \u00ab manipuler la CAF \u00bb et d\u2019exercer une influence occulte sur la gouvernance du football continental. Dans un communiqu\u00e9 ferme, [&hellip;]<\/p>\n","protected":false},"author":4,"featured_media":168545,"comment_status":"open","ping_status":"open","sticky":false,"template":"","format":"standard","meta":{"_et_pb_use_builder":"","_et_pb_old_content":""},"categories":[6],"tags":[],"yoast_head":"<!-- This site is optimized with the Yoast SEO Premium plugin v17.8 (Yoast SEO v17.8) - https:\/\/yoast.com\/wordpress\/plugins\/seo\/ -->\n<title>DECLARATIONS DU PRESIDENT DE LA FSF : le Maroc annonce des poursuites | Nettali.com<\/title>\n<meta name=\"robots\" content=\"index, follow, max-snippet:-1, max-image-preview:large, max-video-preview:-1\" \/>\n<link rel=\"canonical\" href=\"https:\/\/www.nettali.com\/2026\/01\/26\/declarations-du-president-de-la-fsf-le-maroc-annonce-des-poursuites\/\" \/>\n<meta property=\"og:locale\" content=\"fr_FR\" \/>\n<meta property=\"og:type\" content=\"article\" \/>\n<meta property=\"og:title\" content=\"DECLARATIONS DU PRESIDENT DE LA FSF : le Maroc annonce des poursuites\" \/>\n<meta property=\"og:description\" content=\"NETTALI.COM - Le Club des Avocats au Maroc a exprim\u00e9 sa vive r\u00e9probation \u00e0 la suite des d\u00e9clarations du Pr\u00e9sident de la F\u00e9d\u00e9ration S\u00e9n\u00e9galaise de Football (FSF), Abdoulaye Fall, accusant le Royaume du Maroc de \u00ab manipuler la CAF \u00bb et d\u2019exercer une influence occulte sur la gouvernance du football continental. Dans un communiqu\u00e9 ferme, [&hellip;]\" \/>\n<meta property=\"og:url\" content=\"https:\/\/www.nettali.com\/2026\/01\/26\/declarations-du-president-de-la-fsf-le-maroc-annonce-des-poursuites\/\" \/>\n<meta property=\"og:site_name\" content=\"Nettali.com\" \/>\n<meta property=\"article:publisher\" content=\"https:\/\/www.facebook.com\/nettalicom\" \/>\n<meta property=\"article:published_time\" content=\"2026-01-26T11:40:44+00:00\" \/>\n<meta property=\"article:modified_time\" content=\"2026-01-27T07:43:04+00:00\" \/>\n<meta property=\"og:image\" content=\"https:\/\/www.nettali.com\/wp-content\/uploads\/2026\/01\/Capture-de\u0301cran-2026-01-26-a\u0300-11.40.14.png\" \/>\n\t<meta property=\"og:image:width\" content=\"626\" \/>\n\t<meta property=\"og:image:height\" content=\"347\" \/>\n<meta name=\"twitter:card\" content=\"summary_large_image\" \/>\n<meta name=\"twitter:label1\" content=\"\u00c9crit par\" \/>\n\t<meta name=\"twitter:data1\" content=\"Daouda\" \/>\n\t<meta name=\"twitter:label2\" content=\"Dur\u00e9e de lecture estim\u00e9e\" \/>\n\t<meta name=\"twitter:data2\" content=\"2 minutes\" \/>\n<script type=\"application\/ld+json\" class=\"yoast-schema-graph\">{\"@context\":\"https:\/\/schema.org\",\"@graph\":[{\"@type\":\"WebSite\",\"@id\":\"https:\/\/www.nettali.com\/#website\",\"url\":\"https:\/\/www.nettali.com\/\",\"name\":\"Nettali.com\",\"description\":\"Le rendez-vous critique du Net\",\"potentialAction\":[{\"@type\":\"SearchAction\",\"target\":{\"@type\":\"EntryPoint\",\"urlTemplate\":\"https:\/\/www.nettali.com\/?s={search_term_string}\"},\"query-input\":\"required name=search_term_string\"}],\"inLanguage\":\"fr-FR\"},{\"@type\":\"ImageObject\",\"@id\":\"https:\/\/www.nettali.com\/2026\/01\/26\/declarations-du-president-de-la-fsf-le-maroc-annonce-des-poursuites\/#primaryimage\",\"inLanguage\":\"fr-FR\",\"url\":\"https:\/\/www.nettali.com\/wp-content\/uploads\/2026\/01\/Capture-de\\u0301cran-2026-01-26-a\\u0300-11.40.14.png\",\"contentUrl\":\"https:\/\/www.nettali.com\/wp-content\/uploads\/2026\/01\/Capture-de\\u0301cran-2026-01-26-a\\u0300-11.40.14.png\",\"width\":626,\"height\":347},{\"@type\":\"WebPage\",\"@id\":\"https:\/\/www.nettali.com\/2026\/01\/26\/declarations-du-president-de-la-fsf-le-maroc-annonce-des-poursuites\/#webpage\",\"url\":\"https:\/\/www.nettali.com\/2026\/01\/26\/declarations-du-president-de-la-fsf-le-maroc-annonce-des-poursuites\/\",\"name\":\"DECLARATIONS DU PRESIDENT DE LA FSF : le Maroc annonce des poursuites | Nettali.com\",\"isPartOf\":{\"@id\":\"https:\/\/www.nettali.com\/#website\"},\"primaryImageOfPage\":{\"@id\":\"https:\/\/www.nettali.com\/2026\/01\/26\/declarations-du-president-de-la-fsf-le-maroc-annonce-des-poursuites\/#primaryimage\"},\"datePublished\":\"2026-01-26T11:40:44+00:00\",\"dateModified\":\"2026-01-27T07:43:04+00:00\",\"author\":{\"@id\":\"https:\/\/www.nettali.com\/#\/schema\/person\/3317e0bb3aa1da309fbf7b2780901bf4\"},\"breadcrumb\":{\"@id\":\"https:\/\/www.nettali.com\/2026\/01\/26\/declarations-du-president-de-la-fsf-le-maroc-annonce-des-poursuites\/#breadcrumb\"},\"inLanguage\":\"fr-FR\",\"potentialAction\":[{\"@type\":\"ReadAction\",\"target\":[\"https:\/\/www.nettali.com\/2026\/01\/26\/declarations-du-president-de-la-fsf-le-maroc-annonce-des-poursuites\/\"]}]},{\"@type\":\"BreadcrumbList\",\"@id\":\"https:\/\/www.nettali.com\/2026\/01\/26\/declarations-du-president-de-la-fsf-le-maroc-annonce-des-poursuites\/#breadcrumb\",\"itemListElement\":[{\"@type\":\"ListItem\",\"position\":1,\"name\":\"Accueil\",\"item\":\"https:\/\/www.nettali.com\/\"},{\"@type\":\"ListItem\",\"position\":2,\"name\":\"DECLARATIONS DU PRESIDENT DE LA FSF : le Maroc annonce des poursuites\"}]},{\"@type\":\"Person\",\"@id\":\"https:\/\/www.nettali.com\/#\/schema\/person\/3317e0bb3aa1da309fbf7b2780901bf4\",\"name\":\"Daouda\",\"image\":{\"@type\":\"ImageObject\",\"@id\":\"https:\/\/www.nettali.com\/#personlogo\",\"inLanguage\":\"fr-FR\",\"url\":\"https:\/\/secure.gravatar.com\/avatar\/8d143b5a49345098ddcfee1c49c2f47c?s=96&d=mm&r=g\",\"contentUrl\":\"https:\/\/secure.gravatar.com\/avatar\/8d143b5a49345098ddcfee1c49c2f47c?s=96&d=mm&r=g\",\"caption\":\"Daouda\"},\"sameAs\":[\"https:\/\/www.nettali.com\"]}]}<\/script>\n<!-- \/ Yoast SEO Premium plugin. -->","yoast_head_json":{"title":"DECLARATIONS DU PRESIDENT DE LA FSF : le Maroc annonce des poursuites | Nettali.com","robots":{"index":"index","follow":"follow","max-snippet":"max-snippet:-1","max-image-preview":"max-image-preview:large","max-video-preview":"max-video-preview:-1"},"canonical":"https:\/\/www.nettali.com\/2026\/01\/26\/declarations-du-president-de-la-fsf-le-maroc-annonce-des-poursuites\/","og_locale":"fr_FR","og_type":"article","og_title":"DECLARATIONS DU PRESIDENT DE LA FSF : le Maroc annonce des poursuites","og_description":"NETTALI.COM - Le Club des Avocats au Maroc a exprim\u00e9 sa vive r\u00e9probation \u00e0 la suite des d\u00e9clarations du Pr\u00e9sident de la F\u00e9d\u00e9ration S\u00e9n\u00e9galaise de Football (FSF), Abdoulaye Fall, accusant le Royaume du Maroc de \u00ab manipuler la CAF \u00bb et d\u2019exercer une influence occulte sur la gouvernance du football continental. Dans un communiqu\u00e9 ferme, [&hellip;]","og_url":"https:\/\/www.nettali.com\/2026\/01\/26\/declarations-du-president-de-la-fsf-le-maroc-annonce-des-poursuites\/","og_site_name":"Nettali.com","article_publisher":"https:\/\/www.facebook.com\/nettalicom","article_published_time":"2026-01-26T11:40:44+00:00","article_modified_time":"2026-01-27T07:43:04+00:00","og_image":[{"width":626,"height":347,"url":"https:\/\/www.nettali.com\/wp-content\/uploads\/2026\/01\/Capture-de\u0301cran-2026-01-26-a\u0300-11.40.14.png","type":"image\/png"}],"twitter_card":"summary_large_image","twitter_misc":{"\u00c9crit par":"Daouda","Dur\u00e9e de lecture estim\u00e9e":"2 minutes"},"schema":{"@context":"https:\/\/schema.org","@graph":[{"@type":"WebSite","@id":"https:\/\/www.nettali.com\/#website","url":"https:\/\/www.nettali.com\/","name":"Nettali.com","description":"Le rendez-vous critique du Net","potentialAction":[{"@type":"SearchAction","target":{"@type":"EntryPoint","urlTemplate":"https:\/\/www.nettali.com\/?s={search_term_string}"},"query-input":"required name=search_term_string"}],"inLanguage":"fr-FR"},{"@type":"ImageObject","@id":"https:\/\/www.nettali.com\/2026\/01\/26\/declarations-du-president-de-la-fsf-le-maroc-annonce-des-poursuites\/#primaryimage","inLanguage":"fr-FR","url":"https:\/\/www.nettali.com\/wp-content\/uploads\/2026\/01\/Capture-de\u0301cran-2026-01-26-a\u0300-11.40.14.png","contentUrl":"https:\/\/www.nettali.com\/wp-content\/uploads\/2026\/01\/Capture-de\u0301cran-2026-01-26-a\u0300-11.40.14.png","width":626,"height":347},{"@type":"WebPage","@id":"https:\/\/www.nettali.com\/2026\/01\/26\/declarations-du-president-de-la-fsf-le-maroc-annonce-des-poursuites\/#webpage","url":"https:\/\/www.nettali.com\/2026\/01\/26\/declarations-du-president-de-la-fsf-le-maroc-annonce-des-poursuites\/","name":"DECLARATIONS DU PRESIDENT DE LA FSF : le Maroc annonce des poursuites | Nettali.com","isPartOf":{"@id":"https:\/\/www.nettali.com\/#website"},"primaryImageOfPage":{"@id":"https:\/\/www.nettali.com\/2026\/01\/26\/declarations-du-president-de-la-fsf-le-maroc-annonce-des-poursuites\/#primaryimage"},"datePublished":"2026-01-26T11:40:44+00:00","dateModified":"2026-01-27T07:43:04+00:00","author":{"@id":"https:\/\/www.nettali.com\/#\/schema\/person\/3317e0bb3aa1da309fbf7b2780901bf4"},"breadcrumb":{"@id":"https:\/\/www.nettali.com\/2026\/01\/26\/declarations-du-president-de-la-fsf-le-maroc-annonce-des-poursuites\/#breadcrumb"},"inLanguage":"fr-FR","potentialAction":[{"@type":"ReadAction","target":["https:\/\/www.nettali.com\/2026\/01\/26\/declarations-du-president-de-la-fsf-le-maroc-annonce-des-poursuites\/"]}]},{"@type":"BreadcrumbList","@id":"https:\/\/www.nettali.com\/2026\/01\/26\/declarations-du-president-de-la-fsf-le-maroc-annonce-des-poursuites\/#breadcrumb","itemListElement":[{"@type":"ListItem","position":1,"name":"Accueil","item":"https:\/\/www.nettali.com\/"},{"@type":"ListItem","position":2,"name":"DECLARATIONS DU PRESIDENT DE LA FSF : le Maroc annonce des poursuites"}]},{"@type":"Person","@id":"https:\/\/www.nettali.com\/#\/schema\/person\/3317e0bb3aa1da309fbf7b2780901bf4","name":"Daouda","image":{"@type":"ImageObject","@id":"https:\/\/www.nettali.com\/#personlogo","inLanguage":"fr-FR","url":"https:\/\/secure.gravatar.com\/avatar\/8d143b5a49345098ddcfee1c49c2f47c?s=96&d=mm&r=g","contentUrl":"https:\/\/secure.gravatar.com\/avatar\/8d143b5a49345098ddcfee1c49c2f47c?s=96&d=mm&r=g","caption":"Daouda"},"sameAs":["https:\/\/www.nettali.com"]}]}},"_links":{"self":[{"href":"https:\/\/www.nettali.com\/rest\/wp\/v2\/posts\/168543"}],"collection":[{"href":"https:\/\/www.nettali.com\/rest\/wp\/v2\/posts"}],"about":[{"href":"https:\/\/www.nettali.com\/rest\/wp\/v2\/types\/post"}],"author":[{"embeddable":true,"href":"https:\/\/www.nettali.com\/rest\/wp\/v2\/users\/4"}],"replies":[{"embeddable":true,"href":"https:\/\/www.nettali.com\/rest\/wp\/v2\/comments?post=168543"}],"version-history":[{"count":1,"href":"https:\/\/www.nettali.com\/rest\/wp\/v2\/posts\/168543\/revisions"}],"predecessor-version":[{"id":168546,"href":"https:\/\/www.nettali.com\/rest\/wp\/v2\/posts\/168543\/revisions\/168546"}],"wp:featuredmedia":[{"embeddable":true,"href":"https:\/\/www.nettali.com\/rest\/wp\/v2\/media\/168545"}],"wp:attachment":[{"href":"https:\/\/www.nettali.com\/rest\/wp\/v2\/media?parent=168543"}],"wp:term":[{"taxonomy":"category","embeddable":true,"href":"https:\/\/www.nettali.com\/rest\/wp\/v2\/categories?post=168543"},{"taxonomy":"post_tag","embeddable":true,"href":"https:\/\/www.nettali.com\/rest\/wp\/v2\/tags?post=168543"}],"curies":[{"name":"wp","href":"https:\/\/api.w.org\/{rel}","templated":true}]}}