{"id":168536,"date":"2026-01-26T08:45:25","date_gmt":"2026-01-26T08:45:25","guid":{"rendered":"https:\/\/www.nettali.com\/?p=168536"},"modified":"2026-01-26T10:35:51","modified_gmt":"2026-01-26T10:35:51","slug":"senegal-la-federation-se-debarrasse-de-diouf","status":"publish","type":"post","link":"https:\/\/www.nettali.com\/2026\/01\/26\/senegal-la-federation-se-debarrasse-de-diouf\/","title":{"rendered":"S\u00c9N\u00c9GAL - La F\u00e9d\u00e9ration se d\u00e9marque des propos de Diouf"},"content":{"rendered":"<p><strong>NETTALI.COM - L\u2019instance dirigeante du football s\u00e9n\u00e9galais a publi\u00e9 un communiqu\u00e9 cinglant pour condamner les r\u00e9centes d\u00e9clarations de l\u2019ancien capitaine des Lions sur l\u2019\u00c9tat, marquant une rupture nette avec l\u2019ic\u00f4ne nationale.<\/strong><\/p>\n<p>La F\u00e9d\u00e9ration S\u00e9n\u00e9galaise de Football (FSF) a exprim\u00e9 son profond d\u00e9saccord suite aux sorties m\u00e9diatiques d\u2019El Hadji Ousseynou Diouf. Dans une mise au point officielle, l\u2019instance d\u00e9clare avoir pris connaissance \"<em>avec regret<\/em>\" de ces interventions et affirme qu\u2019elle \"<em>tient \u00e0 se d\u00e9marquer totalement des propos tenus par Monsieur Diouf \u00e0 l\u2019\u00e9gard de l\u2019\u00c9tat du S\u00e9n\u00e9gal<\/em>\". En pr\u00e9cisant que \"<em>les propos de Monsieur Diouf n\u2019engagent que sa propre personne<\/em>\", la FSF \u00e9rige un mur entre l\u2019institution et les opinions priv\u00e9es de l\u2019ancien attaquant.<\/p>\n<p>Le point de friction majeur concerne les demandes de l\u2019ancien international relatives \u00e0 l\u2019attribution de biens immobiliers. La F\u00e9d\u00e9ration a \u00e9t\u00e9 tr\u00e8s claire sur ce point, pr\u00e9cisant qu\u2019elle \"<em>condamne tant sur le fond que sur la forme les r\u00e9clamations formul\u00e9es concernant l\u2019octroi des terrains<\/em>\".<\/p>\n<p>\"<em>S\u2019agissant des prises de position de l\u2019int\u00e9ress\u00e9 sur la gouvernance du football international et l\u2019actualit\u00e9 des instances dirigeantes du sport, la FSF tient \u00e0 marquer sa d\u00e9marcation. La politique internationale de la FSF est d\u00e9finie par son Comit\u00e9 ex\u00e9cutif et s\u2019exprime par la voix de son pr\u00e9sident de ses porte-paroles officiels, dans le strict respect des r\u00e8gles diplomatiques et des relations de bon voisinage avec les instances s\u0153urs<\/em>\", a tenu \u00e0 pr\u00e9ciser la FSF.<\/p>\n<p>Ce rappel \u00e0 l\u2019ordre intervient apr\u00e8s que le double Ballon d\u2019Or a publiquement interpell\u00e9 les autorit\u00e9s, m\u00ealant reconnaissance sportive et avantages mat\u00e9riels d\u2019une mani\u00e8re jug\u00e9e inappropri\u00e9e par les instances f\u00e9d\u00e9rales.<\/p>\n<p>L\u2019origine de cette crise remonte aux c\u00e9l\u00e9brations du sacre des Lions \u00e0 la CAN. Sur sc\u00e8ne, aux c\u00f4t\u00e9s de Youssou Ndour, El Hadji Diouf s\u2019\u00e9tait lanc\u00e9 dans une tirade m\u00e9morable et provocatrice : \"<em>Youssou Ndour et moi, nous sommes un \u00c9tat. Nous sommes plus \u00e2g\u00e9s que l\u2019\u00c9tat. Nous avons tout fait pour cet \u00c9tat, donc l\u2019\u00c9tat doit nous respecter et nous laisser tranquilles. Sinon, il n\u2019y aura pas de paix<\/em>.\"<\/p>\n<p>Ce sont ces phrases d\u00e9fiant directement l\u2019autorit\u00e9 r\u00e9publicaine, qui ont pouss\u00e9 la FSF \u00e0 r\u00e9agir pour \u00e9viter tout amalgame entre le monde du football et cette sortie aux accents politiques.<\/p>\n<div class='share-to-whatsapp-wrapper'><div class='share-on-whsp'>PARTAGER SUR : <\/div><a data-text='S\u00c9N\u00c9GAL - La F\u00e9d\u00e9ration se d\u00e9marque des propos de Diouf' data-link='https:\/\/www.nettali.com\/2026\/01\/26\/senegal-la-federation-se-debarrasse-de-diouf\/' class='whatsapp-button whatsapp-share'>WhatsApp<\/a><div class='clear '><\/div><\/div>","protected":false},"excerpt":{"rendered":"<p>NETTALI.COM - L\u2019instance dirigeante du football s\u00e9n\u00e9galais a publi\u00e9 un communiqu\u00e9 cinglant pour condamner les r\u00e9centes d\u00e9clarations de l\u2019ancien capitaine des Lions sur l\u2019\u00c9tat, marquant une rupture nette avec l\u2019ic\u00f4ne nationale. La F\u00e9d\u00e9ration S\u00e9n\u00e9galaise de Football (FSF) a exprim\u00e9 son profond d\u00e9saccord suite aux sorties m\u00e9diatiques d\u2019El Hadji Ousseynou Diouf. Dans une mise au point [&hellip;]<\/p>\n","protected":false},"author":5,"featured_media":168538,"comment_status":"open","ping_status":"open","sticky":false,"template":"","format":"standard","meta":{"_et_pb_use_builder":"","_et_pb_old_content":""},"categories":[6],"tags":[],"yoast_head":"<!-- This site is optimized with the Yoast SEO Premium plugin v17.8 (Yoast SEO v17.8) - https:\/\/yoast.com\/wordpress\/plugins\/seo\/ -->\n<title>S\u00c9N\u00c9GAL - La F\u00e9d\u00e9ration se d\u00e9marque des propos de Diouf | Nettali.com<\/title>\n<meta name=\"robots\" content=\"index, follow, max-snippet:-1, max-image-preview:large, max-video-preview:-1\" \/>\n<link rel=\"canonical\" href=\"https:\/\/www.nettali.com\/2026\/01\/26\/senegal-la-federation-se-debarrasse-de-diouf\/\" \/>\n<meta property=\"og:locale\" content=\"fr_FR\" \/>\n<meta property=\"og:type\" content=\"article\" \/>\n<meta property=\"og:title\" content=\"S\u00c9N\u00c9GAL - La F\u00e9d\u00e9ration se d\u00e9marque des propos de Diouf\" \/>\n<meta property=\"og:description\" content=\"NETTALI.COM - L\u2019instance dirigeante du football s\u00e9n\u00e9galais a publi\u00e9 un communiqu\u00e9 cinglant pour condamner les r\u00e9centes d\u00e9clarations de l\u2019ancien capitaine des Lions sur l\u2019\u00c9tat, marquant une rupture nette avec l\u2019ic\u00f4ne nationale. La F\u00e9d\u00e9ration S\u00e9n\u00e9galaise de Football (FSF) a exprim\u00e9 son profond d\u00e9saccord suite aux sorties m\u00e9diatiques d\u2019El Hadji Ousseynou Diouf. Dans une mise au point [&hellip;]\" \/>\n<meta property=\"og:url\" content=\"https:\/\/www.nettali.com\/2026\/01\/26\/senegal-la-federation-se-debarrasse-de-diouf\/\" \/>\n<meta property=\"og:site_name\" content=\"Nettali.com\" \/>\n<meta property=\"article:publisher\" content=\"https:\/\/www.facebook.com\/nettalicom\" \/>\n<meta property=\"article:published_time\" content=\"2026-01-26T08:45:25+00:00\" \/>\n<meta property=\"article:modified_time\" content=\"2026-01-26T10:35:51+00:00\" \/>\n<meta property=\"og:image\" content=\"https:\/\/www.nettali.com\/wp-content\/uploads\/2026\/01\/maxresdefault-4.jpg\" \/>\n\t<meta property=\"og:image:width\" content=\"1280\" \/>\n\t<meta property=\"og:image:height\" content=\"720\" \/>\n<meta name=\"twitter:card\" content=\"summary_large_image\" \/>\n<meta name=\"twitter:label1\" content=\"\u00c9crit par\" \/>\n\t<meta name=\"twitter:data1\" content=\"Ibrahima\" \/>\n\t<meta name=\"twitter:label2\" content=\"Dur\u00e9e de lecture estim\u00e9e\" \/>\n\t<meta name=\"twitter:data2\" content=\"2 minutes\" \/>\n<script type=\"application\/ld+json\" class=\"yoast-schema-graph\">{\"@context\":\"https:\/\/schema.org\",\"@graph\":[{\"@type\":\"WebSite\",\"@id\":\"https:\/\/www.nettali.com\/#website\",\"url\":\"https:\/\/www.nettali.com\/\",\"name\":\"Nettali.com\",\"description\":\"Le rendez-vous critique du Net\",\"potentialAction\":[{\"@type\":\"SearchAction\",\"target\":{\"@type\":\"EntryPoint\",\"urlTemplate\":\"https:\/\/www.nettali.com\/?s={search_term_string}\"},\"query-input\":\"required name=search_term_string\"}],\"inLanguage\":\"fr-FR\"},{\"@type\":\"ImageObject\",\"@id\":\"https:\/\/www.nettali.com\/2026\/01\/26\/senegal-la-federation-se-debarrasse-de-diouf\/#primaryimage\",\"inLanguage\":\"fr-FR\",\"url\":\"https:\/\/www.nettali.com\/wp-content\/uploads\/2026\/01\/maxresdefault-4.jpg\",\"contentUrl\":\"https:\/\/www.nettali.com\/wp-content\/uploads\/2026\/01\/maxresdefault-4.jpg\",\"width\":1280,\"height\":720},{\"@type\":\"WebPage\",\"@id\":\"https:\/\/www.nettali.com\/2026\/01\/26\/senegal-la-federation-se-debarrasse-de-diouf\/#webpage\",\"url\":\"https:\/\/www.nettali.com\/2026\/01\/26\/senegal-la-federation-se-debarrasse-de-diouf\/\",\"name\":\"S\\u00c9N\\u00c9GAL - La F\\u00e9d\\u00e9ration se d\\u00e9marque des propos de Diouf | Nettali.com\",\"isPartOf\":{\"@id\":\"https:\/\/www.nettali.com\/#website\"},\"primaryImageOfPage\":{\"@id\":\"https:\/\/www.nettali.com\/2026\/01\/26\/senegal-la-federation-se-debarrasse-de-diouf\/#primaryimage\"},\"datePublished\":\"2026-01-26T08:45:25+00:00\",\"dateModified\":\"2026-01-26T10:35:51+00:00\",\"author\":{\"@id\":\"https:\/\/www.nettali.com\/#\/schema\/person\/bb147657c2986240405a608162b9bb23\"},\"breadcrumb\":{\"@id\":\"https:\/\/www.nettali.com\/2026\/01\/26\/senegal-la-federation-se-debarrasse-de-diouf\/#breadcrumb\"},\"inLanguage\":\"fr-FR\",\"potentialAction\":[{\"@type\":\"ReadAction\",\"target\":[\"https:\/\/www.nettali.com\/2026\/01\/26\/senegal-la-federation-se-debarrasse-de-diouf\/\"]}]},{\"@type\":\"BreadcrumbList\",\"@id\":\"https:\/\/www.nettali.com\/2026\/01\/26\/senegal-la-federation-se-debarrasse-de-diouf\/#breadcrumb\",\"itemListElement\":[{\"@type\":\"ListItem\",\"position\":1,\"name\":\"Accueil\",\"item\":\"https:\/\/www.nettali.com\/\"},{\"@type\":\"ListItem\",\"position\":2,\"name\":\"S\\u00c9N\\u00c9GAL - La F\\u00e9d\\u00e9ration se d\\u00e9marque des propos de Diouf\"}]},{\"@type\":\"Person\",\"@id\":\"https:\/\/www.nettali.com\/#\/schema\/person\/bb147657c2986240405a608162b9bb23\",\"name\":\"Ibrahima\",\"image\":{\"@type\":\"ImageObject\",\"@id\":\"https:\/\/www.nettali.com\/#personlogo\",\"inLanguage\":\"fr-FR\",\"url\":\"https:\/\/secure.gravatar.com\/avatar\/26a8a81f09f0dd7624c9d5c36c9ba3a2?s=96&d=mm&r=g\",\"contentUrl\":\"https:\/\/secure.gravatar.com\/avatar\/26a8a81f09f0dd7624c9d5c36c9ba3a2?s=96&d=mm&r=g\",\"caption\":\"Ibrahima\"},\"sameAs\":[\"https:\/\/www.nettali.com\"]}]}<\/script>\n<!-- \/ Yoast SEO Premium plugin. -->","yoast_head_json":{"title":"S\u00c9N\u00c9GAL - La F\u00e9d\u00e9ration se d\u00e9marque des propos de Diouf | Nettali.com","robots":{"index":"index","follow":"follow","max-snippet":"max-snippet:-1","max-image-preview":"max-image-preview:large","max-video-preview":"max-video-preview:-1"},"canonical":"https:\/\/www.nettali.com\/2026\/01\/26\/senegal-la-federation-se-debarrasse-de-diouf\/","og_locale":"fr_FR","og_type":"article","og_title":"S\u00c9N\u00c9GAL - La F\u00e9d\u00e9ration se d\u00e9marque des propos de Diouf","og_description":"NETTALI.COM - L\u2019instance dirigeante du football s\u00e9n\u00e9galais a publi\u00e9 un communiqu\u00e9 cinglant pour condamner les r\u00e9centes d\u00e9clarations de l\u2019ancien capitaine des Lions sur l\u2019\u00c9tat, marquant une rupture nette avec l\u2019ic\u00f4ne nationale. La F\u00e9d\u00e9ration S\u00e9n\u00e9galaise de Football (FSF) a exprim\u00e9 son profond d\u00e9saccord suite aux sorties m\u00e9diatiques d\u2019El Hadji Ousseynou Diouf. Dans une mise au point [&hellip;]","og_url":"https:\/\/www.nettali.com\/2026\/01\/26\/senegal-la-federation-se-debarrasse-de-diouf\/","og_site_name":"Nettali.com","article_publisher":"https:\/\/www.facebook.com\/nettalicom","article_published_time":"2026-01-26T08:45:25+00:00","article_modified_time":"2026-01-26T10:35:51+00:00","og_image":[{"width":1280,"height":720,"url":"https:\/\/www.nettali.com\/wp-content\/uploads\/2026\/01\/maxresdefault-4.jpg","type":"image\/jpeg"}],"twitter_card":"summary_large_image","twitter_misc":{"\u00c9crit par":"Ibrahima","Dur\u00e9e de lecture estim\u00e9e":"2 minutes"},"schema":{"@context":"https:\/\/schema.org","@graph":[{"@type":"WebSite","@id":"https:\/\/www.nettali.com\/#website","url":"https:\/\/www.nettali.com\/","name":"Nettali.com","description":"Le rendez-vous critique du Net","potentialAction":[{"@type":"SearchAction","target":{"@type":"EntryPoint","urlTemplate":"https:\/\/www.nettali.com\/?s={search_term_string}"},"query-input":"required name=search_term_string"}],"inLanguage":"fr-FR"},{"@type":"ImageObject","@id":"https:\/\/www.nettali.com\/2026\/01\/26\/senegal-la-federation-se-debarrasse-de-diouf\/#primaryimage","inLanguage":"fr-FR","url":"https:\/\/www.nettali.com\/wp-content\/uploads\/2026\/01\/maxresdefault-4.jpg","contentUrl":"https:\/\/www.nettali.com\/wp-content\/uploads\/2026\/01\/maxresdefault-4.jpg","width":1280,"height":720},{"@type":"WebPage","@id":"https:\/\/www.nettali.com\/2026\/01\/26\/senegal-la-federation-se-debarrasse-de-diouf\/#webpage","url":"https:\/\/www.nettali.com\/2026\/01\/26\/senegal-la-federation-se-debarrasse-de-diouf\/","name":"S\u00c9N\u00c9GAL - La F\u00e9d\u00e9ration se d\u00e9marque des propos de Diouf | Nettali.com","isPartOf":{"@id":"https:\/\/www.nettali.com\/#website"},"primaryImageOfPage":{"@id":"https:\/\/www.nettali.com\/2026\/01\/26\/senegal-la-federation-se-debarrasse-de-diouf\/#primaryimage"},"datePublished":"2026-01-26T08:45:25+00:00","dateModified":"2026-01-26T10:35:51+00:00","author":{"@id":"https:\/\/www.nettali.com\/#\/schema\/person\/bb147657c2986240405a608162b9bb23"},"breadcrumb":{"@id":"https:\/\/www.nettali.com\/2026\/01\/26\/senegal-la-federation-se-debarrasse-de-diouf\/#breadcrumb"},"inLanguage":"fr-FR","potentialAction":[{"@type":"ReadAction","target":["https:\/\/www.nettali.com\/2026\/01\/26\/senegal-la-federation-se-debarrasse-de-diouf\/"]}]},{"@type":"BreadcrumbList","@id":"https:\/\/www.nettali.com\/2026\/01\/26\/senegal-la-federation-se-debarrasse-de-diouf\/#breadcrumb","itemListElement":[{"@type":"ListItem","position":1,"name":"Accueil","item":"https:\/\/www.nettali.com\/"},{"@type":"ListItem","position":2,"name":"S\u00c9N\u00c9GAL - La F\u00e9d\u00e9ration se d\u00e9marque des propos de Diouf"}]},{"@type":"Person","@id":"https:\/\/www.nettali.com\/#\/schema\/person\/bb147657c2986240405a608162b9bb23","name":"Ibrahima","image":{"@type":"ImageObject","@id":"https:\/\/www.nettali.com\/#personlogo","inLanguage":"fr-FR","url":"https:\/\/secure.gravatar.com\/avatar\/26a8a81f09f0dd7624c9d5c36c9ba3a2?s=96&d=mm&r=g","contentUrl":"https:\/\/secure.gravatar.com\/avatar\/26a8a81f09f0dd7624c9d5c36c9ba3a2?s=96&d=mm&r=g","caption":"Ibrahima"},"sameAs":["https:\/\/www.nettali.com"]}]}},"_links":{"self":[{"href":"https:\/\/www.nettali.com\/rest\/wp\/v2\/posts\/168536"}],"collection":[{"href":"https:\/\/www.nettali.com\/rest\/wp\/v2\/posts"}],"about":[{"href":"https:\/\/www.nettali.com\/rest\/wp\/v2\/types\/post"}],"author":[{"embeddable":true,"href":"https:\/\/www.nettali.com\/rest\/wp\/v2\/users\/5"}],"replies":[{"embeddable":true,"href":"https:\/\/www.nettali.com\/rest\/wp\/v2\/comments?post=168536"}],"version-history":[{"count":2,"href":"https:\/\/www.nettali.com\/rest\/wp\/v2\/posts\/168536\/revisions"}],"predecessor-version":[{"id":168541,"href":"https:\/\/www.nettali.com\/rest\/wp\/v2\/posts\/168536\/revisions\/168541"}],"wp:featuredmedia":[{"embeddable":true,"href":"https:\/\/www.nettali.com\/rest\/wp\/v2\/media\/168538"}],"wp:attachment":[{"href":"https:\/\/www.nettali.com\/rest\/wp\/v2\/media?parent=168536"}],"wp:term":[{"taxonomy":"category","embeddable":true,"href":"https:\/\/www.nettali.com\/rest\/wp\/v2\/categories?post=168536"},{"taxonomy":"post_tag","embeddable":true,"href":"https:\/\/www.nettali.com\/rest\/wp\/v2\/tags?post=168536"}],"curies":[{"name":"wp","href":"https:\/\/api.w.org\/{rel}","templated":true}]}}