{"id":168533,"date":"2026-01-26T08:40:41","date_gmt":"2026-01-26T08:40:41","guid":{"rendered":"https:\/\/www.nettali.com\/?p=168533"},"modified":"2026-01-27T07:43:53","modified_gmt":"2026-01-27T07:43:53","slug":"finale-can-2025-abdoulaye-fall-balance-sur-la-caf-et-la-federation-marocaine-de-football","status":"publish","type":"post","link":"https:\/\/www.nettali.com\/2026\/01\/26\/finale-can-2025-abdoulaye-fall-balance-sur-la-caf-et-la-federation-marocaine-de-football\/","title":{"rendered":"FINALE CAN 2025 - Abdoulaye Fall balance sur la Caf et la F\u00e9d\u00e9ration marocaine de football"},"content":{"rendered":"<p><strong>NETTALI.COM - Le pr\u00e9sident de la F\u00e9d\u00e9ration s\u00e9n\u00e9galaise de football (FSF) n\u2019en a pas fini avec les Marocains. Apr\u00e8s sa r\u00e9ponse assurant de la d\u00e9termination du S\u00e9n\u00e9gal \u00e0 r\u00e9pondre face aux menaces de plainte des Marocains, Abdoulaye Fall a cette fois-ci attaqu\u00e9 frontalement la F\u00e9d\u00e9ration royale du Maroc de football (FRMF), qu\u2019il accuse de contr\u00f4ler la Caf.<\/strong><\/p>\n<p>Les langues ne cessent de se d\u00e9lier, une semaine apr\u00e8s la finale abracadabrante entre le S\u00e9n\u00e9gal et le Maroc (1-0 a.p). Malgr\u00e9 les appels \u00e0 apaiser les tensions de la part des autorit\u00e9s des deux pays, le pr\u00e9sident de la F\u00e9d\u00e9ration s\u00e9n\u00e9galaise de football (FSF) en a rajout\u00e9 une couche. A l\u2019occasion de la journ\u00e9e \u201cSargal Abdoulaye Fall\u201d, organis\u00e9e par organis\u00e9e par la d\u00e9l\u00e9gu\u00e9e g\u00e9n\u00e9rale \u00e0 la DER\/FJ (D\u00e9l\u00e9gu\u00e9e g\u00e9n\u00e9rale \u00e0 l\u2019entrepreneuriat rapide des Femmes et des Jeunes), A\u00efda Mbodj, Abdoulaye Fall revient sur les p\u00e9rip\u00e9ties de cette rencontre \u00e0 Rabat. \u201c<em>Le Maroc n\u2019a jamais pens\u00e9 pouvoir perdre cette Coupe d\u2019Afrique, surtout apr\u00e8s s\u2019\u00eatre qualifi\u00e9 en finale, avance-t-il. Il n\u2019y a jamais eu un pays qui s\u2019est oppos\u00e9 autant au Maroc comme le S\u00e9n\u00e9gal l\u2019a fait<\/em>\u201d, a-t-il affirm\u00e9.<\/p>\n<p>Le pr\u00e9sident de la FSF a d\u00e9nonc\u00e9 la mainmise du Maroc sur l\u2019instance dirigeante du football africain. \u201c<em>Ils (les Marocains) contr\u00f4lent la vicepr\u00e9sidence de la CAF. Ils ont les moyens et ils contr\u00f4lent la CAF. Les autres pays ont peur du Maroc. Ils ont peur de prendre position contre le Maroc. Fouzi est mon ami, on est tr\u00e8s li\u00e9s, mais il y a des choses qu\u2019on ne n\u00e9gocie pas. Et c\u2019est peut-\u00eatre pour \u00e7a que nous en sommes arriv\u00e9s l\u00e0, jusqu\u2019\u00e0 gagner la coupe.<\/em>\u201d<\/p>\n<p><strong>\u201cEn r\u00e9alit\u00e9, nous avions tout compris\u2026\u201d <\/strong><\/p>\n<p>Il semble que le pr\u00e9sident Abdoulaye Fall en avait trop gard\u00e9 dans son coeur pour se taire. Il a profit\u00e9 de cette tribune pour s\u2019\u00e9pancher. Selon lui, les f\u00e9d\u00e9raux avaient pressenti les obstacles bien avant la finale. C\u2019est pour cette raison que le Secr\u00e9taire g\u00e9n\u00e9ral de la FSF a \u00e9t\u00e9 envoy\u00e9 en mission \u00e0 Rabat pour une mission de prospection. \u201c<em>C\u2019est parce ce qu\u2019on avait d\u00e9j\u00e0 demand\u00e9 \u00e0 la CAF et \u00e0 la FRMF dans quel h\u00f4tel allionsnous loger. Ils nous ont siffl\u00e9s un nom d\u2019h\u00f4tel \u00e0 24 heures de notre d\u00e9part pour Rabat. Mais Sow m\u2019a clairement dit que l\u2019\u00e9quipe nationale n\u2019allait pas loger dans cet h\u00f4tel. Pourtant tous les autres adversaires du Maroc ont accept\u00e9 de loger l\u00e0-bas.<\/em>\u201d Le S\u00e9n\u00e9gal a refus\u00e9 de loger dans l\u2019h\u00f4tel qui lui a \u00e9t\u00e9 propos\u00e9. \u201cD\u2019habitude, ce sont nos \u00e9quipes de jeunes qui y logent. C\u2019est un h\u00f4tel qui se trouve dans le centre-ville, o\u00f9 il y a la pollution sonore.\u201d<\/p>\n<p>Il faut dire que le bras de fer entre le S\u00e9n\u00e9gal et les organisateurs a \u00e9t\u00e9 \u00e2pre. S\u2019exprimant sur le terrain d\u2019entrainement des Lions pour la pr\u00e9paration de la finale, M. Fall a vigoureusement fustig\u00e9 l\u2019attitude de la Caf et du Maroc de vouloir \u201cforcer\u201d l\u2019\u00e9quipe s\u00e9n\u00e9galaise \u00e0 s\u2019entra\u00eener au centre Mohamed VI, centre de pr\u00e9paration des Lions de l\u2019Atlas. \u201c<em>Quand on a re\u00e7u la notification, on a tout simplement refus\u00e9 d\u2019aller visiter. J\u2019ai visit\u00e9 ce camp \u00e0 plusieurs reprises. Au S\u00e9n\u00e9gal, Il n\u2019y a pas un camp plus moderne que celui-l\u00e0. Le probl\u00e8me est que, une fois dedans, tu n\u2019as plus de secret. Tout ce que tu fais, est su par tes adversaires. Alors, pourquoi vouloir nous imposer ce camp pour une finale ? On a refus\u00e9 cat\u00e9goriquement. Vous avez aussi remarqu\u00e9 l\u2019arriv\u00e9e des Lions \u00e0 Rabat. Il n\u2019y avait aucune mesure de s\u00e9curit\u00e9. Ce que nous avons d\u00e9plor\u00e9.<\/em>\u201d<\/p>\n<p>Face \u00e0 ces agissements jug\u00e9s inacceptables envers une \u00e9quipe finaliste d\u2019une Can, la F\u00e9d\u00e9ration s\u00e9n\u00e9galaise de football a sorti un communiqu\u00e9 pour d\u00e9noncer. \u201c<em>Apr\u00e8s, on a eu \u00e0 discuter avec le pr\u00e9sident de la CAF et celui de la FRMF. Probl\u00e8me, Leekja remettait constamment la faute sur la CAF, alors que la CAF disait le contraire. J\u2019ai automatiquement remarqu\u00e9 qu\u2019ils essayaient de faire le malin avec nous. C\u2019est comme \u00e7a qu\u2019on a communiqu\u00e9 l\u00e0-dessus.<\/em>\u201d Les f\u00e9d\u00e9raux ont obtenu gain de cause \u00e0 la suite de discussions avec le pr\u00e9sident de la FRMF.<\/p>\n<p>\u201c<em>Le pr\u00e9sident de la F\u00e9d\u00e9ration royale marocaine de football m\u2019a appel\u00e9, vers 1h30 du matin, en me demandant ce qui se passait. Je lui ai clairement dit qu\u2019on ne va jamais jouer dans ces conditions. Puis il m\u2019a convoqu\u00e9 dans son cabinet, au minist\u00e8re des finances. J\u2019\u00e9tais avec Khalilou Fadiga. On \u00e9tait trois dans son bureau. Je lui ai fait savoir que les conditions de s\u00e9curit\u00e9 pour l\u2019\u00e9quipe nationale du S\u00e9n\u00e9gal \u00e9taient inacceptables. Puis on a trouv\u00e9 un terrain d\u2019entente concernant notre lieu d\u2019entra\u00eenement.<\/em>\u201d<\/p>\n<p>A propos des tickets d\u2019entr\u00e9e au stade, Abdoulaye Fall a indiqu\u00e9 avoir re\u00e7u que \u201ctrois tickets\u201d pour la d\u00e9l\u00e9gation de l\u2019\u00e9quipe nationale s\u00e9n\u00e9galaise. \u201c<em>Je n\u2019avais aucune autre possibilit\u00e9 pour en acheter d\u2019autres. Vous trouvez \u00e7a normal pour une \u00e9quipe finaliste de la CAN ? Vous trouvez normal que tout revienne au Maroc ?<\/em>\u201d, s\u2019est-il offusqu\u00e9, avant de soulever la question de la d\u00e9signation de l\u2019arbitre.<\/p>\n<p>A l\u2019en croire, la CAF n\u2019a pas respect\u00e9 le d\u00e9lai r\u00e9glementaire pour l\u2019annonce de l\u2019identit\u00e9 de l\u2019arbitre qui doit officier pour la finale. \u201c<em>Deux jours avant la finale, nous devions conna\u00eetre l\u2019identit\u00e9 de l\u2019arbitre. Cela aurait d\u00fb \u00eatre annonc\u00e9 lors d\u2019une commission technique. On a demand\u00e9, mais on nous a dit qu\u2019il n\u2019y avait pas encore d\u2019informations concernant l\u2019identit\u00e9 de l\u2019arbitre. Vous savez, il y a un d\u00e9lai pour faire une r\u00e9quisition, pour contester la d\u00e9signation de l\u2019arbitre, s\u2019il ne vous convient pas. C\u2019est seulement \u00e0 22h, la veille du match, qu\u2019on a re\u00e7u la notification. Leur justification par rapport \u00e0 cela, \u00e9tait qu\u2019ils voulaient prot\u00e9ger l\u2019arbitre, pour pas qu\u2019il soit mis sous pression. Mais en r\u00e9alit\u00e9 nous avions tout compris.<\/em>\u201d<\/p>\n<p>Au final, le pr\u00e9sident de la FSF ne peut qu\u2019\u00eatre d\u2019accord avec l\u2019acte du s\u00e9lectionneur national demandant \u00e0 ses joueurs de quitter la pelouse quand l\u2019arbitre a siffl\u00e9 le penalty en faveur du Maroc. \u201c<em>On est enti\u00e8rement d\u2019accord avec lui. M\u00eame nos dirigeants sont d\u2019accord avec lui (Pape Thiaw). Il y a des d\u00e9tails que je ne vais pas expliquer ici. \u00c0 un moment, on \u00e9tait descendus sur la pelouse pour demander \u00e0 nos joueurs de reprendre le match, pour ne pas abandonner la rencontre<\/em>.\u201d Il a m\u00eame suppos\u00e9 que c\u2019est \u00e0 cause de ces conditions dont certains pays ont \u00e9t\u00e9 \u201cvictimes\u201d qu\u2019ils n\u2019ont pas pu aller plus loin, malgr\u00e9 la qualit\u00e9 leurs \u00e9quipes. \u201c<em>Nous, nous avons su anticiper et veiller. Au-del\u00e0 des performances sportives, nous avons des tr\u00e8s grands dirigeants. C\u2019est l\u2019autre force du S\u00e9n\u00e9gal.<\/em>\u201d<\/p>\n<p>Des propos offensifs qui risquent d\u2019envenimer la pol\u00e9mique, surtout sur les r\u00e9seaux sociaux o\u00f9 Marocains et S\u00e9n\u00e9galais s\u2019adonnent \u00e0 des \u00e9changes de mots frisant l\u2019outrage.<\/p>\n<p>EnQu\u00eate<\/p>\n<div class='share-to-whatsapp-wrapper'><div class='share-on-whsp'>PARTAGER SUR : <\/div><a data-text='FINALE CAN 2025 - Abdoulaye Fall balance sur la Caf et la F\u00e9d\u00e9ration marocaine de football' data-link='https:\/\/www.nettali.com\/2026\/01\/26\/finale-can-2025-abdoulaye-fall-balance-sur-la-caf-et-la-federation-marocaine-de-football\/' class='whatsapp-button whatsapp-share'>WhatsApp<\/a><div class='clear '><\/div><\/div>","protected":false},"excerpt":{"rendered":"<p>NETTALI.COM - Le pr\u00e9sident de la F\u00e9d\u00e9ration s\u00e9n\u00e9galaise de football (FSF) n\u2019en a pas fini avec les Marocains. Apr\u00e8s sa r\u00e9ponse assurant de la d\u00e9termination du S\u00e9n\u00e9gal \u00e0 r\u00e9pondre face aux menaces de plainte des Marocains, Abdoulaye Fall a cette fois-ci attaqu\u00e9 frontalement la F\u00e9d\u00e9ration royale du Maroc de football (FRMF), qu\u2019il accuse de contr\u00f4ler [&hellip;]<\/p>\n","protected":false},"author":2,"featured_media":168534,"comment_status":"open","ping_status":"open","sticky":false,"template":"","format":"standard","meta":{"_et_pb_use_builder":"","_et_pb_old_content":""},"categories":[6],"tags":[],"yoast_head":"<!-- This site is optimized with the Yoast SEO Premium plugin v17.8 (Yoast SEO v17.8) - https:\/\/yoast.com\/wordpress\/plugins\/seo\/ -->\n<title>FINALE CAN 2025 - Abdoulaye Fall balance sur la Caf et la F\u00e9d\u00e9ration marocaine de football | Nettali.com<\/title>\n<meta name=\"robots\" content=\"index, follow, max-snippet:-1, max-image-preview:large, max-video-preview:-1\" \/>\n<link rel=\"canonical\" href=\"https:\/\/www.nettali.com\/2026\/01\/26\/finale-can-2025-abdoulaye-fall-balance-sur-la-caf-et-la-federation-marocaine-de-football\/\" \/>\n<meta property=\"og:locale\" content=\"fr_FR\" \/>\n<meta property=\"og:type\" content=\"article\" \/>\n<meta property=\"og:title\" content=\"FINALE CAN 2025 - Abdoulaye Fall balance sur la Caf et la F\u00e9d\u00e9ration marocaine de football\" \/>\n<meta property=\"og:description\" content=\"NETTALI.COM - Le pr\u00e9sident de la F\u00e9d\u00e9ration s\u00e9n\u00e9galaise de football (FSF) n\u2019en a pas fini avec les Marocains. Apr\u00e8s sa r\u00e9ponse assurant de la d\u00e9termination du S\u00e9n\u00e9gal \u00e0 r\u00e9pondre face aux menaces de plainte des Marocains, Abdoulaye Fall a cette fois-ci attaqu\u00e9 frontalement la F\u00e9d\u00e9ration royale du Maroc de football (FRMF), qu\u2019il accuse de contr\u00f4ler [&hellip;]\" \/>\n<meta property=\"og:url\" content=\"https:\/\/www.nettali.com\/2026\/01\/26\/finale-can-2025-abdoulaye-fall-balance-sur-la-caf-et-la-federation-marocaine-de-football\/\" \/>\n<meta property=\"og:site_name\" content=\"Nettali.com\" \/>\n<meta property=\"article:publisher\" content=\"https:\/\/www.facebook.com\/nettalicom\" \/>\n<meta property=\"article:published_time\" content=\"2026-01-26T08:40:41+00:00\" \/>\n<meta property=\"article:modified_time\" content=\"2026-01-27T07:43:53+00:00\" \/>\n<meta property=\"og:image\" content=\"https:\/\/www.nettali.com\/wp-content\/uploads\/2026\/01\/images-7.jpeg\" \/>\n\t<meta property=\"og:image:width\" content=\"249\" \/>\n\t<meta property=\"og:image:height\" content=\"202\" \/>\n<meta name=\"twitter:card\" content=\"summary_large_image\" \/>\n<meta name=\"twitter:label1\" content=\"\u00c9crit par\" \/>\n\t<meta name=\"twitter:data1\" content=\"CK\" \/>\n\t<meta name=\"twitter:label2\" content=\"Dur\u00e9e de lecture estim\u00e9e\" \/>\n\t<meta name=\"twitter:data2\" content=\"7 minutes\" \/>\n<script type=\"application\/ld+json\" class=\"yoast-schema-graph\">{\"@context\":\"https:\/\/schema.org\",\"@graph\":[{\"@type\":\"WebSite\",\"@id\":\"https:\/\/www.nettali.com\/#website\",\"url\":\"https:\/\/www.nettali.com\/\",\"name\":\"Nettali.com\",\"description\":\"Le rendez-vous critique du Net\",\"potentialAction\":[{\"@type\":\"SearchAction\",\"target\":{\"@type\":\"EntryPoint\",\"urlTemplate\":\"https:\/\/www.nettali.com\/?s={search_term_string}\"},\"query-input\":\"required name=search_term_string\"}],\"inLanguage\":\"fr-FR\"},{\"@type\":\"ImageObject\",\"@id\":\"https:\/\/www.nettali.com\/2026\/01\/26\/finale-can-2025-abdoulaye-fall-balance-sur-la-caf-et-la-federation-marocaine-de-football\/#primaryimage\",\"inLanguage\":\"fr-FR\",\"url\":\"https:\/\/www.nettali.com\/wp-content\/uploads\/2026\/01\/images-7.jpeg\",\"contentUrl\":\"https:\/\/www.nettali.com\/wp-content\/uploads\/2026\/01\/images-7.jpeg\",\"width\":249,\"height\":202},{\"@type\":\"WebPage\",\"@id\":\"https:\/\/www.nettali.com\/2026\/01\/26\/finale-can-2025-abdoulaye-fall-balance-sur-la-caf-et-la-federation-marocaine-de-football\/#webpage\",\"url\":\"https:\/\/www.nettali.com\/2026\/01\/26\/finale-can-2025-abdoulaye-fall-balance-sur-la-caf-et-la-federation-marocaine-de-football\/\",\"name\":\"FINALE CAN 2025 - Abdoulaye Fall balance sur la Caf et la F\\u00e9d\\u00e9ration marocaine de football | Nettali.com\",\"isPartOf\":{\"@id\":\"https:\/\/www.nettali.com\/#website\"},\"primaryImageOfPage\":{\"@id\":\"https:\/\/www.nettali.com\/2026\/01\/26\/finale-can-2025-abdoulaye-fall-balance-sur-la-caf-et-la-federation-marocaine-de-football\/#primaryimage\"},\"datePublished\":\"2026-01-26T08:40:41+00:00\",\"dateModified\":\"2026-01-27T07:43:53+00:00\",\"author\":{\"@id\":\"https:\/\/www.nettali.com\/#\/schema\/person\/d8ac7b7e27ddad43f1c0d2ef090d7f71\"},\"breadcrumb\":{\"@id\":\"https:\/\/www.nettali.com\/2026\/01\/26\/finale-can-2025-abdoulaye-fall-balance-sur-la-caf-et-la-federation-marocaine-de-football\/#breadcrumb\"},\"inLanguage\":\"fr-FR\",\"potentialAction\":[{\"@type\":\"ReadAction\",\"target\":[\"https:\/\/www.nettali.com\/2026\/01\/26\/finale-can-2025-abdoulaye-fall-balance-sur-la-caf-et-la-federation-marocaine-de-football\/\"]}]},{\"@type\":\"BreadcrumbList\",\"@id\":\"https:\/\/www.nettali.com\/2026\/01\/26\/finale-can-2025-abdoulaye-fall-balance-sur-la-caf-et-la-federation-marocaine-de-football\/#breadcrumb\",\"itemListElement\":[{\"@type\":\"ListItem\",\"position\":1,\"name\":\"Accueil\",\"item\":\"https:\/\/www.nettali.com\/\"},{\"@type\":\"ListItem\",\"position\":2,\"name\":\"FINALE CAN 2025 - Abdoulaye Fall balance sur la Caf et la F\\u00e9d\\u00e9ration marocaine de football\"}]},{\"@type\":\"Person\",\"@id\":\"https:\/\/www.nettali.com\/#\/schema\/person\/d8ac7b7e27ddad43f1c0d2ef090d7f71\",\"name\":\"CK\",\"image\":{\"@type\":\"ImageObject\",\"@id\":\"https:\/\/www.nettali.com\/#personlogo\",\"inLanguage\":\"fr-FR\",\"url\":\"https:\/\/secure.gravatar.com\/avatar\/1d8d5118b9327d94da7cd4ce7f17fec2?s=96&d=mm&r=g\",\"contentUrl\":\"https:\/\/secure.gravatar.com\/avatar\/1d8d5118b9327d94da7cd4ce7f17fec2?s=96&d=mm&r=g\",\"caption\":\"CK\"},\"sameAs\":[\"https:\/\/www.nettali.com\"]}]}<\/script>\n<!-- \/ Yoast SEO Premium plugin. -->","yoast_head_json":{"title":"FINALE CAN 2025 - Abdoulaye Fall balance sur la Caf et la F\u00e9d\u00e9ration marocaine de football | Nettali.com","robots":{"index":"index","follow":"follow","max-snippet":"max-snippet:-1","max-image-preview":"max-image-preview:large","max-video-preview":"max-video-preview:-1"},"canonical":"https:\/\/www.nettali.com\/2026\/01\/26\/finale-can-2025-abdoulaye-fall-balance-sur-la-caf-et-la-federation-marocaine-de-football\/","og_locale":"fr_FR","og_type":"article","og_title":"FINALE CAN 2025 - Abdoulaye Fall balance sur la Caf et la F\u00e9d\u00e9ration marocaine de football","og_description":"NETTALI.COM - Le pr\u00e9sident de la F\u00e9d\u00e9ration s\u00e9n\u00e9galaise de football (FSF) n\u2019en a pas fini avec les Marocains. Apr\u00e8s sa r\u00e9ponse assurant de la d\u00e9termination du S\u00e9n\u00e9gal \u00e0 r\u00e9pondre face aux menaces de plainte des Marocains, Abdoulaye Fall a cette fois-ci attaqu\u00e9 frontalement la F\u00e9d\u00e9ration royale du Maroc de football (FRMF), qu\u2019il accuse de contr\u00f4ler [&hellip;]","og_url":"https:\/\/www.nettali.com\/2026\/01\/26\/finale-can-2025-abdoulaye-fall-balance-sur-la-caf-et-la-federation-marocaine-de-football\/","og_site_name":"Nettali.com","article_publisher":"https:\/\/www.facebook.com\/nettalicom","article_published_time":"2026-01-26T08:40:41+00:00","article_modified_time":"2026-01-27T07:43:53+00:00","og_image":[{"width":249,"height":202,"url":"https:\/\/www.nettali.com\/wp-content\/uploads\/2026\/01\/images-7.jpeg","type":"image\/jpeg"}],"twitter_card":"summary_large_image","twitter_misc":{"\u00c9crit par":"CK","Dur\u00e9e de lecture estim\u00e9e":"7 minutes"},"schema":{"@context":"https:\/\/schema.org","@graph":[{"@type":"WebSite","@id":"https:\/\/www.nettali.com\/#website","url":"https:\/\/www.nettali.com\/","name":"Nettali.com","description":"Le rendez-vous critique du Net","potentialAction":[{"@type":"SearchAction","target":{"@type":"EntryPoint","urlTemplate":"https:\/\/www.nettali.com\/?s={search_term_string}"},"query-input":"required name=search_term_string"}],"inLanguage":"fr-FR"},{"@type":"ImageObject","@id":"https:\/\/www.nettali.com\/2026\/01\/26\/finale-can-2025-abdoulaye-fall-balance-sur-la-caf-et-la-federation-marocaine-de-football\/#primaryimage","inLanguage":"fr-FR","url":"https:\/\/www.nettali.com\/wp-content\/uploads\/2026\/01\/images-7.jpeg","contentUrl":"https:\/\/www.nettali.com\/wp-content\/uploads\/2026\/01\/images-7.jpeg","width":249,"height":202},{"@type":"WebPage","@id":"https:\/\/www.nettali.com\/2026\/01\/26\/finale-can-2025-abdoulaye-fall-balance-sur-la-caf-et-la-federation-marocaine-de-football\/#webpage","url":"https:\/\/www.nettali.com\/2026\/01\/26\/finale-can-2025-abdoulaye-fall-balance-sur-la-caf-et-la-federation-marocaine-de-football\/","name":"FINALE CAN 2025 - Abdoulaye Fall balance sur la Caf et la F\u00e9d\u00e9ration marocaine de football | Nettali.com","isPartOf":{"@id":"https:\/\/www.nettali.com\/#website"},"primaryImageOfPage":{"@id":"https:\/\/www.nettali.com\/2026\/01\/26\/finale-can-2025-abdoulaye-fall-balance-sur-la-caf-et-la-federation-marocaine-de-football\/#primaryimage"},"datePublished":"2026-01-26T08:40:41+00:00","dateModified":"2026-01-27T07:43:53+00:00","author":{"@id":"https:\/\/www.nettali.com\/#\/schema\/person\/d8ac7b7e27ddad43f1c0d2ef090d7f71"},"breadcrumb":{"@id":"https:\/\/www.nettali.com\/2026\/01\/26\/finale-can-2025-abdoulaye-fall-balance-sur-la-caf-et-la-federation-marocaine-de-football\/#breadcrumb"},"inLanguage":"fr-FR","potentialAction":[{"@type":"ReadAction","target":["https:\/\/www.nettali.com\/2026\/01\/26\/finale-can-2025-abdoulaye-fall-balance-sur-la-caf-et-la-federation-marocaine-de-football\/"]}]},{"@type":"BreadcrumbList","@id":"https:\/\/www.nettali.com\/2026\/01\/26\/finale-can-2025-abdoulaye-fall-balance-sur-la-caf-et-la-federation-marocaine-de-football\/#breadcrumb","itemListElement":[{"@type":"ListItem","position":1,"name":"Accueil","item":"https:\/\/www.nettali.com\/"},{"@type":"ListItem","position":2,"name":"FINALE CAN 2025 - Abdoulaye Fall balance sur la Caf et la F\u00e9d\u00e9ration marocaine de football"}]},{"@type":"Person","@id":"https:\/\/www.nettali.com\/#\/schema\/person\/d8ac7b7e27ddad43f1c0d2ef090d7f71","name":"CK","image":{"@type":"ImageObject","@id":"https:\/\/www.nettali.com\/#personlogo","inLanguage":"fr-FR","url":"https:\/\/secure.gravatar.com\/avatar\/1d8d5118b9327d94da7cd4ce7f17fec2?s=96&d=mm&r=g","contentUrl":"https:\/\/secure.gravatar.com\/avatar\/1d8d5118b9327d94da7cd4ce7f17fec2?s=96&d=mm&r=g","caption":"CK"},"sameAs":["https:\/\/www.nettali.com"]}]}},"_links":{"self":[{"href":"https:\/\/www.nettali.com\/rest\/wp\/v2\/posts\/168533"}],"collection":[{"href":"https:\/\/www.nettali.com\/rest\/wp\/v2\/posts"}],"about":[{"href":"https:\/\/www.nettali.com\/rest\/wp\/v2\/types\/post"}],"author":[{"embeddable":true,"href":"https:\/\/www.nettali.com\/rest\/wp\/v2\/users\/2"}],"replies":[{"embeddable":true,"href":"https:\/\/www.nettali.com\/rest\/wp\/v2\/comments?post=168533"}],"version-history":[{"count":1,"href":"https:\/\/www.nettali.com\/rest\/wp\/v2\/posts\/168533\/revisions"}],"predecessor-version":[{"id":168535,"href":"https:\/\/www.nettali.com\/rest\/wp\/v2\/posts\/168533\/revisions\/168535"}],"wp:featuredmedia":[{"embeddable":true,"href":"https:\/\/www.nettali.com\/rest\/wp\/v2\/media\/168534"}],"wp:attachment":[{"href":"https:\/\/www.nettali.com\/rest\/wp\/v2\/media?parent=168533"}],"wp:term":[{"taxonomy":"category","embeddable":true,"href":"https:\/\/www.nettali.com\/rest\/wp\/v2\/categories?post=168533"},{"taxonomy":"post_tag","embeddable":true,"href":"https:\/\/www.nettali.com\/rest\/wp\/v2\/tags?post=168533"}],"curies":[{"name":"wp","href":"https:\/\/api.w.org\/{rel}","templated":true}]}}