{"id":168527,"date":"2026-01-26T12:30:29","date_gmt":"2026-01-26T12:30:29","guid":{"rendered":"https:\/\/www.nettali.com\/?p=168527"},"modified":"2026-01-26T11:09:36","modified_gmt":"2026-01-26T11:09:36","slug":"politique-le-mouvement-national-diomaye-2029-lance","status":"publish","type":"post","link":"https:\/\/www.nettali.com\/2026\/01\/26\/politique-le-mouvement-national-diomaye-2029-lance\/","title":{"rendered":"POLITIQUE - Le mouvement national Diomaye 2029, lanc\u00e9"},"content":{"rendered":"<p><strong>NETTALI.COM -<\/strong> Le Mouvement national Diomaye 2029 a \u00e9t\u00e9 officiellement lanc\u00e9 le dimanche 25 janvier, \u00e0 Dakar, lors d\u2019une conf\u00e9rence de presse anim\u00e9e par son pr\u00e9sident, Mo\u00efse Kama. Le mouvement se pr\u00e9sente comme une structure d\u2019accompagnement politique et citoyen de la vision du pr\u00e9sident de la R\u00e9publique, Bassirou Diomaye Diakhar Faye, en perspective de l\u2019\u00e9ch\u00e9ance pr\u00e9sidentielle de 2029.<\/p>\n<p>Dans sa d\u00e9claration, Mo\u00efse Kama a indiqu\u00e9 que leur mouvement entend \u201c<em>incarner un projet de soci\u00e9t\u00e9 rassembleur<\/em>\u201d fond\u00e9 sur les valeurs de paix, de justice et de d\u00e9mocratie, qu\u2019il qualifie de socle indispensable au d\u00e9veloppement durable du S\u00e9n\u00e9gal.<\/p>\n<p>Selon lui, le mouvement s\u2019inscrit pleinement dans l\u2019appel du chef de l\u2019\u00c9tat \u00e0 l\u2019unit\u00e9 nationale et \u00e0 la coh\u00e9sion sociale. Il a affirm\u00e9 qu\u2019il vise \u00e0 renforcer l\u2019unit\u00e9 autour du pr\u00e9sident de la R\u00e9publique, \u00e0 traduire sa vision en actions concr\u00e8tes et \u00e0 pr\u00e9parer l\u2019avenir \u201c<em>dans la s\u00e9r\u00e9nit\u00e9 et la d\u00e9termination<\/em>\u201d, en vue d\u2019une continuit\u00e9 des r\u00e9formes engag\u00e9es.<\/p>\n<p>Sur le plan op\u00e9rationnel, le mouvement a d\u00e9clin\u00e9 ses engagements autour de quatre axes majeurs : la consolidation de la paix par le dialogue et la m\u00e9diation, le renforcement de la justice sociale et de l\u2019ind\u00e9pendance judiciaire, l\u2019approfondissement de la d\u00e9mocratie par une participation citoyenne \u00e9largie, et l\u2019acc\u00e9l\u00e9ration du d\u00e9veloppement \u00e0 travers des politiques \u00e9conomiques inclusives et l\u2019investissement dans le capital humain.<\/p>\n<p>Selon les chiffres communiqu\u00e9s, il revendique une implantation dans 40 d\u00e9partements sur 46 et 343 communes sur 557, avec un effectif de 36 547 adh\u00e9rents. Il indique \u00e9galement compter le soutien de 23 maires en exercice, 57 associations et dahiras, ainsi que 18 groupements d\u2019int\u00e9r\u00eat \u00e9conomique (GIE). Le mouvement affirme par ailleurs disposer de relais dans plusieurs pays de la diaspora, notamment en France, en Italie, en Espagne, en Suisse, en Allemagne, en C\u00f4te d\u2019Ivoire, au Congo-Brazzaville, au Canada et aux \u00c9tats- Unis.<\/p>\n<div class='share-to-whatsapp-wrapper'><div class='share-on-whsp'>PARTAGER SUR : <\/div><a data-text='POLITIQUE - Le mouvement national Diomaye 2029, lanc\u00e9' data-link='https:\/\/www.nettali.com\/2026\/01\/26\/politique-le-mouvement-national-diomaye-2029-lance\/' class='whatsapp-button whatsapp-share'>WhatsApp<\/a><div class='clear '><\/div><\/div>","protected":false},"excerpt":{"rendered":"<p>NETTALI.COM - Le Mouvement national Diomaye 2029 a \u00e9t\u00e9 officiellement lanc\u00e9 le dimanche 25 janvier, \u00e0 Dakar, lors d\u2019une conf\u00e9rence de presse anim\u00e9e par son pr\u00e9sident, Mo\u00efse Kama. Le mouvement se pr\u00e9sente comme une structure d\u2019accompagnement politique et citoyen de la vision du pr\u00e9sident de la R\u00e9publique, Bassirou Diomaye Diakhar Faye, en perspective de l\u2019\u00e9ch\u00e9ance [&hellip;]<\/p>\n","protected":false},"author":2,"featured_media":168528,"comment_status":"open","ping_status":"open","sticky":false,"template":"","format":"standard","meta":{"_et_pb_use_builder":"","_et_pb_old_content":""},"categories":[2],"tags":[],"yoast_head":"<!-- This site is optimized with the Yoast SEO Premium plugin v17.8 (Yoast SEO v17.8) - https:\/\/yoast.com\/wordpress\/plugins\/seo\/ -->\n<title>POLITIQUE - Le mouvement national Diomaye 2029, lanc\u00e9 | Nettali.com<\/title>\n<meta name=\"robots\" content=\"index, follow, max-snippet:-1, max-image-preview:large, max-video-preview:-1\" \/>\n<link rel=\"canonical\" href=\"https:\/\/www.nettali.com\/2026\/01\/26\/politique-le-mouvement-national-diomaye-2029-lance\/\" \/>\n<meta property=\"og:locale\" content=\"fr_FR\" \/>\n<meta property=\"og:type\" content=\"article\" \/>\n<meta property=\"og:title\" content=\"POLITIQUE - Le mouvement national Diomaye 2029, lanc\u00e9\" \/>\n<meta property=\"og:description\" content=\"NETTALI.COM - Le Mouvement national Diomaye 2029 a \u00e9t\u00e9 officiellement lanc\u00e9 le dimanche 25 janvier, \u00e0 Dakar, lors d\u2019une conf\u00e9rence de presse anim\u00e9e par son pr\u00e9sident, Mo\u00efse Kama. Le mouvement se pr\u00e9sente comme une structure d\u2019accompagnement politique et citoyen de la vision du pr\u00e9sident de la R\u00e9publique, Bassirou Diomaye Diakhar Faye, en perspective de l\u2019\u00e9ch\u00e9ance [&hellip;]\" \/>\n<meta property=\"og:url\" content=\"https:\/\/www.nettali.com\/2026\/01\/26\/politique-le-mouvement-national-diomaye-2029-lance\/\" \/>\n<meta property=\"og:site_name\" content=\"Nettali.com\" \/>\n<meta property=\"article:publisher\" content=\"https:\/\/www.facebook.com\/nettalicom\" \/>\n<meta property=\"article:published_time\" content=\"2026-01-26T12:30:29+00:00\" \/>\n<meta property=\"article:modified_time\" content=\"2026-01-26T11:09:36+00:00\" \/>\n<meta property=\"og:image\" content=\"https:\/\/www.nettali.com\/wp-content\/uploads\/2026\/01\/sddefault-1.jpg\" \/>\n\t<meta property=\"og:image:width\" content=\"640\" \/>\n\t<meta property=\"og:image:height\" content=\"480\" \/>\n<meta name=\"twitter:card\" content=\"summary_large_image\" \/>\n<meta name=\"twitter:label1\" content=\"\u00c9crit par\" \/>\n\t<meta name=\"twitter:data1\" content=\"CK\" \/>\n\t<meta name=\"twitter:label2\" content=\"Dur\u00e9e de lecture estim\u00e9e\" \/>\n\t<meta name=\"twitter:data2\" content=\"2 minutes\" \/>\n<script type=\"application\/ld+json\" class=\"yoast-schema-graph\">{\"@context\":\"https:\/\/schema.org\",\"@graph\":[{\"@type\":\"WebSite\",\"@id\":\"https:\/\/www.nettali.com\/#website\",\"url\":\"https:\/\/www.nettali.com\/\",\"name\":\"Nettali.com\",\"description\":\"Le rendez-vous critique du Net\",\"potentialAction\":[{\"@type\":\"SearchAction\",\"target\":{\"@type\":\"EntryPoint\",\"urlTemplate\":\"https:\/\/www.nettali.com\/?s={search_term_string}\"},\"query-input\":\"required name=search_term_string\"}],\"inLanguage\":\"fr-FR\"},{\"@type\":\"ImageObject\",\"@id\":\"https:\/\/www.nettali.com\/2026\/01\/26\/politique-le-mouvement-national-diomaye-2029-lance\/#primaryimage\",\"inLanguage\":\"fr-FR\",\"url\":\"https:\/\/www.nettali.com\/wp-content\/uploads\/2026\/01\/sddefault-1.jpg\",\"contentUrl\":\"https:\/\/www.nettali.com\/wp-content\/uploads\/2026\/01\/sddefault-1.jpg\",\"width\":640,\"height\":480},{\"@type\":\"WebPage\",\"@id\":\"https:\/\/www.nettali.com\/2026\/01\/26\/politique-le-mouvement-national-diomaye-2029-lance\/#webpage\",\"url\":\"https:\/\/www.nettali.com\/2026\/01\/26\/politique-le-mouvement-national-diomaye-2029-lance\/\",\"name\":\"POLITIQUE - Le mouvement national Diomaye 2029, lanc\\u00e9 | Nettali.com\",\"isPartOf\":{\"@id\":\"https:\/\/www.nettali.com\/#website\"},\"primaryImageOfPage\":{\"@id\":\"https:\/\/www.nettali.com\/2026\/01\/26\/politique-le-mouvement-national-diomaye-2029-lance\/#primaryimage\"},\"datePublished\":\"2026-01-26T12:30:29+00:00\",\"dateModified\":\"2026-01-26T11:09:36+00:00\",\"author\":{\"@id\":\"https:\/\/www.nettali.com\/#\/schema\/person\/d8ac7b7e27ddad43f1c0d2ef090d7f71\"},\"breadcrumb\":{\"@id\":\"https:\/\/www.nettali.com\/2026\/01\/26\/politique-le-mouvement-national-diomaye-2029-lance\/#breadcrumb\"},\"inLanguage\":\"fr-FR\",\"potentialAction\":[{\"@type\":\"ReadAction\",\"target\":[\"https:\/\/www.nettali.com\/2026\/01\/26\/politique-le-mouvement-national-diomaye-2029-lance\/\"]}]},{\"@type\":\"BreadcrumbList\",\"@id\":\"https:\/\/www.nettali.com\/2026\/01\/26\/politique-le-mouvement-national-diomaye-2029-lance\/#breadcrumb\",\"itemListElement\":[{\"@type\":\"ListItem\",\"position\":1,\"name\":\"Accueil\",\"item\":\"https:\/\/www.nettali.com\/\"},{\"@type\":\"ListItem\",\"position\":2,\"name\":\"POLITIQUE - Le mouvement national Diomaye 2029, lanc\\u00e9\"}]},{\"@type\":\"Person\",\"@id\":\"https:\/\/www.nettali.com\/#\/schema\/person\/d8ac7b7e27ddad43f1c0d2ef090d7f71\",\"name\":\"CK\",\"image\":{\"@type\":\"ImageObject\",\"@id\":\"https:\/\/www.nettali.com\/#personlogo\",\"inLanguage\":\"fr-FR\",\"url\":\"https:\/\/secure.gravatar.com\/avatar\/1d8d5118b9327d94da7cd4ce7f17fec2?s=96&d=mm&r=g\",\"contentUrl\":\"https:\/\/secure.gravatar.com\/avatar\/1d8d5118b9327d94da7cd4ce7f17fec2?s=96&d=mm&r=g\",\"caption\":\"CK\"},\"sameAs\":[\"https:\/\/www.nettali.com\"]}]}<\/script>\n<!-- \/ Yoast SEO Premium plugin. -->","yoast_head_json":{"title":"POLITIQUE - Le mouvement national Diomaye 2029, lanc\u00e9 | Nettali.com","robots":{"index":"index","follow":"follow","max-snippet":"max-snippet:-1","max-image-preview":"max-image-preview:large","max-video-preview":"max-video-preview:-1"},"canonical":"https:\/\/www.nettali.com\/2026\/01\/26\/politique-le-mouvement-national-diomaye-2029-lance\/","og_locale":"fr_FR","og_type":"article","og_title":"POLITIQUE - Le mouvement national Diomaye 2029, lanc\u00e9","og_description":"NETTALI.COM - Le Mouvement national Diomaye 2029 a \u00e9t\u00e9 officiellement lanc\u00e9 le dimanche 25 janvier, \u00e0 Dakar, lors d\u2019une conf\u00e9rence de presse anim\u00e9e par son pr\u00e9sident, Mo\u00efse Kama. Le mouvement se pr\u00e9sente comme une structure d\u2019accompagnement politique et citoyen de la vision du pr\u00e9sident de la R\u00e9publique, Bassirou Diomaye Diakhar Faye, en perspective de l\u2019\u00e9ch\u00e9ance [&hellip;]","og_url":"https:\/\/www.nettali.com\/2026\/01\/26\/politique-le-mouvement-national-diomaye-2029-lance\/","og_site_name":"Nettali.com","article_publisher":"https:\/\/www.facebook.com\/nettalicom","article_published_time":"2026-01-26T12:30:29+00:00","article_modified_time":"2026-01-26T11:09:36+00:00","og_image":[{"width":640,"height":480,"url":"https:\/\/www.nettali.com\/wp-content\/uploads\/2026\/01\/sddefault-1.jpg","type":"image\/jpeg"}],"twitter_card":"summary_large_image","twitter_misc":{"\u00c9crit par":"CK","Dur\u00e9e de lecture estim\u00e9e":"2 minutes"},"schema":{"@context":"https:\/\/schema.org","@graph":[{"@type":"WebSite","@id":"https:\/\/www.nettali.com\/#website","url":"https:\/\/www.nettali.com\/","name":"Nettali.com","description":"Le rendez-vous critique du Net","potentialAction":[{"@type":"SearchAction","target":{"@type":"EntryPoint","urlTemplate":"https:\/\/www.nettali.com\/?s={search_term_string}"},"query-input":"required name=search_term_string"}],"inLanguage":"fr-FR"},{"@type":"ImageObject","@id":"https:\/\/www.nettali.com\/2026\/01\/26\/politique-le-mouvement-national-diomaye-2029-lance\/#primaryimage","inLanguage":"fr-FR","url":"https:\/\/www.nettali.com\/wp-content\/uploads\/2026\/01\/sddefault-1.jpg","contentUrl":"https:\/\/www.nettali.com\/wp-content\/uploads\/2026\/01\/sddefault-1.jpg","width":640,"height":480},{"@type":"WebPage","@id":"https:\/\/www.nettali.com\/2026\/01\/26\/politique-le-mouvement-national-diomaye-2029-lance\/#webpage","url":"https:\/\/www.nettali.com\/2026\/01\/26\/politique-le-mouvement-national-diomaye-2029-lance\/","name":"POLITIQUE - Le mouvement national Diomaye 2029, lanc\u00e9 | Nettali.com","isPartOf":{"@id":"https:\/\/www.nettali.com\/#website"},"primaryImageOfPage":{"@id":"https:\/\/www.nettali.com\/2026\/01\/26\/politique-le-mouvement-national-diomaye-2029-lance\/#primaryimage"},"datePublished":"2026-01-26T12:30:29+00:00","dateModified":"2026-01-26T11:09:36+00:00","author":{"@id":"https:\/\/www.nettali.com\/#\/schema\/person\/d8ac7b7e27ddad43f1c0d2ef090d7f71"},"breadcrumb":{"@id":"https:\/\/www.nettali.com\/2026\/01\/26\/politique-le-mouvement-national-diomaye-2029-lance\/#breadcrumb"},"inLanguage":"fr-FR","potentialAction":[{"@type":"ReadAction","target":["https:\/\/www.nettali.com\/2026\/01\/26\/politique-le-mouvement-national-diomaye-2029-lance\/"]}]},{"@type":"BreadcrumbList","@id":"https:\/\/www.nettali.com\/2026\/01\/26\/politique-le-mouvement-national-diomaye-2029-lance\/#breadcrumb","itemListElement":[{"@type":"ListItem","position":1,"name":"Accueil","item":"https:\/\/www.nettali.com\/"},{"@type":"ListItem","position":2,"name":"POLITIQUE - Le mouvement national Diomaye 2029, lanc\u00e9"}]},{"@type":"Person","@id":"https:\/\/www.nettali.com\/#\/schema\/person\/d8ac7b7e27ddad43f1c0d2ef090d7f71","name":"CK","image":{"@type":"ImageObject","@id":"https:\/\/www.nettali.com\/#personlogo","inLanguage":"fr-FR","url":"https:\/\/secure.gravatar.com\/avatar\/1d8d5118b9327d94da7cd4ce7f17fec2?s=96&d=mm&r=g","contentUrl":"https:\/\/secure.gravatar.com\/avatar\/1d8d5118b9327d94da7cd4ce7f17fec2?s=96&d=mm&r=g","caption":"CK"},"sameAs":["https:\/\/www.nettali.com"]}]}},"_links":{"self":[{"href":"https:\/\/www.nettali.com\/rest\/wp\/v2\/posts\/168527"}],"collection":[{"href":"https:\/\/www.nettali.com\/rest\/wp\/v2\/posts"}],"about":[{"href":"https:\/\/www.nettali.com\/rest\/wp\/v2\/types\/post"}],"author":[{"embeddable":true,"href":"https:\/\/www.nettali.com\/rest\/wp\/v2\/users\/2"}],"replies":[{"embeddable":true,"href":"https:\/\/www.nettali.com\/rest\/wp\/v2\/comments?post=168527"}],"version-history":[{"count":1,"href":"https:\/\/www.nettali.com\/rest\/wp\/v2\/posts\/168527\/revisions"}],"predecessor-version":[{"id":168529,"href":"https:\/\/www.nettali.com\/rest\/wp\/v2\/posts\/168527\/revisions\/168529"}],"wp:featuredmedia":[{"embeddable":true,"href":"https:\/\/www.nettali.com\/rest\/wp\/v2\/media\/168528"}],"wp:attachment":[{"href":"https:\/\/www.nettali.com\/rest\/wp\/v2\/media?parent=168527"}],"wp:term":[{"taxonomy":"category","embeddable":true,"href":"https:\/\/www.nettali.com\/rest\/wp\/v2\/categories?post=168527"},{"taxonomy":"post_tag","embeddable":true,"href":"https:\/\/www.nettali.com\/rest\/wp\/v2\/tags?post=168527"}],"curies":[{"name":"wp","href":"https:\/\/api.w.org\/{rel}","templated":true}]}}