{"id":168524,"date":"2026-01-26T10:00:54","date_gmt":"2026-01-26T10:00:54","guid":{"rendered":"https:\/\/www.nettali.com\/?p=168524"},"modified":"2026-01-26T10:59:24","modified_gmt":"2026-01-26T10:59:24","slug":"systeme-de-sante-sous-pression-and-gueusseum-annonce-une-greve-de-96-heures","status":"publish","type":"post","link":"https:\/\/www.nettali.com\/2026\/01\/26\/systeme-de-sante-sous-pression-and-gueusseum-annonce-une-greve-de-96-heures\/","title":{"rendered":"SYST\u00c8ME DE SANT\u00c9 SOUS PRESSION - And Gueusseum annonce une gr\u00e8ve de 96 heures"},"content":{"rendered":"<p><strong>NETTALI.COM -<\/strong> And Gueusseum change de braquet. Face \u00e0 ce qu\u2019elle qualifie de \u201cmanoeuvres dilatoires du Gouvernement\u201d et \u00e0 la persistance d\u2019un passif social jug\u00e9 \u201cmoralement imprescriptible\u201d, la coalition syndicale a d\u00e9voil\u00e9 un sixi\u00e8me plan d\u2019actions marquant l\u2019entr\u00e9e dans ce qu\u2019elle appelle le \u201cmomentum de la radicalisation\u201d dans un communiqu\u00e9 re\u00e7u, le dimanche 25 janvier, \u00e0 Nettali.com.<\/p>\n<p>Ce nouveau plan pr\u00e9voit une tourn\u00e9e nationale et des assembl\u00e9es g\u00e9n\u00e9rales r\u00e9gionales du 28 janvier au 9 f\u00e9vrier prochains, suivies d\u2019une gr\u00e8ve de 96 heures, du mardi 10 au vendredi 13 f\u00e9vrier 2026.<\/p>\n<p>Le mouvement, tout en annon\u00e7ant le respect des urgences, pr\u00e9cise qu\u2019il se d\u00e9roulera \u201csans observance du service minimum\u201d. Une \u00e9valuation est programm\u00e9e le 14 f\u00e9vrier, avant le d\u00e9marrage, du 28 f\u00e9vrier au 28 mai prochains, d\u2019un boycott des programmes de sant\u00e9, ainsi que des r\u00e9unions de coordination et des supervisions.<\/p>\n<p>Cette mont\u00e9e en puissance intervient \u00e0 l\u2019issue du troisi\u00e8me jalon du cinqui\u00e8me plan d\u2019actions, tenu les 21, 22 et 23 janvier 2026 sur l\u2019ensemble du territoire national, et ce, \u201c<em>nonobstant la tr\u00eave par convenance administrative annonc\u00e9e par le SATSUS<\/em>\u201d.<\/p>\n<p>Selon l\u2019\u00e9valuation r\u00e9alis\u00e9e le 24 janvier, And Gueusseum revendique des taux de participation \u201chistoriques\u201d, oscillant entre 80 et 90 % des travailleurs du secteur de la sant\u00e9 et de l\u2019action sociale. Le Directoire national souligne la constance organisationnelle du mouvement, \u201cavec ou sans syndicat alli\u00e9 de circonstance\u201d, et salue particuli\u00e8rement l\u2019Union r\u00e9gionale And Gueusseum de Thi\u00e8s pour le succ\u00e8s de la marche nationale du 14 janvier, deuxi\u00e8me jalon du plan d\u2019actions. \u00c0 l\u2019issue de cette mobilisation, un manifeste adress\u00e9 au Pr\u00e9sident de la R\u00e9publique a \u00e9t\u00e9 remis au Gouverneur de r\u00e9gion.<\/p>\n<p>Malgr\u00e9 quelques \u201cd\u00e9faillances compr\u00e9hensibles\u201d not\u00e9es dans certaines structures municipales de Dakar, au district sanitaire de Dioffior et dans des localit\u00e9s isol\u00e9es, la gr\u00e8ve a, selon And Gueusseum, \u201cglobalement impact\u00e9 de mani\u00e8re significative le syst\u00e8me hospitalier et sanitaire\u201d. La coalition estime ainsi avoir d\u00e9montr\u00e9 qu\u2019elle \u201c<em>p\u00e8se, compte et m\u00e9rite une attention particuli\u00e8re des autorit\u00e9s gouvernementale<\/em>s\u201d.<\/p>\n<p>Tout en f\u00e9licitant les Lions du S\u00e9n\u00e9gal, doubles champions d\u2019Afrique, pour \u201cle bonheur et la fiert\u00e9 offerts \u00e0 tout un peuple\u201d, And Gueusseum rappelle qu\u2019au m\u00eame moment, \u201c<em>des millions de S\u00e9n\u00e9galais sont parall\u00e8lement priv\u00e9s de soins<\/em>\u201d, soit un cumul de 268 heures sans services de sant\u00e9 ad\u00e9quats. La coalition syndicale met cette situation sur le compte d\u2019un discours officiel invoquant \u201c<em>l\u2019h\u00e9ritage d\u2019un pays surendett\u00e9<\/em>\u201d, qu\u2019elle juge en contradiction avec \u201c<em>le train de vie dispendieux du gouvernement et du parlement<\/em>\u201d.<\/p>\n<p>Elle s\u2019interroge \u00e9galement sur le sort des 120 hectares de Daga-Kholpa, attribu\u00e9s par le d\u00e9cret n\u00b02021-700 du 4 juin 2021 aux victimes du programme de logements sociaux SUTSAS Namora, mais toujours non mis \u00e0 disposition. And Gueusseum f\u00e9licite par ailleurs les organisations de la Jonction des luttes Sames-Sutsas-ARP pour la concomitance des mouvements de gr\u00e8ve, tout en mettant en garde contre toute tentative de sanction \u00e0 l\u2019encontre des agents gr\u00e9vistes.<\/p>\n<p>Elle annonce suivre \u201cavec une grande attention\u201d le retour des r\u00e9quisitions \u00e0 Ziguinchor et appelle les travailleurs \u00e0 pr\u00e9server l\u2019exercice l\u00e9gitime du droit de gr\u00e8ve.<\/p>\n<p>Enfin, And Gueusseum invite le Satsus, le Sames, le G7, le G20, la CNTLS, les contractuels et les d\u00e9cideurs \u00e0 rejoindre la Jonction des luttes, notamment pour l\u2019allongement de l\u2019\u00e2ge de la retraite \u00e0 65 ans, la revalorisation des pensions et le renforcement du socle de protection sociale.<\/p>\n<div class='share-to-whatsapp-wrapper'><div class='share-on-whsp'>PARTAGER SUR : <\/div><a data-text='SYST\u00c8ME DE SANT\u00c9 SOUS PRESSION - And Gueusseum annonce une gr\u00e8ve de 96 heures' data-link='https:\/\/www.nettali.com\/2026\/01\/26\/systeme-de-sante-sous-pression-and-gueusseum-annonce-une-greve-de-96-heures\/' class='whatsapp-button whatsapp-share'>WhatsApp<\/a><div class='clear '><\/div><\/div>","protected":false},"excerpt":{"rendered":"<p>NETTALI.COM - And Gueusseum change de braquet. Face \u00e0 ce qu\u2019elle qualifie de \u201cmanoeuvres dilatoires du Gouvernement\u201d et \u00e0 la persistance d\u2019un passif social jug\u00e9 \u201cmoralement imprescriptible\u201d, la coalition syndicale a d\u00e9voil\u00e9 un sixi\u00e8me plan d\u2019actions marquant l\u2019entr\u00e9e dans ce qu\u2019elle appelle le \u201cmomentum de la radicalisation\u201d dans un communiqu\u00e9 re\u00e7u, le dimanche 25 janvier, [&hellip;]<\/p>\n","protected":false},"author":2,"featured_media":168525,"comment_status":"open","ping_status":"open","sticky":false,"template":"","format":"standard","meta":{"_et_pb_use_builder":"","_et_pb_old_content":""},"categories":[3],"tags":[],"yoast_head":"<!-- This site is optimized with the Yoast SEO Premium plugin v17.8 (Yoast SEO v17.8) - https:\/\/yoast.com\/wordpress\/plugins\/seo\/ -->\n<title>SYST\u00c8ME DE SANT\u00c9 SOUS PRESSION - And Gueusseum annonce une gr\u00e8ve de 96 heures | Nettali.com<\/title>\n<meta name=\"robots\" content=\"index, follow, max-snippet:-1, max-image-preview:large, max-video-preview:-1\" \/>\n<link rel=\"canonical\" href=\"https:\/\/www.nettali.com\/2026\/01\/26\/systeme-de-sante-sous-pression-and-gueusseum-annonce-une-greve-de-96-heures\/\" \/>\n<meta property=\"og:locale\" content=\"fr_FR\" \/>\n<meta property=\"og:type\" content=\"article\" \/>\n<meta property=\"og:title\" content=\"SYST\u00c8ME DE SANT\u00c9 SOUS PRESSION - And Gueusseum annonce une gr\u00e8ve de 96 heures\" \/>\n<meta property=\"og:description\" content=\"NETTALI.COM - And Gueusseum change de braquet. Face \u00e0 ce qu\u2019elle qualifie de \u201cmanoeuvres dilatoires du Gouvernement\u201d et \u00e0 la persistance d\u2019un passif social jug\u00e9 \u201cmoralement imprescriptible\u201d, la coalition syndicale a d\u00e9voil\u00e9 un sixi\u00e8me plan d\u2019actions marquant l\u2019entr\u00e9e dans ce qu\u2019elle appelle le \u201cmomentum de la radicalisation\u201d dans un communiqu\u00e9 re\u00e7u, le dimanche 25 janvier, [&hellip;]\" \/>\n<meta property=\"og:url\" content=\"https:\/\/www.nettali.com\/2026\/01\/26\/systeme-de-sante-sous-pression-and-gueusseum-annonce-une-greve-de-96-heures\/\" \/>\n<meta property=\"og:site_name\" content=\"Nettali.com\" \/>\n<meta property=\"article:publisher\" content=\"https:\/\/www.facebook.com\/nettalicom\" \/>\n<meta property=\"article:published_time\" content=\"2026-01-26T10:00:54+00:00\" \/>\n<meta property=\"article:modified_time\" content=\"2026-01-26T10:59:24+00:00\" \/>\n<meta property=\"og:image\" content=\"https:\/\/www.nettali.com\/wp-content\/uploads\/2026\/01\/WhatsApp-Image-2025-06-11-at-12.52.07.jpeg\" \/>\n\t<meta property=\"og:image:width\" content=\"872\" \/>\n\t<meta property=\"og:image:height\" content=\"530\" \/>\n<meta name=\"twitter:card\" content=\"summary_large_image\" \/>\n<meta name=\"twitter:label1\" content=\"\u00c9crit par\" \/>\n\t<meta name=\"twitter:data1\" content=\"CK\" \/>\n\t<meta name=\"twitter:label2\" content=\"Dur\u00e9e de lecture estim\u00e9e\" \/>\n\t<meta name=\"twitter:data2\" content=\"3 minutes\" \/>\n<script type=\"application\/ld+json\" class=\"yoast-schema-graph\">{\"@context\":\"https:\/\/schema.org\",\"@graph\":[{\"@type\":\"WebSite\",\"@id\":\"https:\/\/www.nettali.com\/#website\",\"url\":\"https:\/\/www.nettali.com\/\",\"name\":\"Nettali.com\",\"description\":\"Le rendez-vous critique du Net\",\"potentialAction\":[{\"@type\":\"SearchAction\",\"target\":{\"@type\":\"EntryPoint\",\"urlTemplate\":\"https:\/\/www.nettali.com\/?s={search_term_string}\"},\"query-input\":\"required name=search_term_string\"}],\"inLanguage\":\"fr-FR\"},{\"@type\":\"ImageObject\",\"@id\":\"https:\/\/www.nettali.com\/2026\/01\/26\/systeme-de-sante-sous-pression-and-gueusseum-annonce-une-greve-de-96-heures\/#primaryimage\",\"inLanguage\":\"fr-FR\",\"url\":\"https:\/\/www.nettali.com\/wp-content\/uploads\/2026\/01\/WhatsApp-Image-2025-06-11-at-12.52.07.jpeg\",\"contentUrl\":\"https:\/\/www.nettali.com\/wp-content\/uploads\/2026\/01\/WhatsApp-Image-2025-06-11-at-12.52.07.jpeg\",\"width\":872,\"height\":530},{\"@type\":\"WebPage\",\"@id\":\"https:\/\/www.nettali.com\/2026\/01\/26\/systeme-de-sante-sous-pression-and-gueusseum-annonce-une-greve-de-96-heures\/#webpage\",\"url\":\"https:\/\/www.nettali.com\/2026\/01\/26\/systeme-de-sante-sous-pression-and-gueusseum-annonce-une-greve-de-96-heures\/\",\"name\":\"SYST\\u00c8ME DE SANT\\u00c9 SOUS PRESSION - And Gueusseum annonce une gr\\u00e8ve de 96 heures | Nettali.com\",\"isPartOf\":{\"@id\":\"https:\/\/www.nettali.com\/#website\"},\"primaryImageOfPage\":{\"@id\":\"https:\/\/www.nettali.com\/2026\/01\/26\/systeme-de-sante-sous-pression-and-gueusseum-annonce-une-greve-de-96-heures\/#primaryimage\"},\"datePublished\":\"2026-01-26T10:00:54+00:00\",\"dateModified\":\"2026-01-26T10:59:24+00:00\",\"author\":{\"@id\":\"https:\/\/www.nettali.com\/#\/schema\/person\/d8ac7b7e27ddad43f1c0d2ef090d7f71\"},\"breadcrumb\":{\"@id\":\"https:\/\/www.nettali.com\/2026\/01\/26\/systeme-de-sante-sous-pression-and-gueusseum-annonce-une-greve-de-96-heures\/#breadcrumb\"},\"inLanguage\":\"fr-FR\",\"potentialAction\":[{\"@type\":\"ReadAction\",\"target\":[\"https:\/\/www.nettali.com\/2026\/01\/26\/systeme-de-sante-sous-pression-and-gueusseum-annonce-une-greve-de-96-heures\/\"]}]},{\"@type\":\"BreadcrumbList\",\"@id\":\"https:\/\/www.nettali.com\/2026\/01\/26\/systeme-de-sante-sous-pression-and-gueusseum-annonce-une-greve-de-96-heures\/#breadcrumb\",\"itemListElement\":[{\"@type\":\"ListItem\",\"position\":1,\"name\":\"Accueil\",\"item\":\"https:\/\/www.nettali.com\/\"},{\"@type\":\"ListItem\",\"position\":2,\"name\":\"SYST\\u00c8ME DE SANT\\u00c9 SOUS PRESSION - And Gueusseum annonce une gr\\u00e8ve de 96 heures\"}]},{\"@type\":\"Person\",\"@id\":\"https:\/\/www.nettali.com\/#\/schema\/person\/d8ac7b7e27ddad43f1c0d2ef090d7f71\",\"name\":\"CK\",\"image\":{\"@type\":\"ImageObject\",\"@id\":\"https:\/\/www.nettali.com\/#personlogo\",\"inLanguage\":\"fr-FR\",\"url\":\"https:\/\/secure.gravatar.com\/avatar\/1d8d5118b9327d94da7cd4ce7f17fec2?s=96&d=mm&r=g\",\"contentUrl\":\"https:\/\/secure.gravatar.com\/avatar\/1d8d5118b9327d94da7cd4ce7f17fec2?s=96&d=mm&r=g\",\"caption\":\"CK\"},\"sameAs\":[\"https:\/\/www.nettali.com\"]}]}<\/script>\n<!-- \/ Yoast SEO Premium plugin. -->","yoast_head_json":{"title":"SYST\u00c8ME DE SANT\u00c9 SOUS PRESSION - And Gueusseum annonce une gr\u00e8ve de 96 heures | Nettali.com","robots":{"index":"index","follow":"follow","max-snippet":"max-snippet:-1","max-image-preview":"max-image-preview:large","max-video-preview":"max-video-preview:-1"},"canonical":"https:\/\/www.nettali.com\/2026\/01\/26\/systeme-de-sante-sous-pression-and-gueusseum-annonce-une-greve-de-96-heures\/","og_locale":"fr_FR","og_type":"article","og_title":"SYST\u00c8ME DE SANT\u00c9 SOUS PRESSION - And Gueusseum annonce une gr\u00e8ve de 96 heures","og_description":"NETTALI.COM - And Gueusseum change de braquet. Face \u00e0 ce qu\u2019elle qualifie de \u201cmanoeuvres dilatoires du Gouvernement\u201d et \u00e0 la persistance d\u2019un passif social jug\u00e9 \u201cmoralement imprescriptible\u201d, la coalition syndicale a d\u00e9voil\u00e9 un sixi\u00e8me plan d\u2019actions marquant l\u2019entr\u00e9e dans ce qu\u2019elle appelle le \u201cmomentum de la radicalisation\u201d dans un communiqu\u00e9 re\u00e7u, le dimanche 25 janvier, [&hellip;]","og_url":"https:\/\/www.nettali.com\/2026\/01\/26\/systeme-de-sante-sous-pression-and-gueusseum-annonce-une-greve-de-96-heures\/","og_site_name":"Nettali.com","article_publisher":"https:\/\/www.facebook.com\/nettalicom","article_published_time":"2026-01-26T10:00:54+00:00","article_modified_time":"2026-01-26T10:59:24+00:00","og_image":[{"width":872,"height":530,"url":"https:\/\/www.nettali.com\/wp-content\/uploads\/2026\/01\/WhatsApp-Image-2025-06-11-at-12.52.07.jpeg","type":"image\/jpeg"}],"twitter_card":"summary_large_image","twitter_misc":{"\u00c9crit par":"CK","Dur\u00e9e de lecture estim\u00e9e":"3 minutes"},"schema":{"@context":"https:\/\/schema.org","@graph":[{"@type":"WebSite","@id":"https:\/\/www.nettali.com\/#website","url":"https:\/\/www.nettali.com\/","name":"Nettali.com","description":"Le rendez-vous critique du Net","potentialAction":[{"@type":"SearchAction","target":{"@type":"EntryPoint","urlTemplate":"https:\/\/www.nettali.com\/?s={search_term_string}"},"query-input":"required name=search_term_string"}],"inLanguage":"fr-FR"},{"@type":"ImageObject","@id":"https:\/\/www.nettali.com\/2026\/01\/26\/systeme-de-sante-sous-pression-and-gueusseum-annonce-une-greve-de-96-heures\/#primaryimage","inLanguage":"fr-FR","url":"https:\/\/www.nettali.com\/wp-content\/uploads\/2026\/01\/WhatsApp-Image-2025-06-11-at-12.52.07.jpeg","contentUrl":"https:\/\/www.nettali.com\/wp-content\/uploads\/2026\/01\/WhatsApp-Image-2025-06-11-at-12.52.07.jpeg","width":872,"height":530},{"@type":"WebPage","@id":"https:\/\/www.nettali.com\/2026\/01\/26\/systeme-de-sante-sous-pression-and-gueusseum-annonce-une-greve-de-96-heures\/#webpage","url":"https:\/\/www.nettali.com\/2026\/01\/26\/systeme-de-sante-sous-pression-and-gueusseum-annonce-une-greve-de-96-heures\/","name":"SYST\u00c8ME DE SANT\u00c9 SOUS PRESSION - And Gueusseum annonce une gr\u00e8ve de 96 heures | Nettali.com","isPartOf":{"@id":"https:\/\/www.nettali.com\/#website"},"primaryImageOfPage":{"@id":"https:\/\/www.nettali.com\/2026\/01\/26\/systeme-de-sante-sous-pression-and-gueusseum-annonce-une-greve-de-96-heures\/#primaryimage"},"datePublished":"2026-01-26T10:00:54+00:00","dateModified":"2026-01-26T10:59:24+00:00","author":{"@id":"https:\/\/www.nettali.com\/#\/schema\/person\/d8ac7b7e27ddad43f1c0d2ef090d7f71"},"breadcrumb":{"@id":"https:\/\/www.nettali.com\/2026\/01\/26\/systeme-de-sante-sous-pression-and-gueusseum-annonce-une-greve-de-96-heures\/#breadcrumb"},"inLanguage":"fr-FR","potentialAction":[{"@type":"ReadAction","target":["https:\/\/www.nettali.com\/2026\/01\/26\/systeme-de-sante-sous-pression-and-gueusseum-annonce-une-greve-de-96-heures\/"]}]},{"@type":"BreadcrumbList","@id":"https:\/\/www.nettali.com\/2026\/01\/26\/systeme-de-sante-sous-pression-and-gueusseum-annonce-une-greve-de-96-heures\/#breadcrumb","itemListElement":[{"@type":"ListItem","position":1,"name":"Accueil","item":"https:\/\/www.nettali.com\/"},{"@type":"ListItem","position":2,"name":"SYST\u00c8ME DE SANT\u00c9 SOUS PRESSION - And Gueusseum annonce une gr\u00e8ve de 96 heures"}]},{"@type":"Person","@id":"https:\/\/www.nettali.com\/#\/schema\/person\/d8ac7b7e27ddad43f1c0d2ef090d7f71","name":"CK","image":{"@type":"ImageObject","@id":"https:\/\/www.nettali.com\/#personlogo","inLanguage":"fr-FR","url":"https:\/\/secure.gravatar.com\/avatar\/1d8d5118b9327d94da7cd4ce7f17fec2?s=96&d=mm&r=g","contentUrl":"https:\/\/secure.gravatar.com\/avatar\/1d8d5118b9327d94da7cd4ce7f17fec2?s=96&d=mm&r=g","caption":"CK"},"sameAs":["https:\/\/www.nettali.com"]}]}},"_links":{"self":[{"href":"https:\/\/www.nettali.com\/rest\/wp\/v2\/posts\/168524"}],"collection":[{"href":"https:\/\/www.nettali.com\/rest\/wp\/v2\/posts"}],"about":[{"href":"https:\/\/www.nettali.com\/rest\/wp\/v2\/types\/post"}],"author":[{"embeddable":true,"href":"https:\/\/www.nettali.com\/rest\/wp\/v2\/users\/2"}],"replies":[{"embeddable":true,"href":"https:\/\/www.nettali.com\/rest\/wp\/v2\/comments?post=168524"}],"version-history":[{"count":1,"href":"https:\/\/www.nettali.com\/rest\/wp\/v2\/posts\/168524\/revisions"}],"predecessor-version":[{"id":168526,"href":"https:\/\/www.nettali.com\/rest\/wp\/v2\/posts\/168524\/revisions\/168526"}],"wp:featuredmedia":[{"embeddable":true,"href":"https:\/\/www.nettali.com\/rest\/wp\/v2\/media\/168525"}],"wp:attachment":[{"href":"https:\/\/www.nettali.com\/rest\/wp\/v2\/media?parent=168524"}],"wp:term":[{"taxonomy":"category","embeddable":true,"href":"https:\/\/www.nettali.com\/rest\/wp\/v2\/categories?post=168524"},{"taxonomy":"post_tag","embeddable":true,"href":"https:\/\/www.nettali.com\/rest\/wp\/v2\/tags?post=168524"}],"curies":[{"name":"wp","href":"https:\/\/api.w.org\/{rel}","templated":true}]}}