{"id":168522,"date":"2026-01-25T20:44:45","date_gmt":"2026-01-25T20:44:45","guid":{"rendered":"https:\/\/www.nettali.com\/?p=168522"},"modified":"2026-01-25T20:44:45","modified_gmt":"2026-01-25T20:44:45","slug":"liga-le-rayo-vallecano-explique-la-non-celebration-de-pathe-ciss","status":"publish","type":"post","link":"https:\/\/www.nettali.com\/2026\/01\/25\/liga-le-rayo-vallecano-explique-la-non-celebration-de-pathe-ciss\/","title":{"rendered":"LIGA - Le Rayo Vallecano explique la non c\u00e9l\u00e9bration de Path\u00e9 Ciss"},"content":{"rendered":"<p><strong>NETTALI.COM - Path\u00e9 Ciss a v\u00e9cu un moment d\u2019amertume ce week-end. Sacr\u00e9 champion d\u2019Afrique avec le S\u00e9n\u00e9gal lors de la CAN 2025, le milieu de terrain de Rayo Vallecano esp\u00e9rait \u00eatre honor\u00e9 par son club \u00e0 l\u2019occasion du match de championnat face \u00e0 Osasuna, disput\u00e9 ce samedi. Une reconnaissance qui n\u2019a finalement pas eu lieu, suscitant une certaine frustration chez l\u2019international s\u00e9n\u00e9galais.<\/strong><\/p>\n<p>Face aux interrogations et \u00e0 l\u2019incompr\u00e9hension des supporters, le Rayo Vallecano a rapidement tenu \u00e0 clarifier la situation \u00e0 travers un communiqu\u00e9 officiel. Le club madril\u00e8ne a expliqu\u00e9 que l\u2019absence d\u2019hommage n\u2019\u00e9tait en rien un oubli ou un manque de consid\u00e9ration envers son joueur, mais une d\u00e9cision dict\u00e9e par le contexte particulier de la journ\u00e9e.<\/p>\n<p>\"<em>Le Rayo Vallecano rapporte qu\u2019hier, l\u2019hommage \u00e0 notre joueur Path\u00e9 Ciss, suite \u00e0 la conqu\u00eate de la Coupe d\u2019Afrique des Nations, n\u2019a pas eu lieu, car il a \u00e9t\u00e9 jug\u00e9 inappropri\u00e9 d\u2019organiser toute forme de c\u00e9l\u00e9bration un jour de deuil o\u00f9 l\u2019\u00e9quipe a port\u00e9 des brassards noirs et observ\u00e9 une minute de silence \u00e0 la m\u00e9moire des personnes d\u00e9c\u00e9d\u00e9es dans les tragiques accidents ferroviaires d\u2019Adamuz et de Gelida<\/em>\", pr\u00e9cise le communiqu\u00e9.<\/p>\n<p>Conscient de l\u2019importance de cet exploit historique pour le joueur et pour le football s\u00e9n\u00e9galais, le club a d\u2019ores et d\u00e9j\u00e0 programm\u00e9 la c\u00e9r\u00e9monie officielle.<\/p>\n<p>\"<em>La reconnaissance bien m\u00e9rit\u00e9e de Path\u00e9 Ciss aura lieu \u00e0 l\u2019approche du prochain match, qui se jouera \u00e0 Vallecas le samedi 7 f\u00e9vrier contre le Real Oviedo<\/em>\", ajoute le Rayo Vallecano.<\/p>\n<p>Ainsi, malgr\u00e9 la d\u00e9ception initiale, Path\u00e9 Ciss pourra bient\u00f4t c\u00e9l\u00e9brer son sacre continental devant son public. Un moment attendu, qui permettra de rendre un hommage \u00e0 la hauteur du statut de champion d\u2019Afrique du milieu s\u00e9n\u00e9galais.<\/p>\n<div class='share-to-whatsapp-wrapper'><div class='share-on-whsp'>PARTAGER SUR : <\/div><a data-text='LIGA - Le Rayo Vallecano explique la non c\u00e9l\u00e9bration de Path\u00e9 Ciss' data-link='https:\/\/www.nettali.com\/2026\/01\/25\/liga-le-rayo-vallecano-explique-la-non-celebration-de-pathe-ciss\/' class='whatsapp-button whatsapp-share'>WhatsApp<\/a><div class='clear '><\/div><\/div>","protected":false},"excerpt":{"rendered":"<p>NETTALI.COM - Path\u00e9 Ciss a v\u00e9cu un moment d\u2019amertume ce week-end. Sacr\u00e9 champion d\u2019Afrique avec le S\u00e9n\u00e9gal lors de la CAN 2025, le milieu de terrain de Rayo Vallecano esp\u00e9rait \u00eatre honor\u00e9 par son club \u00e0 l\u2019occasion du match de championnat face \u00e0 Osasuna, disput\u00e9 ce samedi. Une reconnaissance qui n\u2019a finalement pas eu lieu, [&hellip;]<\/p>\n","protected":false},"author":5,"featured_media":168515,"comment_status":"open","ping_status":"open","sticky":false,"template":"","format":"standard","meta":{"_et_pb_use_builder":"","_et_pb_old_content":""},"categories":[6],"tags":[],"yoast_head":"<!-- This site is optimized with the Yoast SEO Premium plugin v17.8 (Yoast SEO v17.8) - https:\/\/yoast.com\/wordpress\/plugins\/seo\/ -->\n<title>LIGA - Le Rayo Vallecano explique la non c\u00e9l\u00e9bration de Path\u00e9 Ciss | Nettali.com<\/title>\n<meta name=\"robots\" content=\"index, follow, max-snippet:-1, max-image-preview:large, max-video-preview:-1\" \/>\n<link rel=\"canonical\" href=\"https:\/\/www.nettali.com\/2026\/01\/25\/liga-le-rayo-vallecano-explique-la-non-celebration-de-pathe-ciss\/\" \/>\n<meta property=\"og:locale\" content=\"fr_FR\" \/>\n<meta property=\"og:type\" content=\"article\" \/>\n<meta property=\"og:title\" content=\"LIGA - Le Rayo Vallecano explique la non c\u00e9l\u00e9bration de Path\u00e9 Ciss\" \/>\n<meta property=\"og:description\" content=\"NETTALI.COM - Path\u00e9 Ciss a v\u00e9cu un moment d\u2019amertume ce week-end. Sacr\u00e9 champion d\u2019Afrique avec le S\u00e9n\u00e9gal lors de la CAN 2025, le milieu de terrain de Rayo Vallecano esp\u00e9rait \u00eatre honor\u00e9 par son club \u00e0 l\u2019occasion du match de championnat face \u00e0 Osasuna, disput\u00e9 ce samedi. Une reconnaissance qui n\u2019a finalement pas eu lieu, [&hellip;]\" \/>\n<meta property=\"og:url\" content=\"https:\/\/www.nettali.com\/2026\/01\/25\/liga-le-rayo-vallecano-explique-la-non-celebration-de-pathe-ciss\/\" \/>\n<meta property=\"og:site_name\" content=\"Nettali.com\" \/>\n<meta property=\"article:publisher\" content=\"https:\/\/www.facebook.com\/nettalicom\" \/>\n<meta property=\"article:published_time\" content=\"2026-01-25T20:44:45+00:00\" \/>\n<meta property=\"og:image\" content=\"https:\/\/www.nettali.com\/wp-content\/uploads\/2026\/01\/images-34.jpeg\" \/>\n\t<meta property=\"og:image:width\" content=\"640\" \/>\n\t<meta property=\"og:image:height\" content=\"424\" \/>\n<meta name=\"twitter:card\" content=\"summary_large_image\" \/>\n<meta name=\"twitter:label1\" content=\"\u00c9crit par\" \/>\n\t<meta name=\"twitter:data1\" content=\"Ibrahima\" \/>\n\t<meta name=\"twitter:label2\" content=\"Dur\u00e9e de lecture estim\u00e9e\" \/>\n\t<meta name=\"twitter:data2\" content=\"2 minutes\" \/>\n<script type=\"application\/ld+json\" class=\"yoast-schema-graph\">{\"@context\":\"https:\/\/schema.org\",\"@graph\":[{\"@type\":\"WebSite\",\"@id\":\"https:\/\/www.nettali.com\/#website\",\"url\":\"https:\/\/www.nettali.com\/\",\"name\":\"Nettali.com\",\"description\":\"Le rendez-vous critique du Net\",\"potentialAction\":[{\"@type\":\"SearchAction\",\"target\":{\"@type\":\"EntryPoint\",\"urlTemplate\":\"https:\/\/www.nettali.com\/?s={search_term_string}\"},\"query-input\":\"required name=search_term_string\"}],\"inLanguage\":\"fr-FR\"},{\"@type\":\"ImageObject\",\"@id\":\"https:\/\/www.nettali.com\/2026\/01\/25\/liga-le-rayo-vallecano-explique-la-non-celebration-de-pathe-ciss\/#primaryimage\",\"inLanguage\":\"fr-FR\",\"url\":\"https:\/\/www.nettali.com\/wp-content\/uploads\/2026\/01\/images-34.jpeg\",\"contentUrl\":\"https:\/\/www.nettali.com\/wp-content\/uploads\/2026\/01\/images-34.jpeg\",\"width\":640,\"height\":424},{\"@type\":\"WebPage\",\"@id\":\"https:\/\/www.nettali.com\/2026\/01\/25\/liga-le-rayo-vallecano-explique-la-non-celebration-de-pathe-ciss\/#webpage\",\"url\":\"https:\/\/www.nettali.com\/2026\/01\/25\/liga-le-rayo-vallecano-explique-la-non-celebration-de-pathe-ciss\/\",\"name\":\"LIGA - Le Rayo Vallecano explique la non c\\u00e9l\\u00e9bration de Path\\u00e9 Ciss | Nettali.com\",\"isPartOf\":{\"@id\":\"https:\/\/www.nettali.com\/#website\"},\"primaryImageOfPage\":{\"@id\":\"https:\/\/www.nettali.com\/2026\/01\/25\/liga-le-rayo-vallecano-explique-la-non-celebration-de-pathe-ciss\/#primaryimage\"},\"datePublished\":\"2026-01-25T20:44:45+00:00\",\"dateModified\":\"2026-01-25T20:44:45+00:00\",\"author\":{\"@id\":\"https:\/\/www.nettali.com\/#\/schema\/person\/bb147657c2986240405a608162b9bb23\"},\"breadcrumb\":{\"@id\":\"https:\/\/www.nettali.com\/2026\/01\/25\/liga-le-rayo-vallecano-explique-la-non-celebration-de-pathe-ciss\/#breadcrumb\"},\"inLanguage\":\"fr-FR\",\"potentialAction\":[{\"@type\":\"ReadAction\",\"target\":[\"https:\/\/www.nettali.com\/2026\/01\/25\/liga-le-rayo-vallecano-explique-la-non-celebration-de-pathe-ciss\/\"]}]},{\"@type\":\"BreadcrumbList\",\"@id\":\"https:\/\/www.nettali.com\/2026\/01\/25\/liga-le-rayo-vallecano-explique-la-non-celebration-de-pathe-ciss\/#breadcrumb\",\"itemListElement\":[{\"@type\":\"ListItem\",\"position\":1,\"name\":\"Accueil\",\"item\":\"https:\/\/www.nettali.com\/\"},{\"@type\":\"ListItem\",\"position\":2,\"name\":\"LIGA - Le Rayo Vallecano explique la non c\\u00e9l\\u00e9bration de Path\\u00e9 Ciss\"}]},{\"@type\":\"Person\",\"@id\":\"https:\/\/www.nettali.com\/#\/schema\/person\/bb147657c2986240405a608162b9bb23\",\"name\":\"Ibrahima\",\"image\":{\"@type\":\"ImageObject\",\"@id\":\"https:\/\/www.nettali.com\/#personlogo\",\"inLanguage\":\"fr-FR\",\"url\":\"https:\/\/secure.gravatar.com\/avatar\/26a8a81f09f0dd7624c9d5c36c9ba3a2?s=96&d=mm&r=g\",\"contentUrl\":\"https:\/\/secure.gravatar.com\/avatar\/26a8a81f09f0dd7624c9d5c36c9ba3a2?s=96&d=mm&r=g\",\"caption\":\"Ibrahima\"},\"sameAs\":[\"https:\/\/www.nettali.com\"]}]}<\/script>\n<!-- \/ Yoast SEO Premium plugin. -->","yoast_head_json":{"title":"LIGA - Le Rayo Vallecano explique la non c\u00e9l\u00e9bration de Path\u00e9 Ciss | Nettali.com","robots":{"index":"index","follow":"follow","max-snippet":"max-snippet:-1","max-image-preview":"max-image-preview:large","max-video-preview":"max-video-preview:-1"},"canonical":"https:\/\/www.nettali.com\/2026\/01\/25\/liga-le-rayo-vallecano-explique-la-non-celebration-de-pathe-ciss\/","og_locale":"fr_FR","og_type":"article","og_title":"LIGA - Le Rayo Vallecano explique la non c\u00e9l\u00e9bration de Path\u00e9 Ciss","og_description":"NETTALI.COM - Path\u00e9 Ciss a v\u00e9cu un moment d\u2019amertume ce week-end. Sacr\u00e9 champion d\u2019Afrique avec le S\u00e9n\u00e9gal lors de la CAN 2025, le milieu de terrain de Rayo Vallecano esp\u00e9rait \u00eatre honor\u00e9 par son club \u00e0 l\u2019occasion du match de championnat face \u00e0 Osasuna, disput\u00e9 ce samedi. Une reconnaissance qui n\u2019a finalement pas eu lieu, [&hellip;]","og_url":"https:\/\/www.nettali.com\/2026\/01\/25\/liga-le-rayo-vallecano-explique-la-non-celebration-de-pathe-ciss\/","og_site_name":"Nettali.com","article_publisher":"https:\/\/www.facebook.com\/nettalicom","article_published_time":"2026-01-25T20:44:45+00:00","og_image":[{"width":640,"height":424,"url":"https:\/\/www.nettali.com\/wp-content\/uploads\/2026\/01\/images-34.jpeg","type":"image\/jpeg"}],"twitter_card":"summary_large_image","twitter_misc":{"\u00c9crit par":"Ibrahima","Dur\u00e9e de lecture estim\u00e9e":"2 minutes"},"schema":{"@context":"https:\/\/schema.org","@graph":[{"@type":"WebSite","@id":"https:\/\/www.nettali.com\/#website","url":"https:\/\/www.nettali.com\/","name":"Nettali.com","description":"Le rendez-vous critique du Net","potentialAction":[{"@type":"SearchAction","target":{"@type":"EntryPoint","urlTemplate":"https:\/\/www.nettali.com\/?s={search_term_string}"},"query-input":"required name=search_term_string"}],"inLanguage":"fr-FR"},{"@type":"ImageObject","@id":"https:\/\/www.nettali.com\/2026\/01\/25\/liga-le-rayo-vallecano-explique-la-non-celebration-de-pathe-ciss\/#primaryimage","inLanguage":"fr-FR","url":"https:\/\/www.nettali.com\/wp-content\/uploads\/2026\/01\/images-34.jpeg","contentUrl":"https:\/\/www.nettali.com\/wp-content\/uploads\/2026\/01\/images-34.jpeg","width":640,"height":424},{"@type":"WebPage","@id":"https:\/\/www.nettali.com\/2026\/01\/25\/liga-le-rayo-vallecano-explique-la-non-celebration-de-pathe-ciss\/#webpage","url":"https:\/\/www.nettali.com\/2026\/01\/25\/liga-le-rayo-vallecano-explique-la-non-celebration-de-pathe-ciss\/","name":"LIGA - Le Rayo Vallecano explique la non c\u00e9l\u00e9bration de Path\u00e9 Ciss | Nettali.com","isPartOf":{"@id":"https:\/\/www.nettali.com\/#website"},"primaryImageOfPage":{"@id":"https:\/\/www.nettali.com\/2026\/01\/25\/liga-le-rayo-vallecano-explique-la-non-celebration-de-pathe-ciss\/#primaryimage"},"datePublished":"2026-01-25T20:44:45+00:00","dateModified":"2026-01-25T20:44:45+00:00","author":{"@id":"https:\/\/www.nettali.com\/#\/schema\/person\/bb147657c2986240405a608162b9bb23"},"breadcrumb":{"@id":"https:\/\/www.nettali.com\/2026\/01\/25\/liga-le-rayo-vallecano-explique-la-non-celebration-de-pathe-ciss\/#breadcrumb"},"inLanguage":"fr-FR","potentialAction":[{"@type":"ReadAction","target":["https:\/\/www.nettali.com\/2026\/01\/25\/liga-le-rayo-vallecano-explique-la-non-celebration-de-pathe-ciss\/"]}]},{"@type":"BreadcrumbList","@id":"https:\/\/www.nettali.com\/2026\/01\/25\/liga-le-rayo-vallecano-explique-la-non-celebration-de-pathe-ciss\/#breadcrumb","itemListElement":[{"@type":"ListItem","position":1,"name":"Accueil","item":"https:\/\/www.nettali.com\/"},{"@type":"ListItem","position":2,"name":"LIGA - Le Rayo Vallecano explique la non c\u00e9l\u00e9bration de Path\u00e9 Ciss"}]},{"@type":"Person","@id":"https:\/\/www.nettali.com\/#\/schema\/person\/bb147657c2986240405a608162b9bb23","name":"Ibrahima","image":{"@type":"ImageObject","@id":"https:\/\/www.nettali.com\/#personlogo","inLanguage":"fr-FR","url":"https:\/\/secure.gravatar.com\/avatar\/26a8a81f09f0dd7624c9d5c36c9ba3a2?s=96&d=mm&r=g","contentUrl":"https:\/\/secure.gravatar.com\/avatar\/26a8a81f09f0dd7624c9d5c36c9ba3a2?s=96&d=mm&r=g","caption":"Ibrahima"},"sameAs":["https:\/\/www.nettali.com"]}]}},"_links":{"self":[{"href":"https:\/\/www.nettali.com\/rest\/wp\/v2\/posts\/168522"}],"collection":[{"href":"https:\/\/www.nettali.com\/rest\/wp\/v2\/posts"}],"about":[{"href":"https:\/\/www.nettali.com\/rest\/wp\/v2\/types\/post"}],"author":[{"embeddable":true,"href":"https:\/\/www.nettali.com\/rest\/wp\/v2\/users\/5"}],"replies":[{"embeddable":true,"href":"https:\/\/www.nettali.com\/rest\/wp\/v2\/comments?post=168522"}],"version-history":[{"count":1,"href":"https:\/\/www.nettali.com\/rest\/wp\/v2\/posts\/168522\/revisions"}],"predecessor-version":[{"id":168523,"href":"https:\/\/www.nettali.com\/rest\/wp\/v2\/posts\/168522\/revisions\/168523"}],"wp:featuredmedia":[{"embeddable":true,"href":"https:\/\/www.nettali.com\/rest\/wp\/v2\/media\/168515"}],"wp:attachment":[{"href":"https:\/\/www.nettali.com\/rest\/wp\/v2\/media?parent=168522"}],"wp:term":[{"taxonomy":"category","embeddable":true,"href":"https:\/\/www.nettali.com\/rest\/wp\/v2\/categories?post=168522"},{"taxonomy":"post_tag","embeddable":true,"href":"https:\/\/www.nettali.com\/rest\/wp\/v2\/tags?post=168522"}],"curies":[{"name":"wp","href":"https:\/\/api.w.org\/{rel}","templated":true}]}}