{"id":168497,"date":"2026-01-25T15:41:23","date_gmt":"2026-01-25T15:41:23","guid":{"rendered":"https:\/\/www.nettali.com\/?p=168497"},"modified":"2026-01-26T11:44:22","modified_gmt":"2026-01-26T11:44:22","slug":"repartition-de-billets-pour-le-pelerinage-premiere-crise-au-sein-de-la-coalition-diomaye-president","status":"publish","type":"post","link":"https:\/\/www.nettali.com\/2026\/01\/25\/repartition-de-billets-pour-le-pelerinage-premiere-crise-au-sein-de-la-coalition-diomaye-president\/","title":{"rendered":"REPARTITION DE BILLETS POUR LE P\u00c8LERINAGE \u2013 Premi\u00e8re crise au sein de la coalition \u00ab Diomaye Pr\u00e9sident \u00bb"},"content":{"rendered":"<p data-start=\"227\" data-end=\"582\"><strong>NETTALI.COM - La coalition pr\u00e9sidentielle \u00ab Diomaye Pr\u00e9sident \u00bb fait face \u00e0 sa premi\u00e8re grande zone de turbulence depuis l\u2019arriv\u00e9e au pouvoir de Bassirou Diomaye Faye. Au c\u0153ur de la controverse : la r\u00e9partition des billets pour le p\u00e8lerinage \u00e0 La Mecque, offerts par le chef de l\u2019\u00c9tat, un dossier devenu hautement sensible au sein de la mouvance au pouvoir.<\/strong><\/p>\n<p data-start=\"584\" data-end=\"872\">La gestion du processus suscite col\u00e8re, frustration et accusations de favoritisme, ravivant des tensions internes qui fragilisent l\u2019unit\u00e9 de la coalition. Aminata Tour\u00e9, figure majeure de l\u2019appareil pr\u00e9sidentiel, est directement mise en cause par certains responsables politiques.<\/p>\n<p data-start=\"874\" data-end=\"1305\">Parmi eux, Serigne Modou Gu\u00e8ye, membre de la Conf\u00e9rence des leaders, d\u00e9nonce une gestion jug\u00e9e opaque et partiale. Il affirme que des b\u00e9n\u00e9ficiaires proches de Mme Tour\u00e9 auraient \u00e9t\u00e9 privil\u00e9gi\u00e9s, au d\u00e9triment de militants historiques de la coalition. <em>\u00ab Des personnes arriv\u00e9es tardivement sont r\u00e9compens\u00e9es, tandis que ceux qui ont soutenu Sonko et Diomaye dans les moments les plus difficiles sont ignor\u00e9s \u00bb<\/em>, a-t-il d\u00e9clar\u00e9.<\/p>\n<p data-start=\"1307\" data-end=\"1838\">Le leader de l\u2019Union Patriotique (UP\/Beug Sa R\u00ebw) va plus loin, accusant l\u2019ancienne Premi\u00e8re ministre de fragiliser d\u00e9lib\u00e9r\u00e9ment la coalition. Selon lui, certains billets auraient \u00e9t\u00e9 attribu\u00e9s \u00e0 des transfuges ayant soutenu l\u2019opposition lors de la derni\u00e8re \u00e9lection pr\u00e9sidentielle. Il \u00e9voque \u00e9galement la pr\u00e9sence, parmi les b\u00e9n\u00e9ficiaires, d\u2019un individu cit\u00e9 dans des affaires de malversations de fonds publics, qualifiant la situation d\u2019<em>\u00ab inadmissible \u00bb<\/em> et appelant le Pr\u00e9sident \u00e0 prendre ses responsabilit\u00e9s.<\/p>\n<p data-start=\"1840\" data-end=\"2221\">Serigne Modou Gu\u00e8ye estime par ailleurs que cette pol\u00e9mique s\u2019inscrit dans une continuit\u00e9, rappelant l\u2019\u00e9pisode controvers\u00e9 de la r\u00e9ception de la Coupe d\u2019Afrique des Nations 2025 au Palais pr\u00e9sidentiel, o\u00f9 la distribution des invitations aurait, selon lui, manqu\u00e9 de transparence. Il s\u2019interroge sur l\u2019\u00e9ventualit\u00e9 d\u2019un agenda cach\u00e9 et appelle \u00e0 un changement de m\u00e9thode.<\/p>\n<p data-start=\"2223\" data-end=\"2466\">Cette affaire, qui prend de l\u2019ampleur dans l\u2019opinion et au sein des cercles politiques, menace la coh\u00e9sion de la coalition pr\u00e9sidentielle, \u00e0 un moment jug\u00e9 crucial pour la stabilit\u00e9 politique et la mise en \u0153uvre des r\u00e9formes de l\u2019\u00c9tat.<\/p>\n<div class='share-to-whatsapp-wrapper'><div class='share-on-whsp'>PARTAGER SUR : <\/div><a data-text='REPARTITION DE BILLETS POUR LE P\u00c8LERINAGE \u2013 Premi\u00e8re crise au sein de la coalition \u00ab Diomaye Pr\u00e9sident \u00bb' data-link='https:\/\/www.nettali.com\/2026\/01\/25\/repartition-de-billets-pour-le-pelerinage-premiere-crise-au-sein-de-la-coalition-diomaye-president\/' class='whatsapp-button whatsapp-share'>WhatsApp<\/a><div class='clear '><\/div><\/div>","protected":false},"excerpt":{"rendered":"<p>NETTALI.COM - La coalition pr\u00e9sidentielle \u00ab Diomaye Pr\u00e9sident \u00bb fait face \u00e0 sa premi\u00e8re grande zone de turbulence depuis l\u2019arriv\u00e9e au pouvoir de Bassirou Diomaye Faye. Au c\u0153ur de la controverse : la r\u00e9partition des billets pour le p\u00e8lerinage \u00e0 La Mecque, offerts par le chef de l\u2019\u00c9tat, un dossier devenu hautement sensible au sein [&hellip;]<\/p>\n","protected":false},"author":4,"featured_media":164811,"comment_status":"open","ping_status":"open","sticky":false,"template":"","format":"standard","meta":{"_et_pb_use_builder":"","_et_pb_old_content":""},"categories":[2],"tags":[],"yoast_head":"<!-- This site is optimized with the Yoast SEO Premium plugin v17.8 (Yoast SEO v17.8) - https:\/\/yoast.com\/wordpress\/plugins\/seo\/ -->\n<title>REPARTITION DE BILLETS POUR LE P\u00c8LERINAGE \u2013 Premi\u00e8re crise au sein de la coalition \u00ab Diomaye Pr\u00e9sident \u00bb | Nettali.com<\/title>\n<meta name=\"robots\" content=\"index, follow, max-snippet:-1, max-image-preview:large, max-video-preview:-1\" \/>\n<link rel=\"canonical\" href=\"https:\/\/www.nettali.com\/2026\/01\/25\/repartition-de-billets-pour-le-pelerinage-premiere-crise-au-sein-de-la-coalition-diomaye-president\/\" \/>\n<meta property=\"og:locale\" content=\"fr_FR\" \/>\n<meta property=\"og:type\" content=\"article\" \/>\n<meta property=\"og:title\" content=\"REPARTITION DE BILLETS POUR LE P\u00c8LERINAGE \u2013 Premi\u00e8re crise au sein de la coalition \u00ab Diomaye Pr\u00e9sident \u00bb\" \/>\n<meta property=\"og:description\" content=\"NETTALI.COM - La coalition pr\u00e9sidentielle \u00ab Diomaye Pr\u00e9sident \u00bb fait face \u00e0 sa premi\u00e8re grande zone de turbulence depuis l\u2019arriv\u00e9e au pouvoir de Bassirou Diomaye Faye. Au c\u0153ur de la controverse : la r\u00e9partition des billets pour le p\u00e8lerinage \u00e0 La Mecque, offerts par le chef de l\u2019\u00c9tat, un dossier devenu hautement sensible au sein [&hellip;]\" \/>\n<meta property=\"og:url\" content=\"https:\/\/www.nettali.com\/2026\/01\/25\/repartition-de-billets-pour-le-pelerinage-premiere-crise-au-sein-de-la-coalition-diomaye-president\/\" \/>\n<meta property=\"og:site_name\" content=\"Nettali.com\" \/>\n<meta property=\"article:publisher\" content=\"https:\/\/www.facebook.com\/nettalicom\" \/>\n<meta property=\"article:published_time\" content=\"2026-01-25T15:41:23+00:00\" \/>\n<meta property=\"article:modified_time\" content=\"2026-01-26T11:44:22+00:00\" \/>\n<meta property=\"og:image\" content=\"https:\/\/www.nettali.com\/wp-content\/uploads\/2025\/11\/MIMI-DIOMAYE.png\" \/>\n\t<meta property=\"og:image:width\" content=\"822\" \/>\n\t<meta property=\"og:image:height\" content=\"425\" \/>\n<meta name=\"twitter:card\" content=\"summary_large_image\" \/>\n<meta name=\"twitter:label1\" content=\"\u00c9crit par\" \/>\n\t<meta name=\"twitter:data1\" content=\"Daouda\" \/>\n\t<meta name=\"twitter:label2\" content=\"Dur\u00e9e de lecture estim\u00e9e\" \/>\n\t<meta name=\"twitter:data2\" content=\"2 minutes\" \/>\n<script type=\"application\/ld+json\" class=\"yoast-schema-graph\">{\"@context\":\"https:\/\/schema.org\",\"@graph\":[{\"@type\":\"WebSite\",\"@id\":\"https:\/\/www.nettali.com\/#website\",\"url\":\"https:\/\/www.nettali.com\/\",\"name\":\"Nettali.com\",\"description\":\"Le rendez-vous critique du Net\",\"potentialAction\":[{\"@type\":\"SearchAction\",\"target\":{\"@type\":\"EntryPoint\",\"urlTemplate\":\"https:\/\/www.nettali.com\/?s={search_term_string}\"},\"query-input\":\"required name=search_term_string\"}],\"inLanguage\":\"fr-FR\"},{\"@type\":\"ImageObject\",\"@id\":\"https:\/\/www.nettali.com\/2026\/01\/25\/repartition-de-billets-pour-le-pelerinage-premiere-crise-au-sein-de-la-coalition-diomaye-president\/#primaryimage\",\"inLanguage\":\"fr-FR\",\"url\":\"https:\/\/www.nettali.com\/wp-content\/uploads\/2025\/11\/MIMI-DIOMAYE.png\",\"contentUrl\":\"https:\/\/www.nettali.com\/wp-content\/uploads\/2025\/11\/MIMI-DIOMAYE.png\",\"width\":822,\"height\":425},{\"@type\":\"WebPage\",\"@id\":\"https:\/\/www.nettali.com\/2026\/01\/25\/repartition-de-billets-pour-le-pelerinage-premiere-crise-au-sein-de-la-coalition-diomaye-president\/#webpage\",\"url\":\"https:\/\/www.nettali.com\/2026\/01\/25\/repartition-de-billets-pour-le-pelerinage-premiere-crise-au-sein-de-la-coalition-diomaye-president\/\",\"name\":\"REPARTITION DE BILLETS POUR LE P\\u00c8LERINAGE \\u2013 Premi\\u00e8re crise au sein de la coalition \\u00ab Diomaye Pr\\u00e9sident \\u00bb | Nettali.com\",\"isPartOf\":{\"@id\":\"https:\/\/www.nettali.com\/#website\"},\"primaryImageOfPage\":{\"@id\":\"https:\/\/www.nettali.com\/2026\/01\/25\/repartition-de-billets-pour-le-pelerinage-premiere-crise-au-sein-de-la-coalition-diomaye-president\/#primaryimage\"},\"datePublished\":\"2026-01-25T15:41:23+00:00\",\"dateModified\":\"2026-01-26T11:44:22+00:00\",\"author\":{\"@id\":\"https:\/\/www.nettali.com\/#\/schema\/person\/3317e0bb3aa1da309fbf7b2780901bf4\"},\"breadcrumb\":{\"@id\":\"https:\/\/www.nettali.com\/2026\/01\/25\/repartition-de-billets-pour-le-pelerinage-premiere-crise-au-sein-de-la-coalition-diomaye-president\/#breadcrumb\"},\"inLanguage\":\"fr-FR\",\"potentialAction\":[{\"@type\":\"ReadAction\",\"target\":[\"https:\/\/www.nettali.com\/2026\/01\/25\/repartition-de-billets-pour-le-pelerinage-premiere-crise-au-sein-de-la-coalition-diomaye-president\/\"]}]},{\"@type\":\"BreadcrumbList\",\"@id\":\"https:\/\/www.nettali.com\/2026\/01\/25\/repartition-de-billets-pour-le-pelerinage-premiere-crise-au-sein-de-la-coalition-diomaye-president\/#breadcrumb\",\"itemListElement\":[{\"@type\":\"ListItem\",\"position\":1,\"name\":\"Accueil\",\"item\":\"https:\/\/www.nettali.com\/\"},{\"@type\":\"ListItem\",\"position\":2,\"name\":\"REPARTITION DE BILLETS POUR LE P\\u00c8LERINAGE \\u2013 Premi\\u00e8re crise au sein de la coalition \\u00ab Diomaye Pr\\u00e9sident \\u00bb\"}]},{\"@type\":\"Person\",\"@id\":\"https:\/\/www.nettali.com\/#\/schema\/person\/3317e0bb3aa1da309fbf7b2780901bf4\",\"name\":\"Daouda\",\"image\":{\"@type\":\"ImageObject\",\"@id\":\"https:\/\/www.nettali.com\/#personlogo\",\"inLanguage\":\"fr-FR\",\"url\":\"https:\/\/secure.gravatar.com\/avatar\/8d143b5a49345098ddcfee1c49c2f47c?s=96&d=mm&r=g\",\"contentUrl\":\"https:\/\/secure.gravatar.com\/avatar\/8d143b5a49345098ddcfee1c49c2f47c?s=96&d=mm&r=g\",\"caption\":\"Daouda\"},\"sameAs\":[\"https:\/\/www.nettali.com\"]}]}<\/script>\n<!-- \/ Yoast SEO Premium plugin. -->","yoast_head_json":{"title":"REPARTITION DE BILLETS POUR LE P\u00c8LERINAGE \u2013 Premi\u00e8re crise au sein de la coalition \u00ab Diomaye Pr\u00e9sident \u00bb | Nettali.com","robots":{"index":"index","follow":"follow","max-snippet":"max-snippet:-1","max-image-preview":"max-image-preview:large","max-video-preview":"max-video-preview:-1"},"canonical":"https:\/\/www.nettali.com\/2026\/01\/25\/repartition-de-billets-pour-le-pelerinage-premiere-crise-au-sein-de-la-coalition-diomaye-president\/","og_locale":"fr_FR","og_type":"article","og_title":"REPARTITION DE BILLETS POUR LE P\u00c8LERINAGE \u2013 Premi\u00e8re crise au sein de la coalition \u00ab Diomaye Pr\u00e9sident \u00bb","og_description":"NETTALI.COM - La coalition pr\u00e9sidentielle \u00ab Diomaye Pr\u00e9sident \u00bb fait face \u00e0 sa premi\u00e8re grande zone de turbulence depuis l\u2019arriv\u00e9e au pouvoir de Bassirou Diomaye Faye. Au c\u0153ur de la controverse : la r\u00e9partition des billets pour le p\u00e8lerinage \u00e0 La Mecque, offerts par le chef de l\u2019\u00c9tat, un dossier devenu hautement sensible au sein [&hellip;]","og_url":"https:\/\/www.nettali.com\/2026\/01\/25\/repartition-de-billets-pour-le-pelerinage-premiere-crise-au-sein-de-la-coalition-diomaye-president\/","og_site_name":"Nettali.com","article_publisher":"https:\/\/www.facebook.com\/nettalicom","article_published_time":"2026-01-25T15:41:23+00:00","article_modified_time":"2026-01-26T11:44:22+00:00","og_image":[{"width":822,"height":425,"url":"https:\/\/www.nettali.com\/wp-content\/uploads\/2025\/11\/MIMI-DIOMAYE.png","type":"image\/png"}],"twitter_card":"summary_large_image","twitter_misc":{"\u00c9crit par":"Daouda","Dur\u00e9e de lecture estim\u00e9e":"2 minutes"},"schema":{"@context":"https:\/\/schema.org","@graph":[{"@type":"WebSite","@id":"https:\/\/www.nettali.com\/#website","url":"https:\/\/www.nettali.com\/","name":"Nettali.com","description":"Le rendez-vous critique du Net","potentialAction":[{"@type":"SearchAction","target":{"@type":"EntryPoint","urlTemplate":"https:\/\/www.nettali.com\/?s={search_term_string}"},"query-input":"required name=search_term_string"}],"inLanguage":"fr-FR"},{"@type":"ImageObject","@id":"https:\/\/www.nettali.com\/2026\/01\/25\/repartition-de-billets-pour-le-pelerinage-premiere-crise-au-sein-de-la-coalition-diomaye-president\/#primaryimage","inLanguage":"fr-FR","url":"https:\/\/www.nettali.com\/wp-content\/uploads\/2025\/11\/MIMI-DIOMAYE.png","contentUrl":"https:\/\/www.nettali.com\/wp-content\/uploads\/2025\/11\/MIMI-DIOMAYE.png","width":822,"height":425},{"@type":"WebPage","@id":"https:\/\/www.nettali.com\/2026\/01\/25\/repartition-de-billets-pour-le-pelerinage-premiere-crise-au-sein-de-la-coalition-diomaye-president\/#webpage","url":"https:\/\/www.nettali.com\/2026\/01\/25\/repartition-de-billets-pour-le-pelerinage-premiere-crise-au-sein-de-la-coalition-diomaye-president\/","name":"REPARTITION DE BILLETS POUR LE P\u00c8LERINAGE \u2013 Premi\u00e8re crise au sein de la coalition \u00ab Diomaye Pr\u00e9sident \u00bb | Nettali.com","isPartOf":{"@id":"https:\/\/www.nettali.com\/#website"},"primaryImageOfPage":{"@id":"https:\/\/www.nettali.com\/2026\/01\/25\/repartition-de-billets-pour-le-pelerinage-premiere-crise-au-sein-de-la-coalition-diomaye-president\/#primaryimage"},"datePublished":"2026-01-25T15:41:23+00:00","dateModified":"2026-01-26T11:44:22+00:00","author":{"@id":"https:\/\/www.nettali.com\/#\/schema\/person\/3317e0bb3aa1da309fbf7b2780901bf4"},"breadcrumb":{"@id":"https:\/\/www.nettali.com\/2026\/01\/25\/repartition-de-billets-pour-le-pelerinage-premiere-crise-au-sein-de-la-coalition-diomaye-president\/#breadcrumb"},"inLanguage":"fr-FR","potentialAction":[{"@type":"ReadAction","target":["https:\/\/www.nettali.com\/2026\/01\/25\/repartition-de-billets-pour-le-pelerinage-premiere-crise-au-sein-de-la-coalition-diomaye-president\/"]}]},{"@type":"BreadcrumbList","@id":"https:\/\/www.nettali.com\/2026\/01\/25\/repartition-de-billets-pour-le-pelerinage-premiere-crise-au-sein-de-la-coalition-diomaye-president\/#breadcrumb","itemListElement":[{"@type":"ListItem","position":1,"name":"Accueil","item":"https:\/\/www.nettali.com\/"},{"@type":"ListItem","position":2,"name":"REPARTITION DE BILLETS POUR LE P\u00c8LERINAGE \u2013 Premi\u00e8re crise au sein de la coalition \u00ab Diomaye Pr\u00e9sident \u00bb"}]},{"@type":"Person","@id":"https:\/\/www.nettali.com\/#\/schema\/person\/3317e0bb3aa1da309fbf7b2780901bf4","name":"Daouda","image":{"@type":"ImageObject","@id":"https:\/\/www.nettali.com\/#personlogo","inLanguage":"fr-FR","url":"https:\/\/secure.gravatar.com\/avatar\/8d143b5a49345098ddcfee1c49c2f47c?s=96&d=mm&r=g","contentUrl":"https:\/\/secure.gravatar.com\/avatar\/8d143b5a49345098ddcfee1c49c2f47c?s=96&d=mm&r=g","caption":"Daouda"},"sameAs":["https:\/\/www.nettali.com"]}]}},"_links":{"self":[{"href":"https:\/\/www.nettali.com\/rest\/wp\/v2\/posts\/168497"}],"collection":[{"href":"https:\/\/www.nettali.com\/rest\/wp\/v2\/posts"}],"about":[{"href":"https:\/\/www.nettali.com\/rest\/wp\/v2\/types\/post"}],"author":[{"embeddable":true,"href":"https:\/\/www.nettali.com\/rest\/wp\/v2\/users\/4"}],"replies":[{"embeddable":true,"href":"https:\/\/www.nettali.com\/rest\/wp\/v2\/comments?post=168497"}],"version-history":[{"count":1,"href":"https:\/\/www.nettali.com\/rest\/wp\/v2\/posts\/168497\/revisions"}],"predecessor-version":[{"id":168498,"href":"https:\/\/www.nettali.com\/rest\/wp\/v2\/posts\/168497\/revisions\/168498"}],"wp:featuredmedia":[{"embeddable":true,"href":"https:\/\/www.nettali.com\/rest\/wp\/v2\/media\/164811"}],"wp:attachment":[{"href":"https:\/\/www.nettali.com\/rest\/wp\/v2\/media?parent=168497"}],"wp:term":[{"taxonomy":"category","embeddable":true,"href":"https:\/\/www.nettali.com\/rest\/wp\/v2\/categories?post=168497"},{"taxonomy":"post_tag","embeddable":true,"href":"https:\/\/www.nettali.com\/rest\/wp\/v2\/tags?post=168497"}],"curies":[{"name":"wp","href":"https:\/\/api.w.org\/{rel}","templated":true}]}}