{"id":168490,"date":"2026-01-24T20:56:13","date_gmt":"2026-01-24T20:56:13","guid":{"rendered":"https:\/\/www.nettali.com\/?p=168490"},"modified":"2026-01-24T18:59:15","modified_gmt":"2026-01-24T18:59:15","slug":"polemique-autour-de-pape-thiaw-diomansy-kamara-monte-au-creneau-pour-defendre-le-selectionneur","status":"publish","type":"post","link":"https:\/\/www.nettali.com\/2026\/01\/24\/polemique-autour-de-pape-thiaw-diomansy-kamara-monte-au-creneau-pour-defendre-le-selectionneur\/","title":{"rendered":"POL\u00c9MIQUE AUTOUR DE PAPE THIAW : Diomansy Kamara monte au cr\u00e9neau pour d\u00e9fendre le s\u00e9lectionneur"},"content":{"rendered":"<p data-start=\"235\" data-end=\"448\"><strong>NETTALI.COM - Alors que l\u2019\u00e9quipe nationale du S\u00e9n\u00e9gal et son s\u00e9lectionneur Pape Thiaw font l\u2019objet de critiques nourries, Diomansy Kamara est sorti de son silence pour apporter un soutien ferme au technicien s\u00e9n\u00e9galais.<\/strong><\/p>\n<p data-start=\"450\" data-end=\"741\">Dans une tribune publi\u00e9e sur Instagram, l\u2019ancien international a d\u00e9nonc\u00e9 ce qu\u2019il qualifie de \u00ab bashing \u00bb visant l\u2019entra\u00eeneur des Lions, rappelant que ce dernier a agi, selon lui, en coh\u00e9rence avec les valeurs et principes du peuple s\u00e9n\u00e9galais, notamment le refus de l\u2019injustice.<\/p>\n<p data-start=\"743\" data-end=\"1088\">Diomansy Kamara s\u2019insurge \u00e9galement contre les accusations selon lesquelles le S\u00e9n\u00e9gal aurait <em>\u00ab \u00e9corn\u00e9 l\u2019image de l\u2019Afrique \u00bb<\/em>, interrogeant la l\u00e9gitimit\u00e9 de ceux qui portent ces critiques. Il estime que la pol\u00e9mique ne porte pas sur l\u2019image du continent, mais sur la volont\u00e9 du S\u00e9n\u00e9gal de faire entendre sa voix et d\u2019assumer sa position.<\/p>\n<p data-start=\"1090\" data-end=\"1311\">L\u2019ancien joueur r\u00e9affirme par ailleurs que le titre continental remport\u00e9 par le S\u00e9n\u00e9gal demeure incontestable, quelles que soient les sanctions \u00e9ventuelles, et appelle \u00e0 la solidarit\u00e9 nationale autour de l\u2019\u00e9quipe.<\/p>\n<p data-start=\"1313\" data-end=\"1608\">Dans son message, il invoque aussi la pens\u00e9e de Malcolm X, \u00e9tablissant un parall\u00e8le entre ceux qui acceptent l\u2019injustice et ceux qui choisissent de r\u00e9sister et de lutter contre l\u2019oppression. Il conclut en affirmant la d\u00e9termination de ne plus \u00ab courber l\u2019\u00e9chine \u00bb face aux pressions.<\/p>\n<div class='share-to-whatsapp-wrapper'><div class='share-on-whsp'>PARTAGER SUR : <\/div><a data-text='POL\u00c9MIQUE AUTOUR DE PAPE THIAW : Diomansy Kamara monte au cr\u00e9neau pour d\u00e9fendre le s\u00e9lectionneur' data-link='https:\/\/www.nettali.com\/2026\/01\/24\/polemique-autour-de-pape-thiaw-diomansy-kamara-monte-au-creneau-pour-defendre-le-selectionneur\/' class='whatsapp-button whatsapp-share'>WhatsApp<\/a><div class='clear '><\/div><\/div>","protected":false},"excerpt":{"rendered":"<p>NETTALI.COM - Alors que l\u2019\u00e9quipe nationale du S\u00e9n\u00e9gal et son s\u00e9lectionneur Pape Thiaw font l\u2019objet de critiques nourries, Diomansy Kamara est sorti de son silence pour apporter un soutien ferme au technicien s\u00e9n\u00e9galais. Dans une tribune publi\u00e9e sur Instagram, l\u2019ancien international a d\u00e9nonc\u00e9 ce qu\u2019il qualifie de \u00ab bashing \u00bb visant l\u2019entra\u00eeneur des Lions, rappelant [&hellip;]<\/p>\n","protected":false},"author":4,"featured_media":162514,"comment_status":"open","ping_status":"open","sticky":false,"template":"","format":"standard","meta":{"_et_pb_use_builder":"","_et_pb_old_content":""},"categories":[6],"tags":[],"yoast_head":"<!-- This site is optimized with the Yoast SEO Premium plugin v17.8 (Yoast SEO v17.8) - https:\/\/yoast.com\/wordpress\/plugins\/seo\/ -->\n<title>POL\u00c9MIQUE AUTOUR DE PAPE THIAW : Diomansy Kamara monte au cr\u00e9neau pour d\u00e9fendre le s\u00e9lectionneur | Nettali.com<\/title>\n<meta name=\"robots\" content=\"index, follow, max-snippet:-1, max-image-preview:large, max-video-preview:-1\" \/>\n<link rel=\"canonical\" href=\"https:\/\/www.nettali.com\/2026\/01\/24\/polemique-autour-de-pape-thiaw-diomansy-kamara-monte-au-creneau-pour-defendre-le-selectionneur\/\" \/>\n<meta property=\"og:locale\" content=\"fr_FR\" \/>\n<meta property=\"og:type\" content=\"article\" \/>\n<meta property=\"og:title\" content=\"POL\u00c9MIQUE AUTOUR DE PAPE THIAW : Diomansy Kamara monte au cr\u00e9neau pour d\u00e9fendre le s\u00e9lectionneur\" \/>\n<meta property=\"og:description\" content=\"NETTALI.COM - Alors que l\u2019\u00e9quipe nationale du S\u00e9n\u00e9gal et son s\u00e9lectionneur Pape Thiaw font l\u2019objet de critiques nourries, Diomansy Kamara est sorti de son silence pour apporter un soutien ferme au technicien s\u00e9n\u00e9galais. Dans une tribune publi\u00e9e sur Instagram, l\u2019ancien international a d\u00e9nonc\u00e9 ce qu\u2019il qualifie de \u00ab bashing \u00bb visant l\u2019entra\u00eeneur des Lions, rappelant [&hellip;]\" \/>\n<meta property=\"og:url\" content=\"https:\/\/www.nettali.com\/2026\/01\/24\/polemique-autour-de-pape-thiaw-diomansy-kamara-monte-au-creneau-pour-defendre-le-selectionneur\/\" \/>\n<meta property=\"og:site_name\" content=\"Nettali.com\" \/>\n<meta property=\"article:publisher\" content=\"https:\/\/www.facebook.com\/nettalicom\" \/>\n<meta property=\"article:published_time\" content=\"2026-01-24T20:56:13+00:00\" \/>\n<meta property=\"article:modified_time\" content=\"2026-01-24T18:59:15+00:00\" \/>\n<meta property=\"og:image\" content=\"https:\/\/www.nettali.com\/wp-content\/uploads\/2025\/10\/Diomansy-Kamara.jpg\" \/>\n\t<meta property=\"og:image:width\" content=\"600\" \/>\n\t<meta property=\"og:image:height\" content=\"351\" \/>\n<meta name=\"twitter:card\" content=\"summary_large_image\" \/>\n<meta name=\"twitter:label1\" content=\"\u00c9crit par\" \/>\n\t<meta name=\"twitter:data1\" content=\"Daouda\" \/>\n\t<meta name=\"twitter:label2\" content=\"Dur\u00e9e de lecture estim\u00e9e\" \/>\n\t<meta name=\"twitter:data2\" content=\"2 minutes\" \/>\n<script type=\"application\/ld+json\" class=\"yoast-schema-graph\">{\"@context\":\"https:\/\/schema.org\",\"@graph\":[{\"@type\":\"WebSite\",\"@id\":\"https:\/\/www.nettali.com\/#website\",\"url\":\"https:\/\/www.nettali.com\/\",\"name\":\"Nettali.com\",\"description\":\"Le rendez-vous critique du Net\",\"potentialAction\":[{\"@type\":\"SearchAction\",\"target\":{\"@type\":\"EntryPoint\",\"urlTemplate\":\"https:\/\/www.nettali.com\/?s={search_term_string}\"},\"query-input\":\"required name=search_term_string\"}],\"inLanguage\":\"fr-FR\"},{\"@type\":\"ImageObject\",\"@id\":\"https:\/\/www.nettali.com\/2026\/01\/24\/polemique-autour-de-pape-thiaw-diomansy-kamara-monte-au-creneau-pour-defendre-le-selectionneur\/#primaryimage\",\"inLanguage\":\"fr-FR\",\"url\":\"https:\/\/www.nettali.com\/wp-content\/uploads\/2025\/10\/Diomansy-Kamara.jpg\",\"contentUrl\":\"https:\/\/www.nettali.com\/wp-content\/uploads\/2025\/10\/Diomansy-Kamara.jpg\",\"width\":600,\"height\":351},{\"@type\":\"WebPage\",\"@id\":\"https:\/\/www.nettali.com\/2026\/01\/24\/polemique-autour-de-pape-thiaw-diomansy-kamara-monte-au-creneau-pour-defendre-le-selectionneur\/#webpage\",\"url\":\"https:\/\/www.nettali.com\/2026\/01\/24\/polemique-autour-de-pape-thiaw-diomansy-kamara-monte-au-creneau-pour-defendre-le-selectionneur\/\",\"name\":\"POL\\u00c9MIQUE AUTOUR DE PAPE THIAW : Diomansy Kamara monte au cr\\u00e9neau pour d\\u00e9fendre le s\\u00e9lectionneur | Nettali.com\",\"isPartOf\":{\"@id\":\"https:\/\/www.nettali.com\/#website\"},\"primaryImageOfPage\":{\"@id\":\"https:\/\/www.nettali.com\/2026\/01\/24\/polemique-autour-de-pape-thiaw-diomansy-kamara-monte-au-creneau-pour-defendre-le-selectionneur\/#primaryimage\"},\"datePublished\":\"2026-01-24T20:56:13+00:00\",\"dateModified\":\"2026-01-24T18:59:15+00:00\",\"author\":{\"@id\":\"https:\/\/www.nettali.com\/#\/schema\/person\/3317e0bb3aa1da309fbf7b2780901bf4\"},\"breadcrumb\":{\"@id\":\"https:\/\/www.nettali.com\/2026\/01\/24\/polemique-autour-de-pape-thiaw-diomansy-kamara-monte-au-creneau-pour-defendre-le-selectionneur\/#breadcrumb\"},\"inLanguage\":\"fr-FR\",\"potentialAction\":[{\"@type\":\"ReadAction\",\"target\":[\"https:\/\/www.nettali.com\/2026\/01\/24\/polemique-autour-de-pape-thiaw-diomansy-kamara-monte-au-creneau-pour-defendre-le-selectionneur\/\"]}]},{\"@type\":\"BreadcrumbList\",\"@id\":\"https:\/\/www.nettali.com\/2026\/01\/24\/polemique-autour-de-pape-thiaw-diomansy-kamara-monte-au-creneau-pour-defendre-le-selectionneur\/#breadcrumb\",\"itemListElement\":[{\"@type\":\"ListItem\",\"position\":1,\"name\":\"Accueil\",\"item\":\"https:\/\/www.nettali.com\/\"},{\"@type\":\"ListItem\",\"position\":2,\"name\":\"POL\\u00c9MIQUE AUTOUR DE PAPE THIAW : Diomansy Kamara monte au cr\\u00e9neau pour d\\u00e9fendre le s\\u00e9lectionneur\"}]},{\"@type\":\"Person\",\"@id\":\"https:\/\/www.nettali.com\/#\/schema\/person\/3317e0bb3aa1da309fbf7b2780901bf4\",\"name\":\"Daouda\",\"image\":{\"@type\":\"ImageObject\",\"@id\":\"https:\/\/www.nettali.com\/#personlogo\",\"inLanguage\":\"fr-FR\",\"url\":\"https:\/\/secure.gravatar.com\/avatar\/8d143b5a49345098ddcfee1c49c2f47c?s=96&d=mm&r=g\",\"contentUrl\":\"https:\/\/secure.gravatar.com\/avatar\/8d143b5a49345098ddcfee1c49c2f47c?s=96&d=mm&r=g\",\"caption\":\"Daouda\"},\"sameAs\":[\"https:\/\/www.nettali.com\"]}]}<\/script>\n<!-- \/ Yoast SEO Premium plugin. -->","yoast_head_json":{"title":"POL\u00c9MIQUE AUTOUR DE PAPE THIAW : Diomansy Kamara monte au cr\u00e9neau pour d\u00e9fendre le s\u00e9lectionneur | Nettali.com","robots":{"index":"index","follow":"follow","max-snippet":"max-snippet:-1","max-image-preview":"max-image-preview:large","max-video-preview":"max-video-preview:-1"},"canonical":"https:\/\/www.nettali.com\/2026\/01\/24\/polemique-autour-de-pape-thiaw-diomansy-kamara-monte-au-creneau-pour-defendre-le-selectionneur\/","og_locale":"fr_FR","og_type":"article","og_title":"POL\u00c9MIQUE AUTOUR DE PAPE THIAW : Diomansy Kamara monte au cr\u00e9neau pour d\u00e9fendre le s\u00e9lectionneur","og_description":"NETTALI.COM - Alors que l\u2019\u00e9quipe nationale du S\u00e9n\u00e9gal et son s\u00e9lectionneur Pape Thiaw font l\u2019objet de critiques nourries, Diomansy Kamara est sorti de son silence pour apporter un soutien ferme au technicien s\u00e9n\u00e9galais. Dans une tribune publi\u00e9e sur Instagram, l\u2019ancien international a d\u00e9nonc\u00e9 ce qu\u2019il qualifie de \u00ab bashing \u00bb visant l\u2019entra\u00eeneur des Lions, rappelant [&hellip;]","og_url":"https:\/\/www.nettali.com\/2026\/01\/24\/polemique-autour-de-pape-thiaw-diomansy-kamara-monte-au-creneau-pour-defendre-le-selectionneur\/","og_site_name":"Nettali.com","article_publisher":"https:\/\/www.facebook.com\/nettalicom","article_published_time":"2026-01-24T20:56:13+00:00","article_modified_time":"2026-01-24T18:59:15+00:00","og_image":[{"width":600,"height":351,"url":"https:\/\/www.nettali.com\/wp-content\/uploads\/2025\/10\/Diomansy-Kamara.jpg","type":"image\/jpeg"}],"twitter_card":"summary_large_image","twitter_misc":{"\u00c9crit par":"Daouda","Dur\u00e9e de lecture estim\u00e9e":"2 minutes"},"schema":{"@context":"https:\/\/schema.org","@graph":[{"@type":"WebSite","@id":"https:\/\/www.nettali.com\/#website","url":"https:\/\/www.nettali.com\/","name":"Nettali.com","description":"Le rendez-vous critique du Net","potentialAction":[{"@type":"SearchAction","target":{"@type":"EntryPoint","urlTemplate":"https:\/\/www.nettali.com\/?s={search_term_string}"},"query-input":"required name=search_term_string"}],"inLanguage":"fr-FR"},{"@type":"ImageObject","@id":"https:\/\/www.nettali.com\/2026\/01\/24\/polemique-autour-de-pape-thiaw-diomansy-kamara-monte-au-creneau-pour-defendre-le-selectionneur\/#primaryimage","inLanguage":"fr-FR","url":"https:\/\/www.nettali.com\/wp-content\/uploads\/2025\/10\/Diomansy-Kamara.jpg","contentUrl":"https:\/\/www.nettali.com\/wp-content\/uploads\/2025\/10\/Diomansy-Kamara.jpg","width":600,"height":351},{"@type":"WebPage","@id":"https:\/\/www.nettali.com\/2026\/01\/24\/polemique-autour-de-pape-thiaw-diomansy-kamara-monte-au-creneau-pour-defendre-le-selectionneur\/#webpage","url":"https:\/\/www.nettali.com\/2026\/01\/24\/polemique-autour-de-pape-thiaw-diomansy-kamara-monte-au-creneau-pour-defendre-le-selectionneur\/","name":"POL\u00c9MIQUE AUTOUR DE PAPE THIAW : Diomansy Kamara monte au cr\u00e9neau pour d\u00e9fendre le s\u00e9lectionneur | Nettali.com","isPartOf":{"@id":"https:\/\/www.nettali.com\/#website"},"primaryImageOfPage":{"@id":"https:\/\/www.nettali.com\/2026\/01\/24\/polemique-autour-de-pape-thiaw-diomansy-kamara-monte-au-creneau-pour-defendre-le-selectionneur\/#primaryimage"},"datePublished":"2026-01-24T20:56:13+00:00","dateModified":"2026-01-24T18:59:15+00:00","author":{"@id":"https:\/\/www.nettali.com\/#\/schema\/person\/3317e0bb3aa1da309fbf7b2780901bf4"},"breadcrumb":{"@id":"https:\/\/www.nettali.com\/2026\/01\/24\/polemique-autour-de-pape-thiaw-diomansy-kamara-monte-au-creneau-pour-defendre-le-selectionneur\/#breadcrumb"},"inLanguage":"fr-FR","potentialAction":[{"@type":"ReadAction","target":["https:\/\/www.nettali.com\/2026\/01\/24\/polemique-autour-de-pape-thiaw-diomansy-kamara-monte-au-creneau-pour-defendre-le-selectionneur\/"]}]},{"@type":"BreadcrumbList","@id":"https:\/\/www.nettali.com\/2026\/01\/24\/polemique-autour-de-pape-thiaw-diomansy-kamara-monte-au-creneau-pour-defendre-le-selectionneur\/#breadcrumb","itemListElement":[{"@type":"ListItem","position":1,"name":"Accueil","item":"https:\/\/www.nettali.com\/"},{"@type":"ListItem","position":2,"name":"POL\u00c9MIQUE AUTOUR DE PAPE THIAW : Diomansy Kamara monte au cr\u00e9neau pour d\u00e9fendre le s\u00e9lectionneur"}]},{"@type":"Person","@id":"https:\/\/www.nettali.com\/#\/schema\/person\/3317e0bb3aa1da309fbf7b2780901bf4","name":"Daouda","image":{"@type":"ImageObject","@id":"https:\/\/www.nettali.com\/#personlogo","inLanguage":"fr-FR","url":"https:\/\/secure.gravatar.com\/avatar\/8d143b5a49345098ddcfee1c49c2f47c?s=96&d=mm&r=g","contentUrl":"https:\/\/secure.gravatar.com\/avatar\/8d143b5a49345098ddcfee1c49c2f47c?s=96&d=mm&r=g","caption":"Daouda"},"sameAs":["https:\/\/www.nettali.com"]}]}},"_links":{"self":[{"href":"https:\/\/www.nettali.com\/rest\/wp\/v2\/posts\/168490"}],"collection":[{"href":"https:\/\/www.nettali.com\/rest\/wp\/v2\/posts"}],"about":[{"href":"https:\/\/www.nettali.com\/rest\/wp\/v2\/types\/post"}],"author":[{"embeddable":true,"href":"https:\/\/www.nettali.com\/rest\/wp\/v2\/users\/4"}],"replies":[{"embeddable":true,"href":"https:\/\/www.nettali.com\/rest\/wp\/v2\/comments?post=168490"}],"version-history":[{"count":1,"href":"https:\/\/www.nettali.com\/rest\/wp\/v2\/posts\/168490\/revisions"}],"predecessor-version":[{"id":168491,"href":"https:\/\/www.nettali.com\/rest\/wp\/v2\/posts\/168490\/revisions\/168491"}],"wp:featuredmedia":[{"embeddable":true,"href":"https:\/\/www.nettali.com\/rest\/wp\/v2\/media\/162514"}],"wp:attachment":[{"href":"https:\/\/www.nettali.com\/rest\/wp\/v2\/media?parent=168490"}],"wp:term":[{"taxonomy":"category","embeddable":true,"href":"https:\/\/www.nettali.com\/rest\/wp\/v2\/categories?post=168490"},{"taxonomy":"post_tag","embeddable":true,"href":"https:\/\/www.nettali.com\/rest\/wp\/v2\/tags?post=168490"}],"curies":[{"name":"wp","href":"https:\/\/api.w.org\/{rel}","templated":true}]}}