{"id":168488,"date":"2026-01-24T19:45:14","date_gmt":"2026-01-24T19:45:14","guid":{"rendered":"https:\/\/www.nettali.com\/?p=168488"},"modified":"2026-01-24T21:54:40","modified_gmt":"2026-01-24T21:54:40","slug":"can-2025-abdoulaye-fall-rend-un-hommage-appuye-aux-acteurs-du-sacre","status":"publish","type":"post","link":"https:\/\/www.nettali.com\/2026\/01\/24\/can-2025-abdoulaye-fall-rend-un-hommage-appuye-aux-acteurs-du-sacre\/","title":{"rendered":"CAN 2025 : Abdoulaye Fall rend un hommage appuy\u00e9 aux acteurs du sacre"},"content":{"rendered":"<p data-start=\"198\" data-end=\"449\"><strong>NETTALI.COM - Le pr\u00e9sident de la F\u00e9d\u00e9ration S\u00e9n\u00e9galaise de Football (FSF), Abdoulaye Fall, a adress\u00e9 un message solennel \u00e0 la Nation apr\u00e8s le sacre du S\u00e9n\u00e9gal \u00e0 la Coupe d\u2019Afrique des Nations 2025, remport\u00e9 \u00e0 l\u2019issue d\u2019une finale disput\u00e9e face au Maroc.<\/strong><\/p>\n<p data-start=\"451\" data-end=\"826\">Dans sa d\u00e9claration, il a exprim\u00e9 sa fiert\u00e9 et soulign\u00e9 que l\u2019engagement pris devant le peuple s\u00e9n\u00e9galais a \u00e9t\u00e9 tenu, l\u2019objectif fix\u00e9 pour le 18 janvier 2026 ayant \u00e9t\u00e9 atteint. Le pr\u00e9sident de la FSF a salu\u00e9 la discipline, le caract\u00e8re et la solidarit\u00e9 de l\u2019\u00e9quipe nationale, qui a permis au S\u00e9n\u00e9gal de confirmer son statut au sommet du football africain.<\/p>\n<p data-start=\"828\" data-end=\"1038\">Abdoulaye Fall a insist\u00e9 sur le fait que le pays ne ram\u00e8ne pas seulement le drapeau national, mais \u00e9galement le troph\u00e9e continental, symbole selon lui de constance, d\u2019excellence et de travail collectif.<\/p>\n<p data-start=\"1088\" data-end=\"1279\">Le pr\u00e9sident de la FSF a rendu un hommage particulier au s\u00e9lectionneur Pape Thiaw, qu\u2019il d\u00e9crit comme l\u2019architecte strat\u00e9gique de cette r\u00e9ussite, saluant sa vision et sa coordination.<\/p>\n<p data-start=\"1281\" data-end=\"1467\">Il a \u00e9galement mis en avant le r\u00f4le cl\u00e9 du capitaine Kalidou Koulibaly, pilier d\u00e9fensif, ainsi que celui d\u2019Idrissa Gana Gueye, salu\u00e9 pour son leadership au milieu de terrain.<\/p>\n<p data-start=\"1469\" data-end=\"1654\">Le gardien \u00c9douard Mendy a \u00e9t\u00e9 pr\u00e9sent\u00e9 comme le dernier rempart d\u00e9cisif, tandis que Sadio Man\u00e9 a \u00e9t\u00e9 f\u00e9licit\u00e9 pour son impact offensif et son rayonnement international.<\/p>\n<p data-start=\"1656\" data-end=\"1824\">Les jeunes talents ont \u00e9t\u00e9 valoris\u00e9s pour leur audace et leur cr\u00e9ativit\u00e9, et les rempla\u00e7ants pour leur contribution essentielle \u00e0 l\u2019\u00e9quilibre collectif.<\/p>\n<p data-start=\"1872\" data-end=\"2027\">Pour Abdoulaye Fall, ce sacre est avant tout celui d\u2019un collectif uni, port\u00e9 par une vision claire et le soutien constant du peuple s\u00e9n\u00e9galais.<\/p>\n<p data-start=\"2029\" data-end=\"2155\">Il conclut en affirmant que cette cons\u00e9cration d\u00e9passe l\u2019\u00e9quipe nationale et repr\u00e9sente une victoire pour toute la Nation.<\/p>\n<div class='share-to-whatsapp-wrapper'><div class='share-on-whsp'>PARTAGER SUR : <\/div><a data-text='CAN 2025 : Abdoulaye Fall rend un hommage appuy\u00e9 aux acteurs du sacre' data-link='https:\/\/www.nettali.com\/2026\/01\/24\/can-2025-abdoulaye-fall-rend-un-hommage-appuye-aux-acteurs-du-sacre\/' class='whatsapp-button whatsapp-share'>WhatsApp<\/a><div class='clear '><\/div><\/div>","protected":false},"excerpt":{"rendered":"<p>NETTALI.COM - Le pr\u00e9sident de la F\u00e9d\u00e9ration S\u00e9n\u00e9galaise de Football (FSF), Abdoulaye Fall, a adress\u00e9 un message solennel \u00e0 la Nation apr\u00e8s le sacre du S\u00e9n\u00e9gal \u00e0 la Coupe d\u2019Afrique des Nations 2025, remport\u00e9 \u00e0 l\u2019issue d\u2019une finale disput\u00e9e face au Maroc. Dans sa d\u00e9claration, il a exprim\u00e9 sa fiert\u00e9 et soulign\u00e9 que l\u2019engagement pris [&hellip;]<\/p>\n","protected":false},"author":4,"featured_media":157892,"comment_status":"open","ping_status":"open","sticky":false,"template":"","format":"standard","meta":{"_et_pb_use_builder":"","_et_pb_old_content":""},"categories":[6],"tags":[],"yoast_head":"<!-- This site is optimized with the Yoast SEO Premium plugin v17.8 (Yoast SEO v17.8) - https:\/\/yoast.com\/wordpress\/plugins\/seo\/ -->\n<title>CAN 2025 : Abdoulaye Fall rend un hommage appuy\u00e9 aux acteurs du sacre | Nettali.com<\/title>\n<meta name=\"robots\" content=\"index, follow, max-snippet:-1, max-image-preview:large, max-video-preview:-1\" \/>\n<link rel=\"canonical\" href=\"https:\/\/www.nettali.com\/2026\/01\/24\/can-2025-abdoulaye-fall-rend-un-hommage-appuye-aux-acteurs-du-sacre\/\" \/>\n<meta property=\"og:locale\" content=\"fr_FR\" \/>\n<meta property=\"og:type\" content=\"article\" \/>\n<meta property=\"og:title\" content=\"CAN 2025 : Abdoulaye Fall rend un hommage appuy\u00e9 aux acteurs du sacre\" \/>\n<meta property=\"og:description\" content=\"NETTALI.COM - Le pr\u00e9sident de la F\u00e9d\u00e9ration S\u00e9n\u00e9galaise de Football (FSF), Abdoulaye Fall, a adress\u00e9 un message solennel \u00e0 la Nation apr\u00e8s le sacre du S\u00e9n\u00e9gal \u00e0 la Coupe d\u2019Afrique des Nations 2025, remport\u00e9 \u00e0 l\u2019issue d\u2019une finale disput\u00e9e face au Maroc. Dans sa d\u00e9claration, il a exprim\u00e9 sa fiert\u00e9 et soulign\u00e9 que l\u2019engagement pris [&hellip;]\" \/>\n<meta property=\"og:url\" content=\"https:\/\/www.nettali.com\/2026\/01\/24\/can-2025-abdoulaye-fall-rend-un-hommage-appuye-aux-acteurs-du-sacre\/\" \/>\n<meta property=\"og:site_name\" content=\"Nettali.com\" \/>\n<meta property=\"article:publisher\" content=\"https:\/\/www.facebook.com\/nettalicom\" \/>\n<meta property=\"article:published_time\" content=\"2026-01-24T19:45:14+00:00\" \/>\n<meta property=\"article:modified_time\" content=\"2026-01-24T21:54:40+00:00\" \/>\n<meta property=\"og:image\" content=\"https:\/\/www.nettali.com\/wp-content\/uploads\/2025\/07\/Abdoulaye-Fall-presidence-FSF.jpg\" \/>\n\t<meta property=\"og:image:width\" content=\"1820\" \/>\n\t<meta property=\"og:image:height\" content=\"1275\" \/>\n<meta name=\"twitter:card\" content=\"summary_large_image\" \/>\n<meta name=\"twitter:label1\" content=\"\u00c9crit par\" \/>\n\t<meta name=\"twitter:data1\" content=\"Daouda\" \/>\n\t<meta name=\"twitter:label2\" content=\"Dur\u00e9e de lecture estim\u00e9e\" \/>\n\t<meta name=\"twitter:data2\" content=\"2 minutes\" \/>\n<script type=\"application\/ld+json\" class=\"yoast-schema-graph\">{\"@context\":\"https:\/\/schema.org\",\"@graph\":[{\"@type\":\"WebSite\",\"@id\":\"https:\/\/www.nettali.com\/#website\",\"url\":\"https:\/\/www.nettali.com\/\",\"name\":\"Nettali.com\",\"description\":\"Le rendez-vous critique du Net\",\"potentialAction\":[{\"@type\":\"SearchAction\",\"target\":{\"@type\":\"EntryPoint\",\"urlTemplate\":\"https:\/\/www.nettali.com\/?s={search_term_string}\"},\"query-input\":\"required name=search_term_string\"}],\"inLanguage\":\"fr-FR\"},{\"@type\":\"ImageObject\",\"@id\":\"https:\/\/www.nettali.com\/2026\/01\/24\/can-2025-abdoulaye-fall-rend-un-hommage-appuye-aux-acteurs-du-sacre\/#primaryimage\",\"inLanguage\":\"fr-FR\",\"url\":\"https:\/\/www.nettali.com\/wp-content\/uploads\/2025\/07\/Abdoulaye-Fall-presidence-FSF.jpg\",\"contentUrl\":\"https:\/\/www.nettali.com\/wp-content\/uploads\/2025\/07\/Abdoulaye-Fall-presidence-FSF.jpg\",\"width\":1820,\"height\":1275},{\"@type\":\"WebPage\",\"@id\":\"https:\/\/www.nettali.com\/2026\/01\/24\/can-2025-abdoulaye-fall-rend-un-hommage-appuye-aux-acteurs-du-sacre\/#webpage\",\"url\":\"https:\/\/www.nettali.com\/2026\/01\/24\/can-2025-abdoulaye-fall-rend-un-hommage-appuye-aux-acteurs-du-sacre\/\",\"name\":\"CAN 2025 : Abdoulaye Fall rend un hommage appuy\\u00e9 aux acteurs du sacre | Nettali.com\",\"isPartOf\":{\"@id\":\"https:\/\/www.nettali.com\/#website\"},\"primaryImageOfPage\":{\"@id\":\"https:\/\/www.nettali.com\/2026\/01\/24\/can-2025-abdoulaye-fall-rend-un-hommage-appuye-aux-acteurs-du-sacre\/#primaryimage\"},\"datePublished\":\"2026-01-24T19:45:14+00:00\",\"dateModified\":\"2026-01-24T21:54:40+00:00\",\"author\":{\"@id\":\"https:\/\/www.nettali.com\/#\/schema\/person\/3317e0bb3aa1da309fbf7b2780901bf4\"},\"breadcrumb\":{\"@id\":\"https:\/\/www.nettali.com\/2026\/01\/24\/can-2025-abdoulaye-fall-rend-un-hommage-appuye-aux-acteurs-du-sacre\/#breadcrumb\"},\"inLanguage\":\"fr-FR\",\"potentialAction\":[{\"@type\":\"ReadAction\",\"target\":[\"https:\/\/www.nettali.com\/2026\/01\/24\/can-2025-abdoulaye-fall-rend-un-hommage-appuye-aux-acteurs-du-sacre\/\"]}]},{\"@type\":\"BreadcrumbList\",\"@id\":\"https:\/\/www.nettali.com\/2026\/01\/24\/can-2025-abdoulaye-fall-rend-un-hommage-appuye-aux-acteurs-du-sacre\/#breadcrumb\",\"itemListElement\":[{\"@type\":\"ListItem\",\"position\":1,\"name\":\"Accueil\",\"item\":\"https:\/\/www.nettali.com\/\"},{\"@type\":\"ListItem\",\"position\":2,\"name\":\"CAN 2025 : Abdoulaye Fall rend un hommage appuy\\u00e9 aux acteurs du sacre\"}]},{\"@type\":\"Person\",\"@id\":\"https:\/\/www.nettali.com\/#\/schema\/person\/3317e0bb3aa1da309fbf7b2780901bf4\",\"name\":\"Daouda\",\"image\":{\"@type\":\"ImageObject\",\"@id\":\"https:\/\/www.nettali.com\/#personlogo\",\"inLanguage\":\"fr-FR\",\"url\":\"https:\/\/secure.gravatar.com\/avatar\/8d143b5a49345098ddcfee1c49c2f47c?s=96&d=mm&r=g\",\"contentUrl\":\"https:\/\/secure.gravatar.com\/avatar\/8d143b5a49345098ddcfee1c49c2f47c?s=96&d=mm&r=g\",\"caption\":\"Daouda\"},\"sameAs\":[\"https:\/\/www.nettali.com\"]}]}<\/script>\n<!-- \/ Yoast SEO Premium plugin. -->","yoast_head_json":{"title":"CAN 2025 : Abdoulaye Fall rend un hommage appuy\u00e9 aux acteurs du sacre | Nettali.com","robots":{"index":"index","follow":"follow","max-snippet":"max-snippet:-1","max-image-preview":"max-image-preview:large","max-video-preview":"max-video-preview:-1"},"canonical":"https:\/\/www.nettali.com\/2026\/01\/24\/can-2025-abdoulaye-fall-rend-un-hommage-appuye-aux-acteurs-du-sacre\/","og_locale":"fr_FR","og_type":"article","og_title":"CAN 2025 : Abdoulaye Fall rend un hommage appuy\u00e9 aux acteurs du sacre","og_description":"NETTALI.COM - Le pr\u00e9sident de la F\u00e9d\u00e9ration S\u00e9n\u00e9galaise de Football (FSF), Abdoulaye Fall, a adress\u00e9 un message solennel \u00e0 la Nation apr\u00e8s le sacre du S\u00e9n\u00e9gal \u00e0 la Coupe d\u2019Afrique des Nations 2025, remport\u00e9 \u00e0 l\u2019issue d\u2019une finale disput\u00e9e face au Maroc. Dans sa d\u00e9claration, il a exprim\u00e9 sa fiert\u00e9 et soulign\u00e9 que l\u2019engagement pris [&hellip;]","og_url":"https:\/\/www.nettali.com\/2026\/01\/24\/can-2025-abdoulaye-fall-rend-un-hommage-appuye-aux-acteurs-du-sacre\/","og_site_name":"Nettali.com","article_publisher":"https:\/\/www.facebook.com\/nettalicom","article_published_time":"2026-01-24T19:45:14+00:00","article_modified_time":"2026-01-24T21:54:40+00:00","og_image":[{"width":1820,"height":1275,"url":"https:\/\/www.nettali.com\/wp-content\/uploads\/2025\/07\/Abdoulaye-Fall-presidence-FSF.jpg","type":"image\/jpeg"}],"twitter_card":"summary_large_image","twitter_misc":{"\u00c9crit par":"Daouda","Dur\u00e9e de lecture estim\u00e9e":"2 minutes"},"schema":{"@context":"https:\/\/schema.org","@graph":[{"@type":"WebSite","@id":"https:\/\/www.nettali.com\/#website","url":"https:\/\/www.nettali.com\/","name":"Nettali.com","description":"Le rendez-vous critique du Net","potentialAction":[{"@type":"SearchAction","target":{"@type":"EntryPoint","urlTemplate":"https:\/\/www.nettali.com\/?s={search_term_string}"},"query-input":"required name=search_term_string"}],"inLanguage":"fr-FR"},{"@type":"ImageObject","@id":"https:\/\/www.nettali.com\/2026\/01\/24\/can-2025-abdoulaye-fall-rend-un-hommage-appuye-aux-acteurs-du-sacre\/#primaryimage","inLanguage":"fr-FR","url":"https:\/\/www.nettali.com\/wp-content\/uploads\/2025\/07\/Abdoulaye-Fall-presidence-FSF.jpg","contentUrl":"https:\/\/www.nettali.com\/wp-content\/uploads\/2025\/07\/Abdoulaye-Fall-presidence-FSF.jpg","width":1820,"height":1275},{"@type":"WebPage","@id":"https:\/\/www.nettali.com\/2026\/01\/24\/can-2025-abdoulaye-fall-rend-un-hommage-appuye-aux-acteurs-du-sacre\/#webpage","url":"https:\/\/www.nettali.com\/2026\/01\/24\/can-2025-abdoulaye-fall-rend-un-hommage-appuye-aux-acteurs-du-sacre\/","name":"CAN 2025 : Abdoulaye Fall rend un hommage appuy\u00e9 aux acteurs du sacre | Nettali.com","isPartOf":{"@id":"https:\/\/www.nettali.com\/#website"},"primaryImageOfPage":{"@id":"https:\/\/www.nettali.com\/2026\/01\/24\/can-2025-abdoulaye-fall-rend-un-hommage-appuye-aux-acteurs-du-sacre\/#primaryimage"},"datePublished":"2026-01-24T19:45:14+00:00","dateModified":"2026-01-24T21:54:40+00:00","author":{"@id":"https:\/\/www.nettali.com\/#\/schema\/person\/3317e0bb3aa1da309fbf7b2780901bf4"},"breadcrumb":{"@id":"https:\/\/www.nettali.com\/2026\/01\/24\/can-2025-abdoulaye-fall-rend-un-hommage-appuye-aux-acteurs-du-sacre\/#breadcrumb"},"inLanguage":"fr-FR","potentialAction":[{"@type":"ReadAction","target":["https:\/\/www.nettali.com\/2026\/01\/24\/can-2025-abdoulaye-fall-rend-un-hommage-appuye-aux-acteurs-du-sacre\/"]}]},{"@type":"BreadcrumbList","@id":"https:\/\/www.nettali.com\/2026\/01\/24\/can-2025-abdoulaye-fall-rend-un-hommage-appuye-aux-acteurs-du-sacre\/#breadcrumb","itemListElement":[{"@type":"ListItem","position":1,"name":"Accueil","item":"https:\/\/www.nettali.com\/"},{"@type":"ListItem","position":2,"name":"CAN 2025 : Abdoulaye Fall rend un hommage appuy\u00e9 aux acteurs du sacre"}]},{"@type":"Person","@id":"https:\/\/www.nettali.com\/#\/schema\/person\/3317e0bb3aa1da309fbf7b2780901bf4","name":"Daouda","image":{"@type":"ImageObject","@id":"https:\/\/www.nettali.com\/#personlogo","inLanguage":"fr-FR","url":"https:\/\/secure.gravatar.com\/avatar\/8d143b5a49345098ddcfee1c49c2f47c?s=96&d=mm&r=g","contentUrl":"https:\/\/secure.gravatar.com\/avatar\/8d143b5a49345098ddcfee1c49c2f47c?s=96&d=mm&r=g","caption":"Daouda"},"sameAs":["https:\/\/www.nettali.com"]}]}},"_links":{"self":[{"href":"https:\/\/www.nettali.com\/rest\/wp\/v2\/posts\/168488"}],"collection":[{"href":"https:\/\/www.nettali.com\/rest\/wp\/v2\/posts"}],"about":[{"href":"https:\/\/www.nettali.com\/rest\/wp\/v2\/types\/post"}],"author":[{"embeddable":true,"href":"https:\/\/www.nettali.com\/rest\/wp\/v2\/users\/4"}],"replies":[{"embeddable":true,"href":"https:\/\/www.nettali.com\/rest\/wp\/v2\/comments?post=168488"}],"version-history":[{"count":1,"href":"https:\/\/www.nettali.com\/rest\/wp\/v2\/posts\/168488\/revisions"}],"predecessor-version":[{"id":168489,"href":"https:\/\/www.nettali.com\/rest\/wp\/v2\/posts\/168488\/revisions\/168489"}],"wp:featuredmedia":[{"embeddable":true,"href":"https:\/\/www.nettali.com\/rest\/wp\/v2\/media\/157892"}],"wp:attachment":[{"href":"https:\/\/www.nettali.com\/rest\/wp\/v2\/media?parent=168488"}],"wp:term":[{"taxonomy":"category","embeddable":true,"href":"https:\/\/www.nettali.com\/rest\/wp\/v2\/categories?post=168488"},{"taxonomy":"post_tag","embeddable":true,"href":"https:\/\/www.nettali.com\/rest\/wp\/v2\/tags?post=168488"}],"curies":[{"name":"wp","href":"https:\/\/api.w.org\/{rel}","templated":true}]}}