{"id":168469,"date":"2026-01-23T23:03:33","date_gmt":"2026-01-23T23:03:33","guid":{"rendered":"https:\/\/www.nettali.com\/?p=168469"},"modified":"2026-01-25T15:47:35","modified_gmt":"2026-01-25T15:47:35","slug":"finale-can-2025-ousseynou-niang-retrace-sa-mysterieuse-maladie","status":"publish","type":"post","link":"https:\/\/www.nettali.com\/2026\/01\/23\/finale-can-2025-ousseynou-niang-retrace-sa-mysterieuse-maladie\/","title":{"rendered":"FINALE CAN 2025 - Ousseynou Niang retrace sa myst\u00e9rieuse maladie"},"content":{"rendered":"<p><strong>NETTALI.COM - Vainqueur de la coupe d'Afrique des nations 2025, Ousseynou Niang a rat\u00e9 la finale \u00e0 cause d'une myst\u00e9rieuse maladie survenue \u00e0 l'\u00e9chauffement. De retour en club, l'attaquant des Lions raconte les faits.<\/strong><\/p>\n<p>\"<em>Avant l\u2019\u00e9chauffement, j\u2019ai senti quelque chose de bizarre, mais je ne savais pas ce que c\u2019\u00e9tait. Ensuite, quand je suis parti \u00e0 l\u2019\u00e9chauffement, j\u2019ai commenc\u00e9 \u00e0 courir. Au bout de deux ou trois minutes, j\u2019ai ressenti quelque chose d\u2019\u00e9trange, comme des crises<\/em>\", a fait savoir Ousseynou Niang.<\/p>\n<p>\"<em>Apr\u00e8s, il y avait aussi Kr\u00e9pin Diatta. C\u2019est lui le premier. Lui aussi faisait des crises. Ensuite moi, puis il y a eu l\u2019autre, Pape Matar Sarr \u00e9galement. Nous sommes partis \u00e0 l\u2019h\u00f4pital tous les trois. J\u2019\u00e9tais \u00e0 l\u2019h\u00f4pital, mais franchement j\u2019\u00e9tais vraiment content. \u00c7a nous fait tellement du bien de gagner la Coupe d\u2019Afrique. Et maintenant, \u00e7a va. \u00c7a fait deux jours que je vais bien, je me sens bien<\/em>\", dit-il.<\/p>\n<p>L\u2019international s\u00e9n\u00e9galais ne cache pas sa joie de terminer vainqueur devant le pays h\u00f4te, le Maroc. \"<em>On a f\u00eat\u00e9 la victoire. Franchement, ce qui s\u2019est pass\u00e9 \u00e9tait tellement surprenant. Tout le monde \u00e9tait sorti pour voir la coupe, pour nous supporter et nous encourager. Je pensais que j\u2019\u00e9tais en train de r\u00eaver.<\/em><br \/>\n<em>Mentalement, on \u00e9tait pr\u00eats, parce qu\u2019on savait que \u00e7a n\u2019allait pas \u00eatre facile. Mais nous, on savait que quoi qu\u2019il arrive, rien ne serait facile. En gros, on s\u2019en foutait : on voulait juste gagner le match<\/em>\", a laiss\u00e9 entendre le tout nouveau champion d'Afrique.<\/p>\n<p><strong>L\u2019encadrement des cadres<\/strong><\/p>\n<p>\"<em>Apr\u00e8s, j\u2019ai appris beaucoup de choses l\u00e0-bas. Les leaders nous encouragent \u00e0 l\u2019entra\u00eenement, ils nous parlent et tout. Ils disent qu\u2019on est une famille. J\u2019ai appris pas mal de choses l\u00e0-bas, franchement.<\/em><br \/>\n<em>C\u2019est comme ici en club : on est une famille. L\u2019\u00e9quipe nationale, c\u2019est pareil. On \u00e9tait soud\u00e9s, on rigolait, on faisait tout ensemble. C\u2019\u00e9tait \u00e7a notre force, en fait<\/em>\", a-t-il appr\u00e9ci\u00e9.<\/p>\n<p><strong>Les chambrages<\/strong><\/p>\n<p>\"<em>Anouar et Ibra \u00e0 chaque fois, ils me taquinaient. Ils m\u2019envoyaient des messages. \u00c0 chaque fois qu\u2019ils me disaient : \"H\u00e9, la finale est l\u00e0, on va vous taper\". Je r\u00e9pondais : \"On verra de toute fa\u00e7on<\/em>\". <em>Quand je suis arriv\u00e9 le matin, j\u2019ai juste montr\u00e9 aux Marocains ma m\u00e9daille d'or, la Coupe d\u2019Afrique. C\u2019est \u00e7a.<\/em>\"<\/p>\n<div class='share-to-whatsapp-wrapper'><div class='share-on-whsp'>PARTAGER SUR : <\/div><a data-text='FINALE CAN 2025 - Ousseynou Niang retrace sa myst\u00e9rieuse maladie' data-link='https:\/\/www.nettali.com\/2026\/01\/23\/finale-can-2025-ousseynou-niang-retrace-sa-mysterieuse-maladie\/' class='whatsapp-button whatsapp-share'>WhatsApp<\/a><div class='clear '><\/div><\/div>","protected":false},"excerpt":{"rendered":"<p>NETTALI.COM - Vainqueur de la coupe d'Afrique des nations 2025, Ousseynou Niang a rat\u00e9 la finale \u00e0 cause d'une myst\u00e9rieuse maladie survenue \u00e0 l'\u00e9chauffement. De retour en club, l'attaquant des Lions raconte les faits. \"Avant l\u2019\u00e9chauffement, j\u2019ai senti quelque chose de bizarre, mais je ne savais pas ce que c\u2019\u00e9tait. Ensuite, quand je suis parti [&hellip;]<\/p>\n","protected":false},"author":5,"featured_media":168470,"comment_status":"open","ping_status":"open","sticky":false,"template":"","format":"standard","meta":{"_et_pb_use_builder":"","_et_pb_old_content":""},"categories":[6],"tags":[],"yoast_head":"<!-- This site is optimized with the Yoast SEO Premium plugin v17.8 (Yoast SEO v17.8) - https:\/\/yoast.com\/wordpress\/plugins\/seo\/ -->\n<title>FINALE CAN 2025 - Ousseynou Niang retrace sa myst\u00e9rieuse maladie | Nettali.com<\/title>\n<meta name=\"robots\" content=\"index, follow, max-snippet:-1, max-image-preview:large, max-video-preview:-1\" \/>\n<link rel=\"canonical\" href=\"https:\/\/www.nettali.com\/2026\/01\/23\/finale-can-2025-ousseynou-niang-retrace-sa-mysterieuse-maladie\/\" \/>\n<meta property=\"og:locale\" content=\"fr_FR\" \/>\n<meta property=\"og:type\" content=\"article\" \/>\n<meta property=\"og:title\" content=\"FINALE CAN 2025 - Ousseynou Niang retrace sa myst\u00e9rieuse maladie\" \/>\n<meta property=\"og:description\" content=\"NETTALI.COM - Vainqueur de la coupe d&#039;Afrique des nations 2025, Ousseynou Niang a rat\u00e9 la finale \u00e0 cause d&#039;une myst\u00e9rieuse maladie survenue \u00e0 l&#039;\u00e9chauffement. De retour en club, l&#039;attaquant des Lions raconte les faits. &quot;Avant l\u2019\u00e9chauffement, j\u2019ai senti quelque chose de bizarre, mais je ne savais pas ce que c\u2019\u00e9tait. Ensuite, quand je suis parti [&hellip;]\" \/>\n<meta property=\"og:url\" content=\"https:\/\/www.nettali.com\/2026\/01\/23\/finale-can-2025-ousseynou-niang-retrace-sa-mysterieuse-maladie\/\" \/>\n<meta property=\"og:site_name\" content=\"Nettali.com\" \/>\n<meta property=\"article:publisher\" content=\"https:\/\/www.facebook.com\/nettalicom\" \/>\n<meta property=\"article:published_time\" content=\"2026-01-23T23:03:33+00:00\" \/>\n<meta property=\"article:modified_time\" content=\"2026-01-25T15:47:35+00:00\" \/>\n<meta property=\"og:image\" content=\"https:\/\/www.nettali.com\/wp-content\/uploads\/2026\/01\/Screenshot_20260123_185848_Samsung-Internet.jpg\" \/>\n\t<meta property=\"og:image:width\" content=\"1080\" \/>\n\t<meta property=\"og:image:height\" content=\"693\" \/>\n<meta name=\"twitter:card\" content=\"summary_large_image\" \/>\n<meta name=\"twitter:label1\" content=\"\u00c9crit par\" \/>\n\t<meta name=\"twitter:data1\" content=\"Ibrahima\" \/>\n\t<meta name=\"twitter:label2\" content=\"Dur\u00e9e de lecture estim\u00e9e\" \/>\n\t<meta name=\"twitter:data2\" content=\"2 minutes\" \/>\n<script type=\"application\/ld+json\" class=\"yoast-schema-graph\">{\"@context\":\"https:\/\/schema.org\",\"@graph\":[{\"@type\":\"WebSite\",\"@id\":\"https:\/\/www.nettali.com\/#website\",\"url\":\"https:\/\/www.nettali.com\/\",\"name\":\"Nettali.com\",\"description\":\"Le rendez-vous critique du Net\",\"potentialAction\":[{\"@type\":\"SearchAction\",\"target\":{\"@type\":\"EntryPoint\",\"urlTemplate\":\"https:\/\/www.nettali.com\/?s={search_term_string}\"},\"query-input\":\"required name=search_term_string\"}],\"inLanguage\":\"fr-FR\"},{\"@type\":\"ImageObject\",\"@id\":\"https:\/\/www.nettali.com\/2026\/01\/23\/finale-can-2025-ousseynou-niang-retrace-sa-mysterieuse-maladie\/#primaryimage\",\"inLanguage\":\"fr-FR\",\"url\":\"https:\/\/www.nettali.com\/wp-content\/uploads\/2026\/01\/Screenshot_20260123_185848_Samsung-Internet.jpg\",\"contentUrl\":\"https:\/\/www.nettali.com\/wp-content\/uploads\/2026\/01\/Screenshot_20260123_185848_Samsung-Internet.jpg\",\"width\":1080,\"height\":693},{\"@type\":\"WebPage\",\"@id\":\"https:\/\/www.nettali.com\/2026\/01\/23\/finale-can-2025-ousseynou-niang-retrace-sa-mysterieuse-maladie\/#webpage\",\"url\":\"https:\/\/www.nettali.com\/2026\/01\/23\/finale-can-2025-ousseynou-niang-retrace-sa-mysterieuse-maladie\/\",\"name\":\"FINALE CAN 2025 - Ousseynou Niang retrace sa myst\\u00e9rieuse maladie | Nettali.com\",\"isPartOf\":{\"@id\":\"https:\/\/www.nettali.com\/#website\"},\"primaryImageOfPage\":{\"@id\":\"https:\/\/www.nettali.com\/2026\/01\/23\/finale-can-2025-ousseynou-niang-retrace-sa-mysterieuse-maladie\/#primaryimage\"},\"datePublished\":\"2026-01-23T23:03:33+00:00\",\"dateModified\":\"2026-01-25T15:47:35+00:00\",\"author\":{\"@id\":\"https:\/\/www.nettali.com\/#\/schema\/person\/bb147657c2986240405a608162b9bb23\"},\"breadcrumb\":{\"@id\":\"https:\/\/www.nettali.com\/2026\/01\/23\/finale-can-2025-ousseynou-niang-retrace-sa-mysterieuse-maladie\/#breadcrumb\"},\"inLanguage\":\"fr-FR\",\"potentialAction\":[{\"@type\":\"ReadAction\",\"target\":[\"https:\/\/www.nettali.com\/2026\/01\/23\/finale-can-2025-ousseynou-niang-retrace-sa-mysterieuse-maladie\/\"]}]},{\"@type\":\"BreadcrumbList\",\"@id\":\"https:\/\/www.nettali.com\/2026\/01\/23\/finale-can-2025-ousseynou-niang-retrace-sa-mysterieuse-maladie\/#breadcrumb\",\"itemListElement\":[{\"@type\":\"ListItem\",\"position\":1,\"name\":\"Accueil\",\"item\":\"https:\/\/www.nettali.com\/\"},{\"@type\":\"ListItem\",\"position\":2,\"name\":\"FINALE CAN 2025 - Ousseynou Niang retrace sa myst\\u00e9rieuse maladie\"}]},{\"@type\":\"Person\",\"@id\":\"https:\/\/www.nettali.com\/#\/schema\/person\/bb147657c2986240405a608162b9bb23\",\"name\":\"Ibrahima\",\"image\":{\"@type\":\"ImageObject\",\"@id\":\"https:\/\/www.nettali.com\/#personlogo\",\"inLanguage\":\"fr-FR\",\"url\":\"https:\/\/secure.gravatar.com\/avatar\/26a8a81f09f0dd7624c9d5c36c9ba3a2?s=96&d=mm&r=g\",\"contentUrl\":\"https:\/\/secure.gravatar.com\/avatar\/26a8a81f09f0dd7624c9d5c36c9ba3a2?s=96&d=mm&r=g\",\"caption\":\"Ibrahima\"},\"sameAs\":[\"https:\/\/www.nettali.com\"]}]}<\/script>\n<!-- \/ Yoast SEO Premium plugin. -->","yoast_head_json":{"title":"FINALE CAN 2025 - Ousseynou Niang retrace sa myst\u00e9rieuse maladie | Nettali.com","robots":{"index":"index","follow":"follow","max-snippet":"max-snippet:-1","max-image-preview":"max-image-preview:large","max-video-preview":"max-video-preview:-1"},"canonical":"https:\/\/www.nettali.com\/2026\/01\/23\/finale-can-2025-ousseynou-niang-retrace-sa-mysterieuse-maladie\/","og_locale":"fr_FR","og_type":"article","og_title":"FINALE CAN 2025 - Ousseynou Niang retrace sa myst\u00e9rieuse maladie","og_description":"NETTALI.COM - Vainqueur de la coupe d'Afrique des nations 2025, Ousseynou Niang a rat\u00e9 la finale \u00e0 cause d'une myst\u00e9rieuse maladie survenue \u00e0 l'\u00e9chauffement. De retour en club, l'attaquant des Lions raconte les faits. \"Avant l\u2019\u00e9chauffement, j\u2019ai senti quelque chose de bizarre, mais je ne savais pas ce que c\u2019\u00e9tait. Ensuite, quand je suis parti [&hellip;]","og_url":"https:\/\/www.nettali.com\/2026\/01\/23\/finale-can-2025-ousseynou-niang-retrace-sa-mysterieuse-maladie\/","og_site_name":"Nettali.com","article_publisher":"https:\/\/www.facebook.com\/nettalicom","article_published_time":"2026-01-23T23:03:33+00:00","article_modified_time":"2026-01-25T15:47:35+00:00","og_image":[{"width":1080,"height":693,"url":"https:\/\/www.nettali.com\/wp-content\/uploads\/2026\/01\/Screenshot_20260123_185848_Samsung-Internet.jpg","type":"image\/jpeg"}],"twitter_card":"summary_large_image","twitter_misc":{"\u00c9crit par":"Ibrahima","Dur\u00e9e de lecture estim\u00e9e":"2 minutes"},"schema":{"@context":"https:\/\/schema.org","@graph":[{"@type":"WebSite","@id":"https:\/\/www.nettali.com\/#website","url":"https:\/\/www.nettali.com\/","name":"Nettali.com","description":"Le rendez-vous critique du Net","potentialAction":[{"@type":"SearchAction","target":{"@type":"EntryPoint","urlTemplate":"https:\/\/www.nettali.com\/?s={search_term_string}"},"query-input":"required name=search_term_string"}],"inLanguage":"fr-FR"},{"@type":"ImageObject","@id":"https:\/\/www.nettali.com\/2026\/01\/23\/finale-can-2025-ousseynou-niang-retrace-sa-mysterieuse-maladie\/#primaryimage","inLanguage":"fr-FR","url":"https:\/\/www.nettali.com\/wp-content\/uploads\/2026\/01\/Screenshot_20260123_185848_Samsung-Internet.jpg","contentUrl":"https:\/\/www.nettali.com\/wp-content\/uploads\/2026\/01\/Screenshot_20260123_185848_Samsung-Internet.jpg","width":1080,"height":693},{"@type":"WebPage","@id":"https:\/\/www.nettali.com\/2026\/01\/23\/finale-can-2025-ousseynou-niang-retrace-sa-mysterieuse-maladie\/#webpage","url":"https:\/\/www.nettali.com\/2026\/01\/23\/finale-can-2025-ousseynou-niang-retrace-sa-mysterieuse-maladie\/","name":"FINALE CAN 2025 - Ousseynou Niang retrace sa myst\u00e9rieuse maladie | Nettali.com","isPartOf":{"@id":"https:\/\/www.nettali.com\/#website"},"primaryImageOfPage":{"@id":"https:\/\/www.nettali.com\/2026\/01\/23\/finale-can-2025-ousseynou-niang-retrace-sa-mysterieuse-maladie\/#primaryimage"},"datePublished":"2026-01-23T23:03:33+00:00","dateModified":"2026-01-25T15:47:35+00:00","author":{"@id":"https:\/\/www.nettali.com\/#\/schema\/person\/bb147657c2986240405a608162b9bb23"},"breadcrumb":{"@id":"https:\/\/www.nettali.com\/2026\/01\/23\/finale-can-2025-ousseynou-niang-retrace-sa-mysterieuse-maladie\/#breadcrumb"},"inLanguage":"fr-FR","potentialAction":[{"@type":"ReadAction","target":["https:\/\/www.nettali.com\/2026\/01\/23\/finale-can-2025-ousseynou-niang-retrace-sa-mysterieuse-maladie\/"]}]},{"@type":"BreadcrumbList","@id":"https:\/\/www.nettali.com\/2026\/01\/23\/finale-can-2025-ousseynou-niang-retrace-sa-mysterieuse-maladie\/#breadcrumb","itemListElement":[{"@type":"ListItem","position":1,"name":"Accueil","item":"https:\/\/www.nettali.com\/"},{"@type":"ListItem","position":2,"name":"FINALE CAN 2025 - Ousseynou Niang retrace sa myst\u00e9rieuse maladie"}]},{"@type":"Person","@id":"https:\/\/www.nettali.com\/#\/schema\/person\/bb147657c2986240405a608162b9bb23","name":"Ibrahima","image":{"@type":"ImageObject","@id":"https:\/\/www.nettali.com\/#personlogo","inLanguage":"fr-FR","url":"https:\/\/secure.gravatar.com\/avatar\/26a8a81f09f0dd7624c9d5c36c9ba3a2?s=96&d=mm&r=g","contentUrl":"https:\/\/secure.gravatar.com\/avatar\/26a8a81f09f0dd7624c9d5c36c9ba3a2?s=96&d=mm&r=g","caption":"Ibrahima"},"sameAs":["https:\/\/www.nettali.com"]}]}},"_links":{"self":[{"href":"https:\/\/www.nettali.com\/rest\/wp\/v2\/posts\/168469"}],"collection":[{"href":"https:\/\/www.nettali.com\/rest\/wp\/v2\/posts"}],"about":[{"href":"https:\/\/www.nettali.com\/rest\/wp\/v2\/types\/post"}],"author":[{"embeddable":true,"href":"https:\/\/www.nettali.com\/rest\/wp\/v2\/users\/5"}],"replies":[{"embeddable":true,"href":"https:\/\/www.nettali.com\/rest\/wp\/v2\/comments?post=168469"}],"version-history":[{"count":1,"href":"https:\/\/www.nettali.com\/rest\/wp\/v2\/posts\/168469\/revisions"}],"predecessor-version":[{"id":168471,"href":"https:\/\/www.nettali.com\/rest\/wp\/v2\/posts\/168469\/revisions\/168471"}],"wp:featuredmedia":[{"embeddable":true,"href":"https:\/\/www.nettali.com\/rest\/wp\/v2\/media\/168470"}],"wp:attachment":[{"href":"https:\/\/www.nettali.com\/rest\/wp\/v2\/media?parent=168469"}],"wp:term":[{"taxonomy":"category","embeddable":true,"href":"https:\/\/www.nettali.com\/rest\/wp\/v2\/categories?post=168469"},{"taxonomy":"post_tag","embeddable":true,"href":"https:\/\/www.nettali.com\/rest\/wp\/v2\/tags?post=168469"}],"curies":[{"name":"wp","href":"https:\/\/api.w.org\/{rel}","templated":true}]}}