{"id":168461,"date":"2026-01-23T19:44:43","date_gmt":"2026-01-23T19:44:43","guid":{"rendered":"https:\/\/www.nettali.com\/?p=168461"},"modified":"2026-01-23T19:44:43","modified_gmt":"2026-01-23T19:44:43","slug":"lettre-ouverte-au-president-de-la-fifa-finale-de-la-can-2025-quand-limpartialite-devient-un-imperatif-politique-mondial","status":"publish","type":"post","link":"https:\/\/www.nettali.com\/2026\/01\/23\/lettre-ouverte-au-president-de-la-fifa-finale-de-la-can-2025-quand-limpartialite-devient-un-imperatif-politique-mondial\/","title":{"rendered":"LETTRE OUVERTE AU PR\u00c9SIDENT DE LA FIFA Finale de la CAN 2025 : Quand l\u2019impartialit\u00e9 devient un imp\u00e9ratif politique mondial"},"content":{"rendered":"<p><strong>CONTRIBUTION - Monsieur le Pr\u00e9sident,<\/strong> La finale de la Coupe d\u2019Afrique des Nations 2025 entre le S\u00e9n\u00e9gal et le Maroc ne rel\u00e8ve plus aujourd\u2019hui du seul champ sportif. Elle est devenue un dossier politique, institutionnel et symbolique, dont la gestion par la FIFA engage directement sa cr\u00e9dibilit\u00e9, son autorit\u00e9 morale et sa capacit\u00e9 \u00e0 garantir l\u2019\u00e9galit\u00e9 de traitement entre les nations du football mondial.<\/p>\n<p>Le S\u00e9n\u00e9gal a remport\u00e9 cette finale sur le terrain. Ce fait est \u00e9tabli, incontestable et homologu\u00e9. Pourtant, au lieu de consacrer ce r\u00e9sultat et d\u2019en tirer les enseignements n\u00e9cessaires, votre institution semble s\u2019orienter vers une lecture exclusivement r\u00e9pressive, ciblant unilat\u00e9ralement le vainqueur, tout en \u00e9ludant les causes structurelles et les responsabilit\u00e9s premi\u00e8res qui ont conduit \u00e0 la tension observ\u00e9e lors de cette rencontre.<\/p>\n<p>Une telle posture ne serait pas seulement injuste. Elle serait politiquement lourde de cons\u00e9quences. En effet, la crise n\u00e9e de cette finale ne trouve pas son origine dans un quelconque refus de l\u2019ordre sportif par le S\u00e9n\u00e9gal, mais dans une accumulation de d\u00e9cisions arbitrales controvers\u00e9es, per\u00e7ues comme d\u00e9s\u00e9quilibr\u00e9es, et dans un environnement organisationnel manifestement d\u00e9faillant. En faire abstraction re-vient \u00e0 nier une r\u00e9alit\u00e9 document\u00e9e, film\u00e9e, analys\u00e9e et d\u00e9sormais reconnue bien au-del\u00e0 du continent africain.<\/p>\n<p>\u00c0 cet \u00e9gard, l\u2019intervention de la presse internationale marque un tournant majeur. Des m\u00e9dias europ\u00e9ens influents et r\u00e9put\u00e9s pour leur rigueur \u00e9ditoriale ont publiquement d\u00e9nonc\u00e9 ce que la FIFA semble refuser de nommer : un arbitrage d\u00e9faillant, des d\u00e9cisions d\u00e9terminantes favorisant une partie, et un climat g\u00e9n\u00e9ral contraire aux principes fondamentaux de neutralit\u00e9 et de fair-play. Ces prises de position ne rel\u00e8vent ni de l\u2019\u00e9motion ni du militantisme ; elles constituent un acte d\u2019alerte institutionnelle.<\/p>\n<p>Plus grave encore, des observateurs ind\u00e9pendants ont mis en lumi\u00e8re des comportements incompatibles avec les standards internationaux : interf\u00e9rences r\u00e9p\u00e9t\u00e9es autour du match, incidents protocolaires sans pr\u00e9c\u00e9dent, atteintes \u00e0 la dignit\u00e9 du vainqueur, pressions symboliques et m\u00e9diatiques, et une instrumentalisation manifeste de l\u2019\u00e9v\u00e9nement sportif. Ces faits, pass\u00e9s sous silence dans les premi\u00e8res communications officielles, posent une question centrale : la FIFA est-elle pr\u00eate \u00e0 reconna\u00eetre ses angles morts lorsqu\u2019ils concernent l\u2019Afrique ?<\/p>\n<p><strong>Monsieur le Pr\u00e9sident, <\/strong><\/p>\n<p>En droit comme en diplomatie, le silence s\u00e9lectif vaut position politique. Sanctionner le S\u00e9n\u00e9gal sans \u00e9tablir clairement les responsabilit\u00e9s arbitrales et organisationnelles cr\u00e9erait un pr\u00e9c\u00e9dent dangereux : celui d\u2019un football international o\u00f9 la puissance institutionnelle prime sur la justice sportive, et o\u00f9 l\u2019Afrique reste somm\u00e9e d\u2019accepter ce que d\u2019autres continents ne tol\u00e9reraient jamais.<\/p>\n<p>Cette affaire s\u2019inscrit par ailleurs dans un contexte g\u00e9opolitique \u00e9vident. Le Maroc est candidat \u00e0 l\u2019accueil d\u2019\u00e9v\u00e9nements majeurs, notamment dans le cadre de la Coupe du monde 2030, qu\u2019il ambitionne de coorganiser et dont il souhaite accueillir la finale. La CAN 2025 devait servir de vitrine. Or, la finale S\u00e9n\u00e9gal\u2013 Maroc a produit l\u2019effet inverse, suscitant interrogations, critiques et inqui\u00e9tudes au sein m\u00eame des pays partenaires de ce projet.<\/p>\n<p>La FIFA ne peut ignorer que ses d\u00e9cisions dans ce dossier seront lues comme un signal politique fort :<\/p>\n<p>\u2022 soit celui d\u2019une institution ind\u00e9pendante, capable de r\u00e9sister aux pressions et de corriger ses propres d\u00e9faillances ;<\/p>\n<p>\u2022 soit celui d\u2019une organisation prisonni\u00e8re de rapports de force, pr\u00eate \u00e0 sacrifier la justice sportive sur l\u2019autel de consid\u00e9rations strat\u00e9giques.<\/p>\n<p>Il ne s\u2019agit plus ici de prot\u00e9ger une \u00e9quipe ou d\u2019en sanctionner une autre. Il s\u2019agit de pr\u00e9server l\u2019architecture morale du football mondial. Une sanction injuste aujourd\u2019hui affaiblirait durablement la confiance des f\u00e9d\u00e9rations africaines, des joueurs et des opinions publiques dans les instances internationales.<\/p>\n<p>L\u2019Afrique ne demande pas de privil\u00e8ge. Elle exige l\u2019\u00e9galit\u00e9. Le S\u00e9n\u00e9gal ne r\u00e9clame pas l\u2019impunit\u00e9. Il demande la v\u00e9rit\u00e9. Et la FIFA ne peut pr\u00e9tendre gouverner le football mondial sans assumer pleinement ses responsabilit\u00e9s.<\/p>\n<p>L\u2019histoire du sport retiendra ce moment comme celui o\u00f9 la FIFA aura d\u00fb choisir entre la facilit\u00e9 institutionnelle et la justice universelle. Ce choix vous appartient. Ses cons\u00e9quences d\u00e9passeront largement le cadre de la CAN 2025.<\/p>\n<p>Veuillez agr\u00e9er, Monsieur le Pr\u00e9sident, l\u2019expression de notre consid\u00e9ration, aussi respectueuse qu\u2019exigeante, \u00e0 la hauteur des responsabilit\u00e9s historiques qui sont aujourd\u2019hui les v\u00f4tres.<\/p>\n<p>ELIMANE ABDOUL FALL<\/p>\n<div class='share-to-whatsapp-wrapper'><div class='share-on-whsp'>PARTAGER SUR : <\/div><a data-text='LETTRE OUVERTE AU PR\u00c9SIDENT DE LA FIFA Finale de la CAN 2025 : Quand l\u2019impartialit\u00e9 devient un imp\u00e9ratif politique mondial' data-link='https:\/\/www.nettali.com\/2026\/01\/23\/lettre-ouverte-au-president-de-la-fifa-finale-de-la-can-2025-quand-limpartialite-devient-un-imperatif-politique-mondial\/' class='whatsapp-button whatsapp-share'>WhatsApp<\/a><div class='clear '><\/div><\/div>","protected":false},"excerpt":{"rendered":"<p>CONTRIBUTION - Monsieur le Pr\u00e9sident, La finale de la Coupe d\u2019Afrique des Nations 2025 entre le S\u00e9n\u00e9gal et le Maroc ne rel\u00e8ve plus aujourd\u2019hui du seul champ sportif. Elle est devenue un dossier politique, institutionnel et symbolique, dont la gestion par la FIFA engage directement sa cr\u00e9dibilit\u00e9, son autorit\u00e9 morale et sa capacit\u00e9 \u00e0 garantir [&hellip;]<\/p>\n","protected":false},"author":2,"featured_media":168462,"comment_status":"open","ping_status":"open","sticky":false,"template":"","format":"standard","meta":{"_et_pb_use_builder":"","_et_pb_old_content":""},"categories":[6],"tags":[],"yoast_head":"<!-- This site is optimized with the Yoast SEO Premium plugin v17.8 (Yoast SEO v17.8) - https:\/\/yoast.com\/wordpress\/plugins\/seo\/ -->\n<title>LETTRE OUVERTE AU PR\u00c9SIDENT DE LA FIFA Finale de la CAN 2025 : Quand l\u2019impartialit\u00e9 devient un imp\u00e9ratif politique mondial | Nettali.com<\/title>\n<meta name=\"robots\" content=\"index, follow, max-snippet:-1, max-image-preview:large, max-video-preview:-1\" \/>\n<link rel=\"canonical\" href=\"https:\/\/www.nettali.com\/2026\/01\/23\/lettre-ouverte-au-president-de-la-fifa-finale-de-la-can-2025-quand-limpartialite-devient-un-imperatif-politique-mondial\/\" \/>\n<meta property=\"og:locale\" content=\"fr_FR\" \/>\n<meta property=\"og:type\" content=\"article\" \/>\n<meta property=\"og:title\" content=\"LETTRE OUVERTE AU PR\u00c9SIDENT DE LA FIFA Finale de la CAN 2025 : Quand l\u2019impartialit\u00e9 devient un imp\u00e9ratif politique mondial\" \/>\n<meta property=\"og:description\" content=\"CONTRIBUTION - Monsieur le Pr\u00e9sident, La finale de la Coupe d\u2019Afrique des Nations 2025 entre le S\u00e9n\u00e9gal et le Maroc ne rel\u00e8ve plus aujourd\u2019hui du seul champ sportif. Elle est devenue un dossier politique, institutionnel et symbolique, dont la gestion par la FIFA engage directement sa cr\u00e9dibilit\u00e9, son autorit\u00e9 morale et sa capacit\u00e9 \u00e0 garantir [&hellip;]\" \/>\n<meta property=\"og:url\" content=\"https:\/\/www.nettali.com\/2026\/01\/23\/lettre-ouverte-au-president-de-la-fifa-finale-de-la-can-2025-quand-limpartialite-devient-un-imperatif-politique-mondial\/\" \/>\n<meta property=\"og:site_name\" content=\"Nettali.com\" \/>\n<meta property=\"article:publisher\" content=\"https:\/\/www.facebook.com\/nettalicom\" \/>\n<meta property=\"article:published_time\" content=\"2026-01-23T19:44:43+00:00\" \/>\n<meta property=\"og:image\" content=\"https:\/\/www.nettali.com\/wp-content\/uploads\/2026\/01\/B25CLSS0820.jpg\" \/>\n\t<meta property=\"og:image:width\" content=\"1261\" \/>\n\t<meta property=\"og:image:height\" content=\"743\" \/>\n<meta name=\"twitter:card\" content=\"summary_large_image\" \/>\n<meta name=\"twitter:label1\" content=\"\u00c9crit par\" \/>\n\t<meta name=\"twitter:data1\" content=\"CK\" \/>\n\t<meta name=\"twitter:label2\" content=\"Dur\u00e9e de lecture estim\u00e9e\" \/>\n\t<meta name=\"twitter:data2\" content=\"4 minutes\" \/>\n<script type=\"application\/ld+json\" class=\"yoast-schema-graph\">{\"@context\":\"https:\/\/schema.org\",\"@graph\":[{\"@type\":\"WebSite\",\"@id\":\"https:\/\/www.nettali.com\/#website\",\"url\":\"https:\/\/www.nettali.com\/\",\"name\":\"Nettali.com\",\"description\":\"Le rendez-vous critique du Net\",\"potentialAction\":[{\"@type\":\"SearchAction\",\"target\":{\"@type\":\"EntryPoint\",\"urlTemplate\":\"https:\/\/www.nettali.com\/?s={search_term_string}\"},\"query-input\":\"required name=search_term_string\"}],\"inLanguage\":\"fr-FR\"},{\"@type\":\"ImageObject\",\"@id\":\"https:\/\/www.nettali.com\/2026\/01\/23\/lettre-ouverte-au-president-de-la-fifa-finale-de-la-can-2025-quand-limpartialite-devient-un-imperatif-politique-mondial\/#primaryimage\",\"inLanguage\":\"fr-FR\",\"url\":\"https:\/\/www.nettali.com\/wp-content\/uploads\/2026\/01\/B25CLSS0820.jpg\",\"contentUrl\":\"https:\/\/www.nettali.com\/wp-content\/uploads\/2026\/01\/B25CLSS0820.jpg\",\"width\":1261,\"height\":743},{\"@type\":\"WebPage\",\"@id\":\"https:\/\/www.nettali.com\/2026\/01\/23\/lettre-ouverte-au-president-de-la-fifa-finale-de-la-can-2025-quand-limpartialite-devient-un-imperatif-politique-mondial\/#webpage\",\"url\":\"https:\/\/www.nettali.com\/2026\/01\/23\/lettre-ouverte-au-president-de-la-fifa-finale-de-la-can-2025-quand-limpartialite-devient-un-imperatif-politique-mondial\/\",\"name\":\"LETTRE OUVERTE AU PR\\u00c9SIDENT DE LA FIFA Finale de la CAN 2025 : Quand l\\u2019impartialit\\u00e9 devient un imp\\u00e9ratif politique mondial | Nettali.com\",\"isPartOf\":{\"@id\":\"https:\/\/www.nettali.com\/#website\"},\"primaryImageOfPage\":{\"@id\":\"https:\/\/www.nettali.com\/2026\/01\/23\/lettre-ouverte-au-president-de-la-fifa-finale-de-la-can-2025-quand-limpartialite-devient-un-imperatif-politique-mondial\/#primaryimage\"},\"datePublished\":\"2026-01-23T19:44:43+00:00\",\"dateModified\":\"2026-01-23T19:44:43+00:00\",\"author\":{\"@id\":\"https:\/\/www.nettali.com\/#\/schema\/person\/d8ac7b7e27ddad43f1c0d2ef090d7f71\"},\"breadcrumb\":{\"@id\":\"https:\/\/www.nettali.com\/2026\/01\/23\/lettre-ouverte-au-president-de-la-fifa-finale-de-la-can-2025-quand-limpartialite-devient-un-imperatif-politique-mondial\/#breadcrumb\"},\"inLanguage\":\"fr-FR\",\"potentialAction\":[{\"@type\":\"ReadAction\",\"target\":[\"https:\/\/www.nettali.com\/2026\/01\/23\/lettre-ouverte-au-president-de-la-fifa-finale-de-la-can-2025-quand-limpartialite-devient-un-imperatif-politique-mondial\/\"]}]},{\"@type\":\"BreadcrumbList\",\"@id\":\"https:\/\/www.nettali.com\/2026\/01\/23\/lettre-ouverte-au-president-de-la-fifa-finale-de-la-can-2025-quand-limpartialite-devient-un-imperatif-politique-mondial\/#breadcrumb\",\"itemListElement\":[{\"@type\":\"ListItem\",\"position\":1,\"name\":\"Accueil\",\"item\":\"https:\/\/www.nettali.com\/\"},{\"@type\":\"ListItem\",\"position\":2,\"name\":\"LETTRE OUVERTE AU PR\\u00c9SIDENT DE LA FIFA Finale de la CAN 2025 : Quand l\\u2019impartialit\\u00e9 devient un imp\\u00e9ratif politique mondial\"}]},{\"@type\":\"Person\",\"@id\":\"https:\/\/www.nettali.com\/#\/schema\/person\/d8ac7b7e27ddad43f1c0d2ef090d7f71\",\"name\":\"CK\",\"image\":{\"@type\":\"ImageObject\",\"@id\":\"https:\/\/www.nettali.com\/#personlogo\",\"inLanguage\":\"fr-FR\",\"url\":\"https:\/\/secure.gravatar.com\/avatar\/1d8d5118b9327d94da7cd4ce7f17fec2?s=96&d=mm&r=g\",\"contentUrl\":\"https:\/\/secure.gravatar.com\/avatar\/1d8d5118b9327d94da7cd4ce7f17fec2?s=96&d=mm&r=g\",\"caption\":\"CK\"},\"sameAs\":[\"https:\/\/www.nettali.com\"]}]}<\/script>\n<!-- \/ Yoast SEO Premium plugin. -->","yoast_head_json":{"title":"LETTRE OUVERTE AU PR\u00c9SIDENT DE LA FIFA Finale de la CAN 2025 : Quand l\u2019impartialit\u00e9 devient un imp\u00e9ratif politique mondial | Nettali.com","robots":{"index":"index","follow":"follow","max-snippet":"max-snippet:-1","max-image-preview":"max-image-preview:large","max-video-preview":"max-video-preview:-1"},"canonical":"https:\/\/www.nettali.com\/2026\/01\/23\/lettre-ouverte-au-president-de-la-fifa-finale-de-la-can-2025-quand-limpartialite-devient-un-imperatif-politique-mondial\/","og_locale":"fr_FR","og_type":"article","og_title":"LETTRE OUVERTE AU PR\u00c9SIDENT DE LA FIFA Finale de la CAN 2025 : Quand l\u2019impartialit\u00e9 devient un imp\u00e9ratif politique mondial","og_description":"CONTRIBUTION - Monsieur le Pr\u00e9sident, La finale de la Coupe d\u2019Afrique des Nations 2025 entre le S\u00e9n\u00e9gal et le Maroc ne rel\u00e8ve plus aujourd\u2019hui du seul champ sportif. Elle est devenue un dossier politique, institutionnel et symbolique, dont la gestion par la FIFA engage directement sa cr\u00e9dibilit\u00e9, son autorit\u00e9 morale et sa capacit\u00e9 \u00e0 garantir [&hellip;]","og_url":"https:\/\/www.nettali.com\/2026\/01\/23\/lettre-ouverte-au-president-de-la-fifa-finale-de-la-can-2025-quand-limpartialite-devient-un-imperatif-politique-mondial\/","og_site_name":"Nettali.com","article_publisher":"https:\/\/www.facebook.com\/nettalicom","article_published_time":"2026-01-23T19:44:43+00:00","og_image":[{"width":1261,"height":743,"url":"https:\/\/www.nettali.com\/wp-content\/uploads\/2026\/01\/B25CLSS0820.jpg","type":"image\/jpeg"}],"twitter_card":"summary_large_image","twitter_misc":{"\u00c9crit par":"CK","Dur\u00e9e de lecture estim\u00e9e":"4 minutes"},"schema":{"@context":"https:\/\/schema.org","@graph":[{"@type":"WebSite","@id":"https:\/\/www.nettali.com\/#website","url":"https:\/\/www.nettali.com\/","name":"Nettali.com","description":"Le rendez-vous critique du Net","potentialAction":[{"@type":"SearchAction","target":{"@type":"EntryPoint","urlTemplate":"https:\/\/www.nettali.com\/?s={search_term_string}"},"query-input":"required name=search_term_string"}],"inLanguage":"fr-FR"},{"@type":"ImageObject","@id":"https:\/\/www.nettali.com\/2026\/01\/23\/lettre-ouverte-au-president-de-la-fifa-finale-de-la-can-2025-quand-limpartialite-devient-un-imperatif-politique-mondial\/#primaryimage","inLanguage":"fr-FR","url":"https:\/\/www.nettali.com\/wp-content\/uploads\/2026\/01\/B25CLSS0820.jpg","contentUrl":"https:\/\/www.nettali.com\/wp-content\/uploads\/2026\/01\/B25CLSS0820.jpg","width":1261,"height":743},{"@type":"WebPage","@id":"https:\/\/www.nettali.com\/2026\/01\/23\/lettre-ouverte-au-president-de-la-fifa-finale-de-la-can-2025-quand-limpartialite-devient-un-imperatif-politique-mondial\/#webpage","url":"https:\/\/www.nettali.com\/2026\/01\/23\/lettre-ouverte-au-president-de-la-fifa-finale-de-la-can-2025-quand-limpartialite-devient-un-imperatif-politique-mondial\/","name":"LETTRE OUVERTE AU PR\u00c9SIDENT DE LA FIFA Finale de la CAN 2025 : Quand l\u2019impartialit\u00e9 devient un imp\u00e9ratif politique mondial | Nettali.com","isPartOf":{"@id":"https:\/\/www.nettali.com\/#website"},"primaryImageOfPage":{"@id":"https:\/\/www.nettali.com\/2026\/01\/23\/lettre-ouverte-au-president-de-la-fifa-finale-de-la-can-2025-quand-limpartialite-devient-un-imperatif-politique-mondial\/#primaryimage"},"datePublished":"2026-01-23T19:44:43+00:00","dateModified":"2026-01-23T19:44:43+00:00","author":{"@id":"https:\/\/www.nettali.com\/#\/schema\/person\/d8ac7b7e27ddad43f1c0d2ef090d7f71"},"breadcrumb":{"@id":"https:\/\/www.nettali.com\/2026\/01\/23\/lettre-ouverte-au-president-de-la-fifa-finale-de-la-can-2025-quand-limpartialite-devient-un-imperatif-politique-mondial\/#breadcrumb"},"inLanguage":"fr-FR","potentialAction":[{"@type":"ReadAction","target":["https:\/\/www.nettali.com\/2026\/01\/23\/lettre-ouverte-au-president-de-la-fifa-finale-de-la-can-2025-quand-limpartialite-devient-un-imperatif-politique-mondial\/"]}]},{"@type":"BreadcrumbList","@id":"https:\/\/www.nettali.com\/2026\/01\/23\/lettre-ouverte-au-president-de-la-fifa-finale-de-la-can-2025-quand-limpartialite-devient-un-imperatif-politique-mondial\/#breadcrumb","itemListElement":[{"@type":"ListItem","position":1,"name":"Accueil","item":"https:\/\/www.nettali.com\/"},{"@type":"ListItem","position":2,"name":"LETTRE OUVERTE AU PR\u00c9SIDENT DE LA FIFA Finale de la CAN 2025 : Quand l\u2019impartialit\u00e9 devient un imp\u00e9ratif politique mondial"}]},{"@type":"Person","@id":"https:\/\/www.nettali.com\/#\/schema\/person\/d8ac7b7e27ddad43f1c0d2ef090d7f71","name":"CK","image":{"@type":"ImageObject","@id":"https:\/\/www.nettali.com\/#personlogo","inLanguage":"fr-FR","url":"https:\/\/secure.gravatar.com\/avatar\/1d8d5118b9327d94da7cd4ce7f17fec2?s=96&d=mm&r=g","contentUrl":"https:\/\/secure.gravatar.com\/avatar\/1d8d5118b9327d94da7cd4ce7f17fec2?s=96&d=mm&r=g","caption":"CK"},"sameAs":["https:\/\/www.nettali.com"]}]}},"_links":{"self":[{"href":"https:\/\/www.nettali.com\/rest\/wp\/v2\/posts\/168461"}],"collection":[{"href":"https:\/\/www.nettali.com\/rest\/wp\/v2\/posts"}],"about":[{"href":"https:\/\/www.nettali.com\/rest\/wp\/v2\/types\/post"}],"author":[{"embeddable":true,"href":"https:\/\/www.nettali.com\/rest\/wp\/v2\/users\/2"}],"replies":[{"embeddable":true,"href":"https:\/\/www.nettali.com\/rest\/wp\/v2\/comments?post=168461"}],"version-history":[{"count":1,"href":"https:\/\/www.nettali.com\/rest\/wp\/v2\/posts\/168461\/revisions"}],"predecessor-version":[{"id":168463,"href":"https:\/\/www.nettali.com\/rest\/wp\/v2\/posts\/168461\/revisions\/168463"}],"wp:featuredmedia":[{"embeddable":true,"href":"https:\/\/www.nettali.com\/rest\/wp\/v2\/media\/168462"}],"wp:attachment":[{"href":"https:\/\/www.nettali.com\/rest\/wp\/v2\/media?parent=168461"}],"wp:term":[{"taxonomy":"category","embeddable":true,"href":"https:\/\/www.nettali.com\/rest\/wp\/v2\/categories?post=168461"},{"taxonomy":"post_tag","embeddable":true,"href":"https:\/\/www.nettali.com\/rest\/wp\/v2\/tags?post=168461"}],"curies":[{"name":"wp","href":"https:\/\/api.w.org\/{rel}","templated":true}]}}