{"id":168448,"date":"2026-01-23T11:02:43","date_gmt":"2026-01-23T11:02:43","guid":{"rendered":"https:\/\/www.nettali.com\/?p=168448"},"modified":"2026-01-25T15:46:20","modified_gmt":"2026-01-25T15:46:20","slug":"krepin-diatta-jai-fait-4-malaises","status":"publish","type":"post","link":"https:\/\/www.nettali.com\/2026\/01\/23\/krepin-diatta-jai-fait-4-malaises\/","title":{"rendered":"KR\u00c9PIN DIATTA - \" J'ai fait 4 malaises\""},"content":{"rendered":"<p><strong>NETTALI.COM - Titulaire indiscutable du S\u00e9n\u00e9gal au poste d'arri\u00e8re droit, Kr\u00e9pin Diatta a r\u00e9alis\u00e9 une CAN 2025 tr\u00e8s solide. Malheureusement, le joueur de l'AS Monaco a rat\u00e9 la finale en raison d'une maladie. Il a \u00e9t\u00e9 remplac\u00e9 par Antoine Mendy.<\/strong><\/p>\n<p>Dans une interview, Kr\u00e9pin Diatta est revenu en d\u00e9tails sur ce malaise qui l'a priv\u00e9 de la finale de la CAN 2025 contre le Maroc.<\/p>\n<p>\"<em>Le matin du match, je ne me sentais pas tr\u00e8s bien, mais je me disais que c\u2019\u00e9tait normal, que \u00e7a allait passer. Le probl\u00e8me a vraiment commenc\u00e9 au moment o\u00f9 nous partions au stade. J'avais mal partout, \u00e0 la t\u00eate, beaucoup de choses. C'\u00e9tait tr\u00e8s bizarre. C\u2019est \u00e0 ce moment-l\u00e0 qu\u2019on a d\u00e9cid\u00e9 de me remplacer. Je n'ai pratiquement rien suivi de la finale, \u00e0 part quelques petites vid\u00e9os, notamment le but de Pape Gu\u00e8ye et le penalty rat\u00e9. J\u2019ai \u00e9t\u00e9 hospitalis\u00e9 et j\u2019ai pass\u00e9 plusieurs examens, mais ils n\u2019ont rien d\u00e9tect\u00e9. J'ai ensuite refait un malaise, le quatri\u00e8me, et j\u2019ai finalement pu quitter l\u2019h\u00f4pital vers 10 heures du matin<\/em>\", a-t-il r\u00e9v\u00e9l\u00e9.<\/p>\n<p>A rappeler que Pape Matar Sarr et Ousseynou Niang \u00e9taient \u00e9galement malades au m\u00eame moment, c'est \u00e0 dire \u00e0 quelques heures de la finale de la CAN. Tous les trois pr\u00e9sentaient les m\u00eames sympt\u00f4mes. Une situation bizarre qui fait sensation sur lss r\u00e9seaux sociaux.<\/p>\n<div class='share-to-whatsapp-wrapper'><div class='share-on-whsp'>PARTAGER SUR : <\/div><a data-text='KR\u00c9PIN DIATTA - \" J'ai fait 4 malaises\"' data-link='https:\/\/www.nettali.com\/2026\/01\/23\/krepin-diatta-jai-fait-4-malaises\/' class='whatsapp-button whatsapp-share'>WhatsApp<\/a><div class='clear '><\/div><\/div>","protected":false},"excerpt":{"rendered":"<p>NETTALI.COM - Titulaire indiscutable du S\u00e9n\u00e9gal au poste d'arri\u00e8re droit, Kr\u00e9pin Diatta a r\u00e9alis\u00e9 une CAN 2025 tr\u00e8s solide. Malheureusement, le joueur de l'AS Monaco a rat\u00e9 la finale en raison d'une maladie. Il a \u00e9t\u00e9 remplac\u00e9 par Antoine Mendy. Dans une interview, Kr\u00e9pin Diatta est revenu en d\u00e9tails sur ce malaise qui l'a priv\u00e9 [&hellip;]<\/p>\n","protected":false},"author":5,"featured_media":168449,"comment_status":"open","ping_status":"open","sticky":false,"template":"","format":"standard","meta":{"_et_pb_use_builder":"","_et_pb_old_content":""},"categories":[6],"tags":[],"yoast_head":"<!-- This site is optimized with the Yoast SEO Premium plugin v17.8 (Yoast SEO v17.8) - https:\/\/yoast.com\/wordpress\/plugins\/seo\/ -->\n<title>KR\u00c9PIN DIATTA - &quot; J&#039;ai fait 4 malaises&quot; | Nettali.com<\/title>\n<meta name=\"robots\" content=\"index, follow, max-snippet:-1, max-image-preview:large, max-video-preview:-1\" \/>\n<link rel=\"canonical\" href=\"https:\/\/www.nettali.com\/2026\/01\/23\/krepin-diatta-jai-fait-4-malaises\/\" \/>\n<meta property=\"og:locale\" content=\"fr_FR\" \/>\n<meta property=\"og:type\" content=\"article\" \/>\n<meta property=\"og:title\" content=\"KR\u00c9PIN DIATTA - &quot; J&#039;ai fait 4 malaises&quot;\" \/>\n<meta property=\"og:description\" content=\"NETTALI.COM - Titulaire indiscutable du S\u00e9n\u00e9gal au poste d&#039;arri\u00e8re droit, Kr\u00e9pin Diatta a r\u00e9alis\u00e9 une CAN 2025 tr\u00e8s solide. Malheureusement, le joueur de l&#039;AS Monaco a rat\u00e9 la finale en raison d&#039;une maladie. Il a \u00e9t\u00e9 remplac\u00e9 par Antoine Mendy. Dans une interview, Kr\u00e9pin Diatta est revenu en d\u00e9tails sur ce malaise qui l&#039;a priv\u00e9 [&hellip;]\" \/>\n<meta property=\"og:url\" content=\"https:\/\/www.nettali.com\/2026\/01\/23\/krepin-diatta-jai-fait-4-malaises\/\" \/>\n<meta property=\"og:site_name\" content=\"Nettali.com\" \/>\n<meta property=\"article:publisher\" content=\"https:\/\/www.facebook.com\/nettalicom\" \/>\n<meta property=\"article:published_time\" content=\"2026-01-23T11:02:43+00:00\" \/>\n<meta property=\"article:modified_time\" content=\"2026-01-25T15:46:20+00:00\" \/>\n<meta property=\"og:image\" content=\"https:\/\/www.nettali.com\/wp-content\/uploads\/2026\/01\/images-33.jpeg\" \/>\n\t<meta property=\"og:image:width\" content=\"490\" \/>\n\t<meta property=\"og:image:height\" content=\"318\" \/>\n<meta name=\"twitter:card\" content=\"summary_large_image\" \/>\n<meta name=\"twitter:label1\" content=\"\u00c9crit par\" \/>\n\t<meta name=\"twitter:data1\" content=\"Ibrahima\" \/>\n\t<meta name=\"twitter:label2\" content=\"Dur\u00e9e de lecture estim\u00e9e\" \/>\n\t<meta name=\"twitter:data2\" content=\"2 minutes\" \/>\n<script type=\"application\/ld+json\" class=\"yoast-schema-graph\">{\"@context\":\"https:\/\/schema.org\",\"@graph\":[{\"@type\":\"WebSite\",\"@id\":\"https:\/\/www.nettali.com\/#website\",\"url\":\"https:\/\/www.nettali.com\/\",\"name\":\"Nettali.com\",\"description\":\"Le rendez-vous critique du Net\",\"potentialAction\":[{\"@type\":\"SearchAction\",\"target\":{\"@type\":\"EntryPoint\",\"urlTemplate\":\"https:\/\/www.nettali.com\/?s={search_term_string}\"},\"query-input\":\"required name=search_term_string\"}],\"inLanguage\":\"fr-FR\"},{\"@type\":\"ImageObject\",\"@id\":\"https:\/\/www.nettali.com\/2026\/01\/23\/krepin-diatta-jai-fait-4-malaises\/#primaryimage\",\"inLanguage\":\"fr-FR\",\"url\":\"https:\/\/www.nettali.com\/wp-content\/uploads\/2026\/01\/images-33.jpeg\",\"contentUrl\":\"https:\/\/www.nettali.com\/wp-content\/uploads\/2026\/01\/images-33.jpeg\",\"width\":490,\"height\":318},{\"@type\":\"WebPage\",\"@id\":\"https:\/\/www.nettali.com\/2026\/01\/23\/krepin-diatta-jai-fait-4-malaises\/#webpage\",\"url\":\"https:\/\/www.nettali.com\/2026\/01\/23\/krepin-diatta-jai-fait-4-malaises\/\",\"name\":\"KR\\u00c9PIN DIATTA - \\\" J'ai fait 4 malaises\\\" | Nettali.com\",\"isPartOf\":{\"@id\":\"https:\/\/www.nettali.com\/#website\"},\"primaryImageOfPage\":{\"@id\":\"https:\/\/www.nettali.com\/2026\/01\/23\/krepin-diatta-jai-fait-4-malaises\/#primaryimage\"},\"datePublished\":\"2026-01-23T11:02:43+00:00\",\"dateModified\":\"2026-01-25T15:46:20+00:00\",\"author\":{\"@id\":\"https:\/\/www.nettali.com\/#\/schema\/person\/bb147657c2986240405a608162b9bb23\"},\"breadcrumb\":{\"@id\":\"https:\/\/www.nettali.com\/2026\/01\/23\/krepin-diatta-jai-fait-4-malaises\/#breadcrumb\"},\"inLanguage\":\"fr-FR\",\"potentialAction\":[{\"@type\":\"ReadAction\",\"target\":[\"https:\/\/www.nettali.com\/2026\/01\/23\/krepin-diatta-jai-fait-4-malaises\/\"]}]},{\"@type\":\"BreadcrumbList\",\"@id\":\"https:\/\/www.nettali.com\/2026\/01\/23\/krepin-diatta-jai-fait-4-malaises\/#breadcrumb\",\"itemListElement\":[{\"@type\":\"ListItem\",\"position\":1,\"name\":\"Accueil\",\"item\":\"https:\/\/www.nettali.com\/\"},{\"@type\":\"ListItem\",\"position\":2,\"name\":\"KR\\u00c9PIN DIATTA - \\\" J'ai fait 4 malaises\\\"\"}]},{\"@type\":\"Person\",\"@id\":\"https:\/\/www.nettali.com\/#\/schema\/person\/bb147657c2986240405a608162b9bb23\",\"name\":\"Ibrahima\",\"image\":{\"@type\":\"ImageObject\",\"@id\":\"https:\/\/www.nettali.com\/#personlogo\",\"inLanguage\":\"fr-FR\",\"url\":\"https:\/\/secure.gravatar.com\/avatar\/26a8a81f09f0dd7624c9d5c36c9ba3a2?s=96&d=mm&r=g\",\"contentUrl\":\"https:\/\/secure.gravatar.com\/avatar\/26a8a81f09f0dd7624c9d5c36c9ba3a2?s=96&d=mm&r=g\",\"caption\":\"Ibrahima\"},\"sameAs\":[\"https:\/\/www.nettali.com\"]}]}<\/script>\n<!-- \/ Yoast SEO Premium plugin. -->","yoast_head_json":{"title":"KR\u00c9PIN DIATTA - \" J'ai fait 4 malaises\" | Nettali.com","robots":{"index":"index","follow":"follow","max-snippet":"max-snippet:-1","max-image-preview":"max-image-preview:large","max-video-preview":"max-video-preview:-1"},"canonical":"https:\/\/www.nettali.com\/2026\/01\/23\/krepin-diatta-jai-fait-4-malaises\/","og_locale":"fr_FR","og_type":"article","og_title":"KR\u00c9PIN DIATTA - \" J'ai fait 4 malaises\"","og_description":"NETTALI.COM - Titulaire indiscutable du S\u00e9n\u00e9gal au poste d'arri\u00e8re droit, Kr\u00e9pin Diatta a r\u00e9alis\u00e9 une CAN 2025 tr\u00e8s solide. Malheureusement, le joueur de l'AS Monaco a rat\u00e9 la finale en raison d'une maladie. Il a \u00e9t\u00e9 remplac\u00e9 par Antoine Mendy. Dans une interview, Kr\u00e9pin Diatta est revenu en d\u00e9tails sur ce malaise qui l'a priv\u00e9 [&hellip;]","og_url":"https:\/\/www.nettali.com\/2026\/01\/23\/krepin-diatta-jai-fait-4-malaises\/","og_site_name":"Nettali.com","article_publisher":"https:\/\/www.facebook.com\/nettalicom","article_published_time":"2026-01-23T11:02:43+00:00","article_modified_time":"2026-01-25T15:46:20+00:00","og_image":[{"width":490,"height":318,"url":"https:\/\/www.nettali.com\/wp-content\/uploads\/2026\/01\/images-33.jpeg","type":"image\/jpeg"}],"twitter_card":"summary_large_image","twitter_misc":{"\u00c9crit par":"Ibrahima","Dur\u00e9e de lecture estim\u00e9e":"2 minutes"},"schema":{"@context":"https:\/\/schema.org","@graph":[{"@type":"WebSite","@id":"https:\/\/www.nettali.com\/#website","url":"https:\/\/www.nettali.com\/","name":"Nettali.com","description":"Le rendez-vous critique du Net","potentialAction":[{"@type":"SearchAction","target":{"@type":"EntryPoint","urlTemplate":"https:\/\/www.nettali.com\/?s={search_term_string}"},"query-input":"required name=search_term_string"}],"inLanguage":"fr-FR"},{"@type":"ImageObject","@id":"https:\/\/www.nettali.com\/2026\/01\/23\/krepin-diatta-jai-fait-4-malaises\/#primaryimage","inLanguage":"fr-FR","url":"https:\/\/www.nettali.com\/wp-content\/uploads\/2026\/01\/images-33.jpeg","contentUrl":"https:\/\/www.nettali.com\/wp-content\/uploads\/2026\/01\/images-33.jpeg","width":490,"height":318},{"@type":"WebPage","@id":"https:\/\/www.nettali.com\/2026\/01\/23\/krepin-diatta-jai-fait-4-malaises\/#webpage","url":"https:\/\/www.nettali.com\/2026\/01\/23\/krepin-diatta-jai-fait-4-malaises\/","name":"KR\u00c9PIN DIATTA - \" J'ai fait 4 malaises\" | Nettali.com","isPartOf":{"@id":"https:\/\/www.nettali.com\/#website"},"primaryImageOfPage":{"@id":"https:\/\/www.nettali.com\/2026\/01\/23\/krepin-diatta-jai-fait-4-malaises\/#primaryimage"},"datePublished":"2026-01-23T11:02:43+00:00","dateModified":"2026-01-25T15:46:20+00:00","author":{"@id":"https:\/\/www.nettali.com\/#\/schema\/person\/bb147657c2986240405a608162b9bb23"},"breadcrumb":{"@id":"https:\/\/www.nettali.com\/2026\/01\/23\/krepin-diatta-jai-fait-4-malaises\/#breadcrumb"},"inLanguage":"fr-FR","potentialAction":[{"@type":"ReadAction","target":["https:\/\/www.nettali.com\/2026\/01\/23\/krepin-diatta-jai-fait-4-malaises\/"]}]},{"@type":"BreadcrumbList","@id":"https:\/\/www.nettali.com\/2026\/01\/23\/krepin-diatta-jai-fait-4-malaises\/#breadcrumb","itemListElement":[{"@type":"ListItem","position":1,"name":"Accueil","item":"https:\/\/www.nettali.com\/"},{"@type":"ListItem","position":2,"name":"KR\u00c9PIN DIATTA - \" J'ai fait 4 malaises\""}]},{"@type":"Person","@id":"https:\/\/www.nettali.com\/#\/schema\/person\/bb147657c2986240405a608162b9bb23","name":"Ibrahima","image":{"@type":"ImageObject","@id":"https:\/\/www.nettali.com\/#personlogo","inLanguage":"fr-FR","url":"https:\/\/secure.gravatar.com\/avatar\/26a8a81f09f0dd7624c9d5c36c9ba3a2?s=96&d=mm&r=g","contentUrl":"https:\/\/secure.gravatar.com\/avatar\/26a8a81f09f0dd7624c9d5c36c9ba3a2?s=96&d=mm&r=g","caption":"Ibrahima"},"sameAs":["https:\/\/www.nettali.com"]}]}},"_links":{"self":[{"href":"https:\/\/www.nettali.com\/rest\/wp\/v2\/posts\/168448"}],"collection":[{"href":"https:\/\/www.nettali.com\/rest\/wp\/v2\/posts"}],"about":[{"href":"https:\/\/www.nettali.com\/rest\/wp\/v2\/types\/post"}],"author":[{"embeddable":true,"href":"https:\/\/www.nettali.com\/rest\/wp\/v2\/users\/5"}],"replies":[{"embeddable":true,"href":"https:\/\/www.nettali.com\/rest\/wp\/v2\/comments?post=168448"}],"version-history":[{"count":1,"href":"https:\/\/www.nettali.com\/rest\/wp\/v2\/posts\/168448\/revisions"}],"predecessor-version":[{"id":168450,"href":"https:\/\/www.nettali.com\/rest\/wp\/v2\/posts\/168448\/revisions\/168450"}],"wp:featuredmedia":[{"embeddable":true,"href":"https:\/\/www.nettali.com\/rest\/wp\/v2\/media\/168449"}],"wp:attachment":[{"href":"https:\/\/www.nettali.com\/rest\/wp\/v2\/media?parent=168448"}],"wp:term":[{"taxonomy":"category","embeddable":true,"href":"https:\/\/www.nettali.com\/rest\/wp\/v2\/categories?post=168448"},{"taxonomy":"post_tag","embeddable":true,"href":"https:\/\/www.nettali.com\/rest\/wp\/v2\/tags?post=168448"}],"curies":[{"name":"wp","href":"https:\/\/api.w.org\/{rel}","templated":true}]}}