{"id":168437,"date":"2026-01-23T12:11:27","date_gmt":"2026-01-23T12:11:27","guid":{"rendered":"https:\/\/www.nettali.com\/?p=168437"},"modified":"2026-01-23T13:25:35","modified_gmt":"2026-01-23T13:25:35","slug":"linkafrica-sinquiete-des-incidents-post-can-au-maroc","status":"publish","type":"post","link":"https:\/\/www.nettali.com\/2026\/01\/23\/linkafrica-sinquiete-des-incidents-post-can-au-maroc\/","title":{"rendered":"Linkafrica s'inqui\u00e8te des incidents post-Can au Maroc"},"content":{"rendered":"<p><strong>NETTALI.COM -<\/strong> \u00c0 la suite des incidents survenus apr\u00e8s la finale de la Coupe d\u2019Afrique des Nations disput\u00e9e au Maroc le 18 janvier 2026, impliquant des ressortissants marocains et s\u00e9n\u00e9galais, Linkafrica, association panafricaine engag\u00e9e pour l\u2019unit\u00e9 et la coop\u00e9ration entre les peuples africains, a exprim\u00e9 sa vive pr\u00e9occupation.<\/p>\n<p>Dans un communiqu\u00e9, l\u2019organisation lance un appel ferme \u00e0 l\u2019apaisement, \u00e0 la retenue et au sens des responsabilit\u00e9s, aussi bien au pays que dans la diaspora. Pour Linkafrica, le football demeure une passion f\u00e9d\u00e9ratrice, capable de rassembler et de faire r\u00eaver. Mais il ne saurait, en aucune circonstance, devenir un pr\u00e9texte \u00e0 la haine, \u00e0 la violence ou \u00e0 la stigmatisation. \u201c<em>Il ne doit jamais se transformer en champ de bataille<\/em>\u201d, rappelle l\u2019association, qui insiste sur la vocation premi\u00e8re du sport : un espace de fraternit\u00e9, de fair-play et de rencontre entre les peuples.<\/p>\n<p>L\u2019organisation souligne qu\u2019aucune d\u00e9faite, aucune victoire, ni m\u00eame une d\u00e9cision arbitrale contest\u00e9e, ne peut justifier des discours de haine ou des actes de violence, encore moins entre deux nations africaines soeurs que sont le S\u00e9n\u00e9gal et le Maroc. Deux pays li\u00e9s par une longue histoire de coop\u00e9ration et d\u2019\u00e9changes culturels, spirituels, \u00e9ducatifs et \u00e9conomiques.<\/p>\n<p>Linkafrica s\u2019inqui\u00e8te particuli\u00e8rement de la tournure prise par les d\u00e9bats sur les r\u00e9seaux sociaux. Depuis plusieurs jours, d\u00e9plore-t-elle, ces plateformes se transforment en \u201ctribunaux \u00e9motionnels\u201d, o\u00f9 propos blessants, images sorties de leur contexte et rumeurs prennent le pas sur les faits et la raison. Une d\u00e9rive qui expose inutilement deux peuples appel\u00e9s \u00e0 construire ensemble l\u2019avenir du continent \u00e0 une confrontation dangereuse et contreproductive.<\/p>\n<p>Selon l\u2019association, la jeunesse marocaine et s\u00e9n\u00e9galaise est la premi\u00e8re victime de cette escalade verbale. Lorsque la haine s\u2019installe et que l\u2019\u00e9motion domine, avertitelle, l\u2019avenir se r\u00e9tr\u00e9cit : opportunit\u00e9s d\u2019\u00e9changes compromises, bourses d\u2019\u00e9tudes menac\u00e9es, partenariats \u00e9conomiques fragilis\u00e9s et projets communs abandonn\u00e9s. \u201c<em>Dans cette guerre des mots, il n\u2019y aura ni vainqueur ni troph\u00e9e, seulement des perdants africains<\/em>\u201d, tranche le communiqu\u00e9.<\/p>\n<p>Fid\u00e8le \u00e0 sa vision, Linkafrica r\u00e9affirme sa foi en une Afrique connect\u00e9e, solidaire et prosp\u00e8re, o\u00f9 la fraternit\u00e9 se traduit par des actes concrets et o\u00f9 les diff\u00e9rends se r\u00e8glent par le dialogue, la maturit\u00e9 et l\u2019intelligence collective.<\/p>\n<p>Pour l\u2019organisation, le d\u00e9veloppement du continent passe n\u00e9cessairement par la coop\u00e9ration, jamais par la confrontation, et l\u2019histoire comme la responsabilit\u00e9 doit toujours primer sur l\u2019\u00e9motion.<\/p>\n<p>Rappelant que le Maroc et le S\u00e9n\u00e9gal ne se sont pas rencontr\u00e9s uniquement sur un terrain de football, Linkafrica met en avant des liens anciens, profonds et structurants, fond\u00e9s sur des \u00e9changes humains durables, des parcours \u00e9ducatifs crois\u00e9s et une solidarit\u00e9 africaine vivante. Des liens qui, selon elle, ne sauraient \u00eatre sacrifi\u00e9s sur l\u2019autel de la col\u00e8re ou de la manipulation.<\/p>\n<p>En conclusion, l\u2019association appelle les citoyens marocains et s\u00e9n\u00e9galais, au pays comme dans la diaspora, \u00e0 rejeter tout discours de haine et de division. Elle interpelle \u00e9galement les leaders d\u2019opinion, influenceurs, acteurs culturels et m\u00e9dias sur leur responsabilit\u00e9 dans la pr\u00e9servation de la coh\u00e9sion sociale, et invite les autorit\u00e9s des deux pays \u00e0 oeuvrer, dans un esprit de concertation et de sagesse, \u00e0 pr\u00e9venir toute escalade. \u201c<em>Le monde nous regarde, l\u2019avenir nous attend<\/em>\u201d, conclut Linkafrica, r\u00e9affirmant son engagement pour une Afrique unie, consciente et responsable, fid\u00e8le \u00e0 son destin commun.<\/p>\n<div class='share-to-whatsapp-wrapper'><div class='share-on-whsp'>PARTAGER SUR : <\/div><a data-text='Linkafrica s'inqui\u00e8te des incidents post-Can au Maroc' data-link='https:\/\/www.nettali.com\/2026\/01\/23\/linkafrica-sinquiete-des-incidents-post-can-au-maroc\/' class='whatsapp-button whatsapp-share'>WhatsApp<\/a><div class='clear '><\/div><\/div>","protected":false},"excerpt":{"rendered":"<p>NETTALI.COM - \u00c0 la suite des incidents survenus apr\u00e8s la finale de la Coupe d\u2019Afrique des Nations disput\u00e9e au Maroc le 18 janvier 2026, impliquant des ressortissants marocains et s\u00e9n\u00e9galais, Linkafrica, association panafricaine engag\u00e9e pour l\u2019unit\u00e9 et la coop\u00e9ration entre les peuples africains, a exprim\u00e9 sa vive pr\u00e9occupation. Dans un communiqu\u00e9, l\u2019organisation lance un appel [&hellip;]<\/p>\n","protected":false},"author":2,"featured_media":168438,"comment_status":"open","ping_status":"open","sticky":false,"template":"","format":"standard","meta":{"_et_pb_use_builder":"","_et_pb_old_content":""},"categories":[6],"tags":[],"yoast_head":"<!-- This site is optimized with the Yoast SEO Premium plugin v17.8 (Yoast SEO v17.8) - https:\/\/yoast.com\/wordpress\/plugins\/seo\/ -->\n<title>Linkafrica s&#039;inqui\u00e8te des incidents post-Can au Maroc | Nettali.com<\/title>\n<meta name=\"robots\" content=\"index, follow, max-snippet:-1, max-image-preview:large, max-video-preview:-1\" \/>\n<link rel=\"canonical\" href=\"https:\/\/www.nettali.com\/2026\/01\/23\/linkafrica-sinquiete-des-incidents-post-can-au-maroc\/\" \/>\n<meta property=\"og:locale\" content=\"fr_FR\" \/>\n<meta property=\"og:type\" content=\"article\" \/>\n<meta property=\"og:title\" content=\"Linkafrica s&#039;inqui\u00e8te des incidents post-Can au Maroc\" \/>\n<meta property=\"og:description\" content=\"NETTALI.COM - \u00c0 la suite des incidents survenus apr\u00e8s la finale de la Coupe d\u2019Afrique des Nations disput\u00e9e au Maroc le 18 janvier 2026, impliquant des ressortissants marocains et s\u00e9n\u00e9galais, Linkafrica, association panafricaine engag\u00e9e pour l\u2019unit\u00e9 et la coop\u00e9ration entre les peuples africains, a exprim\u00e9 sa vive pr\u00e9occupation. Dans un communiqu\u00e9, l\u2019organisation lance un appel [&hellip;]\" \/>\n<meta property=\"og:url\" content=\"https:\/\/www.nettali.com\/2026\/01\/23\/linkafrica-sinquiete-des-incidents-post-can-au-maroc\/\" \/>\n<meta property=\"og:site_name\" content=\"Nettali.com\" \/>\n<meta property=\"article:publisher\" content=\"https:\/\/www.facebook.com\/nettalicom\" \/>\n<meta property=\"article:published_time\" content=\"2026-01-23T12:11:27+00:00\" \/>\n<meta property=\"article:modified_time\" content=\"2026-01-23T13:25:35+00:00\" \/>\n<meta property=\"og:image\" content=\"https:\/\/www.nettali.com\/wp-content\/uploads\/2026\/01\/unnamed-1-5.jpg\" \/>\n\t<meta property=\"og:image:width\" content=\"1024\" \/>\n\t<meta property=\"og:image:height\" content=\"576\" \/>\n<meta name=\"twitter:card\" content=\"summary_large_image\" \/>\n<meta name=\"twitter:label1\" content=\"\u00c9crit par\" \/>\n\t<meta name=\"twitter:data1\" content=\"CK\" \/>\n\t<meta name=\"twitter:label2\" content=\"Dur\u00e9e de lecture estim\u00e9e\" \/>\n\t<meta name=\"twitter:data2\" content=\"3 minutes\" \/>\n<script type=\"application\/ld+json\" class=\"yoast-schema-graph\">{\"@context\":\"https:\/\/schema.org\",\"@graph\":[{\"@type\":\"WebSite\",\"@id\":\"https:\/\/www.nettali.com\/#website\",\"url\":\"https:\/\/www.nettali.com\/\",\"name\":\"Nettali.com\",\"description\":\"Le rendez-vous critique du Net\",\"potentialAction\":[{\"@type\":\"SearchAction\",\"target\":{\"@type\":\"EntryPoint\",\"urlTemplate\":\"https:\/\/www.nettali.com\/?s={search_term_string}\"},\"query-input\":\"required name=search_term_string\"}],\"inLanguage\":\"fr-FR\"},{\"@type\":\"ImageObject\",\"@id\":\"https:\/\/www.nettali.com\/2026\/01\/23\/linkafrica-sinquiete-des-incidents-post-can-au-maroc\/#primaryimage\",\"inLanguage\":\"fr-FR\",\"url\":\"https:\/\/www.nettali.com\/wp-content\/uploads\/2026\/01\/unnamed-1-5.jpg\",\"contentUrl\":\"https:\/\/www.nettali.com\/wp-content\/uploads\/2026\/01\/unnamed-1-5.jpg\",\"width\":1024,\"height\":576},{\"@type\":\"WebPage\",\"@id\":\"https:\/\/www.nettali.com\/2026\/01\/23\/linkafrica-sinquiete-des-incidents-post-can-au-maroc\/#webpage\",\"url\":\"https:\/\/www.nettali.com\/2026\/01\/23\/linkafrica-sinquiete-des-incidents-post-can-au-maroc\/\",\"name\":\"Linkafrica s'inqui\\u00e8te des incidents post-Can au Maroc | Nettali.com\",\"isPartOf\":{\"@id\":\"https:\/\/www.nettali.com\/#website\"},\"primaryImageOfPage\":{\"@id\":\"https:\/\/www.nettali.com\/2026\/01\/23\/linkafrica-sinquiete-des-incidents-post-can-au-maroc\/#primaryimage\"},\"datePublished\":\"2026-01-23T12:11:27+00:00\",\"dateModified\":\"2026-01-23T13:25:35+00:00\",\"author\":{\"@id\":\"https:\/\/www.nettali.com\/#\/schema\/person\/d8ac7b7e27ddad43f1c0d2ef090d7f71\"},\"breadcrumb\":{\"@id\":\"https:\/\/www.nettali.com\/2026\/01\/23\/linkafrica-sinquiete-des-incidents-post-can-au-maroc\/#breadcrumb\"},\"inLanguage\":\"fr-FR\",\"potentialAction\":[{\"@type\":\"ReadAction\",\"target\":[\"https:\/\/www.nettali.com\/2026\/01\/23\/linkafrica-sinquiete-des-incidents-post-can-au-maroc\/\"]}]},{\"@type\":\"BreadcrumbList\",\"@id\":\"https:\/\/www.nettali.com\/2026\/01\/23\/linkafrica-sinquiete-des-incidents-post-can-au-maroc\/#breadcrumb\",\"itemListElement\":[{\"@type\":\"ListItem\",\"position\":1,\"name\":\"Accueil\",\"item\":\"https:\/\/www.nettali.com\/\"},{\"@type\":\"ListItem\",\"position\":2,\"name\":\"Linkafrica s'inqui\\u00e8te des incidents post-Can au Maroc\"}]},{\"@type\":\"Person\",\"@id\":\"https:\/\/www.nettali.com\/#\/schema\/person\/d8ac7b7e27ddad43f1c0d2ef090d7f71\",\"name\":\"CK\",\"image\":{\"@type\":\"ImageObject\",\"@id\":\"https:\/\/www.nettali.com\/#personlogo\",\"inLanguage\":\"fr-FR\",\"url\":\"https:\/\/secure.gravatar.com\/avatar\/1d8d5118b9327d94da7cd4ce7f17fec2?s=96&d=mm&r=g\",\"contentUrl\":\"https:\/\/secure.gravatar.com\/avatar\/1d8d5118b9327d94da7cd4ce7f17fec2?s=96&d=mm&r=g\",\"caption\":\"CK\"},\"sameAs\":[\"https:\/\/www.nettali.com\"]}]}<\/script>\n<!-- \/ Yoast SEO Premium plugin. -->","yoast_head_json":{"title":"Linkafrica s'inqui\u00e8te des incidents post-Can au Maroc | Nettali.com","robots":{"index":"index","follow":"follow","max-snippet":"max-snippet:-1","max-image-preview":"max-image-preview:large","max-video-preview":"max-video-preview:-1"},"canonical":"https:\/\/www.nettali.com\/2026\/01\/23\/linkafrica-sinquiete-des-incidents-post-can-au-maroc\/","og_locale":"fr_FR","og_type":"article","og_title":"Linkafrica s'inqui\u00e8te des incidents post-Can au Maroc","og_description":"NETTALI.COM - \u00c0 la suite des incidents survenus apr\u00e8s la finale de la Coupe d\u2019Afrique des Nations disput\u00e9e au Maroc le 18 janvier 2026, impliquant des ressortissants marocains et s\u00e9n\u00e9galais, Linkafrica, association panafricaine engag\u00e9e pour l\u2019unit\u00e9 et la coop\u00e9ration entre les peuples africains, a exprim\u00e9 sa vive pr\u00e9occupation. Dans un communiqu\u00e9, l\u2019organisation lance un appel [&hellip;]","og_url":"https:\/\/www.nettali.com\/2026\/01\/23\/linkafrica-sinquiete-des-incidents-post-can-au-maroc\/","og_site_name":"Nettali.com","article_publisher":"https:\/\/www.facebook.com\/nettalicom","article_published_time":"2026-01-23T12:11:27+00:00","article_modified_time":"2026-01-23T13:25:35+00:00","og_image":[{"width":1024,"height":576,"url":"https:\/\/www.nettali.com\/wp-content\/uploads\/2026\/01\/unnamed-1-5.jpg","type":"image\/jpeg"}],"twitter_card":"summary_large_image","twitter_misc":{"\u00c9crit par":"CK","Dur\u00e9e de lecture estim\u00e9e":"3 minutes"},"schema":{"@context":"https:\/\/schema.org","@graph":[{"@type":"WebSite","@id":"https:\/\/www.nettali.com\/#website","url":"https:\/\/www.nettali.com\/","name":"Nettali.com","description":"Le rendez-vous critique du Net","potentialAction":[{"@type":"SearchAction","target":{"@type":"EntryPoint","urlTemplate":"https:\/\/www.nettali.com\/?s={search_term_string}"},"query-input":"required name=search_term_string"}],"inLanguage":"fr-FR"},{"@type":"ImageObject","@id":"https:\/\/www.nettali.com\/2026\/01\/23\/linkafrica-sinquiete-des-incidents-post-can-au-maroc\/#primaryimage","inLanguage":"fr-FR","url":"https:\/\/www.nettali.com\/wp-content\/uploads\/2026\/01\/unnamed-1-5.jpg","contentUrl":"https:\/\/www.nettali.com\/wp-content\/uploads\/2026\/01\/unnamed-1-5.jpg","width":1024,"height":576},{"@type":"WebPage","@id":"https:\/\/www.nettali.com\/2026\/01\/23\/linkafrica-sinquiete-des-incidents-post-can-au-maroc\/#webpage","url":"https:\/\/www.nettali.com\/2026\/01\/23\/linkafrica-sinquiete-des-incidents-post-can-au-maroc\/","name":"Linkafrica s'inqui\u00e8te des incidents post-Can au Maroc | Nettali.com","isPartOf":{"@id":"https:\/\/www.nettali.com\/#website"},"primaryImageOfPage":{"@id":"https:\/\/www.nettali.com\/2026\/01\/23\/linkafrica-sinquiete-des-incidents-post-can-au-maroc\/#primaryimage"},"datePublished":"2026-01-23T12:11:27+00:00","dateModified":"2026-01-23T13:25:35+00:00","author":{"@id":"https:\/\/www.nettali.com\/#\/schema\/person\/d8ac7b7e27ddad43f1c0d2ef090d7f71"},"breadcrumb":{"@id":"https:\/\/www.nettali.com\/2026\/01\/23\/linkafrica-sinquiete-des-incidents-post-can-au-maroc\/#breadcrumb"},"inLanguage":"fr-FR","potentialAction":[{"@type":"ReadAction","target":["https:\/\/www.nettali.com\/2026\/01\/23\/linkafrica-sinquiete-des-incidents-post-can-au-maroc\/"]}]},{"@type":"BreadcrumbList","@id":"https:\/\/www.nettali.com\/2026\/01\/23\/linkafrica-sinquiete-des-incidents-post-can-au-maroc\/#breadcrumb","itemListElement":[{"@type":"ListItem","position":1,"name":"Accueil","item":"https:\/\/www.nettali.com\/"},{"@type":"ListItem","position":2,"name":"Linkafrica s'inqui\u00e8te des incidents post-Can au Maroc"}]},{"@type":"Person","@id":"https:\/\/www.nettali.com\/#\/schema\/person\/d8ac7b7e27ddad43f1c0d2ef090d7f71","name":"CK","image":{"@type":"ImageObject","@id":"https:\/\/www.nettali.com\/#personlogo","inLanguage":"fr-FR","url":"https:\/\/secure.gravatar.com\/avatar\/1d8d5118b9327d94da7cd4ce7f17fec2?s=96&d=mm&r=g","contentUrl":"https:\/\/secure.gravatar.com\/avatar\/1d8d5118b9327d94da7cd4ce7f17fec2?s=96&d=mm&r=g","caption":"CK"},"sameAs":["https:\/\/www.nettali.com"]}]}},"_links":{"self":[{"href":"https:\/\/www.nettali.com\/rest\/wp\/v2\/posts\/168437"}],"collection":[{"href":"https:\/\/www.nettali.com\/rest\/wp\/v2\/posts"}],"about":[{"href":"https:\/\/www.nettali.com\/rest\/wp\/v2\/types\/post"}],"author":[{"embeddable":true,"href":"https:\/\/www.nettali.com\/rest\/wp\/v2\/users\/2"}],"replies":[{"embeddable":true,"href":"https:\/\/www.nettali.com\/rest\/wp\/v2\/comments?post=168437"}],"version-history":[{"count":1,"href":"https:\/\/www.nettali.com\/rest\/wp\/v2\/posts\/168437\/revisions"}],"predecessor-version":[{"id":168439,"href":"https:\/\/www.nettali.com\/rest\/wp\/v2\/posts\/168437\/revisions\/168439"}],"wp:featuredmedia":[{"embeddable":true,"href":"https:\/\/www.nettali.com\/rest\/wp\/v2\/media\/168438"}],"wp:attachment":[{"href":"https:\/\/www.nettali.com\/rest\/wp\/v2\/media?parent=168437"}],"wp:term":[{"taxonomy":"category","embeddable":true,"href":"https:\/\/www.nettali.com\/rest\/wp\/v2\/categories?post=168437"},{"taxonomy":"post_tag","embeddable":true,"href":"https:\/\/www.nettali.com\/rest\/wp\/v2\/tags?post=168437"}],"curies":[{"name":"wp","href":"https:\/\/api.w.org\/{rel}","templated":true}]}}