{"id":168432,"date":"2026-01-23T07:47:02","date_gmt":"2026-01-23T07:47:02","guid":{"rendered":"https:\/\/www.nettali.com\/?p=168432"},"modified":"2026-01-23T07:47:02","modified_gmt":"2026-01-23T07:47:02","slug":"agressions-detudiants-etrangers-a-lucad-trois-suspects-interpelles-par-la-police","status":"publish","type":"post","link":"https:\/\/www.nettali.com\/2026\/01\/23\/agressions-detudiants-etrangers-a-lucad-trois-suspects-interpelles-par-la-police\/","title":{"rendered":"AGRESSIONS D\u2019\u00c9TUDIANTS \u00c9TRANGERS \u00c0 L\u2019UCAD : trois suspects interpell\u00e9s par la police"},"content":{"rendered":"<p><strong>NETTALI.COM - La S\u00fbret\u00e9 urbaine du commissariat central de Dakar a \u00e9t\u00e9 alert\u00e9e, le mercredi 21 janvier 2026, de plusieurs cas d\u2019agressions visant des \u00e9tudiants \u00e9trangers \u00e0 l\u2019Universit\u00e9 Cheikh Anta Diop (UCAD). Ces actes auraient \u00e9t\u00e9 perp\u00e9tr\u00e9s par des \u00e9tudiants s\u00e9n\u00e9galais, dans un contexte de tensions li\u00e9es \u00e0 la victoire du S\u00e9n\u00e9gal \u00e0 la CAN 2025.<\/strong><\/p>\n<p>D\u2019apr\u00e8s les premi\u00e8res investigations, ces agressions seraient motiv\u00e9es par des repr\u00e9sailles contre des ressortissants \u00e9trangers, en r\u00e9action aux s\u00e9vices que certains S\u00e9n\u00e9galais auraient subis \u00e0 l\u2019\u00e9tranger apr\u00e8s le sacre des Lions.<\/p>\n<p>Les enqu\u00eateurs ont identifi\u00e9 deux principaux meneurs, surnomm\u00e9s \u00ab Mbapp\u00e9 \u00bb et \u00ab El Capo \u00bb, qui auraient dirig\u00e9 un groupe ciblant des \u00e9tudiants \u00e9trangers de la Facult\u00e9 de M\u00e9decine.<\/p>\n<p>Il s\u2019agit notamment de A. Gaye Fall, alias <em>Mbapp\u00e9<\/em>, \u00e2g\u00e9 de 23 ans, originaire de Richard-Toll, \u00e9tudiant en Licence 3 au d\u00e9partement d\u2019Histoire \u00e0 la Facult\u00e9 des Lettres et Sciences Humaines.<br \/>\nLe second suspect est M. Dieng, alias <em>El Capo<\/em>, \u00e2g\u00e9 de 22 ans, \u00e9tudiant en deuxi\u00e8me ann\u00e9e au d\u00e9partement d\u2019Anglais, et pr\u00e9sident des \u00e9tudiants ressortissants de Ta\u00eff.<\/p>\n<p>Un troisi\u00e8me individu, I. Sarr, alias <em>Khalil<\/em>, \u00e2g\u00e9 de 25 ans, originaire de Mboro et \u00e9tudiant en Licence 2 en Histoire, a \u00e9galement \u00e9t\u00e9 interpell\u00e9.<\/p>\n<p>Bien qu\u2019aucun bless\u00e9 n\u2019ait \u00e9t\u00e9 signal\u00e9, les faits ont provoqu\u00e9 un important climat d\u2019inqui\u00e9tude au sein de la communaut\u00e9 universitaire. Les \u00e9tudiants \u00e9trangers pris pour cible ont pu quitter les lieux gr\u00e2ce \u00e0 l\u2019intervention d\u2019autres camarades, qui se sont interpos\u00e9s pour assurer leur s\u00e9curit\u00e9.<\/p>\n<p>Selon les renseignements recueillis par les enqu\u00eateurs sous l\u2019autorit\u00e9 du commissaire Goudiaby, les trois mis en cause seraient connus pour porter r\u00e9guli\u00e8rement des armes blanches sur le campus.<\/p>\n<p>Ils auraient \u00e9galement \u00e9t\u00e9 impliqu\u00e9s dans la manipulation r\u00e9cente de produits pyrotechniques \u00e0 forte d\u00e9tonation au niveau de la Fan-Zone de l\u2019UCAD, provoquant une panique parmi les spectateurs venus suivre la diffusion des matchs de la CAN 2025.<\/p>\n<p>Toujours selon les services de renseignement, les suspects envisageaient de cibler sp\u00e9cifiquement d\u2019autres \u00e9tudiants \u00e9trangers, ce qui a conduit \u00e0 une intervention rapide des forces de l\u2019ordre.<\/p>\n<p>Sur instruction des autorit\u00e9s, une op\u00e9ration de descente a \u00e9t\u00e9 men\u00e9e sur le campus apr\u00e8s la localisation des suspects. Ceux-ci ont \u00e9t\u00e9 interpell\u00e9s et conduits au service de police pour les premiers interrogatoires.<\/p>\n<p>Apr\u00e8s avis du commissaire central Mamadou Tendeng, chef du Service r\u00e9gional de la S\u00e9curit\u00e9 publique de Dakar, les trois individus ont \u00e9t\u00e9 transf\u00e9r\u00e9s au commissariat d\u2019arrondissement de Point-E, sous le commandement du commissaire Sow, d\u00e9sormais en charge du dossier.<\/p>\n<p>Les investigations se poursuivent afin de d\u00e9terminer avec pr\u00e9cision les circonstances des agressions, d\u2019\u00e9tablir les responsabilit\u00e9s et d\u2019identifier d\u2019\u00e9ventuels complices.<\/p>\n<p>&nbsp;<\/p>\n<div class='share-to-whatsapp-wrapper'><div class='share-on-whsp'>PARTAGER SUR : <\/div><a data-text='AGRESSIONS D\u2019\u00c9TUDIANTS \u00c9TRANGERS \u00c0 L\u2019UCAD : trois suspects interpell\u00e9s par la police' data-link='https:\/\/www.nettali.com\/2026\/01\/23\/agressions-detudiants-etrangers-a-lucad-trois-suspects-interpelles-par-la-police\/' class='whatsapp-button whatsapp-share'>WhatsApp<\/a><div class='clear '><\/div><\/div>","protected":false},"excerpt":{"rendered":"<p>NETTALI.COM - La S\u00fbret\u00e9 urbaine du commissariat central de Dakar a \u00e9t\u00e9 alert\u00e9e, le mercredi 21 janvier 2026, de plusieurs cas d\u2019agressions visant des \u00e9tudiants \u00e9trangers \u00e0 l\u2019Universit\u00e9 Cheikh Anta Diop (UCAD). Ces actes auraient \u00e9t\u00e9 perp\u00e9tr\u00e9s par des \u00e9tudiants s\u00e9n\u00e9galais, dans un contexte de tensions li\u00e9es \u00e0 la victoire du S\u00e9n\u00e9gal \u00e0 la CAN [&hellip;]<\/p>\n","protected":false},"author":4,"featured_media":146312,"comment_status":"open","ping_status":"open","sticky":false,"template":"","format":"standard","meta":{"_et_pb_use_builder":"","_et_pb_old_content":""},"categories":[3],"tags":[],"yoast_head":"<!-- This site is optimized with the Yoast SEO Premium plugin v17.8 (Yoast SEO v17.8) - https:\/\/yoast.com\/wordpress\/plugins\/seo\/ -->\n<title>AGRESSIONS D\u2019\u00c9TUDIANTS \u00c9TRANGERS \u00c0 L\u2019UCAD : trois suspects interpell\u00e9s par la police | Nettali.com<\/title>\n<meta name=\"robots\" content=\"index, follow, max-snippet:-1, max-image-preview:large, max-video-preview:-1\" \/>\n<link rel=\"canonical\" href=\"https:\/\/www.nettali.com\/2026\/01\/23\/agressions-detudiants-etrangers-a-lucad-trois-suspects-interpelles-par-la-police\/\" \/>\n<meta property=\"og:locale\" content=\"fr_FR\" \/>\n<meta property=\"og:type\" content=\"article\" \/>\n<meta property=\"og:title\" content=\"AGRESSIONS D\u2019\u00c9TUDIANTS \u00c9TRANGERS \u00c0 L\u2019UCAD : trois suspects interpell\u00e9s par la police\" \/>\n<meta property=\"og:description\" content=\"NETTALI.COM - La S\u00fbret\u00e9 urbaine du commissariat central de Dakar a \u00e9t\u00e9 alert\u00e9e, le mercredi 21 janvier 2026, de plusieurs cas d\u2019agressions visant des \u00e9tudiants \u00e9trangers \u00e0 l\u2019Universit\u00e9 Cheikh Anta Diop (UCAD). Ces actes auraient \u00e9t\u00e9 perp\u00e9tr\u00e9s par des \u00e9tudiants s\u00e9n\u00e9galais, dans un contexte de tensions li\u00e9es \u00e0 la victoire du S\u00e9n\u00e9gal \u00e0 la CAN [&hellip;]\" \/>\n<meta property=\"og:url\" content=\"https:\/\/www.nettali.com\/2026\/01\/23\/agressions-detudiants-etrangers-a-lucad-trois-suspects-interpelles-par-la-police\/\" \/>\n<meta property=\"og:site_name\" content=\"Nettali.com\" \/>\n<meta property=\"article:publisher\" content=\"https:\/\/www.facebook.com\/nettalicom\" \/>\n<meta property=\"article:published_time\" content=\"2026-01-23T07:47:02+00:00\" \/>\n<meta property=\"og:image\" content=\"https:\/\/www.nettali.com\/wp-content\/uploads\/2024\/12\/commissariat-central-dakar-police-1.jpg\" \/>\n\t<meta property=\"og:image:width\" content=\"700\" \/>\n\t<meta property=\"og:image:height\" content=\"464\" \/>\n<meta name=\"twitter:card\" content=\"summary_large_image\" \/>\n<meta name=\"twitter:label1\" content=\"\u00c9crit par\" \/>\n\t<meta name=\"twitter:data1\" content=\"Daouda\" \/>\n\t<meta name=\"twitter:label2\" content=\"Dur\u00e9e de lecture estim\u00e9e\" \/>\n\t<meta name=\"twitter:data2\" content=\"2 minutes\" \/>\n<script type=\"application\/ld+json\" class=\"yoast-schema-graph\">{\"@context\":\"https:\/\/schema.org\",\"@graph\":[{\"@type\":\"WebSite\",\"@id\":\"https:\/\/www.nettali.com\/#website\",\"url\":\"https:\/\/www.nettali.com\/\",\"name\":\"Nettali.com\",\"description\":\"Le rendez-vous critique du Net\",\"potentialAction\":[{\"@type\":\"SearchAction\",\"target\":{\"@type\":\"EntryPoint\",\"urlTemplate\":\"https:\/\/www.nettali.com\/?s={search_term_string}\"},\"query-input\":\"required name=search_term_string\"}],\"inLanguage\":\"fr-FR\"},{\"@type\":\"ImageObject\",\"@id\":\"https:\/\/www.nettali.com\/2026\/01\/23\/agressions-detudiants-etrangers-a-lucad-trois-suspects-interpelles-par-la-police\/#primaryimage\",\"inLanguage\":\"fr-FR\",\"url\":\"https:\/\/www.nettali.com\/wp-content\/uploads\/2024\/12\/commissariat-central-dakar-police-1.jpg\",\"contentUrl\":\"https:\/\/www.nettali.com\/wp-content\/uploads\/2024\/12\/commissariat-central-dakar-police-1.jpg\",\"width\":700,\"height\":464},{\"@type\":\"WebPage\",\"@id\":\"https:\/\/www.nettali.com\/2026\/01\/23\/agressions-detudiants-etrangers-a-lucad-trois-suspects-interpelles-par-la-police\/#webpage\",\"url\":\"https:\/\/www.nettali.com\/2026\/01\/23\/agressions-detudiants-etrangers-a-lucad-trois-suspects-interpelles-par-la-police\/\",\"name\":\"AGRESSIONS D\\u2019\\u00c9TUDIANTS \\u00c9TRANGERS \\u00c0 L\\u2019UCAD : trois suspects interpell\\u00e9s par la police | Nettali.com\",\"isPartOf\":{\"@id\":\"https:\/\/www.nettali.com\/#website\"},\"primaryImageOfPage\":{\"@id\":\"https:\/\/www.nettali.com\/2026\/01\/23\/agressions-detudiants-etrangers-a-lucad-trois-suspects-interpelles-par-la-police\/#primaryimage\"},\"datePublished\":\"2026-01-23T07:47:02+00:00\",\"dateModified\":\"2026-01-23T07:47:02+00:00\",\"author\":{\"@id\":\"https:\/\/www.nettali.com\/#\/schema\/person\/3317e0bb3aa1da309fbf7b2780901bf4\"},\"breadcrumb\":{\"@id\":\"https:\/\/www.nettali.com\/2026\/01\/23\/agressions-detudiants-etrangers-a-lucad-trois-suspects-interpelles-par-la-police\/#breadcrumb\"},\"inLanguage\":\"fr-FR\",\"potentialAction\":[{\"@type\":\"ReadAction\",\"target\":[\"https:\/\/www.nettali.com\/2026\/01\/23\/agressions-detudiants-etrangers-a-lucad-trois-suspects-interpelles-par-la-police\/\"]}]},{\"@type\":\"BreadcrumbList\",\"@id\":\"https:\/\/www.nettali.com\/2026\/01\/23\/agressions-detudiants-etrangers-a-lucad-trois-suspects-interpelles-par-la-police\/#breadcrumb\",\"itemListElement\":[{\"@type\":\"ListItem\",\"position\":1,\"name\":\"Accueil\",\"item\":\"https:\/\/www.nettali.com\/\"},{\"@type\":\"ListItem\",\"position\":2,\"name\":\"AGRESSIONS D\\u2019\\u00c9TUDIANTS \\u00c9TRANGERS \\u00c0 L\\u2019UCAD : trois suspects interpell\\u00e9s par la police\"}]},{\"@type\":\"Person\",\"@id\":\"https:\/\/www.nettali.com\/#\/schema\/person\/3317e0bb3aa1da309fbf7b2780901bf4\",\"name\":\"Daouda\",\"image\":{\"@type\":\"ImageObject\",\"@id\":\"https:\/\/www.nettali.com\/#personlogo\",\"inLanguage\":\"fr-FR\",\"url\":\"https:\/\/secure.gravatar.com\/avatar\/8d143b5a49345098ddcfee1c49c2f47c?s=96&d=mm&r=g\",\"contentUrl\":\"https:\/\/secure.gravatar.com\/avatar\/8d143b5a49345098ddcfee1c49c2f47c?s=96&d=mm&r=g\",\"caption\":\"Daouda\"},\"sameAs\":[\"https:\/\/www.nettali.com\"]}]}<\/script>\n<!-- \/ Yoast SEO Premium plugin. -->","yoast_head_json":{"title":"AGRESSIONS D\u2019\u00c9TUDIANTS \u00c9TRANGERS \u00c0 L\u2019UCAD : trois suspects interpell\u00e9s par la police | Nettali.com","robots":{"index":"index","follow":"follow","max-snippet":"max-snippet:-1","max-image-preview":"max-image-preview:large","max-video-preview":"max-video-preview:-1"},"canonical":"https:\/\/www.nettali.com\/2026\/01\/23\/agressions-detudiants-etrangers-a-lucad-trois-suspects-interpelles-par-la-police\/","og_locale":"fr_FR","og_type":"article","og_title":"AGRESSIONS D\u2019\u00c9TUDIANTS \u00c9TRANGERS \u00c0 L\u2019UCAD : trois suspects interpell\u00e9s par la police","og_description":"NETTALI.COM - La S\u00fbret\u00e9 urbaine du commissariat central de Dakar a \u00e9t\u00e9 alert\u00e9e, le mercredi 21 janvier 2026, de plusieurs cas d\u2019agressions visant des \u00e9tudiants \u00e9trangers \u00e0 l\u2019Universit\u00e9 Cheikh Anta Diop (UCAD). Ces actes auraient \u00e9t\u00e9 perp\u00e9tr\u00e9s par des \u00e9tudiants s\u00e9n\u00e9galais, dans un contexte de tensions li\u00e9es \u00e0 la victoire du S\u00e9n\u00e9gal \u00e0 la CAN [&hellip;]","og_url":"https:\/\/www.nettali.com\/2026\/01\/23\/agressions-detudiants-etrangers-a-lucad-trois-suspects-interpelles-par-la-police\/","og_site_name":"Nettali.com","article_publisher":"https:\/\/www.facebook.com\/nettalicom","article_published_time":"2026-01-23T07:47:02+00:00","og_image":[{"width":700,"height":464,"url":"https:\/\/www.nettali.com\/wp-content\/uploads\/2024\/12\/commissariat-central-dakar-police-1.jpg","type":"image\/jpeg"}],"twitter_card":"summary_large_image","twitter_misc":{"\u00c9crit par":"Daouda","Dur\u00e9e de lecture estim\u00e9e":"2 minutes"},"schema":{"@context":"https:\/\/schema.org","@graph":[{"@type":"WebSite","@id":"https:\/\/www.nettali.com\/#website","url":"https:\/\/www.nettali.com\/","name":"Nettali.com","description":"Le rendez-vous critique du Net","potentialAction":[{"@type":"SearchAction","target":{"@type":"EntryPoint","urlTemplate":"https:\/\/www.nettali.com\/?s={search_term_string}"},"query-input":"required name=search_term_string"}],"inLanguage":"fr-FR"},{"@type":"ImageObject","@id":"https:\/\/www.nettali.com\/2026\/01\/23\/agressions-detudiants-etrangers-a-lucad-trois-suspects-interpelles-par-la-police\/#primaryimage","inLanguage":"fr-FR","url":"https:\/\/www.nettali.com\/wp-content\/uploads\/2024\/12\/commissariat-central-dakar-police-1.jpg","contentUrl":"https:\/\/www.nettali.com\/wp-content\/uploads\/2024\/12\/commissariat-central-dakar-police-1.jpg","width":700,"height":464},{"@type":"WebPage","@id":"https:\/\/www.nettali.com\/2026\/01\/23\/agressions-detudiants-etrangers-a-lucad-trois-suspects-interpelles-par-la-police\/#webpage","url":"https:\/\/www.nettali.com\/2026\/01\/23\/agressions-detudiants-etrangers-a-lucad-trois-suspects-interpelles-par-la-police\/","name":"AGRESSIONS D\u2019\u00c9TUDIANTS \u00c9TRANGERS \u00c0 L\u2019UCAD : trois suspects interpell\u00e9s par la police | Nettali.com","isPartOf":{"@id":"https:\/\/www.nettali.com\/#website"},"primaryImageOfPage":{"@id":"https:\/\/www.nettali.com\/2026\/01\/23\/agressions-detudiants-etrangers-a-lucad-trois-suspects-interpelles-par-la-police\/#primaryimage"},"datePublished":"2026-01-23T07:47:02+00:00","dateModified":"2026-01-23T07:47:02+00:00","author":{"@id":"https:\/\/www.nettali.com\/#\/schema\/person\/3317e0bb3aa1da309fbf7b2780901bf4"},"breadcrumb":{"@id":"https:\/\/www.nettali.com\/2026\/01\/23\/agressions-detudiants-etrangers-a-lucad-trois-suspects-interpelles-par-la-police\/#breadcrumb"},"inLanguage":"fr-FR","potentialAction":[{"@type":"ReadAction","target":["https:\/\/www.nettali.com\/2026\/01\/23\/agressions-detudiants-etrangers-a-lucad-trois-suspects-interpelles-par-la-police\/"]}]},{"@type":"BreadcrumbList","@id":"https:\/\/www.nettali.com\/2026\/01\/23\/agressions-detudiants-etrangers-a-lucad-trois-suspects-interpelles-par-la-police\/#breadcrumb","itemListElement":[{"@type":"ListItem","position":1,"name":"Accueil","item":"https:\/\/www.nettali.com\/"},{"@type":"ListItem","position":2,"name":"AGRESSIONS D\u2019\u00c9TUDIANTS \u00c9TRANGERS \u00c0 L\u2019UCAD : trois suspects interpell\u00e9s par la police"}]},{"@type":"Person","@id":"https:\/\/www.nettali.com\/#\/schema\/person\/3317e0bb3aa1da309fbf7b2780901bf4","name":"Daouda","image":{"@type":"ImageObject","@id":"https:\/\/www.nettali.com\/#personlogo","inLanguage":"fr-FR","url":"https:\/\/secure.gravatar.com\/avatar\/8d143b5a49345098ddcfee1c49c2f47c?s=96&d=mm&r=g","contentUrl":"https:\/\/secure.gravatar.com\/avatar\/8d143b5a49345098ddcfee1c49c2f47c?s=96&d=mm&r=g","caption":"Daouda"},"sameAs":["https:\/\/www.nettali.com"]}]}},"_links":{"self":[{"href":"https:\/\/www.nettali.com\/rest\/wp\/v2\/posts\/168432"}],"collection":[{"href":"https:\/\/www.nettali.com\/rest\/wp\/v2\/posts"}],"about":[{"href":"https:\/\/www.nettali.com\/rest\/wp\/v2\/types\/post"}],"author":[{"embeddable":true,"href":"https:\/\/www.nettali.com\/rest\/wp\/v2\/users\/4"}],"replies":[{"embeddable":true,"href":"https:\/\/www.nettali.com\/rest\/wp\/v2\/comments?post=168432"}],"version-history":[{"count":1,"href":"https:\/\/www.nettali.com\/rest\/wp\/v2\/posts\/168432\/revisions"}],"predecessor-version":[{"id":168433,"href":"https:\/\/www.nettali.com\/rest\/wp\/v2\/posts\/168432\/revisions\/168433"}],"wp:featuredmedia":[{"embeddable":true,"href":"https:\/\/www.nettali.com\/rest\/wp\/v2\/media\/146312"}],"wp:attachment":[{"href":"https:\/\/www.nettali.com\/rest\/wp\/v2\/media?parent=168432"}],"wp:term":[{"taxonomy":"category","embeddable":true,"href":"https:\/\/www.nettali.com\/rest\/wp\/v2\/categories?post=168432"},{"taxonomy":"post_tag","embeddable":true,"href":"https:\/\/www.nettali.com\/rest\/wp\/v2\/tags?post=168432"}],"curies":[{"name":"wp","href":"https:\/\/api.w.org\/{rel}","templated":true}]}}