{"id":168413,"date":"2026-01-23T07:15:20","date_gmt":"2026-01-23T07:15:20","guid":{"rendered":"https:\/\/www.nettali.com\/?p=168413"},"modified":"2026-01-23T07:15:20","modified_gmt":"2026-01-23T07:15:20","slug":"le-premier-president-de-la-cour-supreme-repond-aux-pourfendeurs-des-magistrats-la-justice-ne-se-gouverne-ni-par-lemotion-ni-par-la-clameur-mais-par","status":"publish","type":"post","link":"https:\/\/www.nettali.com\/2026\/01\/23\/le-premier-president-de-la-cour-supreme-repond-aux-pourfendeurs-des-magistrats-la-justice-ne-se-gouverne-ni-par-lemotion-ni-par-la-clameur-mais-par\/","title":{"rendered":"LE PREMIER PR\u00c9SIDENT DE LA COUR SUPR\u00caME R\u00c9POND AUX POURFENDEURS DES MAGISTRATS - \u00ab La justice ne se gouverne ni par l\u2019\u00e9motion, ni par la clameur, mais par...\u00bb"},"content":{"rendered":"<p><strong>NETTALI.COM- Face aux critiques r\u00e9currentes visant le syst\u00e8me judiciaire, le Premier Pr\u00e9sident de la Cour supr\u00eame, Mahamadou Mansour Mbaye, a tenu \u00e0 recadrer le d\u00e9bat lors de l'audience solennelle de la rentr\u00e9e des cours et tribunaux. <\/strong><\/p>\n<p>Dans son allocution, le Premier Pr\u00e9sident de la Cour supr\u00eame, Mahamadou Mansour Mbaye a rappel\u00e9 que la justice est le fruit d\u2019une histoire rigoureuse, s\u2019appuyant sur un droit structur\u00e9 qui puise sa force dans les r\u00e9alit\u00e9s sociales et spirituelles de la nation.<\/p>\n<p>Selon lui, la magistrature s'efforce de remplir une mission complexe. A savoir assurer la primaut\u00e9 du droit tout en garantissant la stabilit\u00e9 sociale. Toutefois, il d\u00e9plore que, dans un climat de d\u00e9bats publics passionn\u00e9s, \u00ab <em>la d\u00e9cision de justice est expos\u00e9e, comment\u00e9e, mise en cause<\/em> \u00bb.<\/p>\n<p>Face \u00e0 ces pressions, il estime que l\u2019institution judiciaire doit garder son cap avec fermet\u00e9, car, souligne-t-il : \u00ab <em>elle ne se gouverne ni par l\u2019\u00e9motion, ni par la clameur, mais par la loi, la constance et la mesure. Elle progresse avec retenue non par par crainte mais par respect pour une charge plus lourde qu\u2019elle-m\u00eame. Elle sait que toute pr\u00e9cipitation est une trahison du droit mais \u00e9galement que toute complaisance avec l\u2019\u00e8re du temps est une abdication de sa mission <\/em>\u00bb.<\/p>\n<p>Pour le magistrat, la noblesse de la justice se trouve dans sa capacit\u00e9 \u00e0 pr\u00e9server l'\u00c9tat de droit \u00e0 travers l'ind\u00e9pendance et la p\u00e9rennit\u00e9 des principes fondamentaux. Il a d'ailleurs pr\u00e9cis\u00e9 que : \u00ab <em>L\u2019ind\u00e9pendance n\u2019est ni un privil\u00e8ge, ni une protection personnelle pour le magistrat. Elle est une exigence constitutionnelle, une garantie offerte \u00e0 chaque justiciable<\/em> \u00bb.<\/p>\n<p>R\u00e9affirmant sa volont\u00e9 de voir une justice ancr\u00e9e dans son \u00e9poque mais imperm\u00e9able aux pressions ext\u00e9rieures, le magistrat a martel\u00e9 : \u00ab <em>Nous restons insoumis aux emballements et fid\u00e8les aux principes qui nous commandent<\/em> \u00bb.<\/p>\n<p>Enfin, Mahamadou Mansour Mbaye a exprim\u00e9 son souhait de voir aboutir la restructuration du secteur. Il mise notamment sur un renforcement des effectifs et une modernisation des conditions de travail et de vie des magistrats pour consolider l'institution.<\/p>\n<div class='share-to-whatsapp-wrapper'><div class='share-on-whsp'>PARTAGER SUR : <\/div><a data-text='LE PREMIER PR\u00c9SIDENT DE LA COUR SUPR\u00caME R\u00c9POND AUX POURFENDEURS DES MAGISTRATS - \u00ab La justice ne se gouverne ni par l\u2019\u00e9motion, ni par la clameur, mais par...\u00bb' data-link='https:\/\/www.nettali.com\/2026\/01\/23\/le-premier-president-de-la-cour-supreme-repond-aux-pourfendeurs-des-magistrats-la-justice-ne-se-gouverne-ni-par-lemotion-ni-par-la-clameur-mais-par\/' class='whatsapp-button whatsapp-share'>WhatsApp<\/a><div class='clear '><\/div><\/div>","protected":false},"excerpt":{"rendered":"<p>NETTALI.COM- Face aux critiques r\u00e9currentes visant le syst\u00e8me judiciaire, le Premier Pr\u00e9sident de la Cour supr\u00eame, Mahamadou Mansour Mbaye, a tenu \u00e0 recadrer le d\u00e9bat lors de l'audience solennelle de la rentr\u00e9e des cours et tribunaux. Dans son allocution, le Premier Pr\u00e9sident de la Cour supr\u00eame, Mahamadou Mansour Mbaye a rappel\u00e9 que la justice est [&hellip;]<\/p>\n","protected":false},"author":6,"featured_media":168416,"comment_status":"open","ping_status":"open","sticky":false,"template":"","format":"standard","meta":{"_et_pb_use_builder":"","_et_pb_old_content":""},"categories":[3],"tags":[],"yoast_head":"<!-- This site is optimized with the Yoast SEO Premium plugin v17.8 (Yoast SEO v17.8) - https:\/\/yoast.com\/wordpress\/plugins\/seo\/ -->\n<title>LE PREMIER PR\u00c9SIDENT DE LA COUR SUPR\u00caME R\u00c9POND AUX POURFENDEURS DES MAGISTRATS - \u00ab La justice ne se gouverne ni par l\u2019\u00e9motion, ni par la clameur, mais par...\u00bb | Nettali.com<\/title>\n<meta name=\"robots\" content=\"index, follow, max-snippet:-1, max-image-preview:large, max-video-preview:-1\" \/>\n<link rel=\"canonical\" href=\"https:\/\/www.nettali.com\/2026\/01\/23\/le-premier-president-de-la-cour-supreme-repond-aux-pourfendeurs-des-magistrats-la-justice-ne-se-gouverne-ni-par-lemotion-ni-par-la-clameur-mais-par\/\" \/>\n<meta property=\"og:locale\" content=\"fr_FR\" \/>\n<meta property=\"og:type\" content=\"article\" \/>\n<meta property=\"og:title\" content=\"LE PREMIER PR\u00c9SIDENT DE LA COUR SUPR\u00caME R\u00c9POND AUX POURFENDEURS DES MAGISTRATS - \u00ab La justice ne se gouverne ni par l\u2019\u00e9motion, ni par la clameur, mais par...\u00bb\" \/>\n<meta property=\"og:description\" content=\"NETTALI.COM- Face aux critiques r\u00e9currentes visant le syst\u00e8me judiciaire, le Premier Pr\u00e9sident de la Cour supr\u00eame, Mahamadou Mansour Mbaye, a tenu \u00e0 recadrer le d\u00e9bat lors de l&#039;audience solennelle de la rentr\u00e9e des cours et tribunaux. Dans son allocution, le Premier Pr\u00e9sident de la Cour supr\u00eame, Mahamadou Mansour Mbaye a rappel\u00e9 que la justice est [&hellip;]\" \/>\n<meta property=\"og:url\" content=\"https:\/\/www.nettali.com\/2026\/01\/23\/le-premier-president-de-la-cour-supreme-repond-aux-pourfendeurs-des-magistrats-la-justice-ne-se-gouverne-ni-par-lemotion-ni-par-la-clameur-mais-par\/\" \/>\n<meta property=\"og:site_name\" content=\"Nettali.com\" \/>\n<meta property=\"article:publisher\" content=\"https:\/\/www.facebook.com\/nettalicom\" \/>\n<meta property=\"article:published_time\" content=\"2026-01-23T07:15:20+00:00\" \/>\n<meta property=\"og:image\" content=\"https:\/\/www.nettali.com\/wp-content\/uploads\/2026\/01\/Screenshot_20260122-211807.jpg\" \/>\n\t<meta property=\"og:image:width\" content=\"1080\" \/>\n\t<meta property=\"og:image:height\" content=\"1069\" \/>\n<meta name=\"twitter:card\" content=\"summary_large_image\" \/>\n<meta name=\"twitter:label1\" content=\"\u00c9crit par\" \/>\n\t<meta name=\"twitter:data1\" content=\"Fatou\" \/>\n\t<meta name=\"twitter:label2\" content=\"Dur\u00e9e de lecture estim\u00e9e\" \/>\n\t<meta name=\"twitter:data2\" content=\"2 minutes\" \/>\n<script type=\"application\/ld+json\" class=\"yoast-schema-graph\">{\"@context\":\"https:\/\/schema.org\",\"@graph\":[{\"@type\":\"WebSite\",\"@id\":\"https:\/\/www.nettali.com\/#website\",\"url\":\"https:\/\/www.nettali.com\/\",\"name\":\"Nettali.com\",\"description\":\"Le rendez-vous critique du Net\",\"potentialAction\":[{\"@type\":\"SearchAction\",\"target\":{\"@type\":\"EntryPoint\",\"urlTemplate\":\"https:\/\/www.nettali.com\/?s={search_term_string}\"},\"query-input\":\"required name=search_term_string\"}],\"inLanguage\":\"fr-FR\"},{\"@type\":\"ImageObject\",\"@id\":\"https:\/\/www.nettali.com\/2026\/01\/23\/le-premier-president-de-la-cour-supreme-repond-aux-pourfendeurs-des-magistrats-la-justice-ne-se-gouverne-ni-par-lemotion-ni-par-la-clameur-mais-par\/#primaryimage\",\"inLanguage\":\"fr-FR\",\"url\":\"https:\/\/www.nettali.com\/wp-content\/uploads\/2026\/01\/Screenshot_20260122-211807.jpg\",\"contentUrl\":\"https:\/\/www.nettali.com\/wp-content\/uploads\/2026\/01\/Screenshot_20260122-211807.jpg\",\"width\":1080,\"height\":1069},{\"@type\":\"WebPage\",\"@id\":\"https:\/\/www.nettali.com\/2026\/01\/23\/le-premier-president-de-la-cour-supreme-repond-aux-pourfendeurs-des-magistrats-la-justice-ne-se-gouverne-ni-par-lemotion-ni-par-la-clameur-mais-par\/#webpage\",\"url\":\"https:\/\/www.nettali.com\/2026\/01\/23\/le-premier-president-de-la-cour-supreme-repond-aux-pourfendeurs-des-magistrats-la-justice-ne-se-gouverne-ni-par-lemotion-ni-par-la-clameur-mais-par\/\",\"name\":\"LE PREMIER PR\\u00c9SIDENT DE LA COUR SUPR\\u00caME R\\u00c9POND AUX POURFENDEURS DES MAGISTRATS - \\u00ab La justice ne se gouverne ni par l\\u2019\\u00e9motion, ni par la clameur, mais par...\\u00bb | Nettali.com\",\"isPartOf\":{\"@id\":\"https:\/\/www.nettali.com\/#website\"},\"primaryImageOfPage\":{\"@id\":\"https:\/\/www.nettali.com\/2026\/01\/23\/le-premier-president-de-la-cour-supreme-repond-aux-pourfendeurs-des-magistrats-la-justice-ne-se-gouverne-ni-par-lemotion-ni-par-la-clameur-mais-par\/#primaryimage\"},\"datePublished\":\"2026-01-23T07:15:20+00:00\",\"dateModified\":\"2026-01-23T07:15:20+00:00\",\"author\":{\"@id\":\"https:\/\/www.nettali.com\/#\/schema\/person\/418274a86bdf87caff7a3ef476bd0bbf\"},\"breadcrumb\":{\"@id\":\"https:\/\/www.nettali.com\/2026\/01\/23\/le-premier-president-de-la-cour-supreme-repond-aux-pourfendeurs-des-magistrats-la-justice-ne-se-gouverne-ni-par-lemotion-ni-par-la-clameur-mais-par\/#breadcrumb\"},\"inLanguage\":\"fr-FR\",\"potentialAction\":[{\"@type\":\"ReadAction\",\"target\":[\"https:\/\/www.nettali.com\/2026\/01\/23\/le-premier-president-de-la-cour-supreme-repond-aux-pourfendeurs-des-magistrats-la-justice-ne-se-gouverne-ni-par-lemotion-ni-par-la-clameur-mais-par\/\"]}]},{\"@type\":\"BreadcrumbList\",\"@id\":\"https:\/\/www.nettali.com\/2026\/01\/23\/le-premier-president-de-la-cour-supreme-repond-aux-pourfendeurs-des-magistrats-la-justice-ne-se-gouverne-ni-par-lemotion-ni-par-la-clameur-mais-par\/#breadcrumb\",\"itemListElement\":[{\"@type\":\"ListItem\",\"position\":1,\"name\":\"Accueil\",\"item\":\"https:\/\/www.nettali.com\/\"},{\"@type\":\"ListItem\",\"position\":2,\"name\":\"LE PREMIER PR\\u00c9SIDENT DE LA COUR SUPR\\u00caME R\\u00c9POND AUX POURFENDEURS DES MAGISTRATS - \\u00ab La justice ne se gouverne ni par l\\u2019\\u00e9motion, ni par la clameur, mais par...\\u00bb\"}]},{\"@type\":\"Person\",\"@id\":\"https:\/\/www.nettali.com\/#\/schema\/person\/418274a86bdf87caff7a3ef476bd0bbf\",\"name\":\"Fatou\",\"image\":{\"@type\":\"ImageObject\",\"@id\":\"https:\/\/www.nettali.com\/#personlogo\",\"inLanguage\":\"fr-FR\",\"url\":\"https:\/\/secure.gravatar.com\/avatar\/5a9442a2bee7b4dcf167cab035858e9a?s=96&d=mm&r=g\",\"contentUrl\":\"https:\/\/secure.gravatar.com\/avatar\/5a9442a2bee7b4dcf167cab035858e9a?s=96&d=mm&r=g\",\"caption\":\"Fatou\"},\"sameAs\":[\"https:\/\/www.nettali.com\"]}]}<\/script>\n<!-- \/ Yoast SEO Premium plugin. -->","yoast_head_json":{"title":"LE PREMIER PR\u00c9SIDENT DE LA COUR SUPR\u00caME R\u00c9POND AUX POURFENDEURS DES MAGISTRATS - \u00ab La justice ne se gouverne ni par l\u2019\u00e9motion, ni par la clameur, mais par...\u00bb | Nettali.com","robots":{"index":"index","follow":"follow","max-snippet":"max-snippet:-1","max-image-preview":"max-image-preview:large","max-video-preview":"max-video-preview:-1"},"canonical":"https:\/\/www.nettali.com\/2026\/01\/23\/le-premier-president-de-la-cour-supreme-repond-aux-pourfendeurs-des-magistrats-la-justice-ne-se-gouverne-ni-par-lemotion-ni-par-la-clameur-mais-par\/","og_locale":"fr_FR","og_type":"article","og_title":"LE PREMIER PR\u00c9SIDENT DE LA COUR SUPR\u00caME R\u00c9POND AUX POURFENDEURS DES MAGISTRATS - \u00ab La justice ne se gouverne ni par l\u2019\u00e9motion, ni par la clameur, mais par...\u00bb","og_description":"NETTALI.COM- Face aux critiques r\u00e9currentes visant le syst\u00e8me judiciaire, le Premier Pr\u00e9sident de la Cour supr\u00eame, Mahamadou Mansour Mbaye, a tenu \u00e0 recadrer le d\u00e9bat lors de l'audience solennelle de la rentr\u00e9e des cours et tribunaux. Dans son allocution, le Premier Pr\u00e9sident de la Cour supr\u00eame, Mahamadou Mansour Mbaye a rappel\u00e9 que la justice est [&hellip;]","og_url":"https:\/\/www.nettali.com\/2026\/01\/23\/le-premier-president-de-la-cour-supreme-repond-aux-pourfendeurs-des-magistrats-la-justice-ne-se-gouverne-ni-par-lemotion-ni-par-la-clameur-mais-par\/","og_site_name":"Nettali.com","article_publisher":"https:\/\/www.facebook.com\/nettalicom","article_published_time":"2026-01-23T07:15:20+00:00","og_image":[{"width":1080,"height":1069,"url":"https:\/\/www.nettali.com\/wp-content\/uploads\/2026\/01\/Screenshot_20260122-211807.jpg","type":"image\/jpeg"}],"twitter_card":"summary_large_image","twitter_misc":{"\u00c9crit par":"Fatou","Dur\u00e9e de lecture estim\u00e9e":"2 minutes"},"schema":{"@context":"https:\/\/schema.org","@graph":[{"@type":"WebSite","@id":"https:\/\/www.nettali.com\/#website","url":"https:\/\/www.nettali.com\/","name":"Nettali.com","description":"Le rendez-vous critique du Net","potentialAction":[{"@type":"SearchAction","target":{"@type":"EntryPoint","urlTemplate":"https:\/\/www.nettali.com\/?s={search_term_string}"},"query-input":"required name=search_term_string"}],"inLanguage":"fr-FR"},{"@type":"ImageObject","@id":"https:\/\/www.nettali.com\/2026\/01\/23\/le-premier-president-de-la-cour-supreme-repond-aux-pourfendeurs-des-magistrats-la-justice-ne-se-gouverne-ni-par-lemotion-ni-par-la-clameur-mais-par\/#primaryimage","inLanguage":"fr-FR","url":"https:\/\/www.nettali.com\/wp-content\/uploads\/2026\/01\/Screenshot_20260122-211807.jpg","contentUrl":"https:\/\/www.nettali.com\/wp-content\/uploads\/2026\/01\/Screenshot_20260122-211807.jpg","width":1080,"height":1069},{"@type":"WebPage","@id":"https:\/\/www.nettali.com\/2026\/01\/23\/le-premier-president-de-la-cour-supreme-repond-aux-pourfendeurs-des-magistrats-la-justice-ne-se-gouverne-ni-par-lemotion-ni-par-la-clameur-mais-par\/#webpage","url":"https:\/\/www.nettali.com\/2026\/01\/23\/le-premier-president-de-la-cour-supreme-repond-aux-pourfendeurs-des-magistrats-la-justice-ne-se-gouverne-ni-par-lemotion-ni-par-la-clameur-mais-par\/","name":"LE PREMIER PR\u00c9SIDENT DE LA COUR SUPR\u00caME R\u00c9POND AUX POURFENDEURS DES MAGISTRATS - \u00ab La justice ne se gouverne ni par l\u2019\u00e9motion, ni par la clameur, mais par...\u00bb | Nettali.com","isPartOf":{"@id":"https:\/\/www.nettali.com\/#website"},"primaryImageOfPage":{"@id":"https:\/\/www.nettali.com\/2026\/01\/23\/le-premier-president-de-la-cour-supreme-repond-aux-pourfendeurs-des-magistrats-la-justice-ne-se-gouverne-ni-par-lemotion-ni-par-la-clameur-mais-par\/#primaryimage"},"datePublished":"2026-01-23T07:15:20+00:00","dateModified":"2026-01-23T07:15:20+00:00","author":{"@id":"https:\/\/www.nettali.com\/#\/schema\/person\/418274a86bdf87caff7a3ef476bd0bbf"},"breadcrumb":{"@id":"https:\/\/www.nettali.com\/2026\/01\/23\/le-premier-president-de-la-cour-supreme-repond-aux-pourfendeurs-des-magistrats-la-justice-ne-se-gouverne-ni-par-lemotion-ni-par-la-clameur-mais-par\/#breadcrumb"},"inLanguage":"fr-FR","potentialAction":[{"@type":"ReadAction","target":["https:\/\/www.nettali.com\/2026\/01\/23\/le-premier-president-de-la-cour-supreme-repond-aux-pourfendeurs-des-magistrats-la-justice-ne-se-gouverne-ni-par-lemotion-ni-par-la-clameur-mais-par\/"]}]},{"@type":"BreadcrumbList","@id":"https:\/\/www.nettali.com\/2026\/01\/23\/le-premier-president-de-la-cour-supreme-repond-aux-pourfendeurs-des-magistrats-la-justice-ne-se-gouverne-ni-par-lemotion-ni-par-la-clameur-mais-par\/#breadcrumb","itemListElement":[{"@type":"ListItem","position":1,"name":"Accueil","item":"https:\/\/www.nettali.com\/"},{"@type":"ListItem","position":2,"name":"LE PREMIER PR\u00c9SIDENT DE LA COUR SUPR\u00caME R\u00c9POND AUX POURFENDEURS DES MAGISTRATS - \u00ab La justice ne se gouverne ni par l\u2019\u00e9motion, ni par la clameur, mais par...\u00bb"}]},{"@type":"Person","@id":"https:\/\/www.nettali.com\/#\/schema\/person\/418274a86bdf87caff7a3ef476bd0bbf","name":"Fatou","image":{"@type":"ImageObject","@id":"https:\/\/www.nettali.com\/#personlogo","inLanguage":"fr-FR","url":"https:\/\/secure.gravatar.com\/avatar\/5a9442a2bee7b4dcf167cab035858e9a?s=96&d=mm&r=g","contentUrl":"https:\/\/secure.gravatar.com\/avatar\/5a9442a2bee7b4dcf167cab035858e9a?s=96&d=mm&r=g","caption":"Fatou"},"sameAs":["https:\/\/www.nettali.com"]}]}},"_links":{"self":[{"href":"https:\/\/www.nettali.com\/rest\/wp\/v2\/posts\/168413"}],"collection":[{"href":"https:\/\/www.nettali.com\/rest\/wp\/v2\/posts"}],"about":[{"href":"https:\/\/www.nettali.com\/rest\/wp\/v2\/types\/post"}],"author":[{"embeddable":true,"href":"https:\/\/www.nettali.com\/rest\/wp\/v2\/users\/6"}],"replies":[{"embeddable":true,"href":"https:\/\/www.nettali.com\/rest\/wp\/v2\/comments?post=168413"}],"version-history":[{"count":3,"href":"https:\/\/www.nettali.com\/rest\/wp\/v2\/posts\/168413\/revisions"}],"predecessor-version":[{"id":168417,"href":"https:\/\/www.nettali.com\/rest\/wp\/v2\/posts\/168413\/revisions\/168417"}],"wp:featuredmedia":[{"embeddable":true,"href":"https:\/\/www.nettali.com\/rest\/wp\/v2\/media\/168416"}],"wp:attachment":[{"href":"https:\/\/www.nettali.com\/rest\/wp\/v2\/media?parent=168413"}],"wp:term":[{"taxonomy":"category","embeddable":true,"href":"https:\/\/www.nettali.com\/rest\/wp\/v2\/categories?post=168413"},{"taxonomy":"post_tag","embeddable":true,"href":"https:\/\/www.nettali.com\/rest\/wp\/v2\/tags?post=168413"}],"curies":[{"name":"wp","href":"https:\/\/api.w.org\/{rel}","templated":true}]}}