{"id":168406,"date":"2026-01-22T19:57:42","date_gmt":"2026-01-22T19:57:42","guid":{"rendered":"https:\/\/www.nettali.com\/?p=168406"},"modified":"2026-01-24T08:28:46","modified_gmt":"2026-01-24T08:28:46","slug":"modernisation-de-la-justice-diomaye-faye-plaide-pour-lequilibre-entre-technologie-et-humanite","status":"publish","type":"post","link":"https:\/\/www.nettali.com\/2026\/01\/22\/modernisation-de-la-justice-diomaye-faye-plaide-pour-lequilibre-entre-technologie-et-humanite\/","title":{"rendered":"MODERNISATION DE LA JUSTICE - Diomaye Faye plaide pour l'\u00e9quilibre entre technologie et humanit\u00e9"},"content":{"rendered":"<p><strong>NETTALI.COM - Intervenant sur le th\u00e8me majeur \u00ab Le juge face aux d\u00e9fis du num\u00e9rique \u00bb, le Pr\u00e9sident Bassirou Diomaye Faye a expos\u00e9 sa vision d'une transition technologique audacieuse, mais ma\u00eetris\u00e9e. Tout en reconnaissant le potentiel transformationnel des outils modernes, il a plaid\u00e9 pour une mutation rigoureusement encadr\u00e9e par l\u2019\u00e9thique et le respect de l'ind\u00e9pendance judiciaire.<\/strong><\/p>\n<p style=\"font-weight: 400;\">Le chef de l\u2019Etat a pr\u00e9sid\u00e9 ce jeudi 22 janvier, la c\u00e9r\u00e9monie de la rentr\u00e9e solennelle des cours et tribunaux portant sur le th\u00e8me : \u00ab Le juge face au d\u00e9fi du num\u00e9rique\u00bb. Bassirou Diomaye Faye a une fois de plus r\u00e9it\u00e9r\u00e9 son engagement pour une justice moderne performante.Une perspective qui selon lui passe n\u00e9cessairement par l\u2019appropriation des outils num\u00e9riques.<\/p>\n<p style=\"font-weight: 400;\">\u00ab <em>Je r\u00e9it\u00e8re mon engagement ferme de mettre en place une justice moderne et performante qui passe n\u00e9cessairement par l\u2019appropriation de tous les outils du num\u00e9rique, non seulement par le juge, mais \u00e9galement par tous les acteurs de la justice<\/em> \u00bb, a d\u00e9clar\u00e9 Bassirou Diomaye Faye.<\/p>\n<p style=\"font-weight: 400;\">Il a ainsi insist\u00e9 sur l\u2019ambition de l\u2019\u00c9tat de garantir une justice num\u00e9rique souveraine, s\u00e9curis\u00e9e et inclusive, dans laquelle l\u2019innovation technologique constitue un levier d\u2019am\u00e9lioration de l\u2019accessibilit\u00e9, de l\u2019\u00e9quit\u00e9 et de l\u2019efficacit\u00e9 de syst\u00e8me judiciaire.<\/p>\n<p style=\"font-weight: 400;\">Bassirou Diomaye Faye consid\u00e8re que le num\u00e9rique est un outil capable de \u00ab j<em>uguler durablement <\/em>\u00bb les d\u00e9fis auxquels les juges se trouvent confront\u00e9s, en termes de ma\u00eetrise du temps, pour rendre leurs d\u00e9cisions dans des d\u00e9lais raisonnables. A l\u2019en croire, tous les \u00c9tats, institutions ainsi que leurs administrations qui refusent de s\u2019adapter au num\u00e9rique \u00ab <em>seront laiss\u00e9s in\u00e9luctablement en rade et risquent par cons\u00e9quent d\u2019\u00eatre rapidement submerg\u00e9s et d\u00e9pass\u00e9s<\/em> \u00bb.<\/p>\n<p style=\"font-weight: 400;\">\u00ab <em>L\u2019ambition de l\u2019\u00c9tat est de garantir une justice num\u00e9rique souveraine, s\u00e9curis\u00e9e et inclusive, dans laquelle l\u2019innovation technologique constitue un levier d\u2019am\u00e9lioration de l\u2019accessibilit\u00e9, de l\u2019\u00e9quit\u00e9 et de l\u2019efficacit\u00e9 de syst\u00e8me judiciaire<\/em> \u00bb a-t-il martel\u00e9.<\/p>\n<p style=\"font-weight: 400;\">\u00a0Il a ainsi ajout\u00e9 que le num\u00e9rique et l\u2019intelligence artificielle, loin de pouvoir porter atteinte \u00e0 l\u2019ind\u00e9pendance et \u00e0 l\u2019impartialit\u00e9 de la justice, doivent au contraire en \u00eatre les garants et les producteurs. \u00ab <em>Le num\u00e9rique repr\u00e9sente donc \u00e0 la fois un d\u00e9fi majeur et une opportunit\u00e9 historique pour le juge<\/em> \u00bb, dit-il.<\/p>\n<p style=\"font-weight: 400;\">Ainsi Bassirou Diomaye Faye a indiqu\u00e9 que le minist\u00e8re de la Justice s\u2019inscrit \u00ab <em>dans une dynamique de modernisation ma\u00eetris\u00e9e, pla\u00e7ant le juge au c\u0153ur de la transformation, tout en pr\u00e9servant l\u2019essence, la noblesse et l\u2019autorit\u00e9 de la fonction juridictionnelle<\/em> \u00bb.<\/p>\n<p style=\"font-weight: 400;\">Il a conc\u00e9d\u00e9 que l\u2019usage du num\u00e9rique par le juge, va impliquer \u00ab <em>certainement une r\u00e9forme de plusieurs de nos textes, avant d\u2019arriver \u00e0 des innovations telles que l\u2019assignation par voie \u00e9lectronique, la signature \u00e9lectronique, les citations par voie \u00e9lectronique, la d\u00e9mat\u00e9rialisation int\u00e9grale de certaines proc\u00e9dures pour la consultation et la d\u00e9livrance de certains actes juridictionnels<\/em> \u00bb.<\/p>\n<p style=\"font-weight: 400;\">\u00ab <em>Les interrogatoires et les confrontations \u00e0 distance et le tribunal virtuel font aussi partie de ces r\u00e9formes envisag\u00e9es. L\u2019urgence d\u2019acc\u00e9l\u00e9rer la mise en \u0153uvre du sch\u00e9ma directeur de l\u2019usage du num\u00e9rique dans la justice pour bien prendre en compte tous les facteurs \u00e0 travers une connectivit\u00e9 s\u00e9curis\u00e9e et continue, avec des machines adapt\u00e9es et s\u00e9curis\u00e9es<\/em> \u00bb dit-il.<\/p>\n<p style=\"font-weight: 400;\">Le Pr\u00e9sident Faye a pr\u00e9conis\u00e9, dans le m\u00eame esprit, l\u2019adaptation des curricula de formation, la r\u00e9vision des r\u00e9f\u00e9rentiels \u00e9thiques et d\u00e9ontologiques, le renforcement de la culture de la s\u00e9curit\u00e9 num\u00e9rique et l\u2019appropriation des outils technologiques. Il s\u2019agit, en d\u00e9finitive, de \u00ab <em>b\u00e2tir une justice moderne, robuste et proactive, capable de contenir, d\u2019anticiper et de juguler les risques inh\u00e9rents aux technologies de l\u2019information et de la communication<\/em> \u00bb.<\/p>\n<p>&nbsp;<\/p>\n<div class='share-to-whatsapp-wrapper'><div class='share-on-whsp'>PARTAGER SUR : <\/div><a data-text='MODERNISATION DE LA JUSTICE - Diomaye Faye plaide pour l'\u00e9quilibre entre technologie et humanit\u00e9' data-link='https:\/\/www.nettali.com\/2026\/01\/22\/modernisation-de-la-justice-diomaye-faye-plaide-pour-lequilibre-entre-technologie-et-humanite\/' class='whatsapp-button whatsapp-share'>WhatsApp<\/a><div class='clear '><\/div><\/div>","protected":false},"excerpt":{"rendered":"<p>NETTALI.COM - Intervenant sur le th\u00e8me majeur \u00ab Le juge face aux d\u00e9fis du num\u00e9rique \u00bb, le Pr\u00e9sident Bassirou Diomaye Faye a expos\u00e9 sa vision d'une transition technologique audacieuse, mais ma\u00eetris\u00e9e. Tout en reconnaissant le potentiel transformationnel des outils modernes, il a plaid\u00e9 pour une mutation rigoureusement encadr\u00e9e par l\u2019\u00e9thique et le respect de l'ind\u00e9pendance [&hellip;]<\/p>\n","protected":false},"author":6,"featured_media":168412,"comment_status":"open","ping_status":"open","sticky":false,"template":"","format":"standard","meta":{"_et_pb_use_builder":"","_et_pb_old_content":""},"categories":[3],"tags":[],"yoast_head":"<!-- This site is optimized with the Yoast SEO Premium plugin v17.8 (Yoast SEO v17.8) - https:\/\/yoast.com\/wordpress\/plugins\/seo\/ -->\n<title>MODERNISATION DE LA JUSTICE - Diomaye Faye plaide pour l&#039;\u00e9quilibre entre technologie et humanit\u00e9 | Nettali.com<\/title>\n<meta name=\"robots\" content=\"index, follow, max-snippet:-1, max-image-preview:large, max-video-preview:-1\" \/>\n<link rel=\"canonical\" href=\"https:\/\/www.nettali.com\/2026\/01\/22\/modernisation-de-la-justice-diomaye-faye-plaide-pour-lequilibre-entre-technologie-et-humanite\/\" \/>\n<meta property=\"og:locale\" content=\"fr_FR\" \/>\n<meta property=\"og:type\" content=\"article\" \/>\n<meta property=\"og:title\" content=\"MODERNISATION DE LA JUSTICE - Diomaye Faye plaide pour l&#039;\u00e9quilibre entre technologie et humanit\u00e9\" \/>\n<meta property=\"og:description\" content=\"NETTALI.COM - Intervenant sur le th\u00e8me majeur \u00ab Le juge face aux d\u00e9fis du num\u00e9rique \u00bb, le Pr\u00e9sident Bassirou Diomaye Faye a expos\u00e9 sa vision d&#039;une transition technologique audacieuse, mais ma\u00eetris\u00e9e. Tout en reconnaissant le potentiel transformationnel des outils modernes, il a plaid\u00e9 pour une mutation rigoureusement encadr\u00e9e par l\u2019\u00e9thique et le respect de l&#039;ind\u00e9pendance [&hellip;]\" \/>\n<meta property=\"og:url\" content=\"https:\/\/www.nettali.com\/2026\/01\/22\/modernisation-de-la-justice-diomaye-faye-plaide-pour-lequilibre-entre-technologie-et-humanite\/\" \/>\n<meta property=\"og:site_name\" content=\"Nettali.com\" \/>\n<meta property=\"article:publisher\" content=\"https:\/\/www.facebook.com\/nettalicom\" \/>\n<meta property=\"article:published_time\" content=\"2026-01-22T19:57:42+00:00\" \/>\n<meta property=\"article:modified_time\" content=\"2026-01-24T08:28:46+00:00\" \/>\n<meta property=\"og:image\" content=\"https:\/\/www.nettali.com\/wp-content\/uploads\/2026\/01\/PHOTO-2026-01-22-19-19-23.jpg\" \/>\n\t<meta property=\"og:image:width\" content=\"1105\" \/>\n\t<meta property=\"og:image:height\" content=\"756\" \/>\n<meta name=\"twitter:card\" content=\"summary_large_image\" \/>\n<meta name=\"twitter:label1\" content=\"\u00c9crit par\" \/>\n\t<meta name=\"twitter:data1\" content=\"Fatou\" \/>\n\t<meta name=\"twitter:label2\" content=\"Dur\u00e9e de lecture estim\u00e9e\" \/>\n\t<meta name=\"twitter:data2\" content=\"3 minutes\" \/>\n<script type=\"application\/ld+json\" class=\"yoast-schema-graph\">{\"@context\":\"https:\/\/schema.org\",\"@graph\":[{\"@type\":\"WebSite\",\"@id\":\"https:\/\/www.nettali.com\/#website\",\"url\":\"https:\/\/www.nettali.com\/\",\"name\":\"Nettali.com\",\"description\":\"Le rendez-vous critique du Net\",\"potentialAction\":[{\"@type\":\"SearchAction\",\"target\":{\"@type\":\"EntryPoint\",\"urlTemplate\":\"https:\/\/www.nettali.com\/?s={search_term_string}\"},\"query-input\":\"required name=search_term_string\"}],\"inLanguage\":\"fr-FR\"},{\"@type\":\"ImageObject\",\"@id\":\"https:\/\/www.nettali.com\/2026\/01\/22\/modernisation-de-la-justice-diomaye-faye-plaide-pour-lequilibre-entre-technologie-et-humanite\/#primaryimage\",\"inLanguage\":\"fr-FR\",\"url\":\"https:\/\/www.nettali.com\/wp-content\/uploads\/2026\/01\/PHOTO-2026-01-22-19-19-23.jpg\",\"contentUrl\":\"https:\/\/www.nettali.com\/wp-content\/uploads\/2026\/01\/PHOTO-2026-01-22-19-19-23.jpg\",\"width\":1105,\"height\":756},{\"@type\":\"WebPage\",\"@id\":\"https:\/\/www.nettali.com\/2026\/01\/22\/modernisation-de-la-justice-diomaye-faye-plaide-pour-lequilibre-entre-technologie-et-humanite\/#webpage\",\"url\":\"https:\/\/www.nettali.com\/2026\/01\/22\/modernisation-de-la-justice-diomaye-faye-plaide-pour-lequilibre-entre-technologie-et-humanite\/\",\"name\":\"MODERNISATION DE LA JUSTICE - Diomaye Faye plaide pour l'\\u00e9quilibre entre technologie et humanit\\u00e9 | Nettali.com\",\"isPartOf\":{\"@id\":\"https:\/\/www.nettali.com\/#website\"},\"primaryImageOfPage\":{\"@id\":\"https:\/\/www.nettali.com\/2026\/01\/22\/modernisation-de-la-justice-diomaye-faye-plaide-pour-lequilibre-entre-technologie-et-humanite\/#primaryimage\"},\"datePublished\":\"2026-01-22T19:57:42+00:00\",\"dateModified\":\"2026-01-24T08:28:46+00:00\",\"author\":{\"@id\":\"https:\/\/www.nettali.com\/#\/schema\/person\/418274a86bdf87caff7a3ef476bd0bbf\"},\"breadcrumb\":{\"@id\":\"https:\/\/www.nettali.com\/2026\/01\/22\/modernisation-de-la-justice-diomaye-faye-plaide-pour-lequilibre-entre-technologie-et-humanite\/#breadcrumb\"},\"inLanguage\":\"fr-FR\",\"potentialAction\":[{\"@type\":\"ReadAction\",\"target\":[\"https:\/\/www.nettali.com\/2026\/01\/22\/modernisation-de-la-justice-diomaye-faye-plaide-pour-lequilibre-entre-technologie-et-humanite\/\"]}]},{\"@type\":\"BreadcrumbList\",\"@id\":\"https:\/\/www.nettali.com\/2026\/01\/22\/modernisation-de-la-justice-diomaye-faye-plaide-pour-lequilibre-entre-technologie-et-humanite\/#breadcrumb\",\"itemListElement\":[{\"@type\":\"ListItem\",\"position\":1,\"name\":\"Accueil\",\"item\":\"https:\/\/www.nettali.com\/\"},{\"@type\":\"ListItem\",\"position\":2,\"name\":\"MODERNISATION DE LA JUSTICE - Diomaye Faye plaide pour l'\\u00e9quilibre entre technologie et humanit\\u00e9\"}]},{\"@type\":\"Person\",\"@id\":\"https:\/\/www.nettali.com\/#\/schema\/person\/418274a86bdf87caff7a3ef476bd0bbf\",\"name\":\"Fatou\",\"image\":{\"@type\":\"ImageObject\",\"@id\":\"https:\/\/www.nettali.com\/#personlogo\",\"inLanguage\":\"fr-FR\",\"url\":\"https:\/\/secure.gravatar.com\/avatar\/5a9442a2bee7b4dcf167cab035858e9a?s=96&d=mm&r=g\",\"contentUrl\":\"https:\/\/secure.gravatar.com\/avatar\/5a9442a2bee7b4dcf167cab035858e9a?s=96&d=mm&r=g\",\"caption\":\"Fatou\"},\"sameAs\":[\"https:\/\/www.nettali.com\"]}]}<\/script>\n<!-- \/ Yoast SEO Premium plugin. -->","yoast_head_json":{"title":"MODERNISATION DE LA JUSTICE - Diomaye Faye plaide pour l'\u00e9quilibre entre technologie et humanit\u00e9 | Nettali.com","robots":{"index":"index","follow":"follow","max-snippet":"max-snippet:-1","max-image-preview":"max-image-preview:large","max-video-preview":"max-video-preview:-1"},"canonical":"https:\/\/www.nettali.com\/2026\/01\/22\/modernisation-de-la-justice-diomaye-faye-plaide-pour-lequilibre-entre-technologie-et-humanite\/","og_locale":"fr_FR","og_type":"article","og_title":"MODERNISATION DE LA JUSTICE - Diomaye Faye plaide pour l'\u00e9quilibre entre technologie et humanit\u00e9","og_description":"NETTALI.COM - Intervenant sur le th\u00e8me majeur \u00ab Le juge face aux d\u00e9fis du num\u00e9rique \u00bb, le Pr\u00e9sident Bassirou Diomaye Faye a expos\u00e9 sa vision d'une transition technologique audacieuse, mais ma\u00eetris\u00e9e. Tout en reconnaissant le potentiel transformationnel des outils modernes, il a plaid\u00e9 pour une mutation rigoureusement encadr\u00e9e par l\u2019\u00e9thique et le respect de l'ind\u00e9pendance [&hellip;]","og_url":"https:\/\/www.nettali.com\/2026\/01\/22\/modernisation-de-la-justice-diomaye-faye-plaide-pour-lequilibre-entre-technologie-et-humanite\/","og_site_name":"Nettali.com","article_publisher":"https:\/\/www.facebook.com\/nettalicom","article_published_time":"2026-01-22T19:57:42+00:00","article_modified_time":"2026-01-24T08:28:46+00:00","og_image":[{"width":1105,"height":756,"url":"https:\/\/www.nettali.com\/wp-content\/uploads\/2026\/01\/PHOTO-2026-01-22-19-19-23.jpg","type":"image\/jpeg"}],"twitter_card":"summary_large_image","twitter_misc":{"\u00c9crit par":"Fatou","Dur\u00e9e de lecture estim\u00e9e":"3 minutes"},"schema":{"@context":"https:\/\/schema.org","@graph":[{"@type":"WebSite","@id":"https:\/\/www.nettali.com\/#website","url":"https:\/\/www.nettali.com\/","name":"Nettali.com","description":"Le rendez-vous critique du Net","potentialAction":[{"@type":"SearchAction","target":{"@type":"EntryPoint","urlTemplate":"https:\/\/www.nettali.com\/?s={search_term_string}"},"query-input":"required name=search_term_string"}],"inLanguage":"fr-FR"},{"@type":"ImageObject","@id":"https:\/\/www.nettali.com\/2026\/01\/22\/modernisation-de-la-justice-diomaye-faye-plaide-pour-lequilibre-entre-technologie-et-humanite\/#primaryimage","inLanguage":"fr-FR","url":"https:\/\/www.nettali.com\/wp-content\/uploads\/2026\/01\/PHOTO-2026-01-22-19-19-23.jpg","contentUrl":"https:\/\/www.nettali.com\/wp-content\/uploads\/2026\/01\/PHOTO-2026-01-22-19-19-23.jpg","width":1105,"height":756},{"@type":"WebPage","@id":"https:\/\/www.nettali.com\/2026\/01\/22\/modernisation-de-la-justice-diomaye-faye-plaide-pour-lequilibre-entre-technologie-et-humanite\/#webpage","url":"https:\/\/www.nettali.com\/2026\/01\/22\/modernisation-de-la-justice-diomaye-faye-plaide-pour-lequilibre-entre-technologie-et-humanite\/","name":"MODERNISATION DE LA JUSTICE - Diomaye Faye plaide pour l'\u00e9quilibre entre technologie et humanit\u00e9 | Nettali.com","isPartOf":{"@id":"https:\/\/www.nettali.com\/#website"},"primaryImageOfPage":{"@id":"https:\/\/www.nettali.com\/2026\/01\/22\/modernisation-de-la-justice-diomaye-faye-plaide-pour-lequilibre-entre-technologie-et-humanite\/#primaryimage"},"datePublished":"2026-01-22T19:57:42+00:00","dateModified":"2026-01-24T08:28:46+00:00","author":{"@id":"https:\/\/www.nettali.com\/#\/schema\/person\/418274a86bdf87caff7a3ef476bd0bbf"},"breadcrumb":{"@id":"https:\/\/www.nettali.com\/2026\/01\/22\/modernisation-de-la-justice-diomaye-faye-plaide-pour-lequilibre-entre-technologie-et-humanite\/#breadcrumb"},"inLanguage":"fr-FR","potentialAction":[{"@type":"ReadAction","target":["https:\/\/www.nettali.com\/2026\/01\/22\/modernisation-de-la-justice-diomaye-faye-plaide-pour-lequilibre-entre-technologie-et-humanite\/"]}]},{"@type":"BreadcrumbList","@id":"https:\/\/www.nettali.com\/2026\/01\/22\/modernisation-de-la-justice-diomaye-faye-plaide-pour-lequilibre-entre-technologie-et-humanite\/#breadcrumb","itemListElement":[{"@type":"ListItem","position":1,"name":"Accueil","item":"https:\/\/www.nettali.com\/"},{"@type":"ListItem","position":2,"name":"MODERNISATION DE LA JUSTICE - Diomaye Faye plaide pour l'\u00e9quilibre entre technologie et humanit\u00e9"}]},{"@type":"Person","@id":"https:\/\/www.nettali.com\/#\/schema\/person\/418274a86bdf87caff7a3ef476bd0bbf","name":"Fatou","image":{"@type":"ImageObject","@id":"https:\/\/www.nettali.com\/#personlogo","inLanguage":"fr-FR","url":"https:\/\/secure.gravatar.com\/avatar\/5a9442a2bee7b4dcf167cab035858e9a?s=96&d=mm&r=g","contentUrl":"https:\/\/secure.gravatar.com\/avatar\/5a9442a2bee7b4dcf167cab035858e9a?s=96&d=mm&r=g","caption":"Fatou"},"sameAs":["https:\/\/www.nettali.com"]}]}},"_links":{"self":[{"href":"https:\/\/www.nettali.com\/rest\/wp\/v2\/posts\/168406"}],"collection":[{"href":"https:\/\/www.nettali.com\/rest\/wp\/v2\/posts"}],"about":[{"href":"https:\/\/www.nettali.com\/rest\/wp\/v2\/types\/post"}],"author":[{"embeddable":true,"href":"https:\/\/www.nettali.com\/rest\/wp\/v2\/users\/6"}],"replies":[{"embeddable":true,"href":"https:\/\/www.nettali.com\/rest\/wp\/v2\/comments?post=168406"}],"version-history":[{"count":4,"href":"https:\/\/www.nettali.com\/rest\/wp\/v2\/posts\/168406\/revisions"}],"predecessor-version":[{"id":168411,"href":"https:\/\/www.nettali.com\/rest\/wp\/v2\/posts\/168406\/revisions\/168411"}],"wp:featuredmedia":[{"embeddable":true,"href":"https:\/\/www.nettali.com\/rest\/wp\/v2\/media\/168412"}],"wp:attachment":[{"href":"https:\/\/www.nettali.com\/rest\/wp\/v2\/media?parent=168406"}],"wp:term":[{"taxonomy":"category","embeddable":true,"href":"https:\/\/www.nettali.com\/rest\/wp\/v2\/categories?post=168406"},{"taxonomy":"post_tag","embeddable":true,"href":"https:\/\/www.nettali.com\/rest\/wp\/v2\/tags?post=168406"}],"curies":[{"name":"wp","href":"https:\/\/api.w.org\/{rel}","templated":true}]}}