{"id":168404,"date":"2026-01-22T17:04:03","date_gmt":"2026-01-22T17:04:03","guid":{"rendered":"https:\/\/www.nettali.com\/?p=168404"},"modified":"2026-01-28T07:27:07","modified_gmt":"2026-01-28T07:27:07","slug":"idiovisuel-de-leclair-de-lucidite-de-sadio-a-la-responsabilite-du-president-diomaye-faye","status":"publish","type":"post","link":"https:\/\/www.nettali.com\/2026\/01\/22\/idiovisuel-de-leclair-de-lucidite-de-sadio-a-la-responsabilite-du-president-diomaye-faye\/","title":{"rendered":"IDIOVISUEL - De l\u2019\u00e9clair de lucidit\u00e9 de Sadio Man\u00e9, \u00e0 la responsabilit\u00e9 du pr\u00e9sident Diomaye Faye\u2026"},"content":{"rendered":"<p><strong>NETTALI.COM -<\/strong> \u00c7a y est, le S\u00e9n\u00e9gal l\u2019a fait, malgr\u00e9 tout le doute qui entourait l\u2019issue de cette finale du dimanche 18 janvier 2026. La v\u00e9rit\u00e9 est que dans cette rencontre cr\u00e2nement disput\u00e9e par les S\u00e9n\u00e9galais, l\u2019arbitrage a bien failli leur jouer des tours. D\u2019aucuns auront beau critiquer le coach Pape Thiaw pour avoir demand\u00e9 \u00e0 ses joueurs de se retirer dans les vestiaires, suite \u00e0 ce p\u00e9nalty jug\u00e9 incompr\u00e9hensible, mais fallait-il laisser l\u2019arbitre et une CAF un peu trop passive pour jouer son r\u00f4le, d\u00e9cider aussi facilement du sort des Lions ? Surtout en plus apr\u00e8s ce but s\u00e9n\u00e9galais refus\u00e9, suite \u00e0 cet acte vicieux de l'arbitre qui s'est cr\u00e9\u00e9 un obstacle dans le but de ne pas avoir \u00e0 consulter la Var, en sifflant cette fausse inexistante d' Abdoulaye Seck sur Hakimi.<\/p>\n<p>Il y a eu aussi ce p\u00e9nalty marocain, siffl\u00e9 quelques plus tard apr\u00e8s ce but refus\u00e9, qui fait suite au corner sur lequel, il y a eu un hors jeu \u00e0 la base, avec Brahim Diaz qui se laisse tomber ; cette fois, l'arbitre d\u00e9cide de consulter la Var ! Bref du deux poids deux mesures flagrant quant \u00e0 l'utilisation de la VAR. Un arbitrage catastrophique en somme !<\/p>\n<p>Cette coupe d\u2019Afrique \u00e9tait \u00e0 la v\u00e9rit\u00e9 si pleine de complaintes des autres \u00e9quipes sur le chemin du Maroc dirig\u00e9es, qu\u2019il fallait \u00e0 un moment donn\u00e9, dire stop. Eh bien, c\u2019est ce que fut Pape Thiaw.<\/p>\n<p><strong>L\u2019arbitrage et les abus des Marocains, au centre des complaintes de cette CAN<\/strong><\/p>\n<p>Mais, pendant que certains s\u2019attardaient sur les cons\u00e9quences de la r\u00e9action de Pape Thiaw, Samuel \u00c9to\u2019o invitait plut\u00f4t \u00e0 regarder la r\u00e9alit\u00e9 en face, \u00e0 s\u2019int\u00e9resser aux causes de la r\u00e9action du s\u00e9lectionneur s\u00e9n\u00e9galais. Et parmi ces causes profondes, il y a l\u2019arbitrage au centre de toutes les pol\u00e9miques. Soulignons tout de m\u00eame que ce m\u00eame Samuel Eto\u2019o, pour avoir os\u00e9 d\u00e9noncer l\u2019arbitrage lors du match Maroc-Cameroun, en quart de finale - perdu par le Cameroun sur le score de 2-0 -, a \u00e9cop\u00e9 de quatre matches de suspension.<\/p>\n<p>Moins diplomate, le journaliste H\u00e9di Hamel avait pourtant averti depuis les huiti\u00e8mes de finale sur la cha\u00eene alg\u00e9rienne Ifrikya, sur le niveau catastrophique de l\u2019arbitrage de cette Coupe d\u2019Afrique, en particulier durant les matches concernant le pays organisateur. \u201c<em>Jamais une CAN n\u2019a connu des arbitres aussi peu comp\u00e9tents, aussi peu exp\u00e9riment\u00e9s, aussi peu connaisseurs et observateurs, respectueux des r\u00e8glements de l'arbitrage et des lois du football<\/em>\u201d, d\u00e9non\u00e7ait le journaliste, ancien conseiller des pr\u00e9sidents Issa Hayatou et Ahmad Ahmad, auteur du livre : Il \u00e9tait une fois la Can : 70 ans d'histoire.<\/p>\n<p>Des abus, il y \u2018en a vraiment eus dans cette CAN ! Comme ces jours S\u00e9n\u00e9galais expos\u00e9s au public \u00e0 leur arriv\u00e9e \u00e0 Rabat pour disputer la finale, avec une s\u00e9curit\u00e9 r\u00e9duite \u00e0 peau de chagrin ; ou cet h\u00f4tel trop petit de 38 chambres, o\u00f9 ils ont \u00e9t\u00e9, dans un premier temps log\u00e9s, avant d\u2019atterrir par la suite, dans un 5 \u00e9toiles \u00e0 22 km du stade.<\/p>\n<p>Comment ne pas d\u00e9plorer cette \u00ab guerre des serviettes \u00bb ? Une sc\u00e8ne digne d'une dispute de gosses dans une cour de r\u00e9cr\u00e9, avec un Yehvann Diouf, doublure du gardien du S\u00e9n\u00e9gal, pris en chasse et tra\u00een\u00e9 sur le sol par des stadiers et ramasseurs de balle, alors qu\u2019ils cherchaient \u00e0 subtiliser la serviette du gardien Edouard Mendy, au point m\u00eame de p\u00e9n\u00e9trer dans la pelouse ; et pourtant pendant ce temps, le jeu se poursuivait !<\/p>\n<p>Mais qu'a fait l'organisation pour prot\u00e9ger l'int\u00e9grit\u00e9 physique du joueur menac\u00e9e ? Et que dire de l\u2019attitude du joueur Ismael Saibari qui se tenait devant Yehvann afin de l\u2019emp\u00eacher de prot\u00e9ger les serviettes de Mendy qui pourtant lui servaient juste \u00e0 s\u2019essuyer les gants et le visage \u00e0 cause de la pluie ? Quelle honte ! Des images affligeantes relay\u00e9es par les r\u00e9seaux sociaux qui n\u2019ont apparemment choqu\u00e9 personne parmi les autorit\u00e9s de la Caf !<\/p>\n<p>Ce qui a d\u2019ailleurs \u00e9t\u00e9 le plus \u00e9tonnant dans cette affaire, c'est le fait que cette derni\u00e8re ait attribu\u00e9 le prix du fair-play \u00e0 Achraf Hakimi pour le compte du Maroc, alors que le m\u00eame capitaine du Maroc avait lui-m\u00eame particip\u00e9 \u00e0 la mascarade en subtilisant la serviette d\u2019Edouard Mendy, avant de la balancer derri\u00e8re les panneaux publicitaires ; et il a fallu qu\u2019El Hadji Malick Diouf se charge de la r\u00e9cup\u00e9rer en sautant par dessus ces panneaux.<\/p>\n<p>Que dire des personnes arr\u00eat\u00e9es et qui sont principalement des supporters venus encourager les Lions du S\u00e9n\u00e9gal ? Parmi eux figurent , selon des informations, cinq membres du groupe 12\u00e8me Ga\u00efnd\u00e9, trois membres du mouvement Lebou Gui, ainsi que d\u2019autres fans ayant fait le d\u00e9placement pour suivre leur s\u00e9lection nationale lors de cette finale tr\u00e8s attendue. Une affaire qui continue de susciter de nombreuses r\u00e9actions au sein de l\u2019opinion publique. Des quotidiens de la place nous annoncent qu\u2019ils seront jug\u00e9s le 4 f\u00e9vrier prochain. Dans les r\u00e9seaux sociaux, des informations circulent sur des s\u00e9vices exerc\u00e9s sur certains d\u2019entre eux. Le journaliste Ayoba Faye sur X a d\u2019ailleurs \u00e9crit qu\u2019 \u00ab <em>ils ont \u00e9t\u00e9 provoqu\u00e9s, agress\u00e9s, violent\u00e9s<\/em> \u00bb, estimant que \u00ab <em>les autorit\u00e9s doivent faire tout leur possible pour qu\u2019ils soient bien trait\u00e9s dans les lieux de d\u00e9tention durant ces deux semaines<\/em> \u00bb. Des images insoutenables qui circulent sur les r\u00e9seaux sociaux, qui devraient faire r\u00e9agir les autorit\u00e9s s\u00e9n\u00e9galaises, au moment o\u00f9 des messages d\u2019intox tendraient \u00e0 attribuer des attaques aux supporters s\u00e9n\u00e9galais.<\/p>\n<p>Bref la liste des abus est bien longue et on y passerait la nuit en essayant de les \u00e9num\u00e9rer.<\/p>\n<p><strong>Fouzi Lekjaa, l\u2019homme au centre de l\u2019affaire Pape Thiaw<\/strong><\/p>\n<p>Avec cette annonce de plainte de la F\u00e9d\u00e9ration marocaine de Football aupr\u00e8s de la Caf et de la Fifa afin de faire la lumi\u00e8re sur les \u00e9v\u00e8nements ayant conduit \u00e0 l\u2019arr\u00eat de la finale face au S\u00e9n\u00e9gal, le Maroc semble ainsi avoir trouv\u00e9 un exutoire et le coupable parfait en la personne de Pape Thiaw qui risque de porter seul le poids d\u2019une affaire aux contours bien floue. Un geste jug\u00e9 \u00ab grave \u00bb, \u00ab anti sportif \u00bb par la partie marocaine. Et dans cette ambiance \u00e9lectrique, Walid Regragui a \u00e9t\u00e9 le premier \u00e0 allumer la m\u00e8che en tirant \u00e0 boulets rouges son homologue, sur Canal +, estimant que son geste ne l\u2019honorait pas. Une sortie qui semblait d\u00e9j\u00e0 baliser la voie d\u2019une responsabilit\u00e9 individuelle.<\/p>\n<p>A la v\u00e9rit\u00e9, c\u2019est une indignation s\u00e9lective qui s\u2019est abattue sur le bouc \u00e9missaire Pape Thiaw. Et pourtant si on replace les choses dans leur chronologie et contexte, ainsi que le souligne le journal \u00ab Le T\u00e9moin \u00bb, une autre lecture peut s\u2019imposer. Au centre de cette affaire appara\u00eet le tout puissant Fouzi Lekjaa, pr\u00e9sident de la F\u00e9d\u00e9ration Royale Marocaine de Football, vice\u2010pr\u00e9sident de la CAF et membre du conseil de la FIFA. Pour Lekjaa, la d\u00e9faite du Maroc face au S\u00e9n\u00e9gal, v\u00e9cue devant les plus hautes autorit\u00e9s et tout un pays, a d\u00e9pass\u00e9 le simple cadre sportif. Elle a \u00e9t\u00e9 ressentie comme une humiliation personnelle, ce qui peut se comprendre.<\/p>\n<p>Et le journal de rapporter les faits suivants, dans son \u00e9dition du 21 janvier. A savoir qu\u2019en 2019, \u00e0 l\u2019issue de la finale de la coupe de la Caf entre Zamalek d\u2019Egypte et la RS Berkane, plusieurs t\u00e9moins et un rapport officiel affirment que Fouzi Lekjaa aurait donn\u00e9 un coup de t\u00eate \u00e0 l\u2019arbitre international \u00e9thiopien Bamelak Tesema. Une plainte est d\u00e9pos\u00e9e mais l\u2019affaire sera finalement class\u00e9e sans suite par la CAF, alors m\u00eame que Lekjaa si\u00e9geait comme 3\u00e8me vice-pr\u00e9sident de l\u2019instance.<\/p>\n<p>De m\u00eame, en juillet 2025, rapporte-t-il, lors de la finale de la CAN f\u00e9minine perdue par le Maroc face au Nigeria, une sc\u00e8ne film\u00e9e fait le tour des r\u00e9seaux sociaux. On y voit Lekjaa s\u2019en prendre verbalement au trio arbitral f\u00e9minin namibien, apr\u00e8s l\u2019annulation d\u2019un penalty ma\u00acrocain par la VAR. Dans la foul\u00e9e, des accusations de partialit\u00e9 sont lanc\u00e9es contre la CAF et des menaces auraient \u00e9t\u00e9 prof\u00e9r\u00e9es \u00e0 l\u2019encon\u00actre des arbitres. Quelques semaines plus tard, le directeur des arbitres de la CAF, D\u00e9sir\u00e9 Nou\u00acmandiez Dou\u00e9, est remplac\u00e9 par Bakary Papa Gassama. Les dossiers \u00e9taient connus de Gianni Infantino et de Patrick Motsepe.<\/p>\n<p>Tout comme en novembre 2025, ses critiques acerbes contre l\u2019arbitrage en coupe du monde U 17, alors que le Maroc perd face au Br\u00e9sil. L\u00e0 encore aucune sanction n\u2019est prononc\u00e9e contre lui. Et toujours fin 2025, selon des informations relay\u00e9es par Romain Molina, Lekjaa aurait insult\u00e9 et menac\u00e9 le pr\u00e9sident de la f\u00e9d\u00e9ration nig\u00e9riane Ibrahima Gusau, lors d\u2019une r\u00e9union du Comit\u00e9 ex\u00e9cutif de la Caf pour avoir d\u00e9nonc\u00e9 l\u2019arbitrage d\u2019un match Maroc-nig\u00e9ria Dans le m\u00eame climat, la lourde suspension inflig\u00e9e \u00e0 Samuel Eto\u2019o (4 matchs et 20 000 dollars d\u2019amende pour un geste de col\u00e8re dans les tribunes) est per\u00e7ue par certains observateurs comme le sympt\u00f4me d\u2019un syst\u00e8me disciplinaire \u00e0 g\u00e9om\u00e9trie variable, o\u00f9 l\u2019influence p\u00e8se parfois plus que les faits.<\/p>\n<p><strong>Infantino et la Caf : bonnet blanc, blanc bonnet\u00a0<\/strong><\/p>\n<p>Qu\u2019Infantino, le pr\u00e9sident de la Fifa n\u2019ait rien trouv\u00e9 d\u2019autre \u00e0 dire qu\u2019\u00e0 se focaliser sur l\u2019attitude des S\u00e9n\u00e9galais sortis du terrain, nous \u00e9difie sur son manque d\u2019impartialit\u00e9 \u00e9vident. Avec son commentaire, le pr\u00e9sident de la Fifa est indubitablement sorti de son devoir de r\u00e9serve et de neutralit\u00e9, sans oublier que les deux f\u00e9d\u00e9rations sont membres de la Fifa. Le Maroc ne pouvait mieux esp\u00e9rer qu\u2019une position exprim\u00e9e en haute et intelligible voix par le pr\u00e9sident de la Fifa en d\u00e9faveur du S\u00e9n\u00e9gal.<\/p>\n<p>Qui n\u2019a pas remarqu\u00e9 sa moue agac\u00e9e lorsque Brahim Diaz a rat\u00e9 le p\u00e9nalty ? Une autre question que l'on peut se poser, est de savoir ce que faisait Infantino dans l'h\u00f4tel des joueurs marocains, en compagnie de Fouzi Lekjaa, le vice-pr\u00e9sident de la Caf et pr\u00e9sident de f\u00e9d\u00e9ration marocaine et du coach Regargui en pleine discussion avec les joueurs, alors qu'un ancien joueur marocain leur expliquait les chances qu'ils ont de gagner cette coupe ? On a vu le pr\u00e9sident de la Fifa tenir le maillot de l'\u00e9quipe marocaine et applaudir \u00e0 la fin du discours.<\/p>\n<p>Difficile en tout cas de savoir la posture future de la Caf. Mais qu\u2019a-t-elle fait contre les nombreux abus de la partie marocaine ? Et l\u2019affaire des serviettes, l\u2019arbitrage ? Et ces exactions contre des supporters s\u00e9n\u00e9galais ? Des sp\u00e9cialistes du sport et juristes sp\u00e9cialis\u00e9s ont en tout cas tent\u00e9 des explications pour minimiser l\u2019ampleur des sanctions qui pourraient \u00eatre envisag\u00e9es contre le S\u00e9n\u00e9gal.<\/p>\n<p>C\u2019est une posture en tout cas bien \u00e9tonnante de la Caf qui a \u00e9t\u00e9 not\u00e9e dans cette affaire. D\u2019apprendre par exemple que le s\u00e9lectionneur des Lions de l\u2019Atlas, Walid Regragui, a \u00e9t\u00e9 choisi meilleur entra\u00eeneur de la CAN 2025 par la Conf\u00e9d\u00e9ration africaine de football, fait gentiment sourire. Un choix que l\u2019instance justifie ce choix par \u201cson parcours solide et sa ma\u00eetrise tactique affich\u00e9e par le Maroc tout au long du tournoi.\u201d, alors qu\u2019il a \u00e9t\u00e9 tactiquement battu par son comp\u00e8re Pape Thiaw qui a men\u00e9 le S\u00e9n\u00e9gal au sommet du Continent, dimanche dernier, \u00e0 Rabat. Peut-\u00eatre veut-on lui faire payer l\u2019affront d\u2019avoir retir\u00e9 ses joueurs dans les vestiaires ?<\/p>\n<p>De m\u00eame l'on peut d\u00e9plorer l'attitude du fr\u00e8re du roi du Maroc qui a refus\u00e9 de remettre la coupe aux S\u00e9n\u00e9galais, l'effleurant \u00e0 peine sous le regard complaisant de Motsepe et d'Ifantino qui ont fini par la remettre. Quel m\u00e9pris ! Quelle condescendance ! Quelle arrogance !<\/p>\n<p>La f\u00e9d\u00e9ration s\u00e9n\u00e9galaise de football est en tout cas pr\u00eate \u00e0 en d\u00e9coudre, m\u00eame si le Premier ministre Ousmane Sonko a annonc\u00e9 sur sa page Facebook s\u2019\u00eatre \u00ab longuement entretenu avec mon homologue, Premier ministre du Royaume du Maroc, Monsieur Aziz Akhannouch \u00bb. Un \u00e9change jug\u00e9 direct et qui s'inscrit dans une volont\u00e9 commune, sous les directives des deux chefs d'\u00c9tat, de \u00ab <em>continuer \u00e0 \u0153uvrer, dans un esprit d'apaisement, de s\u00e9r\u00e9nit\u00e9 et de d\u00e9tente, \u00e0 la consolidation des liens s\u00e9culaires et tr\u00e8s profonds qui unissent nos deux pays<\/em> \u00bb.<\/p>\n<p>Le cabinet du roi m\u00eame s'il a appel\u00e9 \u00e0 l'apaisement et \u00e0 la pr\u00e9servation des relations fraternelles africaines, n'a m\u00eame pas daign\u00e9, \u00e0 travers son communiqu\u00e9, f\u00e9liciter les Lions. Ce qui veut dire que la d\u00e9faite est rest\u00e9e en travers de la gorge des Marocains.<\/p>\n<p><strong>Une l\u00e9gende nomm\u00e9e Sadio Man\u00e9<\/strong><\/p>\n<p>Mais une fois l\u2019indignation pass\u00e9e, comment ne pas avoir un coup de c\u0153ur pour ce cher Sadio Man\u00e9 ? Cet \u00e9norme joueur, pass\u00e9 par Metz, Salzbourg, Southampton, Liverpool, Bayern de Munich, avant d\u2019atterrir \u00e0 Al Nasr ! Il aura en tout cas port\u00e9 sur ses \u00e9paules, ce lourd h\u00e9ritage du S\u00e9n\u00e9gal de 2002 d\u2019El Hadji Diouf en donnant la victoire au S\u00e9n\u00e9gal, sur un p\u00e9nalty mythique face \u00e0 l\u2019Egypte, au Cameroun en 2022.<\/p>\n<p>Quelle r\u00e9silience ! Quel mental ! Quelle sagesse ! Ce Man\u00e9. Tel un ph\u00e9nix, il a su rena\u00eetre de ses cendres, apr\u00e8s cette blessure avec son nouveau club, le Bayern de Munich, \u00e0 la veille du mondial 2022. Une blessure qui l\u2019avait emp\u00each\u00e9 de revenir \u00e0 sa meilleure forme, jusqu\u2019\u00e0 cette coupe d\u2019Afrique compliqu\u00e9e de C\u00f4te d\u2019Ivoire compliqu\u00e9e, avec l\u2019\u00e9limination du S\u00e9n\u00e9gal en 8\u00e8mes de finale.<\/p>\n<p>A la v\u00e9rit\u00e9, le S\u00e9n\u00e9gal avant l\u2019av\u00e8nement de Sadio Man\u00e9 n\u2019avait connu qu\u2019une seule finale ; et avec lui, il a connu trois finales en quatre \u00e9ditions.<\/p>\n<p>Dimanche lors de la finale, il aura surtout permis \u00e0 ses co\u00e9quipiers de retrouver la raison et de revenir dans le jeu, leur \u00e9vitant, avec cet \u00e9clair de lucidit\u00e9 digne des grands hommes, ce qui pouvait leur \u00eatre fatal. Il croyait fermement que le S\u00e9n\u00e9gal devait cr\u00e2nement d\u00e9fendre sa chance jusqu\u2019au bout, dans ce match d\u2019hommes contre le Maroc. Un sacr\u00e9 grand homme, f\u00e9licit\u00e9 de toutes parts. Et comme le sort l\u2019avait pr\u00e9dit, gr\u00e2ce \u00e0 une chevauch\u00e9e, signe d\u2019une prise en main du destin de l\u2019\u00e9quipe, alliant d\u00e9termination, volont\u00e9 d\u2019en finir et technique, il s\u00e8mera le milieu de terrain marocain, avant d\u2019adresser cette \u00e9norme talonnade et permettre \u00e0 Pape Gu\u00e8ye de r\u00e9cup\u00e9rer la balle, de se d\u00e9barrasser d\u2019un marquage encombrant, avant de doucher les espoirs des Marocains.<\/p>\n<p>Avec ces prouesses remarquables, Sadio entre indubitablement dans la l\u00e9gende.<\/p>\n<p><strong>Une r\u00e9alit\u00e9 du football \u00e0 transposer \u00e0 la gouvernance politique<\/strong><\/p>\n<p>Cette victoire a cette grande vertu, celle de rappeler au S\u00e9n\u00e9gal qu\u2019il doit demeurer cette nation unie et soud\u00e9e par des ann\u00e9es de paix sociale et de coh\u00e9sion ; mais aucun cas, ce pays marqu\u00e9 par les divisions et les clivages r\u00e9cents. Cette impressionnante foule \u00e0 l\u2019accueil des Lions et cette parade touchante dans les rues de Dakar, permettent de se rendre \u00e0 l\u2019\u00e9vidence que lorsque ces facteurs sont r\u00e9unis, les r\u00e9sultats peuvent \u00eatre au rendez-vous, sur tous les plans, mais \u00e0 la condition que les meilleurs des S\u00e9n\u00e9galais soient choisis pour y arriver.<\/p>\n<p>Le choix de Pape Thiaw de s\u00e9lectionner les meilleurs joueurs, dans une savante composition d\u2019exp\u00e9riment\u00e9s et de plus jeunes mais talentueux, pour prendre la rel\u00e8ve dans le futur, est de ce point de vue illustratif de ce qui doit se faire en termes de gestion des ressources humaines et de performances \u00e9conomiques dans la gouvernance \u00e9tatique.<\/p>\n<p>Apr\u00e8s 20 mois d\u2019exercice du pouvoir et les complaintes du Premier ministre contre certains de ses ministres, l\u2019on se rend \u00e0 l\u2019\u00e9vidence que le casting aussi bien gouvernemental, qu\u2019au niveau des soci\u00e9t\u00e9s publiques, que des conseils d\u2019administration, est loin d\u2019avoir produit les r\u00e9sultats attendus. C\u2019est pourquoi l\u2019on se doit d\u2019explorer la voie initiale trac\u00e9e, \u00e0 savoir ces appels \u00e0 candidatures sinc\u00e8res, en lieu et place de ces choix subjectifs bas\u00e9s sur une \u00ab croyance au projet \u00bb, dans lesquels, l\u2019on semble accr\u00e9diter l\u2019id\u00e9e que les personnes choisies se forgeront une exp\u00e9rience et seront en m\u00eame temps soutenus par des conseillers. Quelle illusion que de croire \u00e0 cela ! La v\u00e9rit\u00e9 est qu\u2019un m\u00e9tier ne s\u2019apprend pas au sommet, et il faut pour g\u00e9rer certains secteurs sp\u00e9cifiques, des managers tr\u00e8s exp\u00e9riment\u00e9s, dignes de ce nom.<\/p>\n<p>Le Pr\u00e9sident de la r\u00e9publique qui s\u2019est inscrit dans une logique de pr\u00e9servation de l\u2019int\u00e9grit\u00e9 du territoire et d\u2019unit\u00e9 nationale, ainsi qu\u2019il l\u2019a r\u00e9it\u00e9r\u00e9 dans son discours de fin d\u2019ann\u00e9e, a choisi la bonne voie \u00e0 suivre qui est celle de l\u2019unit\u00e9 et de la r\u00e9conciliation. Mais tout ceci ne doit toutefois pas se faire au d\u00e9triment de la justice. Il y a d\u2019ailleurs et soulignons-le fortement, dans ce p\u00e9nalty manqu\u00e9 de Brahim Diaz et ce but scellant la victoire s\u00e9n\u00e9galaise, ce qui peut \u00eatre per\u00e7u comme une justice divine. De ce point de vue, cette reddition des comptes en cours, doit \u00eatre laiss\u00e9e aux seuls magistrats qui ont la mission de rendre la justice de mani\u00e8re ind\u00e9pendante, sans pression et sans acharnement de l\u2019ex\u00e9cutif, de quelque mani\u00e8re que ce soit. Sinon le risque est de cr\u00e9er des situations qui finissent par profiter aux mis en cause et de voir cette n\u00e9cessit\u00e9 de rendre justice se d\u00e9gonfler comme un ballon de baudruche.<\/p>\n<p>Dans son discours adress\u00e9 aux Lions, le chef de l\u2019Etat a en tout cas salu\u00e9 une victoire collective, insistant sur l\u2019unit\u00e9 nationale. \u00ab <em>Aucun d\u00e9fi n\u2019est hors de port\u00e9e si le S\u00e9n\u00e9gal avance ensemble<\/em> \u00bb, a-t-il dit, avant d\u2019\u00eatre rejoint par le capitaine Kalidou Koulibaly en ces termes : \u00ab <em>nous sommes convaincus que cette victoire contribuera \u00e0 insuffler un nouvel \u00e9lan \u00e0 notre nation<\/em> \u00bb<\/p>\n<p>Et \u00e0 son initiative, des invitations avaient \u00e9t\u00e9 adress\u00e9es \u00e0 plusieurs figures de l\u2019opposition, comme l\u2019avait fait Macky Sall, lors de la premi\u00e8re Can remport\u00e9e par le S\u00e9n\u00e9gal. Une d\u00e9marche salu\u00e9e comme un geste fort en faveur de l\u2019unit\u00e9 nationale, avec des responsables politiques qui ont r\u00e9pondu \u00e0 l\u2019appel : Khalifa Sall, Serigne Mbaye Thiam, l\u2019ancien ministre de la Justice Sidiki Kaba, Thierno Bocoum, Mohamadou Lamine Massaly, la d\u00e9put\u00e9e Anta Babacar Ngom, entre autres. La pr\u00e9sence conjointe de responsables aux trajectoires politiques diff\u00e9rentes, a ainsi donn\u00e9 \u00e0 la c\u00e9r\u00e9monie une port\u00e9e qui d\u00e9passait largement le cadre sportif.<\/p>\n<p>Ce pays a un potentiel \u00e9norme et des ressources humaines qui doivent \u00eatre mieux pr\u00e9par\u00e9es \u00e0 relever les d\u00e9fis futurs. Les p\u00e8res fondateurs, tels que Senghor et bien d\u2019autres pr\u00e9sidents, ainsi que des grands hommes, qu\u2019ils soient religieux, hommes de lettres, artisans, du monde de la culture, des arts et du spectacle, etc ont \u0153uvr\u00e9 dans un sens o\u00f9 le S\u00e9n\u00e9gal a toujours \u00e9t\u00e9 consid\u00e9r\u00e9 comme le pays des intellectuels d\u2019Afrique, ainsi qu\u2019un pays stable et de paix. Cet h\u00e9ritage, les gouvernants actuels ne doivent point le ruiner et ont la responsabilit\u00e9 de le hisser plus haut.<\/p>\n<p>C\u2019est pourquoi, il n\u2019est nullement n\u00e9cessaire de se perdre dans des conjectures et des d\u00e9nigrements inutiles, alors que le r\u00f4le d\u00e9volu \u00e0 tout gouvernant, n\u2019est autre que d\u2019agir dans le bon sens et de r\u00e9parer ce qui doit l\u2019\u00eatre ? Comme cette question de dette dite cach\u00e9e qui nous plonge dans un embarras indescriptible, bloque le fonctionnement de l\u2019\u00e9conomie, sans toutefois que l\u2019on sache r\u00e9ellement sur quel pied danser et comment nous en extirper. Ou encore cette histoire de restructuration dont le Premier ministre ne veut point entendre parler. Mais que nous propose-t-on r\u00e9ellement \u00e0 la place de si clair et de si indiscutable ? Les appels publics ne sont en aucun cas la bonne clef.<\/p>\n<p>Il revient d\u00e8s lors \u00e0 Bassirou Diomaye Faye d\u2019assumer cette responsabilit\u00e9 de pr\u00e9sident de la r\u00e9publique en \u00e9vitant de faire moins que ses pr\u00e9d\u00e9cesseurs. Tout cela ne sera pas possible sans am\u00e9lioration de la gouvernance, sans renforcement des institutions, et pour cela, il doit surtout veiller \u00e0 r\u00e9tablir l\u2019orthodoxie dans la gouvernance et b\u00e2tir des fondamentaux solides.<\/p>\n<div class='share-to-whatsapp-wrapper'><div class='share-on-whsp'>PARTAGER SUR : <\/div><a data-text='IDIOVISUEL - De l\u2019\u00e9clair de lucidit\u00e9 de Sadio Man\u00e9, \u00e0 la responsabilit\u00e9 du pr\u00e9sident Diomaye Faye\u2026' data-link='https:\/\/www.nettali.com\/2026\/01\/22\/idiovisuel-de-leclair-de-lucidite-de-sadio-a-la-responsabilite-du-president-diomaye-faye\/' class='whatsapp-button whatsapp-share'>WhatsApp<\/a><div class='clear '><\/div><\/div>","protected":false},"excerpt":{"rendered":"<p>NETTALI.COM - \u00c7a y est, le S\u00e9n\u00e9gal l\u2019a fait, malgr\u00e9 tout le doute qui entourait l\u2019issue de cette finale du dimanche 18 janvier 2026. La v\u00e9rit\u00e9 est que dans cette rencontre cr\u00e2nement disput\u00e9e par les S\u00e9n\u00e9galais, l\u2019arbitrage a bien failli leur jouer des tours. D\u2019aucuns auront beau critiquer le coach Pape Thiaw pour avoir demand\u00e9 [&hellip;]<\/p>\n","protected":false},"author":2,"featured_media":168282,"comment_status":"open","ping_status":"open","sticky":false,"template":"","format":"standard","meta":{"_et_pb_use_builder":"","_et_pb_old_content":""},"categories":[9],"tags":[],"yoast_head":"<!-- This site is optimized with the Yoast SEO Premium plugin v17.8 (Yoast SEO v17.8) - https:\/\/yoast.com\/wordpress\/plugins\/seo\/ -->\n<title>IDIOVISUEL - De l\u2019\u00e9clair de lucidit\u00e9 de Sadio Man\u00e9, \u00e0 la responsabilit\u00e9 du pr\u00e9sident Diomaye Faye\u2026 | Nettali.com<\/title>\n<meta name=\"robots\" content=\"index, follow, max-snippet:-1, max-image-preview:large, max-video-preview:-1\" \/>\n<link rel=\"canonical\" href=\"https:\/\/www.nettali.com\/2026\/01\/22\/idiovisuel-de-leclair-de-lucidite-de-sadio-a-la-responsabilite-du-president-diomaye-faye\/\" \/>\n<meta property=\"og:locale\" content=\"fr_FR\" \/>\n<meta property=\"og:type\" content=\"article\" \/>\n<meta property=\"og:title\" content=\"IDIOVISUEL - De l\u2019\u00e9clair de lucidit\u00e9 de Sadio Man\u00e9, \u00e0 la responsabilit\u00e9 du pr\u00e9sident Diomaye Faye\u2026\" \/>\n<meta property=\"og:description\" content=\"NETTALI.COM - \u00c7a y est, le S\u00e9n\u00e9gal l\u2019a fait, malgr\u00e9 tout le doute qui entourait l\u2019issue de cette finale du dimanche 18 janvier 2026. La v\u00e9rit\u00e9 est que dans cette rencontre cr\u00e2nement disput\u00e9e par les S\u00e9n\u00e9galais, l\u2019arbitrage a bien failli leur jouer des tours. D\u2019aucuns auront beau critiquer le coach Pape Thiaw pour avoir demand\u00e9 [&hellip;]\" \/>\n<meta property=\"og:url\" content=\"https:\/\/www.nettali.com\/2026\/01\/22\/idiovisuel-de-leclair-de-lucidite-de-sadio-a-la-responsabilite-du-president-diomaye-faye\/\" \/>\n<meta property=\"og:site_name\" content=\"Nettali.com\" \/>\n<meta property=\"article:publisher\" content=\"https:\/\/www.facebook.com\/nettalicom\" \/>\n<meta property=\"article:published_time\" content=\"2026-01-22T17:04:03+00:00\" \/>\n<meta property=\"article:modified_time\" content=\"2026-01-28T07:27:07+00:00\" \/>\n<meta property=\"og:image\" content=\"https:\/\/www.nettali.com\/wp-content\/uploads\/2026\/01\/victoire-des-lions-thiaw-mane-sonko-faye.jpg\" \/>\n\t<meta property=\"og:image:width\" content=\"1280\" \/>\n\t<meta property=\"og:image:height\" content=\"600\" \/>\n<meta name=\"twitter:card\" content=\"summary_large_image\" \/>\n<meta name=\"twitter:label1\" content=\"\u00c9crit par\" \/>\n\t<meta name=\"twitter:data1\" content=\"CK\" \/>\n\t<meta name=\"twitter:label2\" content=\"Dur\u00e9e de lecture estim\u00e9e\" \/>\n\t<meta name=\"twitter:data2\" content=\"17 minutes\" \/>\n<script type=\"application\/ld+json\" class=\"yoast-schema-graph\">{\"@context\":\"https:\/\/schema.org\",\"@graph\":[{\"@type\":\"WebSite\",\"@id\":\"https:\/\/www.nettali.com\/#website\",\"url\":\"https:\/\/www.nettali.com\/\",\"name\":\"Nettali.com\",\"description\":\"Le rendez-vous critique du Net\",\"potentialAction\":[{\"@type\":\"SearchAction\",\"target\":{\"@type\":\"EntryPoint\",\"urlTemplate\":\"https:\/\/www.nettali.com\/?s={search_term_string}\"},\"query-input\":\"required name=search_term_string\"}],\"inLanguage\":\"fr-FR\"},{\"@type\":\"ImageObject\",\"@id\":\"https:\/\/www.nettali.com\/2026\/01\/22\/idiovisuel-de-leclair-de-lucidite-de-sadio-a-la-responsabilite-du-president-diomaye-faye\/#primaryimage\",\"inLanguage\":\"fr-FR\",\"url\":\"https:\/\/www.nettali.com\/wp-content\/uploads\/2026\/01\/victoire-des-lions-thiaw-mane-sonko-faye.jpg\",\"contentUrl\":\"https:\/\/www.nettali.com\/wp-content\/uploads\/2026\/01\/victoire-des-lions-thiaw-mane-sonko-faye.jpg\",\"width\":1280,\"height\":600},{\"@type\":\"WebPage\",\"@id\":\"https:\/\/www.nettali.com\/2026\/01\/22\/idiovisuel-de-leclair-de-lucidite-de-sadio-a-la-responsabilite-du-president-diomaye-faye\/#webpage\",\"url\":\"https:\/\/www.nettali.com\/2026\/01\/22\/idiovisuel-de-leclair-de-lucidite-de-sadio-a-la-responsabilite-du-president-diomaye-faye\/\",\"name\":\"IDIOVISUEL - De l\\u2019\\u00e9clair de lucidit\\u00e9 de Sadio Man\\u00e9, \\u00e0 la responsabilit\\u00e9 du pr\\u00e9sident Diomaye Faye\\u2026 | Nettali.com\",\"isPartOf\":{\"@id\":\"https:\/\/www.nettali.com\/#website\"},\"primaryImageOfPage\":{\"@id\":\"https:\/\/www.nettali.com\/2026\/01\/22\/idiovisuel-de-leclair-de-lucidite-de-sadio-a-la-responsabilite-du-president-diomaye-faye\/#primaryimage\"},\"datePublished\":\"2026-01-22T17:04:03+00:00\",\"dateModified\":\"2026-01-28T07:27:07+00:00\",\"author\":{\"@id\":\"https:\/\/www.nettali.com\/#\/schema\/person\/d8ac7b7e27ddad43f1c0d2ef090d7f71\"},\"breadcrumb\":{\"@id\":\"https:\/\/www.nettali.com\/2026\/01\/22\/idiovisuel-de-leclair-de-lucidite-de-sadio-a-la-responsabilite-du-president-diomaye-faye\/#breadcrumb\"},\"inLanguage\":\"fr-FR\",\"potentialAction\":[{\"@type\":\"ReadAction\",\"target\":[\"https:\/\/www.nettali.com\/2026\/01\/22\/idiovisuel-de-leclair-de-lucidite-de-sadio-a-la-responsabilite-du-president-diomaye-faye\/\"]}]},{\"@type\":\"BreadcrumbList\",\"@id\":\"https:\/\/www.nettali.com\/2026\/01\/22\/idiovisuel-de-leclair-de-lucidite-de-sadio-a-la-responsabilite-du-president-diomaye-faye\/#breadcrumb\",\"itemListElement\":[{\"@type\":\"ListItem\",\"position\":1,\"name\":\"Accueil\",\"item\":\"https:\/\/www.nettali.com\/\"},{\"@type\":\"ListItem\",\"position\":2,\"name\":\"IDIOVISUEL - De l\\u2019\\u00e9clair de lucidit\\u00e9 de Sadio Man\\u00e9, \\u00e0 la responsabilit\\u00e9 du pr\\u00e9sident Diomaye Faye\\u2026\"}]},{\"@type\":\"Person\",\"@id\":\"https:\/\/www.nettali.com\/#\/schema\/person\/d8ac7b7e27ddad43f1c0d2ef090d7f71\",\"name\":\"CK\",\"image\":{\"@type\":\"ImageObject\",\"@id\":\"https:\/\/www.nettali.com\/#personlogo\",\"inLanguage\":\"fr-FR\",\"url\":\"https:\/\/secure.gravatar.com\/avatar\/1d8d5118b9327d94da7cd4ce7f17fec2?s=96&d=mm&r=g\",\"contentUrl\":\"https:\/\/secure.gravatar.com\/avatar\/1d8d5118b9327d94da7cd4ce7f17fec2?s=96&d=mm&r=g\",\"caption\":\"CK\"},\"sameAs\":[\"https:\/\/www.nettali.com\"]}]}<\/script>\n<!-- \/ Yoast SEO Premium plugin. -->","yoast_head_json":{"title":"IDIOVISUEL - De l\u2019\u00e9clair de lucidit\u00e9 de Sadio Man\u00e9, \u00e0 la responsabilit\u00e9 du pr\u00e9sident Diomaye Faye\u2026 | Nettali.com","robots":{"index":"index","follow":"follow","max-snippet":"max-snippet:-1","max-image-preview":"max-image-preview:large","max-video-preview":"max-video-preview:-1"},"canonical":"https:\/\/www.nettali.com\/2026\/01\/22\/idiovisuel-de-leclair-de-lucidite-de-sadio-a-la-responsabilite-du-president-diomaye-faye\/","og_locale":"fr_FR","og_type":"article","og_title":"IDIOVISUEL - De l\u2019\u00e9clair de lucidit\u00e9 de Sadio Man\u00e9, \u00e0 la responsabilit\u00e9 du pr\u00e9sident Diomaye Faye\u2026","og_description":"NETTALI.COM - \u00c7a y est, le S\u00e9n\u00e9gal l\u2019a fait, malgr\u00e9 tout le doute qui entourait l\u2019issue de cette finale du dimanche 18 janvier 2026. La v\u00e9rit\u00e9 est que dans cette rencontre cr\u00e2nement disput\u00e9e par les S\u00e9n\u00e9galais, l\u2019arbitrage a bien failli leur jouer des tours. D\u2019aucuns auront beau critiquer le coach Pape Thiaw pour avoir demand\u00e9 [&hellip;]","og_url":"https:\/\/www.nettali.com\/2026\/01\/22\/idiovisuel-de-leclair-de-lucidite-de-sadio-a-la-responsabilite-du-president-diomaye-faye\/","og_site_name":"Nettali.com","article_publisher":"https:\/\/www.facebook.com\/nettalicom","article_published_time":"2026-01-22T17:04:03+00:00","article_modified_time":"2026-01-28T07:27:07+00:00","og_image":[{"width":1280,"height":600,"url":"https:\/\/www.nettali.com\/wp-content\/uploads\/2026\/01\/victoire-des-lions-thiaw-mane-sonko-faye.jpg","type":"image\/jpeg"}],"twitter_card":"summary_large_image","twitter_misc":{"\u00c9crit par":"CK","Dur\u00e9e de lecture estim\u00e9e":"17 minutes"},"schema":{"@context":"https:\/\/schema.org","@graph":[{"@type":"WebSite","@id":"https:\/\/www.nettali.com\/#website","url":"https:\/\/www.nettali.com\/","name":"Nettali.com","description":"Le rendez-vous critique du Net","potentialAction":[{"@type":"SearchAction","target":{"@type":"EntryPoint","urlTemplate":"https:\/\/www.nettali.com\/?s={search_term_string}"},"query-input":"required name=search_term_string"}],"inLanguage":"fr-FR"},{"@type":"ImageObject","@id":"https:\/\/www.nettali.com\/2026\/01\/22\/idiovisuel-de-leclair-de-lucidite-de-sadio-a-la-responsabilite-du-president-diomaye-faye\/#primaryimage","inLanguage":"fr-FR","url":"https:\/\/www.nettali.com\/wp-content\/uploads\/2026\/01\/victoire-des-lions-thiaw-mane-sonko-faye.jpg","contentUrl":"https:\/\/www.nettali.com\/wp-content\/uploads\/2026\/01\/victoire-des-lions-thiaw-mane-sonko-faye.jpg","width":1280,"height":600},{"@type":"WebPage","@id":"https:\/\/www.nettali.com\/2026\/01\/22\/idiovisuel-de-leclair-de-lucidite-de-sadio-a-la-responsabilite-du-president-diomaye-faye\/#webpage","url":"https:\/\/www.nettali.com\/2026\/01\/22\/idiovisuel-de-leclair-de-lucidite-de-sadio-a-la-responsabilite-du-president-diomaye-faye\/","name":"IDIOVISUEL - De l\u2019\u00e9clair de lucidit\u00e9 de Sadio Man\u00e9, \u00e0 la responsabilit\u00e9 du pr\u00e9sident Diomaye Faye\u2026 | Nettali.com","isPartOf":{"@id":"https:\/\/www.nettali.com\/#website"},"primaryImageOfPage":{"@id":"https:\/\/www.nettali.com\/2026\/01\/22\/idiovisuel-de-leclair-de-lucidite-de-sadio-a-la-responsabilite-du-president-diomaye-faye\/#primaryimage"},"datePublished":"2026-01-22T17:04:03+00:00","dateModified":"2026-01-28T07:27:07+00:00","author":{"@id":"https:\/\/www.nettali.com\/#\/schema\/person\/d8ac7b7e27ddad43f1c0d2ef090d7f71"},"breadcrumb":{"@id":"https:\/\/www.nettali.com\/2026\/01\/22\/idiovisuel-de-leclair-de-lucidite-de-sadio-a-la-responsabilite-du-president-diomaye-faye\/#breadcrumb"},"inLanguage":"fr-FR","potentialAction":[{"@type":"ReadAction","target":["https:\/\/www.nettali.com\/2026\/01\/22\/idiovisuel-de-leclair-de-lucidite-de-sadio-a-la-responsabilite-du-president-diomaye-faye\/"]}]},{"@type":"BreadcrumbList","@id":"https:\/\/www.nettali.com\/2026\/01\/22\/idiovisuel-de-leclair-de-lucidite-de-sadio-a-la-responsabilite-du-president-diomaye-faye\/#breadcrumb","itemListElement":[{"@type":"ListItem","position":1,"name":"Accueil","item":"https:\/\/www.nettali.com\/"},{"@type":"ListItem","position":2,"name":"IDIOVISUEL - De l\u2019\u00e9clair de lucidit\u00e9 de Sadio Man\u00e9, \u00e0 la responsabilit\u00e9 du pr\u00e9sident Diomaye Faye\u2026"}]},{"@type":"Person","@id":"https:\/\/www.nettali.com\/#\/schema\/person\/d8ac7b7e27ddad43f1c0d2ef090d7f71","name":"CK","image":{"@type":"ImageObject","@id":"https:\/\/www.nettali.com\/#personlogo","inLanguage":"fr-FR","url":"https:\/\/secure.gravatar.com\/avatar\/1d8d5118b9327d94da7cd4ce7f17fec2?s=96&d=mm&r=g","contentUrl":"https:\/\/secure.gravatar.com\/avatar\/1d8d5118b9327d94da7cd4ce7f17fec2?s=96&d=mm&r=g","caption":"CK"},"sameAs":["https:\/\/www.nettali.com"]}]}},"_links":{"self":[{"href":"https:\/\/www.nettali.com\/rest\/wp\/v2\/posts\/168404"}],"collection":[{"href":"https:\/\/www.nettali.com\/rest\/wp\/v2\/posts"}],"about":[{"href":"https:\/\/www.nettali.com\/rest\/wp\/v2\/types\/post"}],"author":[{"embeddable":true,"href":"https:\/\/www.nettali.com\/rest\/wp\/v2\/users\/2"}],"replies":[{"embeddable":true,"href":"https:\/\/www.nettali.com\/rest\/wp\/v2\/comments?post=168404"}],"version-history":[{"count":9,"href":"https:\/\/www.nettali.com\/rest\/wp\/v2\/posts\/168404\/revisions"}],"predecessor-version":[{"id":168468,"href":"https:\/\/www.nettali.com\/rest\/wp\/v2\/posts\/168404\/revisions\/168468"}],"wp:featuredmedia":[{"embeddable":true,"href":"https:\/\/www.nettali.com\/rest\/wp\/v2\/media\/168282"}],"wp:attachment":[{"href":"https:\/\/www.nettali.com\/rest\/wp\/v2\/media?parent=168404"}],"wp:term":[{"taxonomy":"category","embeddable":true,"href":"https:\/\/www.nettali.com\/rest\/wp\/v2\/categories?post=168404"},{"taxonomy":"post_tag","embeddable":true,"href":"https:\/\/www.nettali.com\/rest\/wp\/v2\/tags?post=168404"}],"curies":[{"name":"wp","href":"https:\/\/api.w.org\/{rel}","templated":true}]}}