{"id":168401,"date":"2026-01-22T19:05:46","date_gmt":"2026-01-22T19:05:46","guid":{"rendered":"https:\/\/www.nettali.com\/?p=168401"},"modified":"2026-01-23T21:56:49","modified_gmt":"2026-01-23T21:56:49","slug":"numerique-et-justice-jean-louis-toupane-alerte-sur-les-risques-dexclusion-et-de-desequilibre","status":"publish","type":"post","link":"https:\/\/www.nettali.com\/2026\/01\/22\/numerique-et-justice-jean-louis-toupane-alerte-sur-les-risques-dexclusion-et-de-desequilibre\/","title":{"rendered":"NUM\u00c9RIQUE ET JUSTICE - Jean-Louis Toupane alerte sur les risques d\u2019exclusion et de d\u00e9s\u00e9quilibre"},"content":{"rendered":"<p><strong>NETTALI.COM-\u00a0Lors de la rentr\u00e9e solennelle des Cours et Tribunaux, Jean-Louis Toupane, procureur g\u00e9n\u00e9ral pr\u00e8s la Cour supr\u00eame, a livr\u00e9 une analyse nuanc\u00e9e sur l'int\u00e9gration du num\u00e9rique dans l'appareil judiciaire. Si le virage technologique est jug\u00e9 n\u00e9cessaire, il ne doit pas, selon lui, se faire au d\u00e9triment de l'\u00e9quit\u00e9.<\/strong><\/p>\n<p>Dans son allocution lors de la rentr\u00e9e solennelle des Cours et tribunaux, le magistrat Jean Louis Toupane, procureur g\u00e9n\u00e9ral pr\u00e8s la Cour supr\u00eame a abord\u00e9 la question du num\u00e9rique dans le travail de la justice. Il reconna\u00eet d'embl\u00e9e le potentiel de la transformation num\u00e9rique. Pour lui, \u00ab <em>les opportunit\u00e9s offertes par le num\u00e9rique en mati\u00e8re d\u2019efficacit\u00e9 et de modernisation peuvent \u00eatre r\u00e9elles<\/em> \u00bb. Il identifie plusieurs axes de progr\u00e8s, notamment la d\u00e9mat\u00e9rialisation des proc\u00e9dures, la gestion optimis\u00e9e des dossiers et un acc\u00e8s facilit\u00e9 \u00e0 l'information juridique pour tous.<\/p>\n<p><strong>Les risques de la \"fracture judiciaire\"<\/strong><\/p>\n<p>Cependant, Jean-Louis Toupane refuse de voir dans la technologie une panac\u00e9e. Il pr\u00e9vient qu\u2019\u00ab<em> il faut une vigilance accrue face aux risques d\u2019exclusion et de d\u00e9s\u00e9quilibre qu\u2019une transition mal ma\u00eetris\u00e9e pourrait engendrer<\/em> \u00bb.<\/p>\n<p>Sa pr\u00e9occupation majeure r\u00e9side dans la protection des plus fragiles. Pour \u00e9viter que l'\u00e9cran ne devienne une barri\u00e8re, il mart\u00e8le que \u00ab <em>la modernisation ne doit pas cr\u00e9er de nouvelles formes d\u2019injustice<\/em> \u00bb. Une justice d\u00e9shumanis\u00e9e risquerait, \u00e0 ses yeux, de marginaliser les citoyens \u00e9loign\u00e9s des outils num\u00e9riques et de fragiliser le principe d\u2019\u00e9galit\u00e9 devant la loi.<\/p>\n<p>Le procureur g\u00e9n\u00e9ral a \u00e9galement soulev\u00e9 des enjeux cruciaux li\u00e9s \u00e0 la souverainet\u00e9 num\u00e9rique et aux libert\u00e9s : la protection rigoureuse des donn\u00e9es, la transparence des algorithmes utilis\u00e9s et le maintien du lien direct entre le juge et le justiciable.<\/p>\n<p>Il a rappel\u00e9 que \u00ab <em>la justice ne peut se permettre de sacrifier ses principes fondamentaux sur l\u2019autel de la performance technologique<\/em> \u00bb.<\/p>\n<p>En d\u00e9finitive, Jean-Louis Toupane plaide pour une r\u00e9forme qui ne soit pas uniquement technique, mais profond\u00e9ment sociale. Selon lui, une modernisation r\u00e9ussie \u00ab <em>est celle qui renforce la confiance du citoyen dans l\u2019institution judiciaire, sans laisser personne au bord du chemin<\/em> \u00bb. Il appelle donc \u00e0 une strat\u00e9gie progressive, ax\u00e9e sur la formation des magistrats et l'accompagnement humain des usagers.<\/p>\n<div class='share-to-whatsapp-wrapper'><div class='share-on-whsp'>PARTAGER SUR : <\/div><a data-text='NUM\u00c9RIQUE ET JUSTICE - Jean-Louis Toupane alerte sur les risques d\u2019exclusion et de d\u00e9s\u00e9quilibre' data-link='https:\/\/www.nettali.com\/2026\/01\/22\/numerique-et-justice-jean-louis-toupane-alerte-sur-les-risques-dexclusion-et-de-desequilibre\/' class='whatsapp-button whatsapp-share'>WhatsApp<\/a><div class='clear '><\/div><\/div>","protected":false},"excerpt":{"rendered":"<p>NETTALI.COM-\u00a0Lors de la rentr\u00e9e solennelle des Cours et Tribunaux, Jean-Louis Toupane, procureur g\u00e9n\u00e9ral pr\u00e8s la Cour supr\u00eame, a livr\u00e9 une analyse nuanc\u00e9e sur l'int\u00e9gration du num\u00e9rique dans l'appareil judiciaire. Si le virage technologique est jug\u00e9 n\u00e9cessaire, il ne doit pas, selon lui, se faire au d\u00e9triment de l'\u00e9quit\u00e9. Dans son allocution lors de la rentr\u00e9e [&hellip;]<\/p>\n","protected":false},"author":6,"featured_media":168399,"comment_status":"open","ping_status":"open","sticky":false,"template":"","format":"standard","meta":{"_et_pb_use_builder":"","_et_pb_old_content":""},"categories":[3],"tags":[],"yoast_head":"<!-- This site is optimized with the Yoast SEO Premium plugin v17.8 (Yoast SEO v17.8) - https:\/\/yoast.com\/wordpress\/plugins\/seo\/ -->\n<title>NUM\u00c9RIQUE ET JUSTICE - Jean-Louis Toupane alerte sur les risques d\u2019exclusion et de d\u00e9s\u00e9quilibre | Nettali.com<\/title>\n<meta name=\"robots\" content=\"index, follow, max-snippet:-1, max-image-preview:large, max-video-preview:-1\" \/>\n<link rel=\"canonical\" href=\"https:\/\/www.nettali.com\/2026\/01\/22\/numerique-et-justice-jean-louis-toupane-alerte-sur-les-risques-dexclusion-et-de-desequilibre\/\" \/>\n<meta property=\"og:locale\" content=\"fr_FR\" \/>\n<meta property=\"og:type\" content=\"article\" \/>\n<meta property=\"og:title\" content=\"NUM\u00c9RIQUE ET JUSTICE - Jean-Louis Toupane alerte sur les risques d\u2019exclusion et de d\u00e9s\u00e9quilibre\" \/>\n<meta property=\"og:description\" content=\"NETTALI.COM-\u00a0Lors de la rentr\u00e9e solennelle des Cours et Tribunaux, Jean-Louis Toupane, procureur g\u00e9n\u00e9ral pr\u00e8s la Cour supr\u00eame, a livr\u00e9 une analyse nuanc\u00e9e sur l&#039;int\u00e9gration du num\u00e9rique dans l&#039;appareil judiciaire. Si le virage technologique est jug\u00e9 n\u00e9cessaire, il ne doit pas, selon lui, se faire au d\u00e9triment de l&#039;\u00e9quit\u00e9. Dans son allocution lors de la rentr\u00e9e [&hellip;]\" \/>\n<meta property=\"og:url\" content=\"https:\/\/www.nettali.com\/2026\/01\/22\/numerique-et-justice-jean-louis-toupane-alerte-sur-les-risques-dexclusion-et-de-desequilibre\/\" \/>\n<meta property=\"og:site_name\" content=\"Nettali.com\" \/>\n<meta property=\"article:publisher\" content=\"https:\/\/www.facebook.com\/nettalicom\" \/>\n<meta property=\"article:published_time\" content=\"2026-01-22T19:05:46+00:00\" \/>\n<meta property=\"article:modified_time\" content=\"2026-01-23T21:56:49+00:00\" \/>\n<meta property=\"og:image\" content=\"https:\/\/www.nettali.com\/wp-content\/uploads\/2026\/01\/Screenshot_20260122-135415.jpg\" \/>\n\t<meta property=\"og:image:width\" content=\"908\" \/>\n\t<meta property=\"og:image:height\" content=\"587\" \/>\n<meta name=\"twitter:card\" content=\"summary_large_image\" \/>\n<meta name=\"twitter:label1\" content=\"\u00c9crit par\" \/>\n\t<meta name=\"twitter:data1\" content=\"Fatou\" \/>\n\t<meta name=\"twitter:label2\" content=\"Dur\u00e9e de lecture estim\u00e9e\" \/>\n\t<meta name=\"twitter:data2\" content=\"2 minutes\" \/>\n<script type=\"application\/ld+json\" class=\"yoast-schema-graph\">{\"@context\":\"https:\/\/schema.org\",\"@graph\":[{\"@type\":\"WebSite\",\"@id\":\"https:\/\/www.nettali.com\/#website\",\"url\":\"https:\/\/www.nettali.com\/\",\"name\":\"Nettali.com\",\"description\":\"Le rendez-vous critique du Net\",\"potentialAction\":[{\"@type\":\"SearchAction\",\"target\":{\"@type\":\"EntryPoint\",\"urlTemplate\":\"https:\/\/www.nettali.com\/?s={search_term_string}\"},\"query-input\":\"required name=search_term_string\"}],\"inLanguage\":\"fr-FR\"},{\"@type\":\"ImageObject\",\"@id\":\"https:\/\/www.nettali.com\/2026\/01\/22\/numerique-et-justice-jean-louis-toupane-alerte-sur-les-risques-dexclusion-et-de-desequilibre\/#primaryimage\",\"inLanguage\":\"fr-FR\",\"url\":\"https:\/\/www.nettali.com\/wp-content\/uploads\/2026\/01\/Screenshot_20260122-135415.jpg\",\"contentUrl\":\"https:\/\/www.nettali.com\/wp-content\/uploads\/2026\/01\/Screenshot_20260122-135415.jpg\",\"width\":908,\"height\":587},{\"@type\":\"WebPage\",\"@id\":\"https:\/\/www.nettali.com\/2026\/01\/22\/numerique-et-justice-jean-louis-toupane-alerte-sur-les-risques-dexclusion-et-de-desequilibre\/#webpage\",\"url\":\"https:\/\/www.nettali.com\/2026\/01\/22\/numerique-et-justice-jean-louis-toupane-alerte-sur-les-risques-dexclusion-et-de-desequilibre\/\",\"name\":\"NUM\\u00c9RIQUE ET JUSTICE - Jean-Louis Toupane alerte sur les risques d\\u2019exclusion et de d\\u00e9s\\u00e9quilibre | Nettali.com\",\"isPartOf\":{\"@id\":\"https:\/\/www.nettali.com\/#website\"},\"primaryImageOfPage\":{\"@id\":\"https:\/\/www.nettali.com\/2026\/01\/22\/numerique-et-justice-jean-louis-toupane-alerte-sur-les-risques-dexclusion-et-de-desequilibre\/#primaryimage\"},\"datePublished\":\"2026-01-22T19:05:46+00:00\",\"dateModified\":\"2026-01-23T21:56:49+00:00\",\"author\":{\"@id\":\"https:\/\/www.nettali.com\/#\/schema\/person\/418274a86bdf87caff7a3ef476bd0bbf\"},\"breadcrumb\":{\"@id\":\"https:\/\/www.nettali.com\/2026\/01\/22\/numerique-et-justice-jean-louis-toupane-alerte-sur-les-risques-dexclusion-et-de-desequilibre\/#breadcrumb\"},\"inLanguage\":\"fr-FR\",\"potentialAction\":[{\"@type\":\"ReadAction\",\"target\":[\"https:\/\/www.nettali.com\/2026\/01\/22\/numerique-et-justice-jean-louis-toupane-alerte-sur-les-risques-dexclusion-et-de-desequilibre\/\"]}]},{\"@type\":\"BreadcrumbList\",\"@id\":\"https:\/\/www.nettali.com\/2026\/01\/22\/numerique-et-justice-jean-louis-toupane-alerte-sur-les-risques-dexclusion-et-de-desequilibre\/#breadcrumb\",\"itemListElement\":[{\"@type\":\"ListItem\",\"position\":1,\"name\":\"Accueil\",\"item\":\"https:\/\/www.nettali.com\/\"},{\"@type\":\"ListItem\",\"position\":2,\"name\":\"NUM\\u00c9RIQUE ET JUSTICE - Jean-Louis Toupane alerte sur les risques d\\u2019exclusion et de d\\u00e9s\\u00e9quilibre\"}]},{\"@type\":\"Person\",\"@id\":\"https:\/\/www.nettali.com\/#\/schema\/person\/418274a86bdf87caff7a3ef476bd0bbf\",\"name\":\"Fatou\",\"image\":{\"@type\":\"ImageObject\",\"@id\":\"https:\/\/www.nettali.com\/#personlogo\",\"inLanguage\":\"fr-FR\",\"url\":\"https:\/\/secure.gravatar.com\/avatar\/5a9442a2bee7b4dcf167cab035858e9a?s=96&d=mm&r=g\",\"contentUrl\":\"https:\/\/secure.gravatar.com\/avatar\/5a9442a2bee7b4dcf167cab035858e9a?s=96&d=mm&r=g\",\"caption\":\"Fatou\"},\"sameAs\":[\"https:\/\/www.nettali.com\"]}]}<\/script>\n<!-- \/ Yoast SEO Premium plugin. -->","yoast_head_json":{"title":"NUM\u00c9RIQUE ET JUSTICE - Jean-Louis Toupane alerte sur les risques d\u2019exclusion et de d\u00e9s\u00e9quilibre | Nettali.com","robots":{"index":"index","follow":"follow","max-snippet":"max-snippet:-1","max-image-preview":"max-image-preview:large","max-video-preview":"max-video-preview:-1"},"canonical":"https:\/\/www.nettali.com\/2026\/01\/22\/numerique-et-justice-jean-louis-toupane-alerte-sur-les-risques-dexclusion-et-de-desequilibre\/","og_locale":"fr_FR","og_type":"article","og_title":"NUM\u00c9RIQUE ET JUSTICE - Jean-Louis Toupane alerte sur les risques d\u2019exclusion et de d\u00e9s\u00e9quilibre","og_description":"NETTALI.COM-\u00a0Lors de la rentr\u00e9e solennelle des Cours et Tribunaux, Jean-Louis Toupane, procureur g\u00e9n\u00e9ral pr\u00e8s la Cour supr\u00eame, a livr\u00e9 une analyse nuanc\u00e9e sur l'int\u00e9gration du num\u00e9rique dans l'appareil judiciaire. Si le virage technologique est jug\u00e9 n\u00e9cessaire, il ne doit pas, selon lui, se faire au d\u00e9triment de l'\u00e9quit\u00e9. Dans son allocution lors de la rentr\u00e9e [&hellip;]","og_url":"https:\/\/www.nettali.com\/2026\/01\/22\/numerique-et-justice-jean-louis-toupane-alerte-sur-les-risques-dexclusion-et-de-desequilibre\/","og_site_name":"Nettali.com","article_publisher":"https:\/\/www.facebook.com\/nettalicom","article_published_time":"2026-01-22T19:05:46+00:00","article_modified_time":"2026-01-23T21:56:49+00:00","og_image":[{"width":908,"height":587,"url":"https:\/\/www.nettali.com\/wp-content\/uploads\/2026\/01\/Screenshot_20260122-135415.jpg","type":"image\/jpeg"}],"twitter_card":"summary_large_image","twitter_misc":{"\u00c9crit par":"Fatou","Dur\u00e9e de lecture estim\u00e9e":"2 minutes"},"schema":{"@context":"https:\/\/schema.org","@graph":[{"@type":"WebSite","@id":"https:\/\/www.nettali.com\/#website","url":"https:\/\/www.nettali.com\/","name":"Nettali.com","description":"Le rendez-vous critique du Net","potentialAction":[{"@type":"SearchAction","target":{"@type":"EntryPoint","urlTemplate":"https:\/\/www.nettali.com\/?s={search_term_string}"},"query-input":"required name=search_term_string"}],"inLanguage":"fr-FR"},{"@type":"ImageObject","@id":"https:\/\/www.nettali.com\/2026\/01\/22\/numerique-et-justice-jean-louis-toupane-alerte-sur-les-risques-dexclusion-et-de-desequilibre\/#primaryimage","inLanguage":"fr-FR","url":"https:\/\/www.nettali.com\/wp-content\/uploads\/2026\/01\/Screenshot_20260122-135415.jpg","contentUrl":"https:\/\/www.nettali.com\/wp-content\/uploads\/2026\/01\/Screenshot_20260122-135415.jpg","width":908,"height":587},{"@type":"WebPage","@id":"https:\/\/www.nettali.com\/2026\/01\/22\/numerique-et-justice-jean-louis-toupane-alerte-sur-les-risques-dexclusion-et-de-desequilibre\/#webpage","url":"https:\/\/www.nettali.com\/2026\/01\/22\/numerique-et-justice-jean-louis-toupane-alerte-sur-les-risques-dexclusion-et-de-desequilibre\/","name":"NUM\u00c9RIQUE ET JUSTICE - Jean-Louis Toupane alerte sur les risques d\u2019exclusion et de d\u00e9s\u00e9quilibre | Nettali.com","isPartOf":{"@id":"https:\/\/www.nettali.com\/#website"},"primaryImageOfPage":{"@id":"https:\/\/www.nettali.com\/2026\/01\/22\/numerique-et-justice-jean-louis-toupane-alerte-sur-les-risques-dexclusion-et-de-desequilibre\/#primaryimage"},"datePublished":"2026-01-22T19:05:46+00:00","dateModified":"2026-01-23T21:56:49+00:00","author":{"@id":"https:\/\/www.nettali.com\/#\/schema\/person\/418274a86bdf87caff7a3ef476bd0bbf"},"breadcrumb":{"@id":"https:\/\/www.nettali.com\/2026\/01\/22\/numerique-et-justice-jean-louis-toupane-alerte-sur-les-risques-dexclusion-et-de-desequilibre\/#breadcrumb"},"inLanguage":"fr-FR","potentialAction":[{"@type":"ReadAction","target":["https:\/\/www.nettali.com\/2026\/01\/22\/numerique-et-justice-jean-louis-toupane-alerte-sur-les-risques-dexclusion-et-de-desequilibre\/"]}]},{"@type":"BreadcrumbList","@id":"https:\/\/www.nettali.com\/2026\/01\/22\/numerique-et-justice-jean-louis-toupane-alerte-sur-les-risques-dexclusion-et-de-desequilibre\/#breadcrumb","itemListElement":[{"@type":"ListItem","position":1,"name":"Accueil","item":"https:\/\/www.nettali.com\/"},{"@type":"ListItem","position":2,"name":"NUM\u00c9RIQUE ET JUSTICE - Jean-Louis Toupane alerte sur les risques d\u2019exclusion et de d\u00e9s\u00e9quilibre"}]},{"@type":"Person","@id":"https:\/\/www.nettali.com\/#\/schema\/person\/418274a86bdf87caff7a3ef476bd0bbf","name":"Fatou","image":{"@type":"ImageObject","@id":"https:\/\/www.nettali.com\/#personlogo","inLanguage":"fr-FR","url":"https:\/\/secure.gravatar.com\/avatar\/5a9442a2bee7b4dcf167cab035858e9a?s=96&d=mm&r=g","contentUrl":"https:\/\/secure.gravatar.com\/avatar\/5a9442a2bee7b4dcf167cab035858e9a?s=96&d=mm&r=g","caption":"Fatou"},"sameAs":["https:\/\/www.nettali.com"]}]}},"_links":{"self":[{"href":"https:\/\/www.nettali.com\/rest\/wp\/v2\/posts\/168401"}],"collection":[{"href":"https:\/\/www.nettali.com\/rest\/wp\/v2\/posts"}],"about":[{"href":"https:\/\/www.nettali.com\/rest\/wp\/v2\/types\/post"}],"author":[{"embeddable":true,"href":"https:\/\/www.nettali.com\/rest\/wp\/v2\/users\/6"}],"replies":[{"embeddable":true,"href":"https:\/\/www.nettali.com\/rest\/wp\/v2\/comments?post=168401"}],"version-history":[{"count":1,"href":"https:\/\/www.nettali.com\/rest\/wp\/v2\/posts\/168401\/revisions"}],"predecessor-version":[{"id":168403,"href":"https:\/\/www.nettali.com\/rest\/wp\/v2\/posts\/168401\/revisions\/168403"}],"wp:featuredmedia":[{"embeddable":true,"href":"https:\/\/www.nettali.com\/rest\/wp\/v2\/media\/168399"}],"wp:attachment":[{"href":"https:\/\/www.nettali.com\/rest\/wp\/v2\/media?parent=168401"}],"wp:term":[{"taxonomy":"category","embeddable":true,"href":"https:\/\/www.nettali.com\/rest\/wp\/v2\/categories?post=168401"},{"taxonomy":"post_tag","embeddable":true,"href":"https:\/\/www.nettali.com\/rest\/wp\/v2\/tags?post=168401"}],"curies":[{"name":"wp","href":"https:\/\/api.w.org\/{rel}","templated":true}]}}