{"id":168398,"date":"2026-01-23T07:14:09","date_gmt":"2026-01-23T07:14:09","guid":{"rendered":"https:\/\/www.nettali.com\/?p=168398"},"modified":"2026-01-23T07:14:09","modified_gmt":"2026-01-23T07:14:09","slug":"jean-louis-paul-toupane-procureur-general-aupres-de-la-cour-supreme-les-magistrats-senegalais-sont-bien-formes-tres-competents-et-conscients-de-leurs-devoirs","status":"publish","type":"post","link":"https:\/\/www.nettali.com\/2026\/01\/23\/jean-louis-paul-toupane-procureur-general-aupres-de-la-cour-supreme-les-magistrats-senegalais-sont-bien-formes-tres-competents-et-conscients-de-leurs-devoirs\/","title":{"rendered":"JEAN LOUIS PAUL TOUPANE , PROCUREUR G\u00c9N\u00c9RAL AUPR\u00c8S DE LA COUR SUPR\u00caME - \u00ab les magistrats s\u00e9n\u00e9galais sont bien form\u00e9s, tr\u00e8s comp\u00e9tents et conscients de leurs devoirs \u00bb"},"content":{"rendered":"<p><strong>NETTALI.COM-\u00a0La c\u00e9r\u00e9monie de la rentr\u00e9e solennelle des Cours et Tribunaux pour l'ann\u00e9e judiciaire 2026 s\u2019est tenue ce jeudi 22 janvier 2026. Le th\u00e8me cette ann\u00e9e est \u00ab\u00a0 Le juge face aux d\u00e9fis num\u00e9riques \u00bb. Le procureur g\u00e9n\u00e9ral aupr\u00e8s la Cour supr\u00eame, Jean-Louis Paul Toupane, lors de son allocution a estim\u00e9 que : \u00ab les magistrats s\u00e9n\u00e9galais sont bien form\u00e9s, tr\u00e8s comp\u00e9tents et conscients de leurs devoirs \u00bb. <\/strong><\/p>\n<p>La rentr\u00e9e solennelle des Cours et Tribunaux pour l'ann\u00e9e judiciaire 2026 sous la pr\u00e9sidence du chef de l'\u00c9tat, Bassirou Diomaye Faye. Plac\u00e9e sous le th\u00e8me du juge face aux d\u00e9fis num\u00e9riques, la c\u00e9r\u00e9monie a \u00e9t\u00e9 notamment marqu\u00e9e par l'intervention du procureur g\u00e9n\u00e9ral pr\u00e8s la Cour supr\u00eame, Jean-Louis Paul Toupane qui, a saluer la performance de la magistrature s\u00e9n\u00e9galaise.<\/p>\n<p>Dans son allocution, le haut magistrat a rappel\u00e9 : \u00ab <em>Monsieur le Pr\u00e9sident de la R\u00e9publique, les \u00e9chos de la r\u00e9flexion organis\u00e9e en 2024 sur la justice r\u00e9sonnent encore dans nos esprits. Son fonctionnement a \u00e9t\u00e9 auscult\u00e9 sans limite et de vives critiques ont parfois \u00e9t\u00e9 adress\u00e9es aux personnes qui l'animent. Nous assumons humblement notre part de responsabilit\u00e9 dans les insuffisances et les manquements entre les r\u00e9sultats escompt\u00e9s et ceux produits<\/em> \u00bb.<\/p>\n<p>Malgr\u00e9 ce constat, il a tenu \u00e0 souligner la qualit\u00e9 du corps judiciaire en affirmant \u00ab <em>nous persistons toutefois \u00e0 croire que les magistrats s\u00e9n\u00e9galais sont bien form\u00e9s, tr\u00e8s comp\u00e9tents et conscients de leurs devoirs. La preuve nous en est donn\u00e9e par les demandes r\u00e9guli\u00e8rement pr\u00e9sent\u00e9es par les instances minist\u00e9rielles et administratives pour b\u00e9n\u00e9ficier de leur expertise<\/em> \u00bb.<\/p>\n<p>Il ajoute qu\u2019au \u00ab <em>plan international, Cour p\u00e9nale internationale, Commission africaine des droits de l'homme, notre coll\u00e8gue le conseiller Idriss Sow en est le pr\u00e9sident, Cour africaine des droits de l'homme, des magistrats s\u00e9n\u00e9galais occupent de hautes fonctions, non pas pour convenance diplomatique, mais en raison de leurs comp\u00e9tences<\/em> \u00bb.<\/p>\n<p>Jean-Louis Paul Toupane a poursuivi son propos en citant des exemples concrets de ce rayonnement : \u00ab <em>nous en avons une illustration vivante avec notre compatriote M. Madiaye Niang, procureur adjoint \u00e0 la Cour p\u00e9nale internationale, qui a acc\u00e9d\u00e9 \u00e0 ce poste \u00e0 l'issue d'une rigoureuse s\u00e9lection. \u00c0 l'\u00e9chelle nationale, les magistrats montrent tous les jours leur ardeur au travail<\/em> \u00bb.<\/p>\n<p>&nbsp;<\/p>\n<p>&nbsp;<\/p>\n<p>&nbsp;<\/p>\n<p>&nbsp;<\/p>\n<p>&nbsp;<\/p>\n<p>&nbsp;<\/p>\n<p>&nbsp;<\/p>\n<p>&nbsp;<\/p>\n<p>&nbsp;<\/p>\n<p>&nbsp;<\/p>\n<div class='share-to-whatsapp-wrapper'><div class='share-on-whsp'>PARTAGER SUR : <\/div><a data-text='JEAN LOUIS PAUL TOUPANE , PROCUREUR G\u00c9N\u00c9RAL AUPR\u00c8S DE LA COUR SUPR\u00caME - \u00ab les magistrats s\u00e9n\u00e9galais sont bien form\u00e9s, tr\u00e8s comp\u00e9tents et conscients de leurs devoirs \u00bb' data-link='https:\/\/www.nettali.com\/2026\/01\/23\/jean-louis-paul-toupane-procureur-general-aupres-de-la-cour-supreme-les-magistrats-senegalais-sont-bien-formes-tres-competents-et-conscients-de-leurs-devoirs\/' class='whatsapp-button whatsapp-share'>WhatsApp<\/a><div class='clear '><\/div><\/div>","protected":false},"excerpt":{"rendered":"<p>NETTALI.COM-\u00a0La c\u00e9r\u00e9monie de la rentr\u00e9e solennelle des Cours et Tribunaux pour l'ann\u00e9e judiciaire 2026 s\u2019est tenue ce jeudi 22 janvier 2026. Le th\u00e8me cette ann\u00e9e est \u00ab\u00a0 Le juge face aux d\u00e9fis num\u00e9riques \u00bb. Le procureur g\u00e9n\u00e9ral aupr\u00e8s la Cour supr\u00eame, Jean-Louis Paul Toupane, lors de son allocution a estim\u00e9 que : \u00ab les magistrats [&hellip;]<\/p>\n","protected":false},"author":6,"featured_media":168399,"comment_status":"open","ping_status":"open","sticky":false,"template":"","format":"standard","meta":{"_et_pb_use_builder":"","_et_pb_old_content":""},"categories":[3],"tags":[],"yoast_head":"<!-- This site is optimized with the Yoast SEO Premium plugin v17.8 (Yoast SEO v17.8) - https:\/\/yoast.com\/wordpress\/plugins\/seo\/ -->\n<title>JEAN LOUIS PAUL TOUPANE , PROCUREUR G\u00c9N\u00c9RAL AUPR\u00c8S DE LA COUR SUPR\u00caME - \u00ab les magistrats s\u00e9n\u00e9galais sont bien form\u00e9s, tr\u00e8s comp\u00e9tents et conscients de leurs devoirs \u00bb | Nettali.com<\/title>\n<meta name=\"robots\" content=\"index, follow, max-snippet:-1, max-image-preview:large, max-video-preview:-1\" \/>\n<link rel=\"canonical\" href=\"https:\/\/www.nettali.com\/2026\/01\/23\/jean-louis-paul-toupane-procureur-general-aupres-de-la-cour-supreme-les-magistrats-senegalais-sont-bien-formes-tres-competents-et-conscients-de-leurs-devoirs\/\" \/>\n<meta property=\"og:locale\" content=\"fr_FR\" \/>\n<meta property=\"og:type\" content=\"article\" \/>\n<meta property=\"og:title\" content=\"JEAN LOUIS PAUL TOUPANE , PROCUREUR G\u00c9N\u00c9RAL AUPR\u00c8S DE LA COUR SUPR\u00caME - \u00ab les magistrats s\u00e9n\u00e9galais sont bien form\u00e9s, tr\u00e8s comp\u00e9tents et conscients de leurs devoirs \u00bb\" \/>\n<meta property=\"og:description\" content=\"NETTALI.COM-\u00a0La c\u00e9r\u00e9monie de la rentr\u00e9e solennelle des Cours et Tribunaux pour l&#039;ann\u00e9e judiciaire 2026 s\u2019est tenue ce jeudi 22 janvier 2026. Le th\u00e8me cette ann\u00e9e est \u00ab\u00a0 Le juge face aux d\u00e9fis num\u00e9riques \u00bb. Le procureur g\u00e9n\u00e9ral aupr\u00e8s la Cour supr\u00eame, Jean-Louis Paul Toupane, lors de son allocution a estim\u00e9 que : \u00ab les magistrats [&hellip;]\" \/>\n<meta property=\"og:url\" content=\"https:\/\/www.nettali.com\/2026\/01\/23\/jean-louis-paul-toupane-procureur-general-aupres-de-la-cour-supreme-les-magistrats-senegalais-sont-bien-formes-tres-competents-et-conscients-de-leurs-devoirs\/\" \/>\n<meta property=\"og:site_name\" content=\"Nettali.com\" \/>\n<meta property=\"article:publisher\" content=\"https:\/\/www.facebook.com\/nettalicom\" \/>\n<meta property=\"article:published_time\" content=\"2026-01-23T07:14:09+00:00\" \/>\n<meta property=\"og:image\" content=\"https:\/\/www.nettali.com\/wp-content\/uploads\/2026\/01\/Screenshot_20260122-135415.jpg\" \/>\n\t<meta property=\"og:image:width\" content=\"908\" \/>\n\t<meta property=\"og:image:height\" content=\"587\" \/>\n<meta name=\"twitter:card\" content=\"summary_large_image\" \/>\n<meta name=\"twitter:label1\" content=\"\u00c9crit par\" \/>\n\t<meta name=\"twitter:data1\" content=\"Fatou\" \/>\n\t<meta name=\"twitter:label2\" content=\"Dur\u00e9e de lecture estim\u00e9e\" \/>\n\t<meta name=\"twitter:data2\" content=\"2 minutes\" \/>\n<script type=\"application\/ld+json\" class=\"yoast-schema-graph\">{\"@context\":\"https:\/\/schema.org\",\"@graph\":[{\"@type\":\"WebSite\",\"@id\":\"https:\/\/www.nettali.com\/#website\",\"url\":\"https:\/\/www.nettali.com\/\",\"name\":\"Nettali.com\",\"description\":\"Le rendez-vous critique du Net\",\"potentialAction\":[{\"@type\":\"SearchAction\",\"target\":{\"@type\":\"EntryPoint\",\"urlTemplate\":\"https:\/\/www.nettali.com\/?s={search_term_string}\"},\"query-input\":\"required name=search_term_string\"}],\"inLanguage\":\"fr-FR\"},{\"@type\":\"ImageObject\",\"@id\":\"https:\/\/www.nettali.com\/2026\/01\/23\/jean-louis-paul-toupane-procureur-general-aupres-de-la-cour-supreme-les-magistrats-senegalais-sont-bien-formes-tres-competents-et-conscients-de-leurs-devoirs\/#primaryimage\",\"inLanguage\":\"fr-FR\",\"url\":\"https:\/\/www.nettali.com\/wp-content\/uploads\/2026\/01\/Screenshot_20260122-135415.jpg\",\"contentUrl\":\"https:\/\/www.nettali.com\/wp-content\/uploads\/2026\/01\/Screenshot_20260122-135415.jpg\",\"width\":908,\"height\":587},{\"@type\":\"WebPage\",\"@id\":\"https:\/\/www.nettali.com\/2026\/01\/23\/jean-louis-paul-toupane-procureur-general-aupres-de-la-cour-supreme-les-magistrats-senegalais-sont-bien-formes-tres-competents-et-conscients-de-leurs-devoirs\/#webpage\",\"url\":\"https:\/\/www.nettali.com\/2026\/01\/23\/jean-louis-paul-toupane-procureur-general-aupres-de-la-cour-supreme-les-magistrats-senegalais-sont-bien-formes-tres-competents-et-conscients-de-leurs-devoirs\/\",\"name\":\"JEAN LOUIS PAUL TOUPANE , PROCUREUR G\\u00c9N\\u00c9RAL AUPR\\u00c8S DE LA COUR SUPR\\u00caME - \\u00ab les magistrats s\\u00e9n\\u00e9galais sont bien form\\u00e9s, tr\\u00e8s comp\\u00e9tents et conscients de leurs devoirs \\u00bb | Nettali.com\",\"isPartOf\":{\"@id\":\"https:\/\/www.nettali.com\/#website\"},\"primaryImageOfPage\":{\"@id\":\"https:\/\/www.nettali.com\/2026\/01\/23\/jean-louis-paul-toupane-procureur-general-aupres-de-la-cour-supreme-les-magistrats-senegalais-sont-bien-formes-tres-competents-et-conscients-de-leurs-devoirs\/#primaryimage\"},\"datePublished\":\"2026-01-23T07:14:09+00:00\",\"dateModified\":\"2026-01-23T07:14:09+00:00\",\"author\":{\"@id\":\"https:\/\/www.nettali.com\/#\/schema\/person\/418274a86bdf87caff7a3ef476bd0bbf\"},\"breadcrumb\":{\"@id\":\"https:\/\/www.nettali.com\/2026\/01\/23\/jean-louis-paul-toupane-procureur-general-aupres-de-la-cour-supreme-les-magistrats-senegalais-sont-bien-formes-tres-competents-et-conscients-de-leurs-devoirs\/#breadcrumb\"},\"inLanguage\":\"fr-FR\",\"potentialAction\":[{\"@type\":\"ReadAction\",\"target\":[\"https:\/\/www.nettali.com\/2026\/01\/23\/jean-louis-paul-toupane-procureur-general-aupres-de-la-cour-supreme-les-magistrats-senegalais-sont-bien-formes-tres-competents-et-conscients-de-leurs-devoirs\/\"]}]},{\"@type\":\"BreadcrumbList\",\"@id\":\"https:\/\/www.nettali.com\/2026\/01\/23\/jean-louis-paul-toupane-procureur-general-aupres-de-la-cour-supreme-les-magistrats-senegalais-sont-bien-formes-tres-competents-et-conscients-de-leurs-devoirs\/#breadcrumb\",\"itemListElement\":[{\"@type\":\"ListItem\",\"position\":1,\"name\":\"Accueil\",\"item\":\"https:\/\/www.nettali.com\/\"},{\"@type\":\"ListItem\",\"position\":2,\"name\":\"JEAN LOUIS PAUL TOUPANE , PROCUREUR G\\u00c9N\\u00c9RAL AUPR\\u00c8S DE LA COUR SUPR\\u00caME - \\u00ab les magistrats s\\u00e9n\\u00e9galais sont bien form\\u00e9s, tr\\u00e8s comp\\u00e9tents et conscients de leurs devoirs \\u00bb\"}]},{\"@type\":\"Person\",\"@id\":\"https:\/\/www.nettali.com\/#\/schema\/person\/418274a86bdf87caff7a3ef476bd0bbf\",\"name\":\"Fatou\",\"image\":{\"@type\":\"ImageObject\",\"@id\":\"https:\/\/www.nettali.com\/#personlogo\",\"inLanguage\":\"fr-FR\",\"url\":\"https:\/\/secure.gravatar.com\/avatar\/5a9442a2bee7b4dcf167cab035858e9a?s=96&d=mm&r=g\",\"contentUrl\":\"https:\/\/secure.gravatar.com\/avatar\/5a9442a2bee7b4dcf167cab035858e9a?s=96&d=mm&r=g\",\"caption\":\"Fatou\"},\"sameAs\":[\"https:\/\/www.nettali.com\"]}]}<\/script>\n<!-- \/ Yoast SEO Premium plugin. -->","yoast_head_json":{"title":"JEAN LOUIS PAUL TOUPANE , PROCUREUR G\u00c9N\u00c9RAL AUPR\u00c8S DE LA COUR SUPR\u00caME - \u00ab les magistrats s\u00e9n\u00e9galais sont bien form\u00e9s, tr\u00e8s comp\u00e9tents et conscients de leurs devoirs \u00bb | Nettali.com","robots":{"index":"index","follow":"follow","max-snippet":"max-snippet:-1","max-image-preview":"max-image-preview:large","max-video-preview":"max-video-preview:-1"},"canonical":"https:\/\/www.nettali.com\/2026\/01\/23\/jean-louis-paul-toupane-procureur-general-aupres-de-la-cour-supreme-les-magistrats-senegalais-sont-bien-formes-tres-competents-et-conscients-de-leurs-devoirs\/","og_locale":"fr_FR","og_type":"article","og_title":"JEAN LOUIS PAUL TOUPANE , PROCUREUR G\u00c9N\u00c9RAL AUPR\u00c8S DE LA COUR SUPR\u00caME - \u00ab les magistrats s\u00e9n\u00e9galais sont bien form\u00e9s, tr\u00e8s comp\u00e9tents et conscients de leurs devoirs \u00bb","og_description":"NETTALI.COM-\u00a0La c\u00e9r\u00e9monie de la rentr\u00e9e solennelle des Cours et Tribunaux pour l'ann\u00e9e judiciaire 2026 s\u2019est tenue ce jeudi 22 janvier 2026. Le th\u00e8me cette ann\u00e9e est \u00ab\u00a0 Le juge face aux d\u00e9fis num\u00e9riques \u00bb. Le procureur g\u00e9n\u00e9ral aupr\u00e8s la Cour supr\u00eame, Jean-Louis Paul Toupane, lors de son allocution a estim\u00e9 que : \u00ab les magistrats [&hellip;]","og_url":"https:\/\/www.nettali.com\/2026\/01\/23\/jean-louis-paul-toupane-procureur-general-aupres-de-la-cour-supreme-les-magistrats-senegalais-sont-bien-formes-tres-competents-et-conscients-de-leurs-devoirs\/","og_site_name":"Nettali.com","article_publisher":"https:\/\/www.facebook.com\/nettalicom","article_published_time":"2026-01-23T07:14:09+00:00","og_image":[{"width":908,"height":587,"url":"https:\/\/www.nettali.com\/wp-content\/uploads\/2026\/01\/Screenshot_20260122-135415.jpg","type":"image\/jpeg"}],"twitter_card":"summary_large_image","twitter_misc":{"\u00c9crit par":"Fatou","Dur\u00e9e de lecture estim\u00e9e":"2 minutes"},"schema":{"@context":"https:\/\/schema.org","@graph":[{"@type":"WebSite","@id":"https:\/\/www.nettali.com\/#website","url":"https:\/\/www.nettali.com\/","name":"Nettali.com","description":"Le rendez-vous critique du Net","potentialAction":[{"@type":"SearchAction","target":{"@type":"EntryPoint","urlTemplate":"https:\/\/www.nettali.com\/?s={search_term_string}"},"query-input":"required name=search_term_string"}],"inLanguage":"fr-FR"},{"@type":"ImageObject","@id":"https:\/\/www.nettali.com\/2026\/01\/23\/jean-louis-paul-toupane-procureur-general-aupres-de-la-cour-supreme-les-magistrats-senegalais-sont-bien-formes-tres-competents-et-conscients-de-leurs-devoirs\/#primaryimage","inLanguage":"fr-FR","url":"https:\/\/www.nettali.com\/wp-content\/uploads\/2026\/01\/Screenshot_20260122-135415.jpg","contentUrl":"https:\/\/www.nettali.com\/wp-content\/uploads\/2026\/01\/Screenshot_20260122-135415.jpg","width":908,"height":587},{"@type":"WebPage","@id":"https:\/\/www.nettali.com\/2026\/01\/23\/jean-louis-paul-toupane-procureur-general-aupres-de-la-cour-supreme-les-magistrats-senegalais-sont-bien-formes-tres-competents-et-conscients-de-leurs-devoirs\/#webpage","url":"https:\/\/www.nettali.com\/2026\/01\/23\/jean-louis-paul-toupane-procureur-general-aupres-de-la-cour-supreme-les-magistrats-senegalais-sont-bien-formes-tres-competents-et-conscients-de-leurs-devoirs\/","name":"JEAN LOUIS PAUL TOUPANE , PROCUREUR G\u00c9N\u00c9RAL AUPR\u00c8S DE LA COUR SUPR\u00caME - \u00ab les magistrats s\u00e9n\u00e9galais sont bien form\u00e9s, tr\u00e8s comp\u00e9tents et conscients de leurs devoirs \u00bb | Nettali.com","isPartOf":{"@id":"https:\/\/www.nettali.com\/#website"},"primaryImageOfPage":{"@id":"https:\/\/www.nettali.com\/2026\/01\/23\/jean-louis-paul-toupane-procureur-general-aupres-de-la-cour-supreme-les-magistrats-senegalais-sont-bien-formes-tres-competents-et-conscients-de-leurs-devoirs\/#primaryimage"},"datePublished":"2026-01-23T07:14:09+00:00","dateModified":"2026-01-23T07:14:09+00:00","author":{"@id":"https:\/\/www.nettali.com\/#\/schema\/person\/418274a86bdf87caff7a3ef476bd0bbf"},"breadcrumb":{"@id":"https:\/\/www.nettali.com\/2026\/01\/23\/jean-louis-paul-toupane-procureur-general-aupres-de-la-cour-supreme-les-magistrats-senegalais-sont-bien-formes-tres-competents-et-conscients-de-leurs-devoirs\/#breadcrumb"},"inLanguage":"fr-FR","potentialAction":[{"@type":"ReadAction","target":["https:\/\/www.nettali.com\/2026\/01\/23\/jean-louis-paul-toupane-procureur-general-aupres-de-la-cour-supreme-les-magistrats-senegalais-sont-bien-formes-tres-competents-et-conscients-de-leurs-devoirs\/"]}]},{"@type":"BreadcrumbList","@id":"https:\/\/www.nettali.com\/2026\/01\/23\/jean-louis-paul-toupane-procureur-general-aupres-de-la-cour-supreme-les-magistrats-senegalais-sont-bien-formes-tres-competents-et-conscients-de-leurs-devoirs\/#breadcrumb","itemListElement":[{"@type":"ListItem","position":1,"name":"Accueil","item":"https:\/\/www.nettali.com\/"},{"@type":"ListItem","position":2,"name":"JEAN LOUIS PAUL TOUPANE , PROCUREUR G\u00c9N\u00c9RAL AUPR\u00c8S DE LA COUR SUPR\u00caME - \u00ab les magistrats s\u00e9n\u00e9galais sont bien form\u00e9s, tr\u00e8s comp\u00e9tents et conscients de leurs devoirs \u00bb"}]},{"@type":"Person","@id":"https:\/\/www.nettali.com\/#\/schema\/person\/418274a86bdf87caff7a3ef476bd0bbf","name":"Fatou","image":{"@type":"ImageObject","@id":"https:\/\/www.nettali.com\/#personlogo","inLanguage":"fr-FR","url":"https:\/\/secure.gravatar.com\/avatar\/5a9442a2bee7b4dcf167cab035858e9a?s=96&d=mm&r=g","contentUrl":"https:\/\/secure.gravatar.com\/avatar\/5a9442a2bee7b4dcf167cab035858e9a?s=96&d=mm&r=g","caption":"Fatou"},"sameAs":["https:\/\/www.nettali.com"]}]}},"_links":{"self":[{"href":"https:\/\/www.nettali.com\/rest\/wp\/v2\/posts\/168398"}],"collection":[{"href":"https:\/\/www.nettali.com\/rest\/wp\/v2\/posts"}],"about":[{"href":"https:\/\/www.nettali.com\/rest\/wp\/v2\/types\/post"}],"author":[{"embeddable":true,"href":"https:\/\/www.nettali.com\/rest\/wp\/v2\/users\/6"}],"replies":[{"embeddable":true,"href":"https:\/\/www.nettali.com\/rest\/wp\/v2\/comments?post=168398"}],"version-history":[{"count":1,"href":"https:\/\/www.nettali.com\/rest\/wp\/v2\/posts\/168398\/revisions"}],"predecessor-version":[{"id":168400,"href":"https:\/\/www.nettali.com\/rest\/wp\/v2\/posts\/168398\/revisions\/168400"}],"wp:featuredmedia":[{"embeddable":true,"href":"https:\/\/www.nettali.com\/rest\/wp\/v2\/media\/168399"}],"wp:attachment":[{"href":"https:\/\/www.nettali.com\/rest\/wp\/v2\/media?parent=168398"}],"wp:term":[{"taxonomy":"category","embeddable":true,"href":"https:\/\/www.nettali.com\/rest\/wp\/v2\/categories?post=168398"},{"taxonomy":"post_tag","embeddable":true,"href":"https:\/\/www.nettali.com\/rest\/wp\/v2\/tags?post=168398"}],"curies":[{"name":"wp","href":"https:\/\/api.w.org\/{rel}","templated":true}]}}